{"id":38023,"date":"2026-03-12T09:42:35","date_gmt":"2026-03-12T08:42:35","guid":{"rendered":"https:\/\/lyonbondyblog.fr\/LBB\/?p=38023"},"modified":"2026-03-12T18:44:11","modified_gmt":"2026-03-12T17:44:11","slug":"place-publique-veut-prendre-toute-sa-place-aux-municipales-face-a-lextreme-droite","status":"publish","type":"post","link":"https:\/\/lyonbondyblog.fr\/LBB\/place-publique-veut-prendre-toute-sa-place-aux-municipales-face-a-lextreme-droite\/","title":{"rendered":"Place publique veut \u00ab prendre toute sa place \u00bb aux municipales face \u00e0 l&rsquo;extr\u00eame droite"},"content":{"rendered":"\n<p><strong>D\u00e9l\u00e9gu\u00e9 g\u00e9n\u00e9ral de Place publique, Thierry Brochot d\u00e9taille la strat\u00e9gie de son parti pour les prochaines \u00e9lections municipales et m\u00e9tropolitaines : refus d&rsquo;alliance avec La France insoumise sauf en cas de menace d&rsquo;extr\u00eame droite, ancrage dans les majorit\u00e9s de gauche et promotion d&rsquo;une d\u00e9mocratie locale plus participative.<\/strong><\/p>\n\n\n\n<h2 class=\"wp-block-heading\" id=\"entretien\">Interview<\/h2>\n\n\n\n<p><strong>Lyon Bondy Blog :<\/strong>&nbsp;<strong>Pour commencer, est-ce que vous pouvez vous pr\u00e9senter ?\u200b<\/strong><\/p>\n\n\n\n<p><strong>Thierry Brochot :<\/strong>&nbsp;Je m&rsquo;appelle Thierry Brochot, je suis le d\u00e9l\u00e9gu\u00e9 g\u00e9n\u00e9ral du parti Place publique, le parti co-pr\u00e9sid\u00e9 par Rapha\u00ebl Glucksmann et Aurore Lalucq.\u200b<\/p>\n\n\n\n<p><strong>L.B.B :<\/strong>\u00a0<strong>On va revenir sur les propositions de Jean-Luc M\u00e9lenchon r\u00e9cemment \u00e0 Lyon, qui ont choqu\u00e9 une partie de la France et votre responsable politique Rapha\u00ebl Glucksmann. Est-ce que le leader de Ia France Insoumise ne va pas trop loin ?\u200b<\/strong><\/p>\n\n\n\n<p><strong>Thierry Brochot :<\/strong>&nbsp;Il y a une expression en anglais qui s&rsquo;appelle \u00ab\u00a0DOG Whitsle\u00a0\u00bb&nbsp;, qui d\u00e9signe des signaux qui sont incompr\u00e9hensibles du grand public mais s&rsquo;adressent \u00e0 une partie sp\u00e9cifique de la population. Le fait que Jean\u2011Luc M\u00e9lenchon ait d\u00e9form\u00e9 \u00e0 deux reprises des noms \u00e0 consonance juive, dont celui de Rapha\u00ebl Glucksmann, ressemble \u00e0 \u00ab\u00a0un&nbsp;<em>sifflet de chien<\/em>\u00a0\u00bb&nbsp;, un message subliminal envoy\u00e9 \u00e0 une certaine partie de la population.\u200b<\/p>\n\n\n\n<p><strong>L.B.B :<\/strong>&nbsp;<strong>Vous faites parti de la gauche unie pour les municipales, notamment dans la m\u00e9tropole lyonnaise. Au second tour, une \u00e9ventuelle alliance avec LFI serait-elle une ligne rouge \u00e0 ne pas franchiser ?\u200b<\/strong><\/p>\n\n\n\n<p><strong>Thierry Brochot :<\/strong>&nbsp;La consigne est tr\u00e8s claire, Rapha\u00ebl Glucksmann l&rsquo;a r\u00e9p\u00e9t\u00e9 \u00e0 plusieurs reprises : il n&rsquo;y aura pas d&rsquo;alliance avec La France insoumise, ni au premier ni au second tour, sauf en cas de risque de bascule \u00e0 l&rsquo;extr\u00eame droite.\u200b<\/p>\n\n\n\n<p><strong>L.B.B:<\/strong>\u00a0<strong>\u00c0 Grenoble, comment les choses peuvent-elles se passer ?Laurence Ruffin (Les \u00e9cologistes-PS) cr\u00e9dit\u00e9e de 33% et en t\u00eate dans les sondages, la France Insoumise \u00e0 10% et Place Publique et DVG \u00e0 8%. Comment vont se passer les n\u00e9gociations pour le second tour?\u200b<\/strong><\/p>\n\n\n\n<p><strong>T.B :<\/strong>\u00a0D&rsquo;abord, les sondages ne sont pas le r\u00e9sultat de l&rsquo;\u00e9lection. Il faudra se poser au soir du premier tour, regarder les r\u00e9sultats et, si Laurence Ruffin est en t\u00eate de la gauche, examiner la proposition qu&rsquo;elle pourra faire. L&rsquo;\u00e9quipe de Romain Gentil, qui ne se r\u00e9sume pas \u00e0 Place publique mais rassemble aussi des citoyens, des associations et d&rsquo;autres partis politiques, verra comment elle re\u00e7oit cette offre.\u200b<\/p>\n\n\n\n<p><strong>L.B.B :<\/strong>\u00a0<strong>Quelles sont les ambitions de Place publique pour ces municipales au niveau national ?\u200b<\/strong><\/p>\n\n\n\n<p><strong>T.B :<\/strong>\u00a0Pour Place publique, c&rsquo;est un dispositif compl\u00e8tement in\u00e9dit. Lors des municipales de 2020, nous avions seulement quelques dizaines de candidats ici ou l\u00e0. Au cours du mandat, de nombreux \u00e9lus nous ont rejoints et nous comptons aujourd&rsquo;hui environ 450 \u00e9lus municipaux. Nous avons d\u00e9sormais un dispositif de grande ampleur pour rejoindre les majorit\u00e9s de gauche dans un certain nombre de communes o\u00f9 nous n&rsquo;\u00e9tions pas pr\u00e9sentes, tout en conservant les quelques mairies que nous d\u00e9tenons, comme le 20\u1d49 arrondissement de Paris, Saint\u2011Brieuc, La R\u00e9ole et d&rsquo;autres.\u200b<\/p>\n\n\n\n<p><strong>L.B.B :<\/strong>&nbsp;<strong>Depuis 2024, comment a \u00e9volu\u00e9 le nombre d&rsquo;adh\u00e9sions \u00e0 Place publique ?\u200b<\/strong><\/p>\n\n\n\n<p><strong>T.B :<\/strong>&nbsp;Il a plus qu&rsquo;augment\u00e9, il a explos\u00e9. Nous sommes pass\u00e9s d&rsquo;environ 2 000 adh\u00e9rents avant les \u00e9lections europ\u00e9ennes \u00e0 environ 11 000. Cette croissance s&rsquo;est produite en trois mois autour des europ\u00e9ennes de 2024.\u200b<\/p>\n\n\n\n<p><strong>L.B.B :<\/strong>&nbsp;<strong>Pour ces \u00e9lections municipales et m\u00e9tropolitaines, disposez-vous donc de nouvelles troupes fra\u00eeches pour mener le combat politique ?\u200b<\/strong><\/p>\n\n\n\n<p><strong>Thierry Brochot :<\/strong>&nbsp;Exactement. Nous avons d\u00e9multipli\u00e9 le nombre d&rsquo;adh\u00e9rents et, m\u00e9caniquement, le nombre de candidats pr\u00e9sents sur les listes.\u200b<\/p>\n\n\n\n<p><strong>L.B.B:<\/strong>&nbsp;<strong>Pr\u00e9sentez-vous des listes partout en France ?\u200b<\/strong><\/p>\n\n\n\n<p><strong>T.B :<\/strong>\u00a0Dans toutes les r\u00e9gions et pratiquement tous les d\u00e9partements, il y a des listes sur lesquelles figurent des membres de Place publique, des candidats pr\u00e9sent\u00e9s par le parti. Il y en a dans les principales villes, dans toutes les pr\u00e9fectures et dans toutes les communes de plus de 40 000 habitants, avec tr\u00e8s peu d&rsquo;exceptions.\u200b<\/p>\n\n\n\n<p><strong>L.B.B :<\/strong>\u00a0<strong>Quels sont les trois axes que la Place publique veut d\u00e9fendre pour ces \u00e9lections ?\u200b<\/strong><\/p>\n\n\n\n<p><strong>T.B :<\/strong>\u00a0Place publique est un parti de gauche, qui participe \u00e0 des syndicats, coalitions et rassemblements de la gauche d\u00e9mocrate et \u00e9cologiste. Un de nos points forts, c&rsquo;est notre positionnement pro\u2011europ\u00e9en et social\u2011d\u00e9mocrate, c&rsquo;est\u2011\u00e0\u2011dire une gauche de gouvernement. Enfin, un axe tr\u00e8s fort de notre identit\u00e9 est la co\u2011\u00e9laboration et la participation citoyenne : nous voulons \u00eatre en pointe sur les conseils de quartier, les budgets participatifs et, plus largement, l&rsquo;association de nos concitoyens \u00e0 la d\u00e9cision publique.\u200b<\/p>\n\n\n\n<p><strong>L.B.B :<\/strong>\u00a0<strong>Plusieurs candidats aux municipales ont refus\u00e9 de participer \u00e0 des d\u00e9bats publics. Pour Place publique, le d\u00e9bat est pourtant central. Faut-il remettre le d\u00e9bat public au c\u0153ur de la d\u00e9mocratie fran\u00e7aise ?\u200b<\/strong><\/p>\n\n\n\n<p><strong>T.B :<\/strong>&nbsp;Oui, forc\u00e9ment. C&rsquo;est toujours bon de d\u00e9battre et de se parler. Quand des candidats refusent les propositions des m\u00e9dias d&rsquo;organiser un d\u00e9bat, ils \u00e9corchent un peu la d\u00e9mocratie. Nos concitoyennes et concitoyens ont le droit de savoir et de voir les candidats \u00e9changer sur des th\u00e9matiques et confronter leurs projets.\u200b<\/p>\n\n\n\n<p><strong>L.B.B :<\/strong>\u00a0<strong>Pour conclure, avez-vous un dernier message \u00e0 adresser \u00e0 vos militants et plus largement \u00e0 la population ?\u200b<\/strong><\/p>\n\n\n\n<p><strong>T.B :<\/strong>\u00a0Place publique va prendre toute sa place pour conserver un maximum de villes dans le giron de la gauche d\u00e9mocrate et \u00e9cologiste. Nous prenons \u00e9galement toute notre part pour lutter contre les id\u00e9es que nous jugeons n\u00e9fastes de l&rsquo;extr\u00eame droite et assumerons toutes nos responsabilit\u00e9s.<\/p>\n<!-- AddThis Advanced Settings generic via filter on the_content --><!-- AddThis Share Buttons generic via filter on the_content -->","protected":false},"excerpt":{"rendered":"<p>D\u00e9l\u00e9gu\u00e9 g\u00e9n\u00e9ral de Place publique, Thierry Brochot d\u00e9taille la strat\u00e9gie de son parti pour les prochaines \u00e9lections municipales et m\u00e9tropolitaines : refus d&rsquo;alliance avec La &hellip; <!-- AddThis Advanced Settings generic via filter on wp_trim_excerpt --><!-- AddThis Share Buttons generic via filter on wp_trim_excerpt --><\/p>\n","protected":false},"author":33,"featured_media":38024,"comment_status":"open","ping_status":"open","sticky":true,"template":"","format":"standard","meta":{"_FSMCFIC_featured_image_caption":"","_FSMCFIC_featured_image_nocaption":"","_FSMCFIC_featured_image_hide":"","footnotes":""},"categories":[4],"tags":[],"class_list":["post-38023","post","type-post","status-publish","format-standard","has-post-thumbnail","hentry","category-lyon"],"yoast_head":"<!-- This site is optimized with the Yoast SEO plugin v22.8 - https:\/\/yoast.com\/wordpress\/plugins\/seo\/ -->\n<title>Place publique veut \u00ab prendre toute sa place \u00bb aux municipales face \u00e0 l&#039;extr\u00eame droite - Lyon Bondy Blog<\/title>\n<meta name=\"robots\" content=\"index, follow, max-snippet:-1, max-image-preview:large, max-video-preview:-1\" \/>\n<link rel=\"canonical\" href=\"https:\/\/lyonbondyblog.fr\/LBB\/place-publique-veut-prendre-toute-sa-place-aux-municipales-face-a-lextreme-droite\/\" \/>\n<meta property=\"og:locale\" content=\"fr_FR\" \/>\n<meta property=\"og:type\" content=\"article\" \/>\n<meta property=\"og:title\" content=\"Place publique veut \u00ab prendre toute sa place \u00bb aux municipales face \u00e0 l&#039;extr\u00eame droite - Lyon Bondy Blog\" \/>\n<meta property=\"og:description\" content=\"D\u00e9l\u00e9gu\u00e9 g\u00e9n\u00e9ral de Place publique, Thierry Brochot d\u00e9taille la strat\u00e9gie de son parti pour les prochaines \u00e9lections municipales et m\u00e9tropolitaines : refus d&rsquo;alliance avec La &hellip;\" \/>\n<meta property=\"og:url\" content=\"https:\/\/lyonbondyblog.fr\/LBB\/place-publique-veut-prendre-toute-sa-place-aux-municipales-face-a-lextreme-droite\/\" \/>\n<meta property=\"og:site_name\" content=\"Lyon Bondy Blog\" \/>\n<meta property=\"article:publisher\" content=\"https:\/\/www.facebook.com\/lyonbondyblog\" \/>\n<meta property=\"article:published_time\" content=\"2026-03-12T08:42:35+00:00\" \/>\n<meta property=\"article:modified_time\" content=\"2026-03-12T17:44:11+00:00\" \/>\n<meta property=\"og:image\" content=\"https:\/\/lyonbondyblog.fr\/LBB\/wp-content\/uploads\/2026\/03\/dd1fe014-345a-4caf-bb2c-4f9387b716a6.jpeg\" \/>\n\t<meta property=\"og:image:width\" content=\"1459\" \/>\n\t<meta property=\"og:image:height\" content=\"1600\" \/>\n\t<meta property=\"og:image:type\" content=\"image\/jpeg\" \/>\n<meta name=\"author\" content=\"Etienne Aazzab\" \/>\n<meta name=\"twitter:card\" content=\"summary_large_image\" \/>\n<meta name=\"twitter:creator\" content=\"@AazzabEtienne\" \/>\n<meta name=\"twitter:site\" content=\"@bondybloglyon\" \/>\n<script type=\"application\/ld+json\" class=\"yoast-schema-graph\">{\"@context\":\"https:\/\/schema.org\",\"@graph\":[{\"@type\":\"Article\",\"@id\":\"https:\/\/lyonbondyblog.fr\/LBB\/place-publique-veut-prendre-toute-sa-place-aux-municipales-face-a-lextreme-droite\/#article\",\"isPartOf\":{\"@id\":\"https:\/\/lyonbondyblog.fr\/LBB\/place-publique-veut-prendre-toute-sa-place-aux-municipales-face-a-lextreme-droite\/\"},\"author\":{\"name\":\"Etienne Aazzab\",\"@id\":\"https:\/\/lyonbondyblog.fr\/LBB\/#\/schema\/person\/5e9904261c1f613c8e6ea22045b1353d\"},\"headline\":\"Place publique veut \u00ab prendre toute sa place \u00bb aux municipales face \u00e0 l&rsquo;extr\u00eame droite\",\"datePublished\":\"2026-03-12T08:42:35+00:00\",\"dateModified\":\"2026-03-12T17:44:11+00:00\",\"mainEntityOfPage\":{\"@id\":\"https:\/\/lyonbondyblog.fr\/LBB\/place-publique-veut-prendre-toute-sa-place-aux-municipales-face-a-lextreme-droite\/\"},\"wordCount\":979,\"commentCount\":0,\"publisher\":{\"@id\":\"https:\/\/lyonbondyblog.fr\/LBB\/#organization\"},\"image\":{\"@id\":\"https:\/\/lyonbondyblog.fr\/LBB\/place-publique-veut-prendre-toute-sa-place-aux-municipales-face-a-lextreme-droite\/#primaryimage\"},\"thumbnailUrl\":\"https:\/\/lyonbondyblog.fr\/LBB\/wp-content\/uploads\/2026\/03\/dd1fe014-345a-4caf-bb2c-4f9387b716a6.jpeg\",\"articleSection\":[\"Lyon\"],\"inLanguage\":\"fr-FR\",\"potentialAction\":[{\"@type\":\"CommentAction\",\"name\":\"Comment\",\"target\":[\"https:\/\/lyonbondyblog.fr\/LBB\/place-publique-veut-prendre-toute-sa-place-aux-municipales-face-a-lextreme-droite\/#respond\"]}]},{\"@type\":\"WebPage\",\"@id\":\"https:\/\/lyonbondyblog.fr\/LBB\/place-publique-veut-prendre-toute-sa-place-aux-municipales-face-a-lextreme-droite\/\",\"url\":\"https:\/\/lyonbondyblog.fr\/LBB\/place-publique-veut-prendre-toute-sa-place-aux-municipales-face-a-lextreme-droite\/\",\"name\":\"Place publique veut \u00ab prendre toute sa place \u00bb aux municipales face \u00e0 l'extr\u00eame droite - Lyon Bondy Blog\",\"isPartOf\":{\"@id\":\"https:\/\/lyonbondyblog.fr\/LBB\/#website\"},\"primaryImageOfPage\":{\"@id\":\"https:\/\/lyonbondyblog.fr\/LBB\/place-publique-veut-prendre-toute-sa-place-aux-municipales-face-a-lextreme-droite\/#primaryimage\"},\"image\":{\"@id\":\"https:\/\/lyonbondyblog.fr\/LBB\/place-publique-veut-prendre-toute-sa-place-aux-municipales-face-a-lextreme-droite\/#primaryimage\"},\"thumbnailUrl\":\"https:\/\/lyonbondyblog.fr\/LBB\/wp-content\/uploads\/2026\/03\/dd1fe014-345a-4caf-bb2c-4f9387b716a6.jpeg\",\"datePublished\":\"2026-03-12T08:42:35+00:00\",\"dateModified\":\"2026-03-12T17:44:11+00:00\",\"inLanguage\":\"fr-FR\",\"potentialAction\":[{\"@type\":\"ReadAction\",\"target\":[\"https:\/\/lyonbondyblog.fr\/LBB\/place-publique-veut-prendre-toute-sa-place-aux-municipales-face-a-lextreme-droite\/\"]}]},{\"@type\":\"ImageObject\",\"inLanguage\":\"fr-FR\",\"@id\":\"https:\/\/lyonbondyblog.fr\/LBB\/place-publique-veut-prendre-toute-sa-place-aux-municipales-face-a-lextreme-droite\/#primaryimage\",\"url\":\"https:\/\/lyonbondyblog.fr\/LBB\/wp-content\/uploads\/2026\/03\/dd1fe014-345a-4caf-bb2c-4f9387b716a6.jpeg\",\"contentUrl\":\"https:\/\/lyonbondyblog.fr\/LBB\/wp-content\/uploads\/2026\/03\/dd1fe014-345a-4caf-bb2c-4f9387b716a6.jpeg\",\"width\":1459,\"height\":1600,\"caption\":\"Photo prise par Zaito lors de la venue de Thierry Brochot \u00e0 Saint-Priest pour soutenir sa t\u00eate de liste Gilles Grandval\"},{\"@type\":\"WebSite\",\"@id\":\"https:\/\/lyonbondyblog.fr\/LBB\/#website\",\"url\":\"https:\/\/lyonbondyblog.fr\/LBB\/\",\"name\":\"Lyon Bondy Blog\",\"description\":\"\",\"publisher\":{\"@id\":\"https:\/\/lyonbondyblog.fr\/LBB\/#organization\"},\"potentialAction\":[{\"@type\":\"SearchAction\",\"target\":{\"@type\":\"EntryPoint\",\"urlTemplate\":\"https:\/\/lyonbondyblog.fr\/LBB\/?s={search_term_string}\"},\"query-input\":\"required name=search_term_string\"}],\"inLanguage\":\"fr-FR\"},{\"@type\":\"Organization\",\"@id\":\"https:\/\/lyonbondyblog.fr\/LBB\/#organization\",\"name\":\"LYON BONDY BLOG\",\"url\":\"https:\/\/lyonbondyblog.fr\/LBB\/\",\"logo\":{\"@type\":\"ImageObject\",\"inLanguage\":\"fr-FR\",\"@id\":\"https:\/\/lyonbondyblog.fr\/LBB\/#\/schema\/logo\/image\/\",\"url\":\"http:\/\/lyonbondyblog.fr\/LBB\/wp-content\/uploads\/2014\/10\/logo-portable-144.png\",\"contentUrl\":\"http:\/\/lyonbondyblog.fr\/LBB\/wp-content\/uploads\/2014\/10\/logo-portable-144.png\",\"width\":144,\"height\":123,\"caption\":\"LYON BONDY BLOG\"},\"image\":{\"@id\":\"https:\/\/lyonbondyblog.fr\/LBB\/#\/schema\/logo\/image\/\"},\"sameAs\":[\"https:\/\/www.facebook.com\/lyonbondyblog\",\"https:\/\/x.com\/bondybloglyon\"]},{\"@type\":\"Person\",\"@id\":\"https:\/\/lyonbondyblog.fr\/LBB\/#\/schema\/person\/5e9904261c1f613c8e6ea22045b1353d\",\"name\":\"Etienne Aazzab\",\"description\":\"Etienne a contribu\u00e9 depuis 2 ans dans le journal satirique FOUTOU\u2019ART. Il a int\u00e9gr\u00e9 l\u2019\u00e9quipe du \u00ab clic 2014 \u00bb : Collectif local d\u2019informations citoyennes \u00e0 partir de novembre 2013. Il rejoint le Lyon Bondy Blog \u00e0 partir de janvier 2014. Twitter : @AazzabEtienne Ses sujets de pr\u00e9dilection : #Politique #Soci\u00e9t\u00e9 #Sport\",\"sameAs\":[\"https:\/\/x.com\/AazzabEtienne\"],\"url\":\"https:\/\/lyonbondyblog.fr\/LBB\/author\/etienne\/\"}]}<\/script>\n<!-- \/ Yoast SEO plugin. -->","yoast_head_json":{"title":"Place publique veut \u00ab prendre toute sa place \u00bb aux municipales face \u00e0 l'extr\u00eame droite - Lyon Bondy Blog","robots":{"index":"index","follow":"follow","max-snippet":"max-snippet:-1","max-image-preview":"max-image-preview:large","max-video-preview":"max-video-preview:-1"},"canonical":"https:\/\/lyonbondyblog.fr\/LBB\/place-publique-veut-prendre-toute-sa-place-aux-municipales-face-a-lextreme-droite\/","og_locale":"fr_FR","og_type":"article","og_title":"Place publique veut \u00ab prendre toute sa place \u00bb aux municipales face \u00e0 l'extr\u00eame droite - Lyon Bondy Blog","og_description":"D\u00e9l\u00e9gu\u00e9 g\u00e9n\u00e9ral de Place publique, Thierry Brochot d\u00e9taille la strat\u00e9gie de son parti pour les prochaines \u00e9lections municipales et m\u00e9tropolitaines : refus d&rsquo;alliance avec La &hellip;","og_url":"https:\/\/lyonbondyblog.fr\/LBB\/place-publique-veut-prendre-toute-sa-place-aux-municipales-face-a-lextreme-droite\/","og_site_name":"Lyon Bondy Blog","article_publisher":"https:\/\/www.facebook.com\/lyonbondyblog","article_published_time":"2026-03-12T08:42:35+00:00","article_modified_time":"2026-03-12T17:44:11+00:00","og_image":[{"width":1459,"height":1600,"url":"https:\/\/lyonbondyblog.fr\/LBB\/wp-content\/uploads\/2026\/03\/dd1fe014-345a-4caf-bb2c-4f9387b716a6.jpeg","type":"image\/jpeg"}],"author":"Etienne Aazzab","twitter_card":"summary_large_image","twitter_creator":"@AazzabEtienne","twitter_site":"@bondybloglyon","schema":{"@context":"https:\/\/schema.org","@graph":[{"@type":"Article","@id":"https:\/\/lyonbondyblog.fr\/LBB\/place-publique-veut-prendre-toute-sa-place-aux-municipales-face-a-lextreme-droite\/#article","isPartOf":{"@id":"https:\/\/lyonbondyblog.fr\/LBB\/place-publique-veut-prendre-toute-sa-place-aux-municipales-face-a-lextreme-droite\/"},"author":{"name":"Etienne Aazzab","@id":"https:\/\/lyonbondyblog.fr\/LBB\/#\/schema\/person\/5e9904261c1f613c8e6ea22045b1353d"},"headline":"Place publique veut \u00ab prendre toute sa place \u00bb aux municipales face \u00e0 l&rsquo;extr\u00eame droite","datePublished":"2026-03-12T08:42:35+00:00","dateModified":"2026-03-12T17:44:11+00:00","mainEntityOfPage":{"@id":"https:\/\/lyonbondyblog.fr\/LBB\/place-publique-veut-prendre-toute-sa-place-aux-municipales-face-a-lextreme-droite\/"},"wordCount":979,"commentCount":0,"publisher":{"@id":"https:\/\/lyonbondyblog.fr\/LBB\/#organization"},"image":{"@id":"https:\/\/lyonbondyblog.fr\/LBB\/place-publique-veut-prendre-toute-sa-place-aux-municipales-face-a-lextreme-droite\/#primaryimage"},"thumbnailUrl":"https:\/\/lyonbondyblog.fr\/LBB\/wp-content\/uploads\/2026\/03\/dd1fe014-345a-4caf-bb2c-4f9387b716a6.jpeg","articleSection":["Lyon"],"inLanguage":"fr-FR","potentialAction":[{"@type":"CommentAction","name":"Comment","target":["https:\/\/lyonbondyblog.fr\/LBB\/place-publique-veut-prendre-toute-sa-place-aux-municipales-face-a-lextreme-droite\/#respond"]}]},{"@type":"WebPage","@id":"https:\/\/lyonbondyblog.fr\/LBB\/place-publique-veut-prendre-toute-sa-place-aux-municipales-face-a-lextreme-droite\/","url":"https:\/\/lyonbondyblog.fr\/LBB\/place-publique-veut-prendre-toute-sa-place-aux-municipales-face-a-lextreme-droite\/","name":"Place publique veut \u00ab prendre toute sa place \u00bb aux municipales face \u00e0 l'extr\u00eame droite - Lyon Bondy Blog","isPartOf":{"@id":"https:\/\/lyonbondyblog.fr\/LBB\/#website"},"primaryImageOfPage":{"@id":"https:\/\/lyonbondyblog.fr\/LBB\/place-publique-veut-prendre-toute-sa-place-aux-municipales-face-a-lextreme-droite\/#primaryimage"},"image":{"@id":"https:\/\/lyonbondyblog.fr\/LBB\/place-publique-veut-prendre-toute-sa-place-aux-municipales-face-a-lextreme-droite\/#primaryimage"},"thumbnailUrl":"https:\/\/lyonbondyblog.fr\/LBB\/wp-content\/uploads\/2026\/03\/dd1fe014-345a-4caf-bb2c-4f9387b716a6.jpeg","datePublished":"2026-03-12T08:42:35+00:00","dateModified":"2026-03-12T17:44:11+00:00","inLanguage":"fr-FR","potentialAction":[{"@type":"ReadAction","target":["https:\/\/lyonbondyblog.fr\/LBB\/place-publique-veut-prendre-toute-sa-place-aux-municipales-face-a-lextreme-droite\/"]}]},{"@type":"ImageObject","inLanguage":"fr-FR","@id":"https:\/\/lyonbondyblog.fr\/LBB\/place-publique-veut-prendre-toute-sa-place-aux-municipales-face-a-lextreme-droite\/#primaryimage","url":"https:\/\/lyonbondyblog.fr\/LBB\/wp-content\/uploads\/2026\/03\/dd1fe014-345a-4caf-bb2c-4f9387b716a6.jpeg","contentUrl":"https:\/\/lyonbondyblog.fr\/LBB\/wp-content\/uploads\/2026\/03\/dd1fe014-345a-4caf-bb2c-4f9387b716a6.jpeg","width":1459,"height":1600,"caption":"Photo prise par Zaito lors de la venue de Thierry Brochot \u00e0 Saint-Priest pour soutenir sa t\u00eate de liste Gilles Grandval"},{"@type":"WebSite","@id":"https:\/\/lyonbondyblog.fr\/LBB\/#website","url":"https:\/\/lyonbondyblog.fr\/LBB\/","name":"Lyon Bondy Blog","description":"","publisher":{"@id":"https:\/\/lyonbondyblog.fr\/LBB\/#organization"},"potentialAction":[{"@type":"SearchAction","target":{"@type":"EntryPoint","urlTemplate":"https:\/\/lyonbondyblog.fr\/LBB\/?s={search_term_string}"},"query-input":"required name=search_term_string"}],"inLanguage":"fr-FR"},{"@type":"Organization","@id":"https:\/\/lyonbondyblog.fr\/LBB\/#organization","name":"LYON BONDY BLOG","url":"https:\/\/lyonbondyblog.fr\/LBB\/","logo":{"@type":"ImageObject","inLanguage":"fr-FR","@id":"https:\/\/lyonbondyblog.fr\/LBB\/#\/schema\/logo\/image\/","url":"http:\/\/lyonbondyblog.fr\/LBB\/wp-content\/uploads\/2014\/10\/logo-portable-144.png","contentUrl":"http:\/\/lyonbondyblog.fr\/LBB\/wp-content\/uploads\/2014\/10\/logo-portable-144.png","width":144,"height":123,"caption":"LYON BONDY BLOG"},"image":{"@id":"https:\/\/lyonbondyblog.fr\/LBB\/#\/schema\/logo\/image\/"},"sameAs":["https:\/\/www.facebook.com\/lyonbondyblog","https:\/\/x.com\/bondybloglyon"]},{"@type":"Person","@id":"https:\/\/lyonbondyblog.fr\/LBB\/#\/schema\/person\/5e9904261c1f613c8e6ea22045b1353d","name":"Etienne Aazzab","description":"Etienne a contribu\u00e9 depuis 2 ans dans le journal satirique FOUTOU\u2019ART. Il a int\u00e9gr\u00e9 l\u2019\u00e9quipe du \u00ab clic 2014 \u00bb : Collectif local d\u2019informations citoyennes \u00e0 partir de novembre 2013. Il rejoint le Lyon Bondy Blog \u00e0 partir de janvier 2014. Twitter : @AazzabEtienne Ses sujets de pr\u00e9dilection : #Politique #Soci\u00e9t\u00e9 #Sport","sameAs":["https:\/\/x.com\/AazzabEtienne"],"url":"https:\/\/lyonbondyblog.fr\/LBB\/author\/etienne\/"}]}},"_links":{"self":[{"href":"https:\/\/lyonbondyblog.fr\/LBB\/wp-json\/wp\/v2\/posts\/38023","targetHints":{"allow":["GET"]}}],"collection":[{"href":"https:\/\/lyonbondyblog.fr\/LBB\/wp-json\/wp\/v2\/posts"}],"about":[{"href":"https:\/\/lyonbondyblog.fr\/LBB\/wp-json\/wp\/v2\/types\/post"}],"author":[{"embeddable":true,"href":"https:\/\/lyonbondyblog.fr\/LBB\/wp-json\/wp\/v2\/users\/33"}],"replies":[{"embeddable":true,"href":"https:\/\/lyonbondyblog.fr\/LBB\/wp-json\/wp\/v2\/comments?post=38023"}],"version-history":[{"count":4,"href":"https:\/\/lyonbondyblog.fr\/LBB\/wp-json\/wp\/v2\/posts\/38023\/revisions"}],"predecessor-version":[{"id":38043,"href":"https:\/\/lyonbondyblog.fr\/LBB\/wp-json\/wp\/v2\/posts\/38023\/revisions\/38043"}],"wp:featuredmedia":[{"embeddable":true,"href":"https:\/\/lyonbondyblog.fr\/LBB\/wp-json\/wp\/v2\/media\/38024"}],"wp:attachment":[{"href":"https:\/\/lyonbondyblog.fr\/LBB\/wp-json\/wp\/v2\/media?parent=38023"}],"wp:term":[{"taxonomy":"category","embeddable":true,"href":"https:\/\/lyonbondyblog.fr\/LBB\/wp-json\/wp\/v2\/categories?post=38023"},{"taxonomy":"post_tag","embeddable":true,"href":"https:\/\/lyonbondyblog.fr\/LBB\/wp-json\/wp\/v2\/tags?post=38023"}],"curies":[{"name":"wp","href":"https:\/\/api.w.org\/{rel}","templated":true}]}}