{"id":37999,"date":"2026-03-10T22:59:52","date_gmt":"2026-03-10T21:59:52","guid":{"rendered":"https:\/\/lyonbondyblog.fr\/LBB\/?p=37999"},"modified":"2026-03-12T09:11:12","modified_gmt":"2026-03-12T08:11:12","slug":"coeur-lyonnais-les-lyonnaises-et-les-lyonnais-ont-subi-une-ecologie-punitive-pendant-six-ans","status":"publish","type":"post","link":"https:\/\/lyonbondyblog.fr\/LBB\/coeur-lyonnais-les-lyonnaises-et-les-lyonnais-ont-subi-une-ecologie-punitive-pendant-six-ans\/","title":{"rendered":"Coeur Lyonnais : \u201c Les lyonnaises et les lyonnais ont subi une \u00e9cologie punitive pendant six ans\u201d"},"content":{"rendered":"\n<p><strong>Ce mardi soir, les \u00e9quipes de V\u00e9ronique Sarselli (Grand Coeur Lyonnais) et celle de Jean-Michel Aulas ont organis\u00e9 un meeting \u00e0 la Sucri\u00e8re (Lyon 2)<\/strong><\/p>\n\n\n\n<p>Jean-Michel Aulas devait une revanche \u00e0 ses fid\u00e8les militant(e)s. Apr\u00e8s un d\u00e9bat plus que limite sur BFMTV face \u00e0 ses adversaires et des d\u00e9bats refus\u00e9s, le candidat du bloc central avait besoin de reprendre des couleurs \u00e0 cinq jours du premier tour, qui pourrait \u00eatre plus tendu que pr\u00e9vu.&nbsp;<\/p>\n\n\n\n<p>Tr\u00e8s haut dans les sondages depuis son entr\u00e9e en campagne en septembre 2025, il appara\u00eet un peu fatigu\u00e9 en cette fin de campagne. La grogne lyonnaise est telle qu&rsquo;il devrait s\u2019imposer, \u00e0 moins que les lyonnaises et les lyonnais changent d\u2019avis ce dimanche 15 mars, date du premier tour des \u00e9lections municipales 2026.&nbsp;<\/p>\n\n\n\n<p>Pour rappel, les \u00e9lectrices lyonnaises et les \u00e9lecteurs lyonnais devront voter trois fois : une fois pour la ou le maire d\u2019arrondissement, un autre bulletin, pour l\u2019\u00e9lection de la nouvelle ou nouveau maire de Lyon, et le dernier bulletin sera pour l\u2019\u00e9lection de la nouvelle ou la reconduction du pr\u00e9sident sortant. Retour sur la derni\u00e8re grande messe Grand Coeur Lyonnais<\/p>\n\n\n\n<figure class=\"wp-block-image size-large\"><img loading=\"lazy\" decoding=\"async\" width=\"1440\" height=\"1920\" src=\"https:\/\/lyonbondyblog.fr\/LBB\/wp-content\/uploads\/2026\/03\/IMG_1315-1440x1920.jpeg\" alt=\"\" class=\"wp-image-38000\" srcset=\"https:\/\/lyonbondyblog.fr\/LBB\/wp-content\/uploads\/2026\/03\/IMG_1315-1440x1920.jpeg 1440w, https:\/\/lyonbondyblog.fr\/LBB\/wp-content\/uploads\/2026\/03\/IMG_1315-900x1200.jpeg 900w, https:\/\/lyonbondyblog.fr\/LBB\/wp-content\/uploads\/2026\/03\/IMG_1315-768x1024.jpeg 768w, https:\/\/lyonbondyblog.fr\/LBB\/wp-content\/uploads\/2026\/03\/IMG_1315-1152x1536.jpeg 1152w, https:\/\/lyonbondyblog.fr\/LBB\/wp-content\/uploads\/2026\/03\/IMG_1315-1536x2048.jpeg 1536w, https:\/\/lyonbondyblog.fr\/LBB\/wp-content\/uploads\/2026\/03\/IMG_1315-scaled.jpeg 1920w\" sizes=\"auto, (max-width: 1440px) 100vw, 1440px\" \/><\/figure>\n\n\n\n<p><strong>\u201cLes \u00e9cologistes avec leur dogmatisme ont puni les grandes lyonnaises et les grands lyonnais\u201d<\/strong><\/p>\n\n\n\n<p>La salle est pleine, tout le monde est pimpant, plusieurs guests sont l\u00e0, comme l\u2019ancien maire de Lyon Michel Noir. Toutes les t\u00eates de listes Grand Coeur Lyonnais et Coeur Lyonnais sont pr\u00e9sentes autour du duo Sarselli-Aulas. La soir\u00e9e commence avec de nombreuses vid\u00e9os de soutien notamment Wendie Renard, Sonny Anderson et certains passages de l\u2019interview de Jean-Michel Aulas avec Darius Rochebin sur LCI. L\u2019 ambiance monte doucement avec justement Gr\u00e9gory Cuilleron rappelant que Lyon doit \u00eatre plus que rayonnante avec son po\u00e8me Lyonnitude. Apr\u00e8s la lecture du po\u00e8me, il est temps pour V\u00e9ronique Sarselli de monter sur sc\u00e8ne et de prendre la parole, rappelant que les \u00e9cologistes imposent leur dogme aux grandes lyonnaises et aux grands lyonnais. Pour elle, le train est en marche pour r\u00e9cup\u00e9rer la m\u00e9tropole et pour d\u00e9tricoter l\u2019assemblage \u00e9cologiste, pour imposer une nouvelle vision plus conqu\u00e9rante et redorer le blason lyonnais. Autour de Jean-Michel Aulas de prendre la parole.<\/p>\n\n\n\n<figure class=\"wp-block-image size-large\"><img loading=\"lazy\" decoding=\"async\" width=\"1440\" height=\"1920\" src=\"https:\/\/lyonbondyblog.fr\/LBB\/wp-content\/uploads\/2026\/03\/IMG_0925-1440x1920.jpeg\" alt=\"\" class=\"wp-image-38001\" srcset=\"https:\/\/lyonbondyblog.fr\/LBB\/wp-content\/uploads\/2026\/03\/IMG_0925-1440x1920.jpeg 1440w, https:\/\/lyonbondyblog.fr\/LBB\/wp-content\/uploads\/2026\/03\/IMG_0925-900x1200.jpeg 900w, https:\/\/lyonbondyblog.fr\/LBB\/wp-content\/uploads\/2026\/03\/IMG_0925-768x1024.jpeg 768w, https:\/\/lyonbondyblog.fr\/LBB\/wp-content\/uploads\/2026\/03\/IMG_0925-1152x1536.jpeg 1152w, https:\/\/lyonbondyblog.fr\/LBB\/wp-content\/uploads\/2026\/03\/IMG_0925-1536x2048.jpeg 1536w, https:\/\/lyonbondyblog.fr\/LBB\/wp-content\/uploads\/2026\/03\/IMG_0925-scaled.jpeg 1920w\" sizes=\"auto, (max-width: 1440px) 100vw, 1440px\" \/><\/figure>\n\n\n\n<p><strong>\u201c Avoir un vert maire de Lyon est une aberration\u201d<\/strong><\/p>\n\n\n\n<p>Avec cette citation, le candidat Coeur Lyonnais ram\u00e8ne \u00e0 son pass\u00e9 glorieux notamment avec l\u2019Olympique Lyonnais. Absent de plusieurs d\u00e9bats, il r\u00e9appara\u00eet ce soir, un peu plus fringant, avec un discours acerbe envers son adversaire Gr\u00e9gory Doucet. Il essaie d\u2019insuffler un nouveau souffle qui pourrait le propulser en t\u00eate au premier tour des \u00e9lections municipales qui auront lieu ce dimanche. Il clame \u00e9galement sa torpeur envers les extr\u00eames, suite aux \u00e9v\u00e9nements marquants et violents qui ont lieu au mois de f\u00e9vrier dans la cit\u00e9 des Gaules. Il argumente sur le manque de s\u00e9curit\u00e9 et de concertation de son pr\u00e9d\u00e9cesseur.&nbsp;<\/p>\n\n\n\n<p>La soir\u00e9e se finit avec une marseillaise, toutes les t\u00eates de listes m\u00e9tropolitaines et lyonnaises sont invit\u00e9es \u00e0 monter sur sc\u00e8ne. V\u00e9ronique Sarselli et Jean-Michel Aulas sauront convaincre les \u00e9lecteurs de la m\u00e9tropole du Rh\u00f4ne, r\u00e9ponse ce dimanche 15 mars \u00e0 20H.<\/p>\n\n\n\n<figure class=\"wp-block-image size-large\"><img loading=\"lazy\" decoding=\"async\" width=\"1920\" height=\"1440\" src=\"https:\/\/lyonbondyblog.fr\/LBB\/wp-content\/uploads\/2026\/03\/IMG_0934-1920x1440.jpeg\" alt=\"\" class=\"wp-image-38002\" srcset=\"https:\/\/lyonbondyblog.fr\/LBB\/wp-content\/uploads\/2026\/03\/IMG_0934-1920x1440.jpeg 1920w, https:\/\/lyonbondyblog.fr\/LBB\/wp-content\/uploads\/2026\/03\/IMG_0934-1200x900.jpeg 1200w, https:\/\/lyonbondyblog.fr\/LBB\/wp-content\/uploads\/2026\/03\/IMG_0934-768x576.jpeg 768w, https:\/\/lyonbondyblog.fr\/LBB\/wp-content\/uploads\/2026\/03\/IMG_0934-1536x1152.jpeg 1536w, https:\/\/lyonbondyblog.fr\/LBB\/wp-content\/uploads\/2026\/03\/IMG_0934-2048x1536.jpeg 2048w\" sizes=\"auto, (max-width: 1920px) 100vw, 1920px\" \/><\/figure>\n<!-- AddThis Advanced Settings generic via filter on the_content --><!-- AddThis Share Buttons generic via filter on the_content -->","protected":false},"excerpt":{"rendered":"<p>Ce mardi soir, les \u00e9quipes de V\u00e9ronique Sarselli (Grand Coeur Lyonnais) et celle de Jean-Michel Aulas ont organis\u00e9 un meeting \u00e0 la Sucri\u00e8re (Lyon 2) &hellip; <!-- AddThis Advanced Settings generic via filter on wp_trim_excerpt --><!-- AddThis Share Buttons generic via filter on wp_trim_excerpt --><\/p>\n","protected":false},"author":33,"featured_media":38004,"comment_status":"open","ping_status":"open","sticky":true,"template":"","format":"standard","meta":{"_FSMCFIC_featured_image_caption":"","_FSMCFIC_featured_image_nocaption":"","_FSMCFIC_featured_image_hide":"","footnotes":""},"categories":[4],"tags":[],"class_list":["post-37999","post","type-post","status-publish","format-standard","has-post-thumbnail","hentry","category-lyon"],"yoast_head":"<!-- This site is optimized with the Yoast SEO plugin v22.8 - https:\/\/yoast.com\/wordpress\/plugins\/seo\/ -->\n<title>Coeur Lyonnais : \u201c Les lyonnaises et les lyonnais ont subi une \u00e9cologie punitive pendant six ans\u201d - Lyon Bondy Blog<\/title>\n<meta name=\"robots\" content=\"index, follow, max-snippet:-1, max-image-preview:large, max-video-preview:-1\" \/>\n<link rel=\"canonical\" href=\"https:\/\/lyonbondyblog.fr\/LBB\/coeur-lyonnais-les-lyonnaises-et-les-lyonnais-ont-subi-une-ecologie-punitive-pendant-six-ans\/\" \/>\n<meta property=\"og:locale\" content=\"fr_FR\" \/>\n<meta property=\"og:type\" content=\"article\" \/>\n<meta property=\"og:title\" content=\"Coeur Lyonnais : \u201c Les lyonnaises et les lyonnais ont subi une \u00e9cologie punitive pendant six ans\u201d - Lyon Bondy Blog\" \/>\n<meta property=\"og:description\" content=\"Ce mardi soir, les \u00e9quipes de V\u00e9ronique Sarselli (Grand Coeur Lyonnais) et celle de Jean-Michel Aulas ont organis\u00e9 un meeting \u00e0 la Sucri\u00e8re (Lyon 2) &hellip;\" \/>\n<meta property=\"og:url\" content=\"https:\/\/lyonbondyblog.fr\/LBB\/coeur-lyonnais-les-lyonnaises-et-les-lyonnais-ont-subi-une-ecologie-punitive-pendant-six-ans\/\" \/>\n<meta property=\"og:site_name\" content=\"Lyon Bondy Blog\" \/>\n<meta property=\"article:publisher\" content=\"https:\/\/www.facebook.com\/lyonbondyblog\" \/>\n<meta property=\"article:published_time\" content=\"2026-03-10T21:59:52+00:00\" \/>\n<meta property=\"article:modified_time\" content=\"2026-03-12T08:11:12+00:00\" \/>\n<meta property=\"og:image\" content=\"https:\/\/lyonbondyblog.fr\/LBB\/wp-content\/uploads\/2026\/03\/IMG_1285-scaled.jpeg\" \/>\n\t<meta property=\"og:image:width\" content=\"2560\" \/>\n\t<meta property=\"og:image:height\" content=\"1920\" \/>\n\t<meta property=\"og:image:type\" content=\"image\/jpeg\" \/>\n<meta name=\"author\" content=\"Etienne Aazzab\" \/>\n<meta name=\"twitter:card\" content=\"summary_large_image\" \/>\n<meta name=\"twitter:creator\" content=\"@AazzabEtienne\" \/>\n<meta name=\"twitter:site\" content=\"@bondybloglyon\" \/>\n<script type=\"application\/ld+json\" class=\"yoast-schema-graph\">{\"@context\":\"https:\/\/schema.org\",\"@graph\":[{\"@type\":\"Article\",\"@id\":\"https:\/\/lyonbondyblog.fr\/LBB\/coeur-lyonnais-les-lyonnaises-et-les-lyonnais-ont-subi-une-ecologie-punitive-pendant-six-ans\/#article\",\"isPartOf\":{\"@id\":\"https:\/\/lyonbondyblog.fr\/LBB\/coeur-lyonnais-les-lyonnaises-et-les-lyonnais-ont-subi-une-ecologie-punitive-pendant-six-ans\/\"},\"author\":{\"name\":\"Etienne Aazzab\",\"@id\":\"https:\/\/lyonbondyblog.fr\/LBB\/#\/schema\/person\/5e9904261c1f613c8e6ea22045b1353d\"},\"headline\":\"Coeur Lyonnais : \u201c Les lyonnaises et les lyonnais ont subi une \u00e9cologie punitive pendant six ans\u201d\",\"datePublished\":\"2026-03-10T21:59:52+00:00\",\"dateModified\":\"2026-03-12T08:11:12+00:00\",\"mainEntityOfPage\":{\"@id\":\"https:\/\/lyonbondyblog.fr\/LBB\/coeur-lyonnais-les-lyonnaises-et-les-lyonnais-ont-subi-une-ecologie-punitive-pendant-six-ans\/\"},\"wordCount\":570,\"commentCount\":0,\"publisher\":{\"@id\":\"https:\/\/lyonbondyblog.fr\/LBB\/#organization\"},\"image\":{\"@id\":\"https:\/\/lyonbondyblog.fr\/LBB\/coeur-lyonnais-les-lyonnaises-et-les-lyonnais-ont-subi-une-ecologie-punitive-pendant-six-ans\/#primaryimage\"},\"thumbnailUrl\":\"https:\/\/lyonbondyblog.fr\/LBB\/wp-content\/uploads\/2026\/03\/IMG_1285-scaled.jpeg\",\"articleSection\":[\"Lyon\"],\"inLanguage\":\"fr-FR\",\"potentialAction\":[{\"@type\":\"CommentAction\",\"name\":\"Comment\",\"target\":[\"https:\/\/lyonbondyblog.fr\/LBB\/coeur-lyonnais-les-lyonnaises-et-les-lyonnais-ont-subi-une-ecologie-punitive-pendant-six-ans\/#respond\"]}]},{\"@type\":\"WebPage\",\"@id\":\"https:\/\/lyonbondyblog.fr\/LBB\/coeur-lyonnais-les-lyonnaises-et-les-lyonnais-ont-subi-une-ecologie-punitive-pendant-six-ans\/\",\"url\":\"https:\/\/lyonbondyblog.fr\/LBB\/coeur-lyonnais-les-lyonnaises-et-les-lyonnais-ont-subi-une-ecologie-punitive-pendant-six-ans\/\",\"name\":\"Coeur Lyonnais : \u201c Les lyonnaises et les lyonnais ont subi une \u00e9cologie punitive pendant six ans\u201d - Lyon Bondy Blog\",\"isPartOf\":{\"@id\":\"https:\/\/lyonbondyblog.fr\/LBB\/#website\"},\"primaryImageOfPage\":{\"@id\":\"https:\/\/lyonbondyblog.fr\/LBB\/coeur-lyonnais-les-lyonnaises-et-les-lyonnais-ont-subi-une-ecologie-punitive-pendant-six-ans\/#primaryimage\"},\"image\":{\"@id\":\"https:\/\/lyonbondyblog.fr\/LBB\/coeur-lyonnais-les-lyonnaises-et-les-lyonnais-ont-subi-une-ecologie-punitive-pendant-six-ans\/#primaryimage\"},\"thumbnailUrl\":\"https:\/\/lyonbondyblog.fr\/LBB\/wp-content\/uploads\/2026\/03\/IMG_1285-scaled.jpeg\",\"datePublished\":\"2026-03-10T21:59:52+00:00\",\"dateModified\":\"2026-03-12T08:11:12+00:00\",\"inLanguage\":\"fr-FR\",\"potentialAction\":[{\"@type\":\"ReadAction\",\"target\":[\"https:\/\/lyonbondyblog.fr\/LBB\/coeur-lyonnais-les-lyonnaises-et-les-lyonnais-ont-subi-une-ecologie-punitive-pendant-six-ans\/\"]}]},{\"@type\":\"ImageObject\",\"inLanguage\":\"fr-FR\",\"@id\":\"https:\/\/lyonbondyblog.fr\/LBB\/coeur-lyonnais-les-lyonnaises-et-les-lyonnais-ont-subi-une-ecologie-punitive-pendant-six-ans\/#primaryimage\",\"url\":\"https:\/\/lyonbondyblog.fr\/LBB\/wp-content\/uploads\/2026\/03\/IMG_1285-scaled.jpeg\",\"contentUrl\":\"https:\/\/lyonbondyblog.fr\/LBB\/wp-content\/uploads\/2026\/03\/IMG_1285-scaled.jpeg\",\"width\":2560,\"height\":1920},{\"@type\":\"WebSite\",\"@id\":\"https:\/\/lyonbondyblog.fr\/LBB\/#website\",\"url\":\"https:\/\/lyonbondyblog.fr\/LBB\/\",\"name\":\"Lyon Bondy Blog\",\"description\":\"\",\"publisher\":{\"@id\":\"https:\/\/lyonbondyblog.fr\/LBB\/#organization\"},\"potentialAction\":[{\"@type\":\"SearchAction\",\"target\":{\"@type\":\"EntryPoint\",\"urlTemplate\":\"https:\/\/lyonbondyblog.fr\/LBB\/?s={search_term_string}\"},\"query-input\":\"required name=search_term_string\"}],\"inLanguage\":\"fr-FR\"},{\"@type\":\"Organization\",\"@id\":\"https:\/\/lyonbondyblog.fr\/LBB\/#organization\",\"name\":\"LYON BONDY BLOG\",\"url\":\"https:\/\/lyonbondyblog.fr\/LBB\/\",\"logo\":{\"@type\":\"ImageObject\",\"inLanguage\":\"fr-FR\",\"@id\":\"https:\/\/lyonbondyblog.fr\/LBB\/#\/schema\/logo\/image\/\",\"url\":\"http:\/\/lyonbondyblog.fr\/LBB\/wp-content\/uploads\/2014\/10\/logo-portable-144.png\",\"contentUrl\":\"http:\/\/lyonbondyblog.fr\/LBB\/wp-content\/uploads\/2014\/10\/logo-portable-144.png\",\"width\":144,\"height\":123,\"caption\":\"LYON BONDY BLOG\"},\"image\":{\"@id\":\"https:\/\/lyonbondyblog.fr\/LBB\/#\/schema\/logo\/image\/\"},\"sameAs\":[\"https:\/\/www.facebook.com\/lyonbondyblog\",\"https:\/\/x.com\/bondybloglyon\"]},{\"@type\":\"Person\",\"@id\":\"https:\/\/lyonbondyblog.fr\/LBB\/#\/schema\/person\/5e9904261c1f613c8e6ea22045b1353d\",\"name\":\"Etienne Aazzab\",\"description\":\"Etienne a contribu\u00e9 depuis 2 ans dans le journal satirique FOUTOU\u2019ART. Il a int\u00e9gr\u00e9 l\u2019\u00e9quipe du \u00ab clic 2014 \u00bb : Collectif local d\u2019informations citoyennes \u00e0 partir de novembre 2013. Il rejoint le Lyon Bondy Blog \u00e0 partir de janvier 2014. Twitter : @AazzabEtienne Ses sujets de pr\u00e9dilection : #Politique #Soci\u00e9t\u00e9 #Sport\",\"sameAs\":[\"https:\/\/x.com\/AazzabEtienne\"],\"url\":\"https:\/\/lyonbondyblog.fr\/LBB\/author\/etienne\/\"}]}<\/script>\n<!-- \/ Yoast SEO plugin. -->","yoast_head_json":{"title":"Coeur Lyonnais : \u201c Les lyonnaises et les lyonnais ont subi une \u00e9cologie punitive pendant six ans\u201d - Lyon Bondy Blog","robots":{"index":"index","follow":"follow","max-snippet":"max-snippet:-1","max-image-preview":"max-image-preview:large","max-video-preview":"max-video-preview:-1"},"canonical":"https:\/\/lyonbondyblog.fr\/LBB\/coeur-lyonnais-les-lyonnaises-et-les-lyonnais-ont-subi-une-ecologie-punitive-pendant-six-ans\/","og_locale":"fr_FR","og_type":"article","og_title":"Coeur Lyonnais : \u201c Les lyonnaises et les lyonnais ont subi une \u00e9cologie punitive pendant six ans\u201d - Lyon Bondy Blog","og_description":"Ce mardi soir, les \u00e9quipes de V\u00e9ronique Sarselli (Grand Coeur Lyonnais) et celle de Jean-Michel Aulas ont organis\u00e9 un meeting \u00e0 la Sucri\u00e8re (Lyon 2) &hellip;","og_url":"https:\/\/lyonbondyblog.fr\/LBB\/coeur-lyonnais-les-lyonnaises-et-les-lyonnais-ont-subi-une-ecologie-punitive-pendant-six-ans\/","og_site_name":"Lyon Bondy Blog","article_publisher":"https:\/\/www.facebook.com\/lyonbondyblog","article_published_time":"2026-03-10T21:59:52+00:00","article_modified_time":"2026-03-12T08:11:12+00:00","og_image":[{"width":2560,"height":1920,"url":"https:\/\/lyonbondyblog.fr\/LBB\/wp-content\/uploads\/2026\/03\/IMG_1285-scaled.jpeg","type":"image\/jpeg"}],"author":"Etienne Aazzab","twitter_card":"summary_large_image","twitter_creator":"@AazzabEtienne","twitter_site":"@bondybloglyon","schema":{"@context":"https:\/\/schema.org","@graph":[{"@type":"Article","@id":"https:\/\/lyonbondyblog.fr\/LBB\/coeur-lyonnais-les-lyonnaises-et-les-lyonnais-ont-subi-une-ecologie-punitive-pendant-six-ans\/#article","isPartOf":{"@id":"https:\/\/lyonbondyblog.fr\/LBB\/coeur-lyonnais-les-lyonnaises-et-les-lyonnais-ont-subi-une-ecologie-punitive-pendant-six-ans\/"},"author":{"name":"Etienne Aazzab","@id":"https:\/\/lyonbondyblog.fr\/LBB\/#\/schema\/person\/5e9904261c1f613c8e6ea22045b1353d"},"headline":"Coeur Lyonnais : \u201c Les lyonnaises et les lyonnais ont subi une \u00e9cologie punitive pendant six ans\u201d","datePublished":"2026-03-10T21:59:52+00:00","dateModified":"2026-03-12T08:11:12+00:00","mainEntityOfPage":{"@id":"https:\/\/lyonbondyblog.fr\/LBB\/coeur-lyonnais-les-lyonnaises-et-les-lyonnais-ont-subi-une-ecologie-punitive-pendant-six-ans\/"},"wordCount":570,"commentCount":0,"publisher":{"@id":"https:\/\/lyonbondyblog.fr\/LBB\/#organization"},"image":{"@id":"https:\/\/lyonbondyblog.fr\/LBB\/coeur-lyonnais-les-lyonnaises-et-les-lyonnais-ont-subi-une-ecologie-punitive-pendant-six-ans\/#primaryimage"},"thumbnailUrl":"https:\/\/lyonbondyblog.fr\/LBB\/wp-content\/uploads\/2026\/03\/IMG_1285-scaled.jpeg","articleSection":["Lyon"],"inLanguage":"fr-FR","potentialAction":[{"@type":"CommentAction","name":"Comment","target":["https:\/\/lyonbondyblog.fr\/LBB\/coeur-lyonnais-les-lyonnaises-et-les-lyonnais-ont-subi-une-ecologie-punitive-pendant-six-ans\/#respond"]}]},{"@type":"WebPage","@id":"https:\/\/lyonbondyblog.fr\/LBB\/coeur-lyonnais-les-lyonnaises-et-les-lyonnais-ont-subi-une-ecologie-punitive-pendant-six-ans\/","url":"https:\/\/lyonbondyblog.fr\/LBB\/coeur-lyonnais-les-lyonnaises-et-les-lyonnais-ont-subi-une-ecologie-punitive-pendant-six-ans\/","name":"Coeur Lyonnais : \u201c Les lyonnaises et les lyonnais ont subi une \u00e9cologie punitive pendant six ans\u201d - Lyon Bondy Blog","isPartOf":{"@id":"https:\/\/lyonbondyblog.fr\/LBB\/#website"},"primaryImageOfPage":{"@id":"https:\/\/lyonbondyblog.fr\/LBB\/coeur-lyonnais-les-lyonnaises-et-les-lyonnais-ont-subi-une-ecologie-punitive-pendant-six-ans\/#primaryimage"},"image":{"@id":"https:\/\/lyonbondyblog.fr\/LBB\/coeur-lyonnais-les-lyonnaises-et-les-lyonnais-ont-subi-une-ecologie-punitive-pendant-six-ans\/#primaryimage"},"thumbnailUrl":"https:\/\/lyonbondyblog.fr\/LBB\/wp-content\/uploads\/2026\/03\/IMG_1285-scaled.jpeg","datePublished":"2026-03-10T21:59:52+00:00","dateModified":"2026-03-12T08:11:12+00:00","inLanguage":"fr-FR","potentialAction":[{"@type":"ReadAction","target":["https:\/\/lyonbondyblog.fr\/LBB\/coeur-lyonnais-les-lyonnaises-et-les-lyonnais-ont-subi-une-ecologie-punitive-pendant-six-ans\/"]}]},{"@type":"ImageObject","inLanguage":"fr-FR","@id":"https:\/\/lyonbondyblog.fr\/LBB\/coeur-lyonnais-les-lyonnaises-et-les-lyonnais-ont-subi-une-ecologie-punitive-pendant-six-ans\/#primaryimage","url":"https:\/\/lyonbondyblog.fr\/LBB\/wp-content\/uploads\/2026\/03\/IMG_1285-scaled.jpeg","contentUrl":"https:\/\/lyonbondyblog.fr\/LBB\/wp-content\/uploads\/2026\/03\/IMG_1285-scaled.jpeg","width":2560,"height":1920},{"@type":"WebSite","@id":"https:\/\/lyonbondyblog.fr\/LBB\/#website","url":"https:\/\/lyonbondyblog.fr\/LBB\/","name":"Lyon Bondy Blog","description":"","publisher":{"@id":"https:\/\/lyonbondyblog.fr\/LBB\/#organization"},"potentialAction":[{"@type":"SearchAction","target":{"@type":"EntryPoint","urlTemplate":"https:\/\/lyonbondyblog.fr\/LBB\/?s={search_term_string}"},"query-input":"required name=search_term_string"}],"inLanguage":"fr-FR"},{"@type":"Organization","@id":"https:\/\/lyonbondyblog.fr\/LBB\/#organization","name":"LYON BONDY BLOG","url":"https:\/\/lyonbondyblog.fr\/LBB\/","logo":{"@type":"ImageObject","inLanguage":"fr-FR","@id":"https:\/\/lyonbondyblog.fr\/LBB\/#\/schema\/logo\/image\/","url":"http:\/\/lyonbondyblog.fr\/LBB\/wp-content\/uploads\/2014\/10\/logo-portable-144.png","contentUrl":"http:\/\/lyonbondyblog.fr\/LBB\/wp-content\/uploads\/2014\/10\/logo-portable-144.png","width":144,"height":123,"caption":"LYON BONDY BLOG"},"image":{"@id":"https:\/\/lyonbondyblog.fr\/LBB\/#\/schema\/logo\/image\/"},"sameAs":["https:\/\/www.facebook.com\/lyonbondyblog","https:\/\/x.com\/bondybloglyon"]},{"@type":"Person","@id":"https:\/\/lyonbondyblog.fr\/LBB\/#\/schema\/person\/5e9904261c1f613c8e6ea22045b1353d","name":"Etienne Aazzab","description":"Etienne a contribu\u00e9 depuis 2 ans dans le journal satirique FOUTOU\u2019ART. Il a int\u00e9gr\u00e9 l\u2019\u00e9quipe du \u00ab clic 2014 \u00bb : Collectif local d\u2019informations citoyennes \u00e0 partir de novembre 2013. Il rejoint le Lyon Bondy Blog \u00e0 partir de janvier 2014. Twitter : @AazzabEtienne Ses sujets de pr\u00e9dilection : #Politique #Soci\u00e9t\u00e9 #Sport","sameAs":["https:\/\/x.com\/AazzabEtienne"],"url":"https:\/\/lyonbondyblog.fr\/LBB\/author\/etienne\/"}]}},"_links":{"self":[{"href":"https:\/\/lyonbondyblog.fr\/LBB\/wp-json\/wp\/v2\/posts\/37999","targetHints":{"allow":["GET"]}}],"collection":[{"href":"https:\/\/lyonbondyblog.fr\/LBB\/wp-json\/wp\/v2\/posts"}],"about":[{"href":"https:\/\/lyonbondyblog.fr\/LBB\/wp-json\/wp\/v2\/types\/post"}],"author":[{"embeddable":true,"href":"https:\/\/lyonbondyblog.fr\/LBB\/wp-json\/wp\/v2\/users\/33"}],"replies":[{"embeddable":true,"href":"https:\/\/lyonbondyblog.fr\/LBB\/wp-json\/wp\/v2\/comments?post=37999"}],"version-history":[{"count":3,"href":"https:\/\/lyonbondyblog.fr\/LBB\/wp-json\/wp\/v2\/posts\/37999\/revisions"}],"predecessor-version":[{"id":38008,"href":"https:\/\/lyonbondyblog.fr\/LBB\/wp-json\/wp\/v2\/posts\/37999\/revisions\/38008"}],"wp:featuredmedia":[{"embeddable":true,"href":"https:\/\/lyonbondyblog.fr\/LBB\/wp-json\/wp\/v2\/media\/38004"}],"wp:attachment":[{"href":"https:\/\/lyonbondyblog.fr\/LBB\/wp-json\/wp\/v2\/media?parent=37999"}],"wp:term":[{"taxonomy":"category","embeddable":true,"href":"https:\/\/lyonbondyblog.fr\/LBB\/wp-json\/wp\/v2\/categories?post=37999"},{"taxonomy":"post_tag","embeddable":true,"href":"https:\/\/lyonbondyblog.fr\/LBB\/wp-json\/wp\/v2\/tags?post=37999"}],"curies":[{"name":"wp","href":"https:\/\/api.w.org\/{rel}","templated":true}]}}