{"id":37992,"date":"2026-03-10T17:49:14","date_gmt":"2026-03-10T16:49:14","guid":{"rendered":"https:\/\/lyonbondyblog.fr\/LBB\/?p=37992"},"modified":"2026-03-10T17:49:40","modified_gmt":"2026-03-10T16:49:40","slug":"thomas-spreux-le-role-dun-elu-cest-soutenir-les-travailleurs","status":"publish","type":"post","link":"https:\/\/lyonbondyblog.fr\/LBB\/thomas-spreux-le-role-dun-elu-cest-soutenir-les-travailleurs\/","title":{"rendered":"Thomas Spreux: \u00ab\u00a0Le r\u00f4le d&rsquo;un \u00e9lu, c&rsquo;est soutenir les travailleurs\u00a0\u00bb"},"content":{"rendered":"\n<p><strong>Candidat r\u00e9gulier aux \u00e9lections locales et l\u00e9gislatives, Thomas Spreux repr\u00e9sente la voix des travailleurs \u00e0 Vaulx-en-Velin. Instituteur de profession et militant de longue date chez Lutte Ouvri\u00e8re, il porte un discours de rupture avec le syst\u00e8me capitaliste. <\/strong><\/p>\n\n\n\n<p><strong>Dans ce podcast et cette vid\u00e9o, il revient sur son engagement \u00e0 Vaulx-en-Velin et sa volont\u00e9 de placer les int\u00e9r\u00eats de la classe ouvri\u00e8re au sommet de l&rsquo;agenda politique, loin des jeux de pouvoir traditionnels.<\/strong><\/p>\n\n\n\n<figure class=\"wp-block-embed is-type-rich is-provider-spotify wp-block-embed-spotify wp-embed-aspect-21-9 wp-has-aspect-ratio\"><div class=\"wp-block-embed__wrapper\">\n<iframe title=\"Spotify Embed: Entretien avec Thomas Spreux (Lutte Ouvri\u00e8re)\" style=\"border-radius: 12px\" width=\"100%\" height=\"152\" frameborder=\"0\" allowfullscreen allow=\"autoplay; clipboard-write; encrypted-media; fullscreen; picture-in-picture\" loading=\"lazy\" src=\"https:\/\/open.spotify.com\/embed\/episode\/3rSTPwXzt7OJjbycz20JBs?si=Y-Xb6aR7Q4G_AJb34NukkA&amp;utm_source=oembed\"><\/iframe>\n<\/div><\/figure>\n\n\n\n<figure class=\"wp-block-embed is-type-video is-provider-youtube wp-block-embed-youtube wp-embed-aspect-16-9 wp-has-aspect-ratio\"><div class=\"wp-block-embed__wrapper\">\n<iframe loading=\"lazy\" title=\"Vaulx-en-Velin: Trois questions \u00e0 Thomas Spreux (Lutte Ouvri\u00e8re)\" width=\"1200\" height=\"675\" src=\"https:\/\/www.youtube.com\/embed\/tBSzqpAGbdA?feature=oembed\" frameborder=\"0\" allow=\"accelerometer; autoplay; clipboard-write; encrypted-media; gyroscope; picture-in-picture; web-share\" referrerpolicy=\"strict-origin-when-cross-origin\" allowfullscreen><\/iframe>\n<\/div><\/figure>\n<!-- AddThis Advanced Settings generic via filter on the_content --><!-- AddThis Share Buttons generic via filter on the_content -->","protected":false},"excerpt":{"rendered":"<p>Candidat r\u00e9gulier aux \u00e9lections locales et l\u00e9gislatives, Thomas Spreux repr\u00e9sente la voix des travailleurs \u00e0 Vaulx-en-Velin. Instituteur de profession et militant de longue date chez &hellip; <!-- AddThis Advanced Settings generic via filter on wp_trim_excerpt --><!-- AddThis Share Buttons generic via filter on wp_trim_excerpt --><\/p>\n","protected":false},"author":33,"featured_media":37993,"comment_status":"open","ping_status":"open","sticky":true,"template":"","format":"standard","meta":{"_FSMCFIC_featured_image_caption":"","_FSMCFIC_featured_image_nocaption":"","_FSMCFIC_featured_image_hide":"","footnotes":""},"categories":[28441],"tags":[112,165,635],"class_list":["post-37992","post","type-post","status-publish","format-standard","has-post-thumbnail","hentry","category-municipales-2026","tag-lyon-bondy-blog","tag-politique-2","tag-vaulx-en-velin"],"yoast_head":"<!-- This site is optimized with the Yoast SEO plugin v22.8 - https:\/\/yoast.com\/wordpress\/plugins\/seo\/ -->\n<title>Thomas Spreux: &quot;Le r\u00f4le d&#039;un \u00e9lu, c&#039;est soutenir les travailleurs&quot; - Lyon Bondy Blog<\/title>\n<meta name=\"robots\" content=\"index, follow, max-snippet:-1, max-image-preview:large, max-video-preview:-1\" \/>\n<link rel=\"canonical\" href=\"https:\/\/lyonbondyblog.fr\/LBB\/thomas-spreux-le-role-dun-elu-cest-soutenir-les-travailleurs\/\" \/>\n<meta property=\"og:locale\" content=\"fr_FR\" \/>\n<meta property=\"og:type\" content=\"article\" \/>\n<meta property=\"og:title\" content=\"Thomas Spreux: &quot;Le r\u00f4le d&#039;un \u00e9lu, c&#039;est soutenir les travailleurs&quot; - Lyon Bondy Blog\" \/>\n<meta property=\"og:description\" content=\"Candidat r\u00e9gulier aux \u00e9lections locales et l\u00e9gislatives, Thomas Spreux repr\u00e9sente la voix des travailleurs \u00e0 Vaulx-en-Velin. Instituteur de profession et militant de longue date chez &hellip;\" \/>\n<meta property=\"og:url\" content=\"https:\/\/lyonbondyblog.fr\/LBB\/thomas-spreux-le-role-dun-elu-cest-soutenir-les-travailleurs\/\" \/>\n<meta property=\"og:site_name\" content=\"Lyon Bondy Blog\" \/>\n<meta property=\"article:publisher\" content=\"https:\/\/www.facebook.com\/lyonbondyblog\" \/>\n<meta property=\"article:published_time\" content=\"2026-03-10T16:49:14+00:00\" \/>\n<meta property=\"article:modified_time\" content=\"2026-03-10T16:49:40+00:00\" \/>\n<meta property=\"og:image\" content=\"https:\/\/lyonbondyblog.fr\/LBB\/wp-content\/uploads\/2014\/10\/Bandeau-Site-V2-011-2.jpg\" \/>\n\t<meta property=\"og:image:width\" content=\"851\" \/>\n\t<meta property=\"og:image:height\" content=\"200\" \/>\n\t<meta property=\"og:image:type\" content=\"image\/jpeg\" \/>\n<meta name=\"author\" content=\"Etienne Aazzab\" \/>\n<meta name=\"twitter:card\" content=\"summary_large_image\" \/>\n<meta name=\"twitter:creator\" content=\"@AazzabEtienne\" \/>\n<meta name=\"twitter:site\" content=\"@bondybloglyon\" \/>\n<script type=\"application\/ld+json\" class=\"yoast-schema-graph\">{\"@context\":\"https:\/\/schema.org\",\"@graph\":[{\"@type\":\"Article\",\"@id\":\"https:\/\/lyonbondyblog.fr\/LBB\/thomas-spreux-le-role-dun-elu-cest-soutenir-les-travailleurs\/#article\",\"isPartOf\":{\"@id\":\"https:\/\/lyonbondyblog.fr\/LBB\/thomas-spreux-le-role-dun-elu-cest-soutenir-les-travailleurs\/\"},\"author\":{\"name\":\"Etienne Aazzab\",\"@id\":\"https:\/\/lyonbondyblog.fr\/LBB\/#\/schema\/person\/5e9904261c1f613c8e6ea22045b1353d\"},\"headline\":\"Thomas Spreux: \u00ab\u00a0Le r\u00f4le d&rsquo;un \u00e9lu, c&rsquo;est soutenir les travailleurs\u00a0\u00bb\",\"datePublished\":\"2026-03-10T16:49:14+00:00\",\"dateModified\":\"2026-03-10T16:49:40+00:00\",\"mainEntityOfPage\":{\"@id\":\"https:\/\/lyonbondyblog.fr\/LBB\/thomas-spreux-le-role-dun-elu-cest-soutenir-les-travailleurs\/\"},\"wordCount\":109,\"commentCount\":0,\"publisher\":{\"@id\":\"https:\/\/lyonbondyblog.fr\/LBB\/#organization\"},\"image\":{\"@id\":\"https:\/\/lyonbondyblog.fr\/LBB\/thomas-spreux-le-role-dun-elu-cest-soutenir-les-travailleurs\/#primaryimage\"},\"thumbnailUrl\":\"https:\/\/lyonbondyblog.fr\/LBB\/wp-content\/uploads\/2026\/03\/Affiche-Municipales-Vaulx-pdf.jpg\",\"keywords\":[\"Lyon Bondy Blog\",\"politique\",\"Vaulx-en-Velin\"],\"articleSection\":[\"Municipales 2026\"],\"inLanguage\":\"fr-FR\",\"potentialAction\":[{\"@type\":\"CommentAction\",\"name\":\"Comment\",\"target\":[\"https:\/\/lyonbondyblog.fr\/LBB\/thomas-spreux-le-role-dun-elu-cest-soutenir-les-travailleurs\/#respond\"]}]},{\"@type\":\"WebPage\",\"@id\":\"https:\/\/lyonbondyblog.fr\/LBB\/thomas-spreux-le-role-dun-elu-cest-soutenir-les-travailleurs\/\",\"url\":\"https:\/\/lyonbondyblog.fr\/LBB\/thomas-spreux-le-role-dun-elu-cest-soutenir-les-travailleurs\/\",\"name\":\"Thomas Spreux: \\\"Le r\u00f4le d'un \u00e9lu, c'est soutenir les travailleurs\\\" - Lyon Bondy Blog\",\"isPartOf\":{\"@id\":\"https:\/\/lyonbondyblog.fr\/LBB\/#website\"},\"primaryImageOfPage\":{\"@id\":\"https:\/\/lyonbondyblog.fr\/LBB\/thomas-spreux-le-role-dun-elu-cest-soutenir-les-travailleurs\/#primaryimage\"},\"image\":{\"@id\":\"https:\/\/lyonbondyblog.fr\/LBB\/thomas-spreux-le-role-dun-elu-cest-soutenir-les-travailleurs\/#primaryimage\"},\"thumbnailUrl\":\"https:\/\/lyonbondyblog.fr\/LBB\/wp-content\/uploads\/2026\/03\/Affiche-Municipales-Vaulx-pdf.jpg\",\"datePublished\":\"2026-03-10T16:49:14+00:00\",\"dateModified\":\"2026-03-10T16:49:40+00:00\",\"inLanguage\":\"fr-FR\",\"potentialAction\":[{\"@type\":\"ReadAction\",\"target\":[\"https:\/\/lyonbondyblog.fr\/LBB\/thomas-spreux-le-role-dun-elu-cest-soutenir-les-travailleurs\/\"]}]},{\"@type\":\"ImageObject\",\"inLanguage\":\"fr-FR\",\"@id\":\"https:\/\/lyonbondyblog.fr\/LBB\/thomas-spreux-le-role-dun-elu-cest-soutenir-les-travailleurs\/#primaryimage\",\"url\":\"https:\/\/lyonbondyblog.fr\/LBB\/wp-content\/uploads\/2026\/03\/Affiche-Municipales-Vaulx-pdf.jpg\",\"contentUrl\":\"https:\/\/lyonbondyblog.fr\/LBB\/wp-content\/uploads\/2026\/03\/Affiche-Municipales-Vaulx-pdf.jpg\"},{\"@type\":\"WebSite\",\"@id\":\"https:\/\/lyonbondyblog.fr\/LBB\/#website\",\"url\":\"https:\/\/lyonbondyblog.fr\/LBB\/\",\"name\":\"Lyon Bondy Blog\",\"description\":\"\",\"publisher\":{\"@id\":\"https:\/\/lyonbondyblog.fr\/LBB\/#organization\"},\"potentialAction\":[{\"@type\":\"SearchAction\",\"target\":{\"@type\":\"EntryPoint\",\"urlTemplate\":\"https:\/\/lyonbondyblog.fr\/LBB\/?s={search_term_string}\"},\"query-input\":\"required name=search_term_string\"}],\"inLanguage\":\"fr-FR\"},{\"@type\":\"Organization\",\"@id\":\"https:\/\/lyonbondyblog.fr\/LBB\/#organization\",\"name\":\"LYON BONDY BLOG\",\"url\":\"https:\/\/lyonbondyblog.fr\/LBB\/\",\"logo\":{\"@type\":\"ImageObject\",\"inLanguage\":\"fr-FR\",\"@id\":\"https:\/\/lyonbondyblog.fr\/LBB\/#\/schema\/logo\/image\/\",\"url\":\"http:\/\/lyonbondyblog.fr\/LBB\/wp-content\/uploads\/2014\/10\/logo-portable-144.png\",\"contentUrl\":\"http:\/\/lyonbondyblog.fr\/LBB\/wp-content\/uploads\/2014\/10\/logo-portable-144.png\",\"width\":144,\"height\":123,\"caption\":\"LYON BONDY BLOG\"},\"image\":{\"@id\":\"https:\/\/lyonbondyblog.fr\/LBB\/#\/schema\/logo\/image\/\"},\"sameAs\":[\"https:\/\/www.facebook.com\/lyonbondyblog\",\"https:\/\/x.com\/bondybloglyon\"]},{\"@type\":\"Person\",\"@id\":\"https:\/\/lyonbondyblog.fr\/LBB\/#\/schema\/person\/5e9904261c1f613c8e6ea22045b1353d\",\"name\":\"Etienne Aazzab\",\"description\":\"Etienne a contribu\u00e9 depuis 2 ans dans le journal satirique FOUTOU\u2019ART. Il a int\u00e9gr\u00e9 l\u2019\u00e9quipe du \u00ab clic 2014 \u00bb : Collectif local d\u2019informations citoyennes \u00e0 partir de novembre 2013. Il rejoint le Lyon Bondy Blog \u00e0 partir de janvier 2014. Twitter : @AazzabEtienne Ses sujets de pr\u00e9dilection : #Politique #Soci\u00e9t\u00e9 #Sport\",\"sameAs\":[\"https:\/\/x.com\/AazzabEtienne\"],\"url\":\"https:\/\/lyonbondyblog.fr\/LBB\/author\/etienne\/\"}]}<\/script>\n<!-- \/ Yoast SEO plugin. -->","yoast_head_json":{"title":"Thomas Spreux: \"Le r\u00f4le d'un \u00e9lu, c'est soutenir les travailleurs\" - Lyon Bondy Blog","robots":{"index":"index","follow":"follow","max-snippet":"max-snippet:-1","max-image-preview":"max-image-preview:large","max-video-preview":"max-video-preview:-1"},"canonical":"https:\/\/lyonbondyblog.fr\/LBB\/thomas-spreux-le-role-dun-elu-cest-soutenir-les-travailleurs\/","og_locale":"fr_FR","og_type":"article","og_title":"Thomas Spreux: \"Le r\u00f4le d'un \u00e9lu, c'est soutenir les travailleurs\" - Lyon Bondy Blog","og_description":"Candidat r\u00e9gulier aux \u00e9lections locales et l\u00e9gislatives, Thomas Spreux repr\u00e9sente la voix des travailleurs \u00e0 Vaulx-en-Velin. Instituteur de profession et militant de longue date chez &hellip;","og_url":"https:\/\/lyonbondyblog.fr\/LBB\/thomas-spreux-le-role-dun-elu-cest-soutenir-les-travailleurs\/","og_site_name":"Lyon Bondy Blog","article_publisher":"https:\/\/www.facebook.com\/lyonbondyblog","article_published_time":"2026-03-10T16:49:14+00:00","article_modified_time":"2026-03-10T16:49:40+00:00","og_image":[{"width":851,"height":200,"url":"https:\/\/lyonbondyblog.fr\/LBB\/wp-content\/uploads\/2014\/10\/Bandeau-Site-V2-011-2.jpg","type":"image\/jpeg"}],"author":"Etienne Aazzab","twitter_card":"summary_large_image","twitter_creator":"@AazzabEtienne","twitter_site":"@bondybloglyon","schema":{"@context":"https:\/\/schema.org","@graph":[{"@type":"Article","@id":"https:\/\/lyonbondyblog.fr\/LBB\/thomas-spreux-le-role-dun-elu-cest-soutenir-les-travailleurs\/#article","isPartOf":{"@id":"https:\/\/lyonbondyblog.fr\/LBB\/thomas-spreux-le-role-dun-elu-cest-soutenir-les-travailleurs\/"},"author":{"name":"Etienne Aazzab","@id":"https:\/\/lyonbondyblog.fr\/LBB\/#\/schema\/person\/5e9904261c1f613c8e6ea22045b1353d"},"headline":"Thomas Spreux: \u00ab\u00a0Le r\u00f4le d&rsquo;un \u00e9lu, c&rsquo;est soutenir les travailleurs\u00a0\u00bb","datePublished":"2026-03-10T16:49:14+00:00","dateModified":"2026-03-10T16:49:40+00:00","mainEntityOfPage":{"@id":"https:\/\/lyonbondyblog.fr\/LBB\/thomas-spreux-le-role-dun-elu-cest-soutenir-les-travailleurs\/"},"wordCount":109,"commentCount":0,"publisher":{"@id":"https:\/\/lyonbondyblog.fr\/LBB\/#organization"},"image":{"@id":"https:\/\/lyonbondyblog.fr\/LBB\/thomas-spreux-le-role-dun-elu-cest-soutenir-les-travailleurs\/#primaryimage"},"thumbnailUrl":"https:\/\/lyonbondyblog.fr\/LBB\/wp-content\/uploads\/2026\/03\/Affiche-Municipales-Vaulx-pdf.jpg","keywords":["Lyon Bondy Blog","politique","Vaulx-en-Velin"],"articleSection":["Municipales 2026"],"inLanguage":"fr-FR","potentialAction":[{"@type":"CommentAction","name":"Comment","target":["https:\/\/lyonbondyblog.fr\/LBB\/thomas-spreux-le-role-dun-elu-cest-soutenir-les-travailleurs\/#respond"]}]},{"@type":"WebPage","@id":"https:\/\/lyonbondyblog.fr\/LBB\/thomas-spreux-le-role-dun-elu-cest-soutenir-les-travailleurs\/","url":"https:\/\/lyonbondyblog.fr\/LBB\/thomas-spreux-le-role-dun-elu-cest-soutenir-les-travailleurs\/","name":"Thomas Spreux: \"Le r\u00f4le d'un \u00e9lu, c'est soutenir les travailleurs\" - Lyon Bondy Blog","isPartOf":{"@id":"https:\/\/lyonbondyblog.fr\/LBB\/#website"},"primaryImageOfPage":{"@id":"https:\/\/lyonbondyblog.fr\/LBB\/thomas-spreux-le-role-dun-elu-cest-soutenir-les-travailleurs\/#primaryimage"},"image":{"@id":"https:\/\/lyonbondyblog.fr\/LBB\/thomas-spreux-le-role-dun-elu-cest-soutenir-les-travailleurs\/#primaryimage"},"thumbnailUrl":"https:\/\/lyonbondyblog.fr\/LBB\/wp-content\/uploads\/2026\/03\/Affiche-Municipales-Vaulx-pdf.jpg","datePublished":"2026-03-10T16:49:14+00:00","dateModified":"2026-03-10T16:49:40+00:00","inLanguage":"fr-FR","potentialAction":[{"@type":"ReadAction","target":["https:\/\/lyonbondyblog.fr\/LBB\/thomas-spreux-le-role-dun-elu-cest-soutenir-les-travailleurs\/"]}]},{"@type":"ImageObject","inLanguage":"fr-FR","@id":"https:\/\/lyonbondyblog.fr\/LBB\/thomas-spreux-le-role-dun-elu-cest-soutenir-les-travailleurs\/#primaryimage","url":"https:\/\/lyonbondyblog.fr\/LBB\/wp-content\/uploads\/2026\/03\/Affiche-Municipales-Vaulx-pdf.jpg","contentUrl":"https:\/\/lyonbondyblog.fr\/LBB\/wp-content\/uploads\/2026\/03\/Affiche-Municipales-Vaulx-pdf.jpg"},{"@type":"WebSite","@id":"https:\/\/lyonbondyblog.fr\/LBB\/#website","url":"https:\/\/lyonbondyblog.fr\/LBB\/","name":"Lyon Bondy Blog","description":"","publisher":{"@id":"https:\/\/lyonbondyblog.fr\/LBB\/#organization"},"potentialAction":[{"@type":"SearchAction","target":{"@type":"EntryPoint","urlTemplate":"https:\/\/lyonbondyblog.fr\/LBB\/?s={search_term_string}"},"query-input":"required name=search_term_string"}],"inLanguage":"fr-FR"},{"@type":"Organization","@id":"https:\/\/lyonbondyblog.fr\/LBB\/#organization","name":"LYON BONDY BLOG","url":"https:\/\/lyonbondyblog.fr\/LBB\/","logo":{"@type":"ImageObject","inLanguage":"fr-FR","@id":"https:\/\/lyonbondyblog.fr\/LBB\/#\/schema\/logo\/image\/","url":"http:\/\/lyonbondyblog.fr\/LBB\/wp-content\/uploads\/2014\/10\/logo-portable-144.png","contentUrl":"http:\/\/lyonbondyblog.fr\/LBB\/wp-content\/uploads\/2014\/10\/logo-portable-144.png","width":144,"height":123,"caption":"LYON BONDY BLOG"},"image":{"@id":"https:\/\/lyonbondyblog.fr\/LBB\/#\/schema\/logo\/image\/"},"sameAs":["https:\/\/www.facebook.com\/lyonbondyblog","https:\/\/x.com\/bondybloglyon"]},{"@type":"Person","@id":"https:\/\/lyonbondyblog.fr\/LBB\/#\/schema\/person\/5e9904261c1f613c8e6ea22045b1353d","name":"Etienne Aazzab","description":"Etienne a contribu\u00e9 depuis 2 ans dans le journal satirique FOUTOU\u2019ART. Il a int\u00e9gr\u00e9 l\u2019\u00e9quipe du \u00ab clic 2014 \u00bb : Collectif local d\u2019informations citoyennes \u00e0 partir de novembre 2013. Il rejoint le Lyon Bondy Blog \u00e0 partir de janvier 2014. Twitter : @AazzabEtienne Ses sujets de pr\u00e9dilection : #Politique #Soci\u00e9t\u00e9 #Sport","sameAs":["https:\/\/x.com\/AazzabEtienne"],"url":"https:\/\/lyonbondyblog.fr\/LBB\/author\/etienne\/"}]}},"_links":{"self":[{"href":"https:\/\/lyonbondyblog.fr\/LBB\/wp-json\/wp\/v2\/posts\/37992","targetHints":{"allow":["GET"]}}],"collection":[{"href":"https:\/\/lyonbondyblog.fr\/LBB\/wp-json\/wp\/v2\/posts"}],"about":[{"href":"https:\/\/lyonbondyblog.fr\/LBB\/wp-json\/wp\/v2\/types\/post"}],"author":[{"embeddable":true,"href":"https:\/\/lyonbondyblog.fr\/LBB\/wp-json\/wp\/v2\/users\/33"}],"replies":[{"embeddable":true,"href":"https:\/\/lyonbondyblog.fr\/LBB\/wp-json\/wp\/v2\/comments?post=37992"}],"version-history":[{"count":5,"href":"https:\/\/lyonbondyblog.fr\/LBB\/wp-json\/wp\/v2\/posts\/37992\/revisions"}],"predecessor-version":[{"id":37998,"href":"https:\/\/lyonbondyblog.fr\/LBB\/wp-json\/wp\/v2\/posts\/37992\/revisions\/37998"}],"wp:featuredmedia":[{"embeddable":true,"href":"https:\/\/lyonbondyblog.fr\/LBB\/wp-json\/wp\/v2\/media\/37993"}],"wp:attachment":[{"href":"https:\/\/lyonbondyblog.fr\/LBB\/wp-json\/wp\/v2\/media?parent=37992"}],"wp:term":[{"taxonomy":"category","embeddable":true,"href":"https:\/\/lyonbondyblog.fr\/LBB\/wp-json\/wp\/v2\/categories?post=37992"},{"taxonomy":"post_tag","embeddable":true,"href":"https:\/\/lyonbondyblog.fr\/LBB\/wp-json\/wp\/v2\/tags?post=37992"}],"curies":[{"name":"wp","href":"https:\/\/api.w.org\/{rel}","templated":true}]}}