{"id":37747,"date":"2026-01-31T11:27:07","date_gmt":"2026-01-31T10:27:07","guid":{"rendered":"https:\/\/lyonbondyblog.fr\/LBB\/?p=37747"},"modified":"2026-01-31T18:41:57","modified_gmt":"2026-01-31T17:41:57","slug":"metropolitaines-2026-45-jours-pour-convaincre","status":"publish","type":"post","link":"https:\/\/lyonbondyblog.fr\/LBB\/metropolitaines-2026-45-jours-pour-convaincre\/","title":{"rendered":"M\u00e9tropolitaines 2026 : 45 jours pour convaincre"},"content":{"rendered":"\n<p><strong>Samedi dernier en exclusivit\u00e9, nos confr\u00e8res du Progr\u00e8s avaient annonc\u00e9, les t\u00eates de liste pour les \u00e9lections m\u00e9tropolitaines qui auront lieu du 15 au 22 mars prochain. Hier soir, Bruno Bernard, le pr\u00e9sident sortant, a pr\u00e9sent\u00e9 ses v\u0153ux lors d\u2019un meeting organis\u00e9 au Centre Aquatique Tony Bertrand dans le septi\u00e8me arrondissement.<\/strong><\/p>\n\n\n\n<p>Hier soir au centre aquatique Tony Bertrand, les militants sont arriv\u00e9s pour assister au premier meeting de Bruno Bernard. Tout le monde est pimpant et avec le sourire. L\u2019unit\u00e9 de la gauche est l\u00e0. Quelques guests sont \u00e9galement l\u00e0 comme Najat Vallaud-Belkacem ancienne ministre et actuellement conseill\u00e8re r\u00e9gionale socialiste.<\/p>\n\n\n\n<p>On pouvait y apercevoir aussi des poids lourds comme les maires de Lyon et Villeurbanne, Gr\u00e9gory Doucet (Les \u00c9cologistes) et C\u00e9dric Van Styvendael ( Parti Socialiste). Environ six cents personnes sont pr\u00e9sentes, essentiellement des militants et des cadres politiques de tous les partis que la gauche unie repr\u00e9sente hormis les insoumis.<\/p>\n\n\n\n<figure class=\"wp-block-image size-large\"><img loading=\"lazy\" decoding=\"async\" width=\"1920\" height=\"1887\" src=\"https:\/\/lyonbondyblog.fr\/LBB\/wp-content\/uploads\/2026\/01\/IMG_1090-1920x1887.jpeg\" alt=\"\" class=\"wp-image-37749\" srcset=\"https:\/\/lyonbondyblog.fr\/LBB\/wp-content\/uploads\/2026\/01\/IMG_1090-1920x1887.jpeg 1920w, https:\/\/lyonbondyblog.fr\/LBB\/wp-content\/uploads\/2026\/01\/IMG_1090-1200x1179.jpeg 1200w, https:\/\/lyonbondyblog.fr\/LBB\/wp-content\/uploads\/2026\/01\/IMG_1090-768x755.jpeg 768w, https:\/\/lyonbondyblog.fr\/LBB\/wp-content\/uploads\/2026\/01\/IMG_1090-1536x1510.jpeg 1536w, https:\/\/lyonbondyblog.fr\/LBB\/wp-content\/uploads\/2026\/01\/IMG_1090-2048x2013.jpeg 2048w\" sizes=\"auto, (max-width: 1920px) 100vw, 1920px\" \/><\/figure>\n\n\n\n<p>Kheira Boukralfa (Voix Commune) et t\u00eate de liste dans la circonscription Lyon centre sera la ma\u00eetresse de c\u00e9r\u00e9monie de ce meeting. Elle fait appel dans un premier temps \u00e0 <a href=\"https:\/\/tribunedelyon.fr\/politique\/metropole-2026-100-personnalites-lancent-un-appel-pour-bruno-bernard-et-pour-plus-de-proximite\/\">trois signataires de l\u2019Appel des cents : Salom\u00e9 Charpentier ( Etudiante), Patrick Soub\u00e8s (Artisan-Fromager) et Marie Castets (Chercheuse \u00e0 L\u2019INSERM), avec des t\u00e9moignages qui peuvent \u00eatre inspirants.<\/a><\/p>\n\n\n\n<p>Elle invite dans un second temps, Marie- Charlotte Garin d\u00e9put\u00e9e et \u00e9galement candidate pour les prochaines \u00e9lections m\u00e9tropolitaines et ravive la flamme. Avant que Bruno Bernard, monte sur la sc\u00e8ne, H\u00e9l\u00e8ne Geoffroy maire sortante de Vaulx-en-Velin et sixi\u00e8me vice-pr\u00e9sidente de la m\u00e9tropole lyonnaise fait son discours. A travers leur discours, elles r\u00e9affirment leurs convictions pour une m\u00e9tropole plus juste et toujours plus ambitieuse. Et l\u00e0, tout le monde exulte et applaudit. Bruno Bernard r\u00e9p\u00e8te inlassablement de combattre les id\u00e9es du camp adverse. On arrive sur la fin de la soir\u00e9e, et <a href=\"https:\/\/lyonbondyblog.fr\/LBB\/politique-bruno-bernard-sort-les-muscles\/\">Bruno Bernard pr\u00e9sente ses t\u00eates de listes pour les prochaines \u00e9lections m\u00e9tropolitaines.<\/a><\/p>\n\n\n\n<figure class=\"wp-block-image size-large\"><img loading=\"lazy\" decoding=\"async\" width=\"1745\" height=\"1920\" src=\"https:\/\/lyonbondyblog.fr\/LBB\/wp-content\/uploads\/2026\/01\/IMG_1095-1745x1920.jpeg\" alt=\"\" class=\"wp-image-37750\" srcset=\"https:\/\/lyonbondyblog.fr\/LBB\/wp-content\/uploads\/2026\/01\/IMG_1095-1745x1920.jpeg 1745w, https:\/\/lyonbondyblog.fr\/LBB\/wp-content\/uploads\/2026\/01\/IMG_1095-1091x1200.jpeg 1091w, https:\/\/lyonbondyblog.fr\/LBB\/wp-content\/uploads\/2026\/01\/IMG_1095-768x845.jpeg 768w, https:\/\/lyonbondyblog.fr\/LBB\/wp-content\/uploads\/2026\/01\/IMG_1095-1396x1536.jpeg 1396w, https:\/\/lyonbondyblog.fr\/LBB\/wp-content\/uploads\/2026\/01\/IMG_1095-1862x2048.jpeg 1862w\" sizes=\"auto, (max-width: 1745px) 100vw, 1745px\" \/><\/figure>\n\n\n\n<p>45 jours pour convaincre , c\u2019est long et rapide \u00e0 la fois. Quatre listes se feront face \u00e0 face : la gauche unie, le bloc central, le RN et les Insoumis. Qui gagnera ? R\u00e9ponse une premi\u00e8re fois le 15 mars avant le vote final le 22 mars prochain.<\/p>\n<!-- AddThis Advanced Settings generic via filter on the_content --><!-- AddThis Share Buttons generic via filter on the_content -->","protected":false},"excerpt":{"rendered":"<p>Samedi dernier en exclusivit\u00e9, nos confr\u00e8res du Progr\u00e8s avaient annonc\u00e9, les t\u00eates de liste pour les \u00e9lections m\u00e9tropolitaines qui auront lieu du 15 au 22 &hellip; <!-- AddThis Advanced Settings generic via filter on wp_trim_excerpt --><!-- AddThis Share Buttons generic via filter on wp_trim_excerpt --><\/p>\n","protected":false},"author":1,"featured_media":37748,"comment_status":"open","ping_status":"open","sticky":true,"template":"","format":"standard","meta":{"_FSMCFIC_featured_image_caption":"Bruno Bernard pr\u00e9sente ses t\u00eates de listes pour les \u00e9lections m\u00e9tropolitaines","_FSMCFIC_featured_image_nocaption":"","_FSMCFIC_featured_image_hide":"","footnotes":""},"categories":[28432,22015,6,3891,6974,10388],"tags":[],"class_list":["post-37747","post","type-post","status-publish","format-standard","has-post-thumbnail","hentry","category-lyon-handicap","category-metropole","category-politique","category-vaulx-en-velin","category-venissieux","category-villeurbanne"],"yoast_head":"<!-- This site is optimized with the Yoast SEO plugin v22.8 - https:\/\/yoast.com\/wordpress\/plugins\/seo\/ -->\n<title>M\u00e9tropolitaines 2026 : 45 jours pour convaincre - Lyon Bondy Blog<\/title>\n<meta name=\"robots\" content=\"index, follow, max-snippet:-1, max-image-preview:large, max-video-preview:-1\" \/>\n<link rel=\"canonical\" href=\"https:\/\/lyonbondyblog.fr\/LBB\/metropolitaines-2026-45-jours-pour-convaincre\/\" \/>\n<meta property=\"og:locale\" content=\"fr_FR\" \/>\n<meta property=\"og:type\" content=\"article\" \/>\n<meta property=\"og:title\" content=\"M\u00e9tropolitaines 2026 : 45 jours pour convaincre - Lyon Bondy Blog\" \/>\n<meta property=\"og:description\" content=\"Samedi dernier en exclusivit\u00e9, nos confr\u00e8res du Progr\u00e8s avaient annonc\u00e9, les t\u00eates de liste pour les \u00e9lections m\u00e9tropolitaines qui auront lieu du 15 au 22 &hellip;\" \/>\n<meta property=\"og:url\" content=\"https:\/\/lyonbondyblog.fr\/LBB\/metropolitaines-2026-45-jours-pour-convaincre\/\" \/>\n<meta property=\"og:site_name\" content=\"Lyon Bondy Blog\" \/>\n<meta property=\"article:publisher\" content=\"https:\/\/www.facebook.com\/lyonbondyblog\" \/>\n<meta property=\"article:author\" content=\"https:\/\/www.facebook.com\/lyonbondyblog\" \/>\n<meta property=\"article:published_time\" content=\"2026-01-31T10:27:07+00:00\" \/>\n<meta property=\"article:modified_time\" content=\"2026-01-31T17:41:57+00:00\" \/>\n<meta property=\"og:image\" content=\"https:\/\/lyonbondyblog.fr\/LBB\/wp-content\/uploads\/2026\/01\/IMG_0793-scaled.jpeg\" \/>\n\t<meta property=\"og:image:width\" content=\"2560\" \/>\n\t<meta property=\"og:image:height\" content=\"1920\" \/>\n\t<meta property=\"og:image:type\" content=\"image\/jpeg\" \/>\n<meta name=\"author\" content=\"La r\u00e9daction\" \/>\n<meta name=\"twitter:card\" content=\"summary_large_image\" \/>\n<meta name=\"twitter:creator\" content=\"@BondyBlogLyon\" \/>\n<meta name=\"twitter:site\" content=\"@bondybloglyon\" \/>\n<script type=\"application\/ld+json\" class=\"yoast-schema-graph\">{\"@context\":\"https:\/\/schema.org\",\"@graph\":[{\"@type\":\"Article\",\"@id\":\"https:\/\/lyonbondyblog.fr\/LBB\/metropolitaines-2026-45-jours-pour-convaincre\/#article\",\"isPartOf\":{\"@id\":\"https:\/\/lyonbondyblog.fr\/LBB\/metropolitaines-2026-45-jours-pour-convaincre\/\"},\"author\":{\"name\":\"La r\u00e9daction\",\"@id\":\"https:\/\/lyonbondyblog.fr\/LBB\/#\/schema\/person\/e45f8d27baac75072daa0be50c409b25\"},\"headline\":\"M\u00e9tropolitaines 2026 : 45 jours pour convaincre\",\"datePublished\":\"2026-01-31T10:27:07+00:00\",\"dateModified\":\"2026-01-31T17:41:57+00:00\",\"mainEntityOfPage\":{\"@id\":\"https:\/\/lyonbondyblog.fr\/LBB\/metropolitaines-2026-45-jours-pour-convaincre\/\"},\"wordCount\":395,\"commentCount\":0,\"publisher\":{\"@id\":\"https:\/\/lyonbondyblog.fr\/LBB\/#organization\"},\"image\":{\"@id\":\"https:\/\/lyonbondyblog.fr\/LBB\/metropolitaines-2026-45-jours-pour-convaincre\/#primaryimage\"},\"thumbnailUrl\":\"https:\/\/lyonbondyblog.fr\/LBB\/wp-content\/uploads\/2026\/01\/IMG_0793-scaled.jpeg\",\"articleSection\":[\"Lyon\",\"M\u00e9tropole\",\"Politique\",\"Vaulx-en-Velin\",\"V\u00e9nissieux\",\"Villeurbanne\"],\"inLanguage\":\"fr-FR\",\"potentialAction\":[{\"@type\":\"CommentAction\",\"name\":\"Comment\",\"target\":[\"https:\/\/lyonbondyblog.fr\/LBB\/metropolitaines-2026-45-jours-pour-convaincre\/#respond\"]}]},{\"@type\":\"WebPage\",\"@id\":\"https:\/\/lyonbondyblog.fr\/LBB\/metropolitaines-2026-45-jours-pour-convaincre\/\",\"url\":\"https:\/\/lyonbondyblog.fr\/LBB\/metropolitaines-2026-45-jours-pour-convaincre\/\",\"name\":\"M\u00e9tropolitaines 2026 : 45 jours pour convaincre - Lyon Bondy Blog\",\"isPartOf\":{\"@id\":\"https:\/\/lyonbondyblog.fr\/LBB\/#website\"},\"primaryImageOfPage\":{\"@id\":\"https:\/\/lyonbondyblog.fr\/LBB\/metropolitaines-2026-45-jours-pour-convaincre\/#primaryimage\"},\"image\":{\"@id\":\"https:\/\/lyonbondyblog.fr\/LBB\/metropolitaines-2026-45-jours-pour-convaincre\/#primaryimage\"},\"thumbnailUrl\":\"https:\/\/lyonbondyblog.fr\/LBB\/wp-content\/uploads\/2026\/01\/IMG_0793-scaled.jpeg\",\"datePublished\":\"2026-01-31T10:27:07+00:00\",\"dateModified\":\"2026-01-31T17:41:57+00:00\",\"inLanguage\":\"fr-FR\",\"potentialAction\":[{\"@type\":\"ReadAction\",\"target\":[\"https:\/\/lyonbondyblog.fr\/LBB\/metropolitaines-2026-45-jours-pour-convaincre\/\"]}]},{\"@type\":\"ImageObject\",\"inLanguage\":\"fr-FR\",\"@id\":\"https:\/\/lyonbondyblog.fr\/LBB\/metropolitaines-2026-45-jours-pour-convaincre\/#primaryimage\",\"url\":\"https:\/\/lyonbondyblog.fr\/LBB\/wp-content\/uploads\/2026\/01\/IMG_0793-scaled.jpeg\",\"contentUrl\":\"https:\/\/lyonbondyblog.fr\/LBB\/wp-content\/uploads\/2026\/01\/IMG_0793-scaled.jpeg\",\"width\":2560,\"height\":1920},{\"@type\":\"WebSite\",\"@id\":\"https:\/\/lyonbondyblog.fr\/LBB\/#website\",\"url\":\"https:\/\/lyonbondyblog.fr\/LBB\/\",\"name\":\"Lyon Bondy Blog\",\"description\":\"\",\"publisher\":{\"@id\":\"https:\/\/lyonbondyblog.fr\/LBB\/#organization\"},\"potentialAction\":[{\"@type\":\"SearchAction\",\"target\":{\"@type\":\"EntryPoint\",\"urlTemplate\":\"https:\/\/lyonbondyblog.fr\/LBB\/?s={search_term_string}\"},\"query-input\":\"required name=search_term_string\"}],\"inLanguage\":\"fr-FR\"},{\"@type\":\"Organization\",\"@id\":\"https:\/\/lyonbondyblog.fr\/LBB\/#organization\",\"name\":\"LYON BONDY BLOG\",\"url\":\"https:\/\/lyonbondyblog.fr\/LBB\/\",\"logo\":{\"@type\":\"ImageObject\",\"inLanguage\":\"fr-FR\",\"@id\":\"https:\/\/lyonbondyblog.fr\/LBB\/#\/schema\/logo\/image\/\",\"url\":\"http:\/\/lyonbondyblog.fr\/LBB\/wp-content\/uploads\/2014\/10\/logo-portable-144.png\",\"contentUrl\":\"http:\/\/lyonbondyblog.fr\/LBB\/wp-content\/uploads\/2014\/10\/logo-portable-144.png\",\"width\":144,\"height\":123,\"caption\":\"LYON BONDY BLOG\"},\"image\":{\"@id\":\"https:\/\/lyonbondyblog.fr\/LBB\/#\/schema\/logo\/image\/\"},\"sameAs\":[\"https:\/\/www.facebook.com\/lyonbondyblog\",\"https:\/\/x.com\/bondybloglyon\"]},{\"@type\":\"Person\",\"@id\":\"https:\/\/lyonbondyblog.fr\/LBB\/#\/schema\/person\/e45f8d27baac75072daa0be50c409b25\",\"name\":\"La r\u00e9daction\",\"description\":\"Cr\u00e9e en 2008, la r\u00e9daction du Lyon Bondy Blog s'applique \u00e0 proposer une information locale diff\u00e9rente et compl\u00e9mentaire des m\u00e9dias traditionnels.\",\"sameAs\":[\"https:\/\/www.facebook.com\/lyonbondyblog\",\"https:\/\/x.com\/BondyBlogLyon\"],\"url\":\"https:\/\/lyonbondyblog.fr\/LBB\/author\/admin\/\"}]}<\/script>\n<!-- \/ Yoast SEO plugin. -->","yoast_head_json":{"title":"M\u00e9tropolitaines 2026 : 45 jours pour convaincre - Lyon Bondy Blog","robots":{"index":"index","follow":"follow","max-snippet":"max-snippet:-1","max-image-preview":"max-image-preview:large","max-video-preview":"max-video-preview:-1"},"canonical":"https:\/\/lyonbondyblog.fr\/LBB\/metropolitaines-2026-45-jours-pour-convaincre\/","og_locale":"fr_FR","og_type":"article","og_title":"M\u00e9tropolitaines 2026 : 45 jours pour convaincre - Lyon Bondy Blog","og_description":"Samedi dernier en exclusivit\u00e9, nos confr\u00e8res du Progr\u00e8s avaient annonc\u00e9, les t\u00eates de liste pour les \u00e9lections m\u00e9tropolitaines qui auront lieu du 15 au 22 &hellip;","og_url":"https:\/\/lyonbondyblog.fr\/LBB\/metropolitaines-2026-45-jours-pour-convaincre\/","og_site_name":"Lyon Bondy Blog","article_publisher":"https:\/\/www.facebook.com\/lyonbondyblog","article_author":"https:\/\/www.facebook.com\/lyonbondyblog","article_published_time":"2026-01-31T10:27:07+00:00","article_modified_time":"2026-01-31T17:41:57+00:00","og_image":[{"width":2560,"height":1920,"url":"https:\/\/lyonbondyblog.fr\/LBB\/wp-content\/uploads\/2026\/01\/IMG_0793-scaled.jpeg","type":"image\/jpeg"}],"author":"La r\u00e9daction","twitter_card":"summary_large_image","twitter_creator":"@BondyBlogLyon","twitter_site":"@bondybloglyon","schema":{"@context":"https:\/\/schema.org","@graph":[{"@type":"Article","@id":"https:\/\/lyonbondyblog.fr\/LBB\/metropolitaines-2026-45-jours-pour-convaincre\/#article","isPartOf":{"@id":"https:\/\/lyonbondyblog.fr\/LBB\/metropolitaines-2026-45-jours-pour-convaincre\/"},"author":{"name":"La r\u00e9daction","@id":"https:\/\/lyonbondyblog.fr\/LBB\/#\/schema\/person\/e45f8d27baac75072daa0be50c409b25"},"headline":"M\u00e9tropolitaines 2026 : 45 jours pour convaincre","datePublished":"2026-01-31T10:27:07+00:00","dateModified":"2026-01-31T17:41:57+00:00","mainEntityOfPage":{"@id":"https:\/\/lyonbondyblog.fr\/LBB\/metropolitaines-2026-45-jours-pour-convaincre\/"},"wordCount":395,"commentCount":0,"publisher":{"@id":"https:\/\/lyonbondyblog.fr\/LBB\/#organization"},"image":{"@id":"https:\/\/lyonbondyblog.fr\/LBB\/metropolitaines-2026-45-jours-pour-convaincre\/#primaryimage"},"thumbnailUrl":"https:\/\/lyonbondyblog.fr\/LBB\/wp-content\/uploads\/2026\/01\/IMG_0793-scaled.jpeg","articleSection":["Lyon","M\u00e9tropole","Politique","Vaulx-en-Velin","V\u00e9nissieux","Villeurbanne"],"inLanguage":"fr-FR","potentialAction":[{"@type":"CommentAction","name":"Comment","target":["https:\/\/lyonbondyblog.fr\/LBB\/metropolitaines-2026-45-jours-pour-convaincre\/#respond"]}]},{"@type":"WebPage","@id":"https:\/\/lyonbondyblog.fr\/LBB\/metropolitaines-2026-45-jours-pour-convaincre\/","url":"https:\/\/lyonbondyblog.fr\/LBB\/metropolitaines-2026-45-jours-pour-convaincre\/","name":"M\u00e9tropolitaines 2026 : 45 jours pour convaincre - Lyon Bondy Blog","isPartOf":{"@id":"https:\/\/lyonbondyblog.fr\/LBB\/#website"},"primaryImageOfPage":{"@id":"https:\/\/lyonbondyblog.fr\/LBB\/metropolitaines-2026-45-jours-pour-convaincre\/#primaryimage"},"image":{"@id":"https:\/\/lyonbondyblog.fr\/LBB\/metropolitaines-2026-45-jours-pour-convaincre\/#primaryimage"},"thumbnailUrl":"https:\/\/lyonbondyblog.fr\/LBB\/wp-content\/uploads\/2026\/01\/IMG_0793-scaled.jpeg","datePublished":"2026-01-31T10:27:07+00:00","dateModified":"2026-01-31T17:41:57+00:00","inLanguage":"fr-FR","potentialAction":[{"@type":"ReadAction","target":["https:\/\/lyonbondyblog.fr\/LBB\/metropolitaines-2026-45-jours-pour-convaincre\/"]}]},{"@type":"ImageObject","inLanguage":"fr-FR","@id":"https:\/\/lyonbondyblog.fr\/LBB\/metropolitaines-2026-45-jours-pour-convaincre\/#primaryimage","url":"https:\/\/lyonbondyblog.fr\/LBB\/wp-content\/uploads\/2026\/01\/IMG_0793-scaled.jpeg","contentUrl":"https:\/\/lyonbondyblog.fr\/LBB\/wp-content\/uploads\/2026\/01\/IMG_0793-scaled.jpeg","width":2560,"height":1920},{"@type":"WebSite","@id":"https:\/\/lyonbondyblog.fr\/LBB\/#website","url":"https:\/\/lyonbondyblog.fr\/LBB\/","name":"Lyon Bondy Blog","description":"","publisher":{"@id":"https:\/\/lyonbondyblog.fr\/LBB\/#organization"},"potentialAction":[{"@type":"SearchAction","target":{"@type":"EntryPoint","urlTemplate":"https:\/\/lyonbondyblog.fr\/LBB\/?s={search_term_string}"},"query-input":"required name=search_term_string"}],"inLanguage":"fr-FR"},{"@type":"Organization","@id":"https:\/\/lyonbondyblog.fr\/LBB\/#organization","name":"LYON BONDY BLOG","url":"https:\/\/lyonbondyblog.fr\/LBB\/","logo":{"@type":"ImageObject","inLanguage":"fr-FR","@id":"https:\/\/lyonbondyblog.fr\/LBB\/#\/schema\/logo\/image\/","url":"http:\/\/lyonbondyblog.fr\/LBB\/wp-content\/uploads\/2014\/10\/logo-portable-144.png","contentUrl":"http:\/\/lyonbondyblog.fr\/LBB\/wp-content\/uploads\/2014\/10\/logo-portable-144.png","width":144,"height":123,"caption":"LYON BONDY BLOG"},"image":{"@id":"https:\/\/lyonbondyblog.fr\/LBB\/#\/schema\/logo\/image\/"},"sameAs":["https:\/\/www.facebook.com\/lyonbondyblog","https:\/\/x.com\/bondybloglyon"]},{"@type":"Person","@id":"https:\/\/lyonbondyblog.fr\/LBB\/#\/schema\/person\/e45f8d27baac75072daa0be50c409b25","name":"La r\u00e9daction","description":"Cr\u00e9e en 2008, la r\u00e9daction du Lyon Bondy Blog s'applique \u00e0 proposer une information locale diff\u00e9rente et compl\u00e9mentaire des m\u00e9dias traditionnels.","sameAs":["https:\/\/www.facebook.com\/lyonbondyblog","https:\/\/x.com\/BondyBlogLyon"],"url":"https:\/\/lyonbondyblog.fr\/LBB\/author\/admin\/"}]}},"_links":{"self":[{"href":"https:\/\/lyonbondyblog.fr\/LBB\/wp-json\/wp\/v2\/posts\/37747","targetHints":{"allow":["GET"]}}],"collection":[{"href":"https:\/\/lyonbondyblog.fr\/LBB\/wp-json\/wp\/v2\/posts"}],"about":[{"href":"https:\/\/lyonbondyblog.fr\/LBB\/wp-json\/wp\/v2\/types\/post"}],"author":[{"embeddable":true,"href":"https:\/\/lyonbondyblog.fr\/LBB\/wp-json\/wp\/v2\/users\/1"}],"replies":[{"embeddable":true,"href":"https:\/\/lyonbondyblog.fr\/LBB\/wp-json\/wp\/v2\/comments?post=37747"}],"version-history":[{"count":4,"href":"https:\/\/lyonbondyblog.fr\/LBB\/wp-json\/wp\/v2\/posts\/37747\/revisions"}],"predecessor-version":[{"id":37755,"href":"https:\/\/lyonbondyblog.fr\/LBB\/wp-json\/wp\/v2\/posts\/37747\/revisions\/37755"}],"wp:featuredmedia":[{"embeddable":true,"href":"https:\/\/lyonbondyblog.fr\/LBB\/wp-json\/wp\/v2\/media\/37748"}],"wp:attachment":[{"href":"https:\/\/lyonbondyblog.fr\/LBB\/wp-json\/wp\/v2\/media?parent=37747"}],"wp:term":[{"taxonomy":"category","embeddable":true,"href":"https:\/\/lyonbondyblog.fr\/LBB\/wp-json\/wp\/v2\/categories?post=37747"},{"taxonomy":"post_tag","embeddable":true,"href":"https:\/\/lyonbondyblog.fr\/LBB\/wp-json\/wp\/v2\/tags?post=37747"}],"curies":[{"name":"wp","href":"https:\/\/api.w.org\/{rel}","templated":true}]}}