{"id":37739,"date":"2026-01-30T17:00:00","date_gmt":"2026-01-30T16:00:00","guid":{"rendered":"https:\/\/lyonbondyblog.fr\/LBB\/?p=37739"},"modified":"2026-01-30T17:49:37","modified_gmt":"2026-01-30T16:49:37","slug":"les-lyonnais-doivent-etre-fiers-de-leur-ville","status":"publish","type":"post","link":"https:\/\/lyonbondyblog.fr\/LBB\/les-lyonnais-doivent-etre-fiers-de-leur-ville\/","title":{"rendered":"\u00ab\u00a0Les Lyonnais doivent \u00eatre fiers de leur ville\u00a0\u00bb : Rencontre avec B\u00e9atrice de Montille"},"content":{"rendered":"\n<p><strong>Rendez-vous avec B\u00e9atrice de Montille, conseill\u00e8re municipale d\u2019opposition du 3e arrondissement (LR) et \u00e9galement, directrice de campagne (Coeur Lyonnais), pour les prochaines \u00e9lections municipales 2026. Entre podcast et vid\u00e9o, B\u00e9atrice de Montille d\u00e9termine la marche \u00e0 suivre pour prendre la ville de Lyon aux \u00e9cologistes.<\/strong><\/p>\n\n\n\n<p>Conseill\u00e8re municipale du 3e arrondissement de Lyon et d\u00e9sormais candidate \u00e0 la mairie du 3e sous l\u2019\u00e9tiquette C\u0153ur Lyonnais, B\u00e9atrice de Montille d\u00e9taille sa vision pour la ville, son regard critique sur le mandat \u00e9cologiste et ses priorit\u00e9s pour les douze prochaines ann\u00e9es. Elle revient sur les enjeux de propret\u00e9, de mobilit\u00e9, de s\u00e9curit\u00e9, de finances locales, de sport, de culture et sur la p\u00e9dagogie n\u00e9cessaire autour du triple scrutin municipal de mars, tout en appelant les Lyonnais \u00e0 une forte mobilisation \u00e9lectorale.&nbsp;<\/p>\n\n\n\n<figure class=\"wp-block-video\"><video controls src=\"https:\/\/lyonbondyblog.fr\/LBB\/wp-content\/uploads\/2026\/01\/copy_C578C597-7855-4304-940F-31B47884298D-1.mov\"><\/video><\/figure>\n\n\n\n<figure class=\"wp-block-audio\"><audio controls src=\"https:\/\/lyonbondyblog.fr\/LBB\/wp-content\/uploads\/2026\/01\/Nouvel-enregistrement-131.m4a\"><\/audio><\/figure>\n<!-- AddThis Advanced Settings generic via filter on the_content --><!-- AddThis Share Buttons generic via filter on the_content -->","protected":false},"excerpt":{"rendered":"<p>Rendez-vous avec B\u00e9atrice de Montille, conseill\u00e8re municipale d\u2019opposition du 3e arrondissement (LR) et \u00e9galement, directrice de campagne (Coeur Lyonnais), pour les prochaines \u00e9lections municipales 2026. &hellip; <!-- AddThis Advanced Settings generic via filter on wp_trim_excerpt --><!-- AddThis Share Buttons generic via filter on wp_trim_excerpt --><\/p>\n","protected":false},"author":33,"featured_media":37740,"comment_status":"open","ping_status":"open","sticky":true,"template":"","format":"standard","meta":{"_FSMCFIC_featured_image_caption":"Rendez-vous avec B\u00e9atrice de Montille, conseill\u00e8re municipale d\u2019opposition du 3e arrondissement (LR) et directrice de campagne (Coeur Lyonnais), pour les prochaines \u00e9lections municipales 2026. Entre podcast et vid\u00e9o, B\u00e9atrice de Montille d\u00e9termine la marche \u00e0 suivre pour prendre la ville de Lyon aux \u00e9cologistes.","_FSMCFIC_featured_image_nocaption":"","_FSMCFIC_featured_image_hide":"","footnotes":""},"categories":[4,28441,6],"tags":[10,112,165],"class_list":["post-37739","post","type-post","status-publish","format-standard","has-post-thumbnail","hentry","category-lyon","category-municipales-2026","category-politique","tag-lyon-2","tag-lyon-bondy-blog","tag-politique-2"],"yoast_head":"<!-- This site is optimized with the Yoast SEO plugin v22.8 - https:\/\/yoast.com\/wordpress\/plugins\/seo\/ -->\n<title>&quot;Les Lyonnais doivent \u00eatre fiers de leur ville&quot; : Rencontre avec B\u00e9atrice de Montille - Lyon Bondy Blog<\/title>\n<meta name=\"robots\" content=\"index, follow, max-snippet:-1, max-image-preview:large, max-video-preview:-1\" \/>\n<link rel=\"canonical\" href=\"https:\/\/lyonbondyblog.fr\/LBB\/les-lyonnais-doivent-etre-fiers-de-leur-ville\/\" \/>\n<meta property=\"og:locale\" content=\"fr_FR\" \/>\n<meta property=\"og:type\" content=\"article\" \/>\n<meta property=\"og:title\" content=\"&quot;Les Lyonnais doivent \u00eatre fiers de leur ville&quot; : Rencontre avec B\u00e9atrice de Montille - Lyon Bondy Blog\" \/>\n<meta property=\"og:description\" content=\"Rendez-vous avec B\u00e9atrice de Montille, conseill\u00e8re municipale d\u2019opposition du 3e arrondissement (LR) et \u00e9galement, directrice de campagne (Coeur Lyonnais), pour les prochaines \u00e9lections municipales 2026. &hellip;\" \/>\n<meta property=\"og:url\" content=\"https:\/\/lyonbondyblog.fr\/LBB\/les-lyonnais-doivent-etre-fiers-de-leur-ville\/\" \/>\n<meta property=\"og:site_name\" content=\"Lyon Bondy Blog\" \/>\n<meta property=\"article:publisher\" content=\"https:\/\/www.facebook.com\/lyonbondyblog\" \/>\n<meta property=\"article:published_time\" content=\"2026-01-30T16:00:00+00:00\" \/>\n<meta property=\"article:modified_time\" content=\"2026-01-30T16:49:37+00:00\" \/>\n<meta property=\"og:image\" content=\"https:\/\/lyonbondyblog.fr\/LBB\/wp-content\/uploads\/2026\/01\/Beatrice-de-Montille-image-fond-bleu.png\" \/>\n\t<meta property=\"og:image:width\" content=\"1080\" \/>\n\t<meta property=\"og:image:height\" content=\"1350\" \/>\n\t<meta property=\"og:image:type\" content=\"image\/png\" \/>\n<meta name=\"author\" content=\"Etienne Aazzab\" \/>\n<meta name=\"twitter:card\" content=\"summary_large_image\" \/>\n<meta name=\"twitter:creator\" content=\"@AazzabEtienne\" \/>\n<meta name=\"twitter:site\" content=\"@bondybloglyon\" \/>\n<script type=\"application\/ld+json\" class=\"yoast-schema-graph\">{\"@context\":\"https:\/\/schema.org\",\"@graph\":[{\"@type\":\"Article\",\"@id\":\"https:\/\/lyonbondyblog.fr\/LBB\/les-lyonnais-doivent-etre-fiers-de-leur-ville\/#article\",\"isPartOf\":{\"@id\":\"https:\/\/lyonbondyblog.fr\/LBB\/les-lyonnais-doivent-etre-fiers-de-leur-ville\/\"},\"author\":{\"name\":\"Etienne Aazzab\",\"@id\":\"https:\/\/lyonbondyblog.fr\/LBB\/#\/schema\/person\/5e9904261c1f613c8e6ea22045b1353d\"},\"headline\":\"\u00ab\u00a0Les Lyonnais doivent \u00eatre fiers de leur ville\u00a0\u00bb : Rencontre avec B\u00e9atrice de Montille\",\"datePublished\":\"2026-01-30T16:00:00+00:00\",\"dateModified\":\"2026-01-30T16:49:37+00:00\",\"mainEntityOfPage\":{\"@id\":\"https:\/\/lyonbondyblog.fr\/LBB\/les-lyonnais-doivent-etre-fiers-de-leur-ville\/\"},\"wordCount\":156,\"commentCount\":0,\"publisher\":{\"@id\":\"https:\/\/lyonbondyblog.fr\/LBB\/#organization\"},\"image\":{\"@id\":\"https:\/\/lyonbondyblog.fr\/LBB\/les-lyonnais-doivent-etre-fiers-de-leur-ville\/#primaryimage\"},\"thumbnailUrl\":\"https:\/\/lyonbondyblog.fr\/LBB\/wp-content\/uploads\/2026\/01\/Beatrice-de-Montille-image-fond-bleu.png\",\"keywords\":[\"lyon\",\"Lyon Bondy Blog\",\"politique\"],\"articleSection\":[\"Lyon\",\"Municipales 2026\",\"Politique\"],\"inLanguage\":\"fr-FR\",\"potentialAction\":[{\"@type\":\"CommentAction\",\"name\":\"Comment\",\"target\":[\"https:\/\/lyonbondyblog.fr\/LBB\/les-lyonnais-doivent-etre-fiers-de-leur-ville\/#respond\"]}]},{\"@type\":\"WebPage\",\"@id\":\"https:\/\/lyonbondyblog.fr\/LBB\/les-lyonnais-doivent-etre-fiers-de-leur-ville\/\",\"url\":\"https:\/\/lyonbondyblog.fr\/LBB\/les-lyonnais-doivent-etre-fiers-de-leur-ville\/\",\"name\":\"\\\"Les Lyonnais doivent \u00eatre fiers de leur ville\\\" : Rencontre avec B\u00e9atrice de Montille - Lyon Bondy Blog\",\"isPartOf\":{\"@id\":\"https:\/\/lyonbondyblog.fr\/LBB\/#website\"},\"primaryImageOfPage\":{\"@id\":\"https:\/\/lyonbondyblog.fr\/LBB\/les-lyonnais-doivent-etre-fiers-de-leur-ville\/#primaryimage\"},\"image\":{\"@id\":\"https:\/\/lyonbondyblog.fr\/LBB\/les-lyonnais-doivent-etre-fiers-de-leur-ville\/#primaryimage\"},\"thumbnailUrl\":\"https:\/\/lyonbondyblog.fr\/LBB\/wp-content\/uploads\/2026\/01\/Beatrice-de-Montille-image-fond-bleu.png\",\"datePublished\":\"2026-01-30T16:00:00+00:00\",\"dateModified\":\"2026-01-30T16:49:37+00:00\",\"inLanguage\":\"fr-FR\",\"potentialAction\":[{\"@type\":\"ReadAction\",\"target\":[\"https:\/\/lyonbondyblog.fr\/LBB\/les-lyonnais-doivent-etre-fiers-de-leur-ville\/\"]}]},{\"@type\":\"ImageObject\",\"inLanguage\":\"fr-FR\",\"@id\":\"https:\/\/lyonbondyblog.fr\/LBB\/les-lyonnais-doivent-etre-fiers-de-leur-ville\/#primaryimage\",\"url\":\"https:\/\/lyonbondyblog.fr\/LBB\/wp-content\/uploads\/2026\/01\/Beatrice-de-Montille-image-fond-bleu.png\",\"contentUrl\":\"https:\/\/lyonbondyblog.fr\/LBB\/wp-content\/uploads\/2026\/01\/Beatrice-de-Montille-image-fond-bleu.png\",\"width\":1080,\"height\":1350},{\"@type\":\"WebSite\",\"@id\":\"https:\/\/lyonbondyblog.fr\/LBB\/#website\",\"url\":\"https:\/\/lyonbondyblog.fr\/LBB\/\",\"name\":\"Lyon Bondy Blog\",\"description\":\"\",\"publisher\":{\"@id\":\"https:\/\/lyonbondyblog.fr\/LBB\/#organization\"},\"potentialAction\":[{\"@type\":\"SearchAction\",\"target\":{\"@type\":\"EntryPoint\",\"urlTemplate\":\"https:\/\/lyonbondyblog.fr\/LBB\/?s={search_term_string}\"},\"query-input\":\"required name=search_term_string\"}],\"inLanguage\":\"fr-FR\"},{\"@type\":\"Organization\",\"@id\":\"https:\/\/lyonbondyblog.fr\/LBB\/#organization\",\"name\":\"LYON BONDY BLOG\",\"url\":\"https:\/\/lyonbondyblog.fr\/LBB\/\",\"logo\":{\"@type\":\"ImageObject\",\"inLanguage\":\"fr-FR\",\"@id\":\"https:\/\/lyonbondyblog.fr\/LBB\/#\/schema\/logo\/image\/\",\"url\":\"http:\/\/lyonbondyblog.fr\/LBB\/wp-content\/uploads\/2014\/10\/logo-portable-144.png\",\"contentUrl\":\"http:\/\/lyonbondyblog.fr\/LBB\/wp-content\/uploads\/2014\/10\/logo-portable-144.png\",\"width\":144,\"height\":123,\"caption\":\"LYON BONDY BLOG\"},\"image\":{\"@id\":\"https:\/\/lyonbondyblog.fr\/LBB\/#\/schema\/logo\/image\/\"},\"sameAs\":[\"https:\/\/www.facebook.com\/lyonbondyblog\",\"https:\/\/x.com\/bondybloglyon\"]},{\"@type\":\"Person\",\"@id\":\"https:\/\/lyonbondyblog.fr\/LBB\/#\/schema\/person\/5e9904261c1f613c8e6ea22045b1353d\",\"name\":\"Etienne Aazzab\",\"description\":\"Etienne a contribu\u00e9 depuis 2 ans dans le journal satirique FOUTOU\u2019ART. Il a int\u00e9gr\u00e9 l\u2019\u00e9quipe du \u00ab clic 2014 \u00bb : Collectif local d\u2019informations citoyennes \u00e0 partir de novembre 2013. Il rejoint le Lyon Bondy Blog \u00e0 partir de janvier 2014. Twitter : @AazzabEtienne Ses sujets de pr\u00e9dilection : #Politique #Soci\u00e9t\u00e9 #Sport\",\"sameAs\":[\"https:\/\/x.com\/AazzabEtienne\"],\"url\":\"https:\/\/lyonbondyblog.fr\/LBB\/author\/etienne\/\"}]}<\/script>\n<!-- \/ Yoast SEO plugin. -->","yoast_head_json":{"title":"\"Les Lyonnais doivent \u00eatre fiers de leur ville\" : Rencontre avec B\u00e9atrice de Montille - Lyon Bondy Blog","robots":{"index":"index","follow":"follow","max-snippet":"max-snippet:-1","max-image-preview":"max-image-preview:large","max-video-preview":"max-video-preview:-1"},"canonical":"https:\/\/lyonbondyblog.fr\/LBB\/les-lyonnais-doivent-etre-fiers-de-leur-ville\/","og_locale":"fr_FR","og_type":"article","og_title":"\"Les Lyonnais doivent \u00eatre fiers de leur ville\" : Rencontre avec B\u00e9atrice de Montille - Lyon Bondy Blog","og_description":"Rendez-vous avec B\u00e9atrice de Montille, conseill\u00e8re municipale d\u2019opposition du 3e arrondissement (LR) et \u00e9galement, directrice de campagne (Coeur Lyonnais), pour les prochaines \u00e9lections municipales 2026. &hellip;","og_url":"https:\/\/lyonbondyblog.fr\/LBB\/les-lyonnais-doivent-etre-fiers-de-leur-ville\/","og_site_name":"Lyon Bondy Blog","article_publisher":"https:\/\/www.facebook.com\/lyonbondyblog","article_published_time":"2026-01-30T16:00:00+00:00","article_modified_time":"2026-01-30T16:49:37+00:00","og_image":[{"width":1080,"height":1350,"url":"https:\/\/lyonbondyblog.fr\/LBB\/wp-content\/uploads\/2026\/01\/Beatrice-de-Montille-image-fond-bleu.png","type":"image\/png"}],"author":"Etienne Aazzab","twitter_card":"summary_large_image","twitter_creator":"@AazzabEtienne","twitter_site":"@bondybloglyon","schema":{"@context":"https:\/\/schema.org","@graph":[{"@type":"Article","@id":"https:\/\/lyonbondyblog.fr\/LBB\/les-lyonnais-doivent-etre-fiers-de-leur-ville\/#article","isPartOf":{"@id":"https:\/\/lyonbondyblog.fr\/LBB\/les-lyonnais-doivent-etre-fiers-de-leur-ville\/"},"author":{"name":"Etienne Aazzab","@id":"https:\/\/lyonbondyblog.fr\/LBB\/#\/schema\/person\/5e9904261c1f613c8e6ea22045b1353d"},"headline":"\u00ab\u00a0Les Lyonnais doivent \u00eatre fiers de leur ville\u00a0\u00bb : Rencontre avec B\u00e9atrice de Montille","datePublished":"2026-01-30T16:00:00+00:00","dateModified":"2026-01-30T16:49:37+00:00","mainEntityOfPage":{"@id":"https:\/\/lyonbondyblog.fr\/LBB\/les-lyonnais-doivent-etre-fiers-de-leur-ville\/"},"wordCount":156,"commentCount":0,"publisher":{"@id":"https:\/\/lyonbondyblog.fr\/LBB\/#organization"},"image":{"@id":"https:\/\/lyonbondyblog.fr\/LBB\/les-lyonnais-doivent-etre-fiers-de-leur-ville\/#primaryimage"},"thumbnailUrl":"https:\/\/lyonbondyblog.fr\/LBB\/wp-content\/uploads\/2026\/01\/Beatrice-de-Montille-image-fond-bleu.png","keywords":["lyon","Lyon Bondy Blog","politique"],"articleSection":["Lyon","Municipales 2026","Politique"],"inLanguage":"fr-FR","potentialAction":[{"@type":"CommentAction","name":"Comment","target":["https:\/\/lyonbondyblog.fr\/LBB\/les-lyonnais-doivent-etre-fiers-de-leur-ville\/#respond"]}]},{"@type":"WebPage","@id":"https:\/\/lyonbondyblog.fr\/LBB\/les-lyonnais-doivent-etre-fiers-de-leur-ville\/","url":"https:\/\/lyonbondyblog.fr\/LBB\/les-lyonnais-doivent-etre-fiers-de-leur-ville\/","name":"\"Les Lyonnais doivent \u00eatre fiers de leur ville\" : Rencontre avec B\u00e9atrice de Montille - Lyon Bondy Blog","isPartOf":{"@id":"https:\/\/lyonbondyblog.fr\/LBB\/#website"},"primaryImageOfPage":{"@id":"https:\/\/lyonbondyblog.fr\/LBB\/les-lyonnais-doivent-etre-fiers-de-leur-ville\/#primaryimage"},"image":{"@id":"https:\/\/lyonbondyblog.fr\/LBB\/les-lyonnais-doivent-etre-fiers-de-leur-ville\/#primaryimage"},"thumbnailUrl":"https:\/\/lyonbondyblog.fr\/LBB\/wp-content\/uploads\/2026\/01\/Beatrice-de-Montille-image-fond-bleu.png","datePublished":"2026-01-30T16:00:00+00:00","dateModified":"2026-01-30T16:49:37+00:00","inLanguage":"fr-FR","potentialAction":[{"@type":"ReadAction","target":["https:\/\/lyonbondyblog.fr\/LBB\/les-lyonnais-doivent-etre-fiers-de-leur-ville\/"]}]},{"@type":"ImageObject","inLanguage":"fr-FR","@id":"https:\/\/lyonbondyblog.fr\/LBB\/les-lyonnais-doivent-etre-fiers-de-leur-ville\/#primaryimage","url":"https:\/\/lyonbondyblog.fr\/LBB\/wp-content\/uploads\/2026\/01\/Beatrice-de-Montille-image-fond-bleu.png","contentUrl":"https:\/\/lyonbondyblog.fr\/LBB\/wp-content\/uploads\/2026\/01\/Beatrice-de-Montille-image-fond-bleu.png","width":1080,"height":1350},{"@type":"WebSite","@id":"https:\/\/lyonbondyblog.fr\/LBB\/#website","url":"https:\/\/lyonbondyblog.fr\/LBB\/","name":"Lyon Bondy Blog","description":"","publisher":{"@id":"https:\/\/lyonbondyblog.fr\/LBB\/#organization"},"potentialAction":[{"@type":"SearchAction","target":{"@type":"EntryPoint","urlTemplate":"https:\/\/lyonbondyblog.fr\/LBB\/?s={search_term_string}"},"query-input":"required name=search_term_string"}],"inLanguage":"fr-FR"},{"@type":"Organization","@id":"https:\/\/lyonbondyblog.fr\/LBB\/#organization","name":"LYON BONDY BLOG","url":"https:\/\/lyonbondyblog.fr\/LBB\/","logo":{"@type":"ImageObject","inLanguage":"fr-FR","@id":"https:\/\/lyonbondyblog.fr\/LBB\/#\/schema\/logo\/image\/","url":"http:\/\/lyonbondyblog.fr\/LBB\/wp-content\/uploads\/2014\/10\/logo-portable-144.png","contentUrl":"http:\/\/lyonbondyblog.fr\/LBB\/wp-content\/uploads\/2014\/10\/logo-portable-144.png","width":144,"height":123,"caption":"LYON BONDY BLOG"},"image":{"@id":"https:\/\/lyonbondyblog.fr\/LBB\/#\/schema\/logo\/image\/"},"sameAs":["https:\/\/www.facebook.com\/lyonbondyblog","https:\/\/x.com\/bondybloglyon"]},{"@type":"Person","@id":"https:\/\/lyonbondyblog.fr\/LBB\/#\/schema\/person\/5e9904261c1f613c8e6ea22045b1353d","name":"Etienne Aazzab","description":"Etienne a contribu\u00e9 depuis 2 ans dans le journal satirique FOUTOU\u2019ART. Il a int\u00e9gr\u00e9 l\u2019\u00e9quipe du \u00ab clic 2014 \u00bb : Collectif local d\u2019informations citoyennes \u00e0 partir de novembre 2013. Il rejoint le Lyon Bondy Blog \u00e0 partir de janvier 2014. Twitter : @AazzabEtienne Ses sujets de pr\u00e9dilection : #Politique #Soci\u00e9t\u00e9 #Sport","sameAs":["https:\/\/x.com\/AazzabEtienne"],"url":"https:\/\/lyonbondyblog.fr\/LBB\/author\/etienne\/"}]}},"_links":{"self":[{"href":"https:\/\/lyonbondyblog.fr\/LBB\/wp-json\/wp\/v2\/posts\/37739","targetHints":{"allow":["GET"]}}],"collection":[{"href":"https:\/\/lyonbondyblog.fr\/LBB\/wp-json\/wp\/v2\/posts"}],"about":[{"href":"https:\/\/lyonbondyblog.fr\/LBB\/wp-json\/wp\/v2\/types\/post"}],"author":[{"embeddable":true,"href":"https:\/\/lyonbondyblog.fr\/LBB\/wp-json\/wp\/v2\/users\/33"}],"replies":[{"embeddable":true,"href":"https:\/\/lyonbondyblog.fr\/LBB\/wp-json\/wp\/v2\/comments?post=37739"}],"version-history":[{"count":2,"href":"https:\/\/lyonbondyblog.fr\/LBB\/wp-json\/wp\/v2\/posts\/37739\/revisions"}],"predecessor-version":[{"id":37746,"href":"https:\/\/lyonbondyblog.fr\/LBB\/wp-json\/wp\/v2\/posts\/37739\/revisions\/37746"}],"wp:featuredmedia":[{"embeddable":true,"href":"https:\/\/lyonbondyblog.fr\/LBB\/wp-json\/wp\/v2\/media\/37740"}],"wp:attachment":[{"href":"https:\/\/lyonbondyblog.fr\/LBB\/wp-json\/wp\/v2\/media?parent=37739"}],"wp:term":[{"taxonomy":"category","embeddable":true,"href":"https:\/\/lyonbondyblog.fr\/LBB\/wp-json\/wp\/v2\/categories?post=37739"},{"taxonomy":"post_tag","embeddable":true,"href":"https:\/\/lyonbondyblog.fr\/LBB\/wp-json\/wp\/v2\/tags?post=37739"}],"curies":[{"name":"wp","href":"https:\/\/api.w.org\/{rel}","templated":true}]}}