{"id":37722,"date":"2026-01-28T23:20:55","date_gmt":"2026-01-28T22:20:55","guid":{"rendered":"https:\/\/lyonbondyblog.fr\/LBB\/?p=37722"},"modified":"2026-01-28T23:39:01","modified_gmt":"2026-01-28T22:39:01","slug":"asul-vaulx-en-velin-fait-tomber-palente-besancon-et-se-relance-en-d2-feminine","status":"publish","type":"post","link":"https:\/\/lyonbondyblog.fr\/LBB\/asul-vaulx-en-velin-fait-tomber-palente-besancon-et-se-relance-en-d2-feminine\/","title":{"rendered":"ASUL Vaulx-en-Velin fait tomber Palente Besan\u00e7on et se relance en D2 f\u00e9minine"},"content":{"rendered":"\n<p><strong>\u00c0 domicile, l\u2019ASUL Vaulx-en-Velin a domin\u00e9 Palente Besan\u00e7on Handball (29-25) et signe un succ\u00e8s pr\u00e9cieux dans sa course au peloton de t\u00eate en D2 f\u00e9minine.<\/strong><\/p>\n\n\n\n<p>Dans un Palais des sports Jean-Capievic bien garni, les joueuses de Vaulx-en-Velin ont livr\u00e9 un match solide pour s\u2019imposer face \u00e0 Palente Besan\u00e7on, lors de la 10e journ\u00e9e de D2 f\u00e9minine ce mercredi 28 janvier \u00e0 20 heures. Men\u00e9e par un collectif appliqu\u00e9 et une base arri\u00e8re efficace, l\u2019ASUL a construit sa victoire sur la dur\u00e9e, ma\u00eetrisant mieux les temps faibles qu\u2019en d\u00e9but de saison.<\/p>\n\n\n\n<p><br>D\u00e8s les premi\u00e8res minutes, les locales prennent le contr\u00f4le du tableau d\u2019affichage, profitant d\u2019une d\u00e9fense agressive et d\u2019un engagement constant dans le duel. Si Palente Besan\u00e7on parvient \u00e0 rester au contact gr\u00e2ce \u00e0 quelques exploits individuels, Vaulx-en-Velin garde la main, s\u2019appuyant sur des rotations r\u00e9guli\u00e8res et une bonne exploitation des ballons de mont\u00e9e de balle.<\/p>\n\n\n\n<figure class=\"wp-block-image size-large\"><img loading=\"lazy\" decoding=\"async\" width=\"1920\" height=\"1271\" src=\"https:\/\/lyonbondyblog.fr\/LBB\/wp-content\/uploads\/2026\/01\/IMG_0764-1920x1271.jpeg\" alt=\"\" class=\"wp-image-37724\" srcset=\"https:\/\/lyonbondyblog.fr\/LBB\/wp-content\/uploads\/2026\/01\/IMG_0764-1920x1271.jpeg 1920w, https:\/\/lyonbondyblog.fr\/LBB\/wp-content\/uploads\/2026\/01\/IMG_0764-1200x794.jpeg 1200w, https:\/\/lyonbondyblog.fr\/LBB\/wp-content\/uploads\/2026\/01\/IMG_0764-768x508.jpeg 768w, https:\/\/lyonbondyblog.fr\/LBB\/wp-content\/uploads\/2026\/01\/IMG_0764-1536x1017.jpeg 1536w, https:\/\/lyonbondyblog.fr\/LBB\/wp-content\/uploads\/2026\/01\/IMG_0764-2048x1356.jpeg 2048w\" sizes=\"auto, (max-width: 1920px) 100vw, 1920px\" \/><\/figure>\n\n\n\n<p><br>Au fil du match, l\u2019ASUL parvient \u00e0 creuser un petit \u00e9cart que les visiteuses ne r\u00e9ussiront jamais \u00e0 combler totalement. Les buts s\u2019encha\u00eenent c\u00f4t\u00e9 vaudais, avec plusieurs joueuses capables de trouver le chemin des filets, tandis que la gardienne r\u00e9alise les arr\u00eats n\u00e9cessaires pour contenir les tentatives bisontines. Palente reste dangereux jusqu\u2019au bout, mais bute sur une d\u00e9fense compacte dans le money time, laissant le score final tourner en faveur des locales, 29-25.<\/p>\n\n\n\n<figure class=\"wp-block-image size-large\"><img loading=\"lazy\" decoding=\"async\" width=\"1920\" height=\"931\" src=\"https:\/\/lyonbondyblog.fr\/LBB\/wp-content\/uploads\/2026\/01\/IMG_0764-1-1920x931.jpeg\" alt=\"\" class=\"wp-image-37725\" srcset=\"https:\/\/lyonbondyblog.fr\/LBB\/wp-content\/uploads\/2026\/01\/IMG_0764-1-1920x931.jpeg 1920w, https:\/\/lyonbondyblog.fr\/LBB\/wp-content\/uploads\/2026\/01\/IMG_0764-1-1200x582.jpeg 1200w, https:\/\/lyonbondyblog.fr\/LBB\/wp-content\/uploads\/2026\/01\/IMG_0764-1-768x373.jpeg 768w, https:\/\/lyonbondyblog.fr\/LBB\/wp-content\/uploads\/2026\/01\/IMG_0764-1-1536x745.jpeg 1536w, https:\/\/lyonbondyblog.fr\/LBB\/wp-content\/uploads\/2026\/01\/IMG_0764-1-2048x994.jpeg 2048w\" sizes=\"auto, (max-width: 1920px) 100vw, 1920px\" \/><\/figure>\n\n\n\n<p><br><br>Cette victoire permet \u00e0 l\u2019ASUL Vaulx-en-Velin de confirmer ses progr\u00e8s et de prendre un peu d\u2019air au classement, en remportant un match cl\u00e9 face \u00e0 un concurrent direct. Pour Palente Besan\u00e7on, ce revers \u00e0 l\u2019ext\u00e9rieur rappelle l\u2019importance de mieux ma\u00eetriser les s\u00e9quences d\u00e9fensives loin de ses bases. De son c\u00f4t\u00e9, Vaulx-en-Velin pourra s\u2019appuyer sur ce succ\u00e8s pour aborder la suite de la saison avec davantage de confiance et de s\u00e9r\u00e9nit\u00e9<\/p>\n\n\n\n<p><strong>Feuille de match : <\/strong><\/p>\n\n\n\n<p>R\u00e9action d&rsquo;apr\u00e8s-match :<\/p>\n\n\n\n<p>Adja Paye (aili\u00e8re AsulVV) :<\/p>\n\n\n\n<figure class=\"wp-block-audio\"><audio controls src=\"https:\/\/lyonbondyblog.fr\/LBB\/wp-content\/uploads\/2026\/01\/Nouvel-enregistrement-128.m4a\"><\/audio><\/figure>\n\n\n\n<p>Geoffrey Terver (Coach AsulVV) : <\/p>\n\n\n\n<figure class=\"wp-block-audio\"><audio controls src=\"https:\/\/lyonbondyblog.fr\/LBB\/wp-content\/uploads\/2026\/01\/Nouvel-enregistrement-127.m4a\"><\/audio><\/figure>\n\n\n\n<p>Agathe Clerc ( Arri\u00e8re Palente Beasn\u00e7on) : <\/p>\n\n\n\n<figure class=\"wp-block-audio\"><audio controls src=\"https:\/\/lyonbondyblog.fr\/LBB\/wp-content\/uploads\/2026\/01\/Nouvel-enregistrement-129.m4a\"><\/audio><\/figure>\n\n\n\n<p>Euph\u00e9mie Dartron (Coach Palente Besan\u00e7on)<\/p>\n\n\n\n<figure class=\"wp-block-audio\"><audio controls src=\"https:\/\/lyonbondyblog.fr\/LBB\/wp-content\/uploads\/2026\/01\/Nouvel-enregistrement-130.m4a\"><\/audio><\/figure>\n\n\n\n<p><\/p>\n<!-- AddThis Advanced Settings generic via filter on the_content --><!-- AddThis Share Buttons generic via filter on the_content -->","protected":false},"excerpt":{"rendered":"<p>\u00c0 domicile, l\u2019ASUL Vaulx-en-Velin a domin\u00e9 Palente Besan\u00e7on Handball (29-25) et signe un succ\u00e8s pr\u00e9cieux dans sa course au peloton de t\u00eate en D2 f\u00e9minine. &hellip; <!-- AddThis Advanced Settings generic via filter on wp_trim_excerpt --><!-- AddThis Share Buttons generic via filter on wp_trim_excerpt --><\/p>\n","protected":false},"author":1,"featured_media":37723,"comment_status":"open","ping_status":"open","sticky":true,"template":"","format":"standard","meta":{"_FSMCFIC_featured_image_caption":"","_FSMCFIC_featured_image_nocaption":"","_FSMCFIC_featured_image_hide":"","footnotes":""},"categories":[3890,22674,3891],"tags":[],"class_list":["post-37722","post","type-post","status-publish","format-standard","has-post-thumbnail","hentry","category-handball","category-sport-feminin","category-vaulx-en-velin"],"yoast_head":"<!-- This site is optimized with the Yoast SEO plugin v22.8 - https:\/\/yoast.com\/wordpress\/plugins\/seo\/ -->\n<title>ASUL Vaulx-en-Velin fait tomber Palente Besan\u00e7on et se relance en D2 f\u00e9minine - Lyon Bondy Blog<\/title>\n<meta name=\"robots\" content=\"index, follow, max-snippet:-1, max-image-preview:large, max-video-preview:-1\" \/>\n<link rel=\"canonical\" href=\"https:\/\/lyonbondyblog.fr\/LBB\/asul-vaulx-en-velin-fait-tomber-palente-besancon-et-se-relance-en-d2-feminine\/\" \/>\n<meta property=\"og:locale\" content=\"fr_FR\" \/>\n<meta property=\"og:type\" content=\"article\" \/>\n<meta property=\"og:title\" content=\"ASUL Vaulx-en-Velin fait tomber Palente Besan\u00e7on et se relance en D2 f\u00e9minine - Lyon Bondy Blog\" \/>\n<meta property=\"og:description\" content=\"\u00c0 domicile, l\u2019ASUL Vaulx-en-Velin a domin\u00e9 Palente Besan\u00e7on Handball (29-25) et signe un succ\u00e8s pr\u00e9cieux dans sa course au peloton de t\u00eate en D2 f\u00e9minine. &hellip;\" \/>\n<meta property=\"og:url\" content=\"https:\/\/lyonbondyblog.fr\/LBB\/asul-vaulx-en-velin-fait-tomber-palente-besancon-et-se-relance-en-d2-feminine\/\" \/>\n<meta property=\"og:site_name\" content=\"Lyon Bondy Blog\" \/>\n<meta property=\"article:publisher\" content=\"https:\/\/www.facebook.com\/lyonbondyblog\" \/>\n<meta property=\"article:author\" content=\"https:\/\/www.facebook.com\/lyonbondyblog\" \/>\n<meta property=\"article:published_time\" content=\"2026-01-28T22:20:55+00:00\" \/>\n<meta property=\"article:modified_time\" content=\"2026-01-28T22:39:01+00:00\" \/>\n<meta property=\"og:image\" content=\"https:\/\/lyonbondyblog.fr\/LBB\/wp-content\/uploads\/2026\/01\/ab0ce6af-2a4b-4ca3-a66c-0537992e263a.jpeg\" \/>\n\t<meta property=\"og:image:width\" content=\"1080\" \/>\n\t<meta property=\"og:image:height\" content=\"1080\" \/>\n\t<meta property=\"og:image:type\" content=\"image\/jpeg\" \/>\n<meta name=\"author\" content=\"La r\u00e9daction\" \/>\n<meta name=\"twitter:card\" content=\"summary_large_image\" \/>\n<meta name=\"twitter:creator\" content=\"@BondyBlogLyon\" \/>\n<meta name=\"twitter:site\" content=\"@bondybloglyon\" \/>\n<script type=\"application\/ld+json\" class=\"yoast-schema-graph\">{\"@context\":\"https:\/\/schema.org\",\"@graph\":[{\"@type\":\"Article\",\"@id\":\"https:\/\/lyonbondyblog.fr\/LBB\/asul-vaulx-en-velin-fait-tomber-palente-besancon-et-se-relance-en-d2-feminine\/#article\",\"isPartOf\":{\"@id\":\"https:\/\/lyonbondyblog.fr\/LBB\/asul-vaulx-en-velin-fait-tomber-palente-besancon-et-se-relance-en-d2-feminine\/\"},\"author\":{\"name\":\"La r\u00e9daction\",\"@id\":\"https:\/\/lyonbondyblog.fr\/LBB\/#\/schema\/person\/e45f8d27baac75072daa0be50c409b25\"},\"headline\":\"ASUL Vaulx-en-Velin fait tomber Palente Besan\u00e7on et se relance en D2 f\u00e9minine\",\"datePublished\":\"2026-01-28T22:20:55+00:00\",\"dateModified\":\"2026-01-28T22:39:01+00:00\",\"mainEntityOfPage\":{\"@id\":\"https:\/\/lyonbondyblog.fr\/LBB\/asul-vaulx-en-velin-fait-tomber-palente-besancon-et-se-relance-en-d2-feminine\/\"},\"wordCount\":375,\"commentCount\":0,\"publisher\":{\"@id\":\"https:\/\/lyonbondyblog.fr\/LBB\/#organization\"},\"image\":{\"@id\":\"https:\/\/lyonbondyblog.fr\/LBB\/asul-vaulx-en-velin-fait-tomber-palente-besancon-et-se-relance-en-d2-feminine\/#primaryimage\"},\"thumbnailUrl\":\"https:\/\/lyonbondyblog.fr\/LBB\/wp-content\/uploads\/2026\/01\/ab0ce6af-2a4b-4ca3-a66c-0537992e263a.jpeg\",\"articleSection\":[\"Handball\",\"Sport f\u00e9minin\",\"Vaulx-en-Velin\"],\"inLanguage\":\"fr-FR\",\"potentialAction\":[{\"@type\":\"CommentAction\",\"name\":\"Comment\",\"target\":[\"https:\/\/lyonbondyblog.fr\/LBB\/asul-vaulx-en-velin-fait-tomber-palente-besancon-et-se-relance-en-d2-feminine\/#respond\"]}]},{\"@type\":\"WebPage\",\"@id\":\"https:\/\/lyonbondyblog.fr\/LBB\/asul-vaulx-en-velin-fait-tomber-palente-besancon-et-se-relance-en-d2-feminine\/\",\"url\":\"https:\/\/lyonbondyblog.fr\/LBB\/asul-vaulx-en-velin-fait-tomber-palente-besancon-et-se-relance-en-d2-feminine\/\",\"name\":\"ASUL Vaulx-en-Velin fait tomber Palente Besan\u00e7on et se relance en D2 f\u00e9minine - Lyon Bondy Blog\",\"isPartOf\":{\"@id\":\"https:\/\/lyonbondyblog.fr\/LBB\/#website\"},\"primaryImageOfPage\":{\"@id\":\"https:\/\/lyonbondyblog.fr\/LBB\/asul-vaulx-en-velin-fait-tomber-palente-besancon-et-se-relance-en-d2-feminine\/#primaryimage\"},\"image\":{\"@id\":\"https:\/\/lyonbondyblog.fr\/LBB\/asul-vaulx-en-velin-fait-tomber-palente-besancon-et-se-relance-en-d2-feminine\/#primaryimage\"},\"thumbnailUrl\":\"https:\/\/lyonbondyblog.fr\/LBB\/wp-content\/uploads\/2026\/01\/ab0ce6af-2a4b-4ca3-a66c-0537992e263a.jpeg\",\"datePublished\":\"2026-01-28T22:20:55+00:00\",\"dateModified\":\"2026-01-28T22:39:01+00:00\",\"inLanguage\":\"fr-FR\",\"potentialAction\":[{\"@type\":\"ReadAction\",\"target\":[\"https:\/\/lyonbondyblog.fr\/LBB\/asul-vaulx-en-velin-fait-tomber-palente-besancon-et-se-relance-en-d2-feminine\/\"]}]},{\"@type\":\"ImageObject\",\"inLanguage\":\"fr-FR\",\"@id\":\"https:\/\/lyonbondyblog.fr\/LBB\/asul-vaulx-en-velin-fait-tomber-palente-besancon-et-se-relance-en-d2-feminine\/#primaryimage\",\"url\":\"https:\/\/lyonbondyblog.fr\/LBB\/wp-content\/uploads\/2026\/01\/ab0ce6af-2a4b-4ca3-a66c-0537992e263a.jpeg\",\"contentUrl\":\"https:\/\/lyonbondyblog.fr\/LBB\/wp-content\/uploads\/2026\/01\/ab0ce6af-2a4b-4ca3-a66c-0537992e263a.jpeg\",\"width\":1080,\"height\":1080,\"caption\":\"Visuel par Ambrine Ghaffari\"},{\"@type\":\"WebSite\",\"@id\":\"https:\/\/lyonbondyblog.fr\/LBB\/#website\",\"url\":\"https:\/\/lyonbondyblog.fr\/LBB\/\",\"name\":\"Lyon Bondy Blog\",\"description\":\"\",\"publisher\":{\"@id\":\"https:\/\/lyonbondyblog.fr\/LBB\/#organization\"},\"potentialAction\":[{\"@type\":\"SearchAction\",\"target\":{\"@type\":\"EntryPoint\",\"urlTemplate\":\"https:\/\/lyonbondyblog.fr\/LBB\/?s={search_term_string}\"},\"query-input\":\"required name=search_term_string\"}],\"inLanguage\":\"fr-FR\"},{\"@type\":\"Organization\",\"@id\":\"https:\/\/lyonbondyblog.fr\/LBB\/#organization\",\"name\":\"LYON BONDY BLOG\",\"url\":\"https:\/\/lyonbondyblog.fr\/LBB\/\",\"logo\":{\"@type\":\"ImageObject\",\"inLanguage\":\"fr-FR\",\"@id\":\"https:\/\/lyonbondyblog.fr\/LBB\/#\/schema\/logo\/image\/\",\"url\":\"http:\/\/lyonbondyblog.fr\/LBB\/wp-content\/uploads\/2014\/10\/logo-portable-144.png\",\"contentUrl\":\"http:\/\/lyonbondyblog.fr\/LBB\/wp-content\/uploads\/2014\/10\/logo-portable-144.png\",\"width\":144,\"height\":123,\"caption\":\"LYON BONDY BLOG\"},\"image\":{\"@id\":\"https:\/\/lyonbondyblog.fr\/LBB\/#\/schema\/logo\/image\/\"},\"sameAs\":[\"https:\/\/www.facebook.com\/lyonbondyblog\",\"https:\/\/x.com\/bondybloglyon\"]},{\"@type\":\"Person\",\"@id\":\"https:\/\/lyonbondyblog.fr\/LBB\/#\/schema\/person\/e45f8d27baac75072daa0be50c409b25\",\"name\":\"La r\u00e9daction\",\"description\":\"Cr\u00e9e en 2008, la r\u00e9daction du Lyon Bondy Blog s'applique \u00e0 proposer une information locale diff\u00e9rente et compl\u00e9mentaire des m\u00e9dias traditionnels.\",\"sameAs\":[\"https:\/\/www.facebook.com\/lyonbondyblog\",\"https:\/\/x.com\/BondyBlogLyon\"],\"url\":\"https:\/\/lyonbondyblog.fr\/LBB\/author\/admin\/\"}]}<\/script>\n<!-- \/ Yoast SEO plugin. -->","yoast_head_json":{"title":"ASUL Vaulx-en-Velin fait tomber Palente Besan\u00e7on et se relance en D2 f\u00e9minine - Lyon Bondy Blog","robots":{"index":"index","follow":"follow","max-snippet":"max-snippet:-1","max-image-preview":"max-image-preview:large","max-video-preview":"max-video-preview:-1"},"canonical":"https:\/\/lyonbondyblog.fr\/LBB\/asul-vaulx-en-velin-fait-tomber-palente-besancon-et-se-relance-en-d2-feminine\/","og_locale":"fr_FR","og_type":"article","og_title":"ASUL Vaulx-en-Velin fait tomber Palente Besan\u00e7on et se relance en D2 f\u00e9minine - Lyon Bondy Blog","og_description":"\u00c0 domicile, l\u2019ASUL Vaulx-en-Velin a domin\u00e9 Palente Besan\u00e7on Handball (29-25) et signe un succ\u00e8s pr\u00e9cieux dans sa course au peloton de t\u00eate en D2 f\u00e9minine. &hellip;","og_url":"https:\/\/lyonbondyblog.fr\/LBB\/asul-vaulx-en-velin-fait-tomber-palente-besancon-et-se-relance-en-d2-feminine\/","og_site_name":"Lyon Bondy Blog","article_publisher":"https:\/\/www.facebook.com\/lyonbondyblog","article_author":"https:\/\/www.facebook.com\/lyonbondyblog","article_published_time":"2026-01-28T22:20:55+00:00","article_modified_time":"2026-01-28T22:39:01+00:00","og_image":[{"width":1080,"height":1080,"url":"https:\/\/lyonbondyblog.fr\/LBB\/wp-content\/uploads\/2026\/01\/ab0ce6af-2a4b-4ca3-a66c-0537992e263a.jpeg","type":"image\/jpeg"}],"author":"La r\u00e9daction","twitter_card":"summary_large_image","twitter_creator":"@BondyBlogLyon","twitter_site":"@bondybloglyon","schema":{"@context":"https:\/\/schema.org","@graph":[{"@type":"Article","@id":"https:\/\/lyonbondyblog.fr\/LBB\/asul-vaulx-en-velin-fait-tomber-palente-besancon-et-se-relance-en-d2-feminine\/#article","isPartOf":{"@id":"https:\/\/lyonbondyblog.fr\/LBB\/asul-vaulx-en-velin-fait-tomber-palente-besancon-et-se-relance-en-d2-feminine\/"},"author":{"name":"La r\u00e9daction","@id":"https:\/\/lyonbondyblog.fr\/LBB\/#\/schema\/person\/e45f8d27baac75072daa0be50c409b25"},"headline":"ASUL Vaulx-en-Velin fait tomber Palente Besan\u00e7on et se relance en D2 f\u00e9minine","datePublished":"2026-01-28T22:20:55+00:00","dateModified":"2026-01-28T22:39:01+00:00","mainEntityOfPage":{"@id":"https:\/\/lyonbondyblog.fr\/LBB\/asul-vaulx-en-velin-fait-tomber-palente-besancon-et-se-relance-en-d2-feminine\/"},"wordCount":375,"commentCount":0,"publisher":{"@id":"https:\/\/lyonbondyblog.fr\/LBB\/#organization"},"image":{"@id":"https:\/\/lyonbondyblog.fr\/LBB\/asul-vaulx-en-velin-fait-tomber-palente-besancon-et-se-relance-en-d2-feminine\/#primaryimage"},"thumbnailUrl":"https:\/\/lyonbondyblog.fr\/LBB\/wp-content\/uploads\/2026\/01\/ab0ce6af-2a4b-4ca3-a66c-0537992e263a.jpeg","articleSection":["Handball","Sport f\u00e9minin","Vaulx-en-Velin"],"inLanguage":"fr-FR","potentialAction":[{"@type":"CommentAction","name":"Comment","target":["https:\/\/lyonbondyblog.fr\/LBB\/asul-vaulx-en-velin-fait-tomber-palente-besancon-et-se-relance-en-d2-feminine\/#respond"]}]},{"@type":"WebPage","@id":"https:\/\/lyonbondyblog.fr\/LBB\/asul-vaulx-en-velin-fait-tomber-palente-besancon-et-se-relance-en-d2-feminine\/","url":"https:\/\/lyonbondyblog.fr\/LBB\/asul-vaulx-en-velin-fait-tomber-palente-besancon-et-se-relance-en-d2-feminine\/","name":"ASUL Vaulx-en-Velin fait tomber Palente Besan\u00e7on et se relance en D2 f\u00e9minine - Lyon Bondy Blog","isPartOf":{"@id":"https:\/\/lyonbondyblog.fr\/LBB\/#website"},"primaryImageOfPage":{"@id":"https:\/\/lyonbondyblog.fr\/LBB\/asul-vaulx-en-velin-fait-tomber-palente-besancon-et-se-relance-en-d2-feminine\/#primaryimage"},"image":{"@id":"https:\/\/lyonbondyblog.fr\/LBB\/asul-vaulx-en-velin-fait-tomber-palente-besancon-et-se-relance-en-d2-feminine\/#primaryimage"},"thumbnailUrl":"https:\/\/lyonbondyblog.fr\/LBB\/wp-content\/uploads\/2026\/01\/ab0ce6af-2a4b-4ca3-a66c-0537992e263a.jpeg","datePublished":"2026-01-28T22:20:55+00:00","dateModified":"2026-01-28T22:39:01+00:00","inLanguage":"fr-FR","potentialAction":[{"@type":"ReadAction","target":["https:\/\/lyonbondyblog.fr\/LBB\/asul-vaulx-en-velin-fait-tomber-palente-besancon-et-se-relance-en-d2-feminine\/"]}]},{"@type":"ImageObject","inLanguage":"fr-FR","@id":"https:\/\/lyonbondyblog.fr\/LBB\/asul-vaulx-en-velin-fait-tomber-palente-besancon-et-se-relance-en-d2-feminine\/#primaryimage","url":"https:\/\/lyonbondyblog.fr\/LBB\/wp-content\/uploads\/2026\/01\/ab0ce6af-2a4b-4ca3-a66c-0537992e263a.jpeg","contentUrl":"https:\/\/lyonbondyblog.fr\/LBB\/wp-content\/uploads\/2026\/01\/ab0ce6af-2a4b-4ca3-a66c-0537992e263a.jpeg","width":1080,"height":1080,"caption":"Visuel par Ambrine Ghaffari"},{"@type":"WebSite","@id":"https:\/\/lyonbondyblog.fr\/LBB\/#website","url":"https:\/\/lyonbondyblog.fr\/LBB\/","name":"Lyon Bondy Blog","description":"","publisher":{"@id":"https:\/\/lyonbondyblog.fr\/LBB\/#organization"},"potentialAction":[{"@type":"SearchAction","target":{"@type":"EntryPoint","urlTemplate":"https:\/\/lyonbondyblog.fr\/LBB\/?s={search_term_string}"},"query-input":"required name=search_term_string"}],"inLanguage":"fr-FR"},{"@type":"Organization","@id":"https:\/\/lyonbondyblog.fr\/LBB\/#organization","name":"LYON BONDY BLOG","url":"https:\/\/lyonbondyblog.fr\/LBB\/","logo":{"@type":"ImageObject","inLanguage":"fr-FR","@id":"https:\/\/lyonbondyblog.fr\/LBB\/#\/schema\/logo\/image\/","url":"http:\/\/lyonbondyblog.fr\/LBB\/wp-content\/uploads\/2014\/10\/logo-portable-144.png","contentUrl":"http:\/\/lyonbondyblog.fr\/LBB\/wp-content\/uploads\/2014\/10\/logo-portable-144.png","width":144,"height":123,"caption":"LYON BONDY BLOG"},"image":{"@id":"https:\/\/lyonbondyblog.fr\/LBB\/#\/schema\/logo\/image\/"},"sameAs":["https:\/\/www.facebook.com\/lyonbondyblog","https:\/\/x.com\/bondybloglyon"]},{"@type":"Person","@id":"https:\/\/lyonbondyblog.fr\/LBB\/#\/schema\/person\/e45f8d27baac75072daa0be50c409b25","name":"La r\u00e9daction","description":"Cr\u00e9e en 2008, la r\u00e9daction du Lyon Bondy Blog s'applique \u00e0 proposer une information locale diff\u00e9rente et compl\u00e9mentaire des m\u00e9dias traditionnels.","sameAs":["https:\/\/www.facebook.com\/lyonbondyblog","https:\/\/x.com\/BondyBlogLyon"],"url":"https:\/\/lyonbondyblog.fr\/LBB\/author\/admin\/"}]}},"_links":{"self":[{"href":"https:\/\/lyonbondyblog.fr\/LBB\/wp-json\/wp\/v2\/posts\/37722","targetHints":{"allow":["GET"]}}],"collection":[{"href":"https:\/\/lyonbondyblog.fr\/LBB\/wp-json\/wp\/v2\/posts"}],"about":[{"href":"https:\/\/lyonbondyblog.fr\/LBB\/wp-json\/wp\/v2\/types\/post"}],"author":[{"embeddable":true,"href":"https:\/\/lyonbondyblog.fr\/LBB\/wp-json\/wp\/v2\/users\/1"}],"replies":[{"embeddable":true,"href":"https:\/\/lyonbondyblog.fr\/LBB\/wp-json\/wp\/v2\/comments?post=37722"}],"version-history":[{"count":3,"href":"https:\/\/lyonbondyblog.fr\/LBB\/wp-json\/wp\/v2\/posts\/37722\/revisions"}],"predecessor-version":[{"id":37732,"href":"https:\/\/lyonbondyblog.fr\/LBB\/wp-json\/wp\/v2\/posts\/37722\/revisions\/37732"}],"wp:featuredmedia":[{"embeddable":true,"href":"https:\/\/lyonbondyblog.fr\/LBB\/wp-json\/wp\/v2\/media\/37723"}],"wp:attachment":[{"href":"https:\/\/lyonbondyblog.fr\/LBB\/wp-json\/wp\/v2\/media?parent=37722"}],"wp:term":[{"taxonomy":"category","embeddable":true,"href":"https:\/\/lyonbondyblog.fr\/LBB\/wp-json\/wp\/v2\/categories?post=37722"},{"taxonomy":"post_tag","embeddable":true,"href":"https:\/\/lyonbondyblog.fr\/LBB\/wp-json\/wp\/v2\/tags?post=37722"}],"curies":[{"name":"wp","href":"https:\/\/api.w.org\/{rel}","templated":true}]}}