{"id":37716,"date":"2026-01-29T11:00:00","date_gmt":"2026-01-29T10:00:00","guid":{"rendered":"https:\/\/lyonbondyblog.fr\/LBB\/?p=37716"},"modified":"2026-01-29T14:49:22","modified_gmt":"2026-01-29T13:49:22","slug":"il-ny-a-plus-de-strategie-il-ny-a-plus-dobjectif-claire-dans-nos-politiques-rencontre-avec-georges-kepenekian","status":"publish","type":"post","link":"https:\/\/lyonbondyblog.fr\/LBB\/il-ny-a-plus-de-strategie-il-ny-a-plus-dobjectif-claire-dans-nos-politiques-rencontre-avec-georges-kepenekian\/","title":{"rendered":"Il n\u2019y a plus de strat\u00e9gie, il n\u2019y a plus d\u2019objectif claire dans nos politiques\u201d : rencontre avec Georges K\u00e9p\u00e9n\u00e9kian"},"content":{"rendered":"\n<p><em>Rendez-vous avec Georges K\u00e9p\u00e9n\u00e9kian, ancien bras droit de G\u00e9rard Collomb, \u00e0 moins de deux mois des prochaines \u00e9lections municipales. Refusant que le scrutin lyonnais se r\u00e9sume \u00e0 un face-\u00e0-face entre Gr\u00e9gory Doucet et Jean-Michel Aulas, le candidat sans \u00e9tiquette d\u00e9fend l\u2019id\u00e9e que \u00ab d\u2019autres voies sont possibles \u00bb.<\/em><\/p>\n\n\n\n<p>Pourtant, les sondages commencent mal. D\u2019apr\u00e8s un sondage OpinionWay pour LyonMag et Radio Espace, publi\u00e9 ce lundi 26 janvier, le candidat sans \u00e9tiquette ne d\u00e9colle pas des 4 %. Mais Georges K\u00e9p\u00e9n\u00e9kian ne faiblit pas. L\u2019ancien \u00e9dile entend porter \u00ab une voix, avec un x, et une voie, avec un e \u00bb aupr\u00e8s des Lyonnaises et des Lyonnais.<\/p>\n\n\n\n<p>Pouvoir d\u2019achat, logement, transports, s\u00e9curit\u00e9, sant\u00e9 : l\u2019homme politique ind\u00e9pendant d\u00e9taille les priorit\u00e9s et les objectifs de sa campagne.<\/p>\n\n\n\n<figure class=\"wp-block-video\"><video controls src=\"https:\/\/lyonbondyblog.fr\/LBB\/wp-content\/uploads\/2026\/01\/copy_C0414FBF-CB43-4053-B61A-F32729CC130A.mov\"><\/video><\/figure>\n\n\n\n<figure class=\"wp-block-video\"><video controls src=\"https:\/\/lyonbondyblog.fr\/LBB\/wp-content\/uploads\/2026\/01\/copy_2605D046-61E6-4D32-ACFB-1921A2393AF4-1.mov\"><\/video><\/figure>\n\n\n\n<p>Julie Desbiaux.<\/p>\n<!-- AddThis Advanced Settings generic via filter on the_content --><!-- AddThis Share Buttons generic via filter on the_content -->","protected":false},"excerpt":{"rendered":"<p>Rendez-vous avec Georges K\u00e9p\u00e9n\u00e9kian, ancien bras droit de G\u00e9rard Collomb, \u00e0 moins de deux mois des prochaines \u00e9lections municipales. Refusant que le scrutin lyonnais se &hellip; <!-- AddThis Advanced Settings generic via filter on wp_trim_excerpt --><!-- AddThis Share Buttons generic via filter on wp_trim_excerpt --><\/p>\n","protected":false},"author":31892,"featured_media":37736,"comment_status":"open","ping_status":"open","sticky":true,"template":"","format":"standard","meta":{"_FSMCFIC_featured_image_caption":"Rendez-vous avec Georges K\u00e9p\u00e9n\u00e9kian, ancien bras droit de G\u00e9rard Collomb, \u00e0 moins de deux mois des prochaines \u00e9lections municipales. Refusant que le scrutin lyonnais se r\u00e9sume \u00e0 un face-\u00e0-face entre Gr\u00e9gory Doucet et Jean-Michel Aulas, le candidat sans \u00e9tiquette d\u00e9fend l\u2019id\u00e9e que \u00ab d\u2019autres voies sont possibles \u00bb.","_FSMCFIC_featured_image_nocaption":"","_FSMCFIC_featured_image_hide":"","footnotes":""},"categories":[4,28441,6],"tags":[135,10,165],"class_list":["post-37716","post","type-post","status-publish","format-standard","has-post-thumbnail","hentry","category-lyon","category-municipales-2026","category-politique","tag-lbb","tag-lyon-2","tag-politique-2"],"yoast_head":"<!-- This site is optimized with the Yoast SEO plugin v22.8 - https:\/\/yoast.com\/wordpress\/plugins\/seo\/ -->\n<title>Il n\u2019y a plus de strat\u00e9gie, il n\u2019y a plus d\u2019objectif claire dans nos politiques\u201d : rencontre avec Georges K\u00e9p\u00e9n\u00e9kian - Lyon Bondy Blog<\/title>\n<meta name=\"robots\" content=\"index, follow, max-snippet:-1, max-image-preview:large, max-video-preview:-1\" \/>\n<link rel=\"canonical\" href=\"https:\/\/lyonbondyblog.fr\/LBB\/il-ny-a-plus-de-strategie-il-ny-a-plus-dobjectif-claire-dans-nos-politiques-rencontre-avec-georges-kepenekian\/\" \/>\n<meta property=\"og:locale\" content=\"fr_FR\" \/>\n<meta property=\"og:type\" content=\"article\" \/>\n<meta property=\"og:title\" content=\"Il n\u2019y a plus de strat\u00e9gie, il n\u2019y a plus d\u2019objectif claire dans nos politiques\u201d : rencontre avec Georges K\u00e9p\u00e9n\u00e9kian - Lyon Bondy Blog\" \/>\n<meta property=\"og:description\" content=\"Rendez-vous avec Georges K\u00e9p\u00e9n\u00e9kian, ancien bras droit de G\u00e9rard Collomb, \u00e0 moins de deux mois des prochaines \u00e9lections municipales. Refusant que le scrutin lyonnais se &hellip;\" \/>\n<meta property=\"og:url\" content=\"https:\/\/lyonbondyblog.fr\/LBB\/il-ny-a-plus-de-strategie-il-ny-a-plus-dobjectif-claire-dans-nos-politiques-rencontre-avec-georges-kepenekian\/\" \/>\n<meta property=\"og:site_name\" content=\"Lyon Bondy Blog\" \/>\n<meta property=\"article:publisher\" content=\"https:\/\/www.facebook.com\/lyonbondyblog\" \/>\n<meta property=\"article:published_time\" content=\"2026-01-29T10:00:00+00:00\" \/>\n<meta property=\"article:modified_time\" content=\"2026-01-29T13:49:22+00:00\" \/>\n<meta property=\"og:image\" content=\"https:\/\/lyonbondyblog.fr\/LBB\/wp-content\/uploads\/2026\/01\/Kepenekiann-scaled.png\" \/>\n\t<meta property=\"og:image:width\" content=\"2560\" \/>\n\t<meta property=\"og:image:height\" content=\"1440\" \/>\n\t<meta property=\"og:image:type\" content=\"image\/png\" \/>\n<meta name=\"author\" content=\"Julie Desbiaux\" \/>\n<meta name=\"twitter:card\" content=\"summary_large_image\" \/>\n<meta name=\"twitter:creator\" content=\"@bondybloglyon\" \/>\n<meta name=\"twitter:site\" content=\"@bondybloglyon\" \/>\n<script type=\"application\/ld+json\" class=\"yoast-schema-graph\">{\"@context\":\"https:\/\/schema.org\",\"@graph\":[{\"@type\":\"Article\",\"@id\":\"https:\/\/lyonbondyblog.fr\/LBB\/il-ny-a-plus-de-strategie-il-ny-a-plus-dobjectif-claire-dans-nos-politiques-rencontre-avec-georges-kepenekian\/#article\",\"isPartOf\":{\"@id\":\"https:\/\/lyonbondyblog.fr\/LBB\/il-ny-a-plus-de-strategie-il-ny-a-plus-dobjectif-claire-dans-nos-politiques-rencontre-avec-georges-kepenekian\/\"},\"author\":{\"name\":\"Julie Desbiaux\",\"@id\":\"https:\/\/lyonbondyblog.fr\/LBB\/#\/schema\/person\/5dcf84640fa6b28944ea8f1575a5a214\"},\"headline\":\"Il n\u2019y a plus de strat\u00e9gie, il n\u2019y a plus d\u2019objectif claire dans nos politiques\u201d : rencontre avec Georges K\u00e9p\u00e9n\u00e9kian\",\"datePublished\":\"2026-01-29T10:00:00+00:00\",\"dateModified\":\"2026-01-29T13:49:22+00:00\",\"mainEntityOfPage\":{\"@id\":\"https:\/\/lyonbondyblog.fr\/LBB\/il-ny-a-plus-de-strategie-il-ny-a-plus-dobjectif-claire-dans-nos-politiques-rencontre-avec-georges-kepenekian\/\"},\"wordCount\":168,\"commentCount\":0,\"publisher\":{\"@id\":\"https:\/\/lyonbondyblog.fr\/LBB\/#organization\"},\"image\":{\"@id\":\"https:\/\/lyonbondyblog.fr\/LBB\/il-ny-a-plus-de-strategie-il-ny-a-plus-dobjectif-claire-dans-nos-politiques-rencontre-avec-georges-kepenekian\/#primaryimage\"},\"thumbnailUrl\":\"https:\/\/lyonbondyblog.fr\/LBB\/wp-content\/uploads\/2026\/01\/Kepenekiann-scaled.png\",\"keywords\":[\"LBB\",\"lyon\",\"politique\"],\"articleSection\":[\"Lyon\",\"Municipales 2026\",\"Politique\"],\"inLanguage\":\"fr-FR\",\"potentialAction\":[{\"@type\":\"CommentAction\",\"name\":\"Comment\",\"target\":[\"https:\/\/lyonbondyblog.fr\/LBB\/il-ny-a-plus-de-strategie-il-ny-a-plus-dobjectif-claire-dans-nos-politiques-rencontre-avec-georges-kepenekian\/#respond\"]}]},{\"@type\":\"WebPage\",\"@id\":\"https:\/\/lyonbondyblog.fr\/LBB\/il-ny-a-plus-de-strategie-il-ny-a-plus-dobjectif-claire-dans-nos-politiques-rencontre-avec-georges-kepenekian\/\",\"url\":\"https:\/\/lyonbondyblog.fr\/LBB\/il-ny-a-plus-de-strategie-il-ny-a-plus-dobjectif-claire-dans-nos-politiques-rencontre-avec-georges-kepenekian\/\",\"name\":\"Il n\u2019y a plus de strat\u00e9gie, il n\u2019y a plus d\u2019objectif claire dans nos politiques\u201d : rencontre avec Georges K\u00e9p\u00e9n\u00e9kian - Lyon Bondy Blog\",\"isPartOf\":{\"@id\":\"https:\/\/lyonbondyblog.fr\/LBB\/#website\"},\"primaryImageOfPage\":{\"@id\":\"https:\/\/lyonbondyblog.fr\/LBB\/il-ny-a-plus-de-strategie-il-ny-a-plus-dobjectif-claire-dans-nos-politiques-rencontre-avec-georges-kepenekian\/#primaryimage\"},\"image\":{\"@id\":\"https:\/\/lyonbondyblog.fr\/LBB\/il-ny-a-plus-de-strategie-il-ny-a-plus-dobjectif-claire-dans-nos-politiques-rencontre-avec-georges-kepenekian\/#primaryimage\"},\"thumbnailUrl\":\"https:\/\/lyonbondyblog.fr\/LBB\/wp-content\/uploads\/2026\/01\/Kepenekiann-scaled.png\",\"datePublished\":\"2026-01-29T10:00:00+00:00\",\"dateModified\":\"2026-01-29T13:49:22+00:00\",\"inLanguage\":\"fr-FR\",\"potentialAction\":[{\"@type\":\"ReadAction\",\"target\":[\"https:\/\/lyonbondyblog.fr\/LBB\/il-ny-a-plus-de-strategie-il-ny-a-plus-dobjectif-claire-dans-nos-politiques-rencontre-avec-georges-kepenekian\/\"]}]},{\"@type\":\"ImageObject\",\"inLanguage\":\"fr-FR\",\"@id\":\"https:\/\/lyonbondyblog.fr\/LBB\/il-ny-a-plus-de-strategie-il-ny-a-plus-dobjectif-claire-dans-nos-politiques-rencontre-avec-georges-kepenekian\/#primaryimage\",\"url\":\"https:\/\/lyonbondyblog.fr\/LBB\/wp-content\/uploads\/2026\/01\/Kepenekiann-scaled.png\",\"contentUrl\":\"https:\/\/lyonbondyblog.fr\/LBB\/wp-content\/uploads\/2026\/01\/Kepenekiann-scaled.png\",\"width\":2560,\"height\":1440},{\"@type\":\"WebSite\",\"@id\":\"https:\/\/lyonbondyblog.fr\/LBB\/#website\",\"url\":\"https:\/\/lyonbondyblog.fr\/LBB\/\",\"name\":\"Lyon Bondy Blog\",\"description\":\"\",\"publisher\":{\"@id\":\"https:\/\/lyonbondyblog.fr\/LBB\/#organization\"},\"potentialAction\":[{\"@type\":\"SearchAction\",\"target\":{\"@type\":\"EntryPoint\",\"urlTemplate\":\"https:\/\/lyonbondyblog.fr\/LBB\/?s={search_term_string}\"},\"query-input\":\"required name=search_term_string\"}],\"inLanguage\":\"fr-FR\"},{\"@type\":\"Organization\",\"@id\":\"https:\/\/lyonbondyblog.fr\/LBB\/#organization\",\"name\":\"LYON BONDY BLOG\",\"url\":\"https:\/\/lyonbondyblog.fr\/LBB\/\",\"logo\":{\"@type\":\"ImageObject\",\"inLanguage\":\"fr-FR\",\"@id\":\"https:\/\/lyonbondyblog.fr\/LBB\/#\/schema\/logo\/image\/\",\"url\":\"http:\/\/lyonbondyblog.fr\/LBB\/wp-content\/uploads\/2014\/10\/logo-portable-144.png\",\"contentUrl\":\"http:\/\/lyonbondyblog.fr\/LBB\/wp-content\/uploads\/2014\/10\/logo-portable-144.png\",\"width\":144,\"height\":123,\"caption\":\"LYON BONDY BLOG\"},\"image\":{\"@id\":\"https:\/\/lyonbondyblog.fr\/LBB\/#\/schema\/logo\/image\/\"},\"sameAs\":[\"https:\/\/www.facebook.com\/lyonbondyblog\",\"https:\/\/x.com\/bondybloglyon\"]},{\"@type\":\"Person\",\"@id\":\"https:\/\/lyonbondyblog.fr\/LBB\/#\/schema\/person\/5dcf84640fa6b28944ea8f1575a5a214\",\"name\":\"Julie Desbiaux\",\"url\":\"https:\/\/lyonbondyblog.fr\/LBB\/author\/julie-desbiaux\/\"}]}<\/script>\n<!-- \/ Yoast SEO plugin. -->","yoast_head_json":{"title":"Il n\u2019y a plus de strat\u00e9gie, il n\u2019y a plus d\u2019objectif claire dans nos politiques\u201d : rencontre avec Georges K\u00e9p\u00e9n\u00e9kian - Lyon Bondy Blog","robots":{"index":"index","follow":"follow","max-snippet":"max-snippet:-1","max-image-preview":"max-image-preview:large","max-video-preview":"max-video-preview:-1"},"canonical":"https:\/\/lyonbondyblog.fr\/LBB\/il-ny-a-plus-de-strategie-il-ny-a-plus-dobjectif-claire-dans-nos-politiques-rencontre-avec-georges-kepenekian\/","og_locale":"fr_FR","og_type":"article","og_title":"Il n\u2019y a plus de strat\u00e9gie, il n\u2019y a plus d\u2019objectif claire dans nos politiques\u201d : rencontre avec Georges K\u00e9p\u00e9n\u00e9kian - Lyon Bondy Blog","og_description":"Rendez-vous avec Georges K\u00e9p\u00e9n\u00e9kian, ancien bras droit de G\u00e9rard Collomb, \u00e0 moins de deux mois des prochaines \u00e9lections municipales. Refusant que le scrutin lyonnais se &hellip;","og_url":"https:\/\/lyonbondyblog.fr\/LBB\/il-ny-a-plus-de-strategie-il-ny-a-plus-dobjectif-claire-dans-nos-politiques-rencontre-avec-georges-kepenekian\/","og_site_name":"Lyon Bondy Blog","article_publisher":"https:\/\/www.facebook.com\/lyonbondyblog","article_published_time":"2026-01-29T10:00:00+00:00","article_modified_time":"2026-01-29T13:49:22+00:00","og_image":[{"width":2560,"height":1440,"url":"https:\/\/lyonbondyblog.fr\/LBB\/wp-content\/uploads\/2026\/01\/Kepenekiann-scaled.png","type":"image\/png"}],"author":"Julie Desbiaux","twitter_card":"summary_large_image","twitter_creator":"@bondybloglyon","twitter_site":"@bondybloglyon","schema":{"@context":"https:\/\/schema.org","@graph":[{"@type":"Article","@id":"https:\/\/lyonbondyblog.fr\/LBB\/il-ny-a-plus-de-strategie-il-ny-a-plus-dobjectif-claire-dans-nos-politiques-rencontre-avec-georges-kepenekian\/#article","isPartOf":{"@id":"https:\/\/lyonbondyblog.fr\/LBB\/il-ny-a-plus-de-strategie-il-ny-a-plus-dobjectif-claire-dans-nos-politiques-rencontre-avec-georges-kepenekian\/"},"author":{"name":"Julie Desbiaux","@id":"https:\/\/lyonbondyblog.fr\/LBB\/#\/schema\/person\/5dcf84640fa6b28944ea8f1575a5a214"},"headline":"Il n\u2019y a plus de strat\u00e9gie, il n\u2019y a plus d\u2019objectif claire dans nos politiques\u201d : rencontre avec Georges K\u00e9p\u00e9n\u00e9kian","datePublished":"2026-01-29T10:00:00+00:00","dateModified":"2026-01-29T13:49:22+00:00","mainEntityOfPage":{"@id":"https:\/\/lyonbondyblog.fr\/LBB\/il-ny-a-plus-de-strategie-il-ny-a-plus-dobjectif-claire-dans-nos-politiques-rencontre-avec-georges-kepenekian\/"},"wordCount":168,"commentCount":0,"publisher":{"@id":"https:\/\/lyonbondyblog.fr\/LBB\/#organization"},"image":{"@id":"https:\/\/lyonbondyblog.fr\/LBB\/il-ny-a-plus-de-strategie-il-ny-a-plus-dobjectif-claire-dans-nos-politiques-rencontre-avec-georges-kepenekian\/#primaryimage"},"thumbnailUrl":"https:\/\/lyonbondyblog.fr\/LBB\/wp-content\/uploads\/2026\/01\/Kepenekiann-scaled.png","keywords":["LBB","lyon","politique"],"articleSection":["Lyon","Municipales 2026","Politique"],"inLanguage":"fr-FR","potentialAction":[{"@type":"CommentAction","name":"Comment","target":["https:\/\/lyonbondyblog.fr\/LBB\/il-ny-a-plus-de-strategie-il-ny-a-plus-dobjectif-claire-dans-nos-politiques-rencontre-avec-georges-kepenekian\/#respond"]}]},{"@type":"WebPage","@id":"https:\/\/lyonbondyblog.fr\/LBB\/il-ny-a-plus-de-strategie-il-ny-a-plus-dobjectif-claire-dans-nos-politiques-rencontre-avec-georges-kepenekian\/","url":"https:\/\/lyonbondyblog.fr\/LBB\/il-ny-a-plus-de-strategie-il-ny-a-plus-dobjectif-claire-dans-nos-politiques-rencontre-avec-georges-kepenekian\/","name":"Il n\u2019y a plus de strat\u00e9gie, il n\u2019y a plus d\u2019objectif claire dans nos politiques\u201d : rencontre avec Georges K\u00e9p\u00e9n\u00e9kian - Lyon Bondy Blog","isPartOf":{"@id":"https:\/\/lyonbondyblog.fr\/LBB\/#website"},"primaryImageOfPage":{"@id":"https:\/\/lyonbondyblog.fr\/LBB\/il-ny-a-plus-de-strategie-il-ny-a-plus-dobjectif-claire-dans-nos-politiques-rencontre-avec-georges-kepenekian\/#primaryimage"},"image":{"@id":"https:\/\/lyonbondyblog.fr\/LBB\/il-ny-a-plus-de-strategie-il-ny-a-plus-dobjectif-claire-dans-nos-politiques-rencontre-avec-georges-kepenekian\/#primaryimage"},"thumbnailUrl":"https:\/\/lyonbondyblog.fr\/LBB\/wp-content\/uploads\/2026\/01\/Kepenekiann-scaled.png","datePublished":"2026-01-29T10:00:00+00:00","dateModified":"2026-01-29T13:49:22+00:00","inLanguage":"fr-FR","potentialAction":[{"@type":"ReadAction","target":["https:\/\/lyonbondyblog.fr\/LBB\/il-ny-a-plus-de-strategie-il-ny-a-plus-dobjectif-claire-dans-nos-politiques-rencontre-avec-georges-kepenekian\/"]}]},{"@type":"ImageObject","inLanguage":"fr-FR","@id":"https:\/\/lyonbondyblog.fr\/LBB\/il-ny-a-plus-de-strategie-il-ny-a-plus-dobjectif-claire-dans-nos-politiques-rencontre-avec-georges-kepenekian\/#primaryimage","url":"https:\/\/lyonbondyblog.fr\/LBB\/wp-content\/uploads\/2026\/01\/Kepenekiann-scaled.png","contentUrl":"https:\/\/lyonbondyblog.fr\/LBB\/wp-content\/uploads\/2026\/01\/Kepenekiann-scaled.png","width":2560,"height":1440},{"@type":"WebSite","@id":"https:\/\/lyonbondyblog.fr\/LBB\/#website","url":"https:\/\/lyonbondyblog.fr\/LBB\/","name":"Lyon Bondy Blog","description":"","publisher":{"@id":"https:\/\/lyonbondyblog.fr\/LBB\/#organization"},"potentialAction":[{"@type":"SearchAction","target":{"@type":"EntryPoint","urlTemplate":"https:\/\/lyonbondyblog.fr\/LBB\/?s={search_term_string}"},"query-input":"required name=search_term_string"}],"inLanguage":"fr-FR"},{"@type":"Organization","@id":"https:\/\/lyonbondyblog.fr\/LBB\/#organization","name":"LYON BONDY BLOG","url":"https:\/\/lyonbondyblog.fr\/LBB\/","logo":{"@type":"ImageObject","inLanguage":"fr-FR","@id":"https:\/\/lyonbondyblog.fr\/LBB\/#\/schema\/logo\/image\/","url":"http:\/\/lyonbondyblog.fr\/LBB\/wp-content\/uploads\/2014\/10\/logo-portable-144.png","contentUrl":"http:\/\/lyonbondyblog.fr\/LBB\/wp-content\/uploads\/2014\/10\/logo-portable-144.png","width":144,"height":123,"caption":"LYON BONDY BLOG"},"image":{"@id":"https:\/\/lyonbondyblog.fr\/LBB\/#\/schema\/logo\/image\/"},"sameAs":["https:\/\/www.facebook.com\/lyonbondyblog","https:\/\/x.com\/bondybloglyon"]},{"@type":"Person","@id":"https:\/\/lyonbondyblog.fr\/LBB\/#\/schema\/person\/5dcf84640fa6b28944ea8f1575a5a214","name":"Julie Desbiaux","url":"https:\/\/lyonbondyblog.fr\/LBB\/author\/julie-desbiaux\/"}]}},"_links":{"self":[{"href":"https:\/\/lyonbondyblog.fr\/LBB\/wp-json\/wp\/v2\/posts\/37716","targetHints":{"allow":["GET"]}}],"collection":[{"href":"https:\/\/lyonbondyblog.fr\/LBB\/wp-json\/wp\/v2\/posts"}],"about":[{"href":"https:\/\/lyonbondyblog.fr\/LBB\/wp-json\/wp\/v2\/types\/post"}],"author":[{"embeddable":true,"href":"https:\/\/lyonbondyblog.fr\/LBB\/wp-json\/wp\/v2\/users\/31892"}],"replies":[{"embeddable":true,"href":"https:\/\/lyonbondyblog.fr\/LBB\/wp-json\/wp\/v2\/comments?post=37716"}],"version-history":[{"count":1,"href":"https:\/\/lyonbondyblog.fr\/LBB\/wp-json\/wp\/v2\/posts\/37716\/revisions"}],"predecessor-version":[{"id":37721,"href":"https:\/\/lyonbondyblog.fr\/LBB\/wp-json\/wp\/v2\/posts\/37716\/revisions\/37721"}],"wp:featuredmedia":[{"embeddable":true,"href":"https:\/\/lyonbondyblog.fr\/LBB\/wp-json\/wp\/v2\/media\/37736"}],"wp:attachment":[{"href":"https:\/\/lyonbondyblog.fr\/LBB\/wp-json\/wp\/v2\/media?parent=37716"}],"wp:term":[{"taxonomy":"category","embeddable":true,"href":"https:\/\/lyonbondyblog.fr\/LBB\/wp-json\/wp\/v2\/categories?post=37716"},{"taxonomy":"post_tag","embeddable":true,"href":"https:\/\/lyonbondyblog.fr\/LBB\/wp-json\/wp\/v2\/tags?post=37716"}],"curies":[{"name":"wp","href":"https:\/\/api.w.org\/{rel}","templated":true}]}}