{"id":37711,"date":"2026-01-29T17:00:00","date_gmt":"2026-01-29T16:00:00","guid":{"rendered":"https:\/\/lyonbondyblog.fr\/LBB\/?p=37711"},"modified":"2026-01-29T17:06:50","modified_gmt":"2026-01-29T16:06:50","slug":"fabien-bagnon-un-monsieur-velo-relegue-avant-les-metropolitaines-2026","status":"publish","type":"post","link":"https:\/\/lyonbondyblog.fr\/LBB\/fabien-bagnon-un-monsieur-velo-relegue-avant-les-metropolitaines-2026\/","title":{"rendered":"Fabien Bagnon, un \u00ab monsieur v\u00e9lo \u00bb rel\u00e9gu\u00e9 avant les m\u00e9tropolitaines 2026"},"content":{"rendered":"\n<p><strong>Alors que les \u00e9cologistes se mettent en ordre de marche pour les \u00e9lections m\u00e9tropolitaines de 2026 \u00e0 Lyon, l\u2019avenir de Fabien Bagnon appara\u00eet incertain. Figure identifi\u00e9e de la politique cyclable, l\u2019\u00e9lu se retrouve \u00e0 la marge au moment o\u00f9 son camp cherche \u00e0 recomposer son \u00e9quipe.<\/strong><\/p>\n\n\n\n<p>La campagne pour les m\u00e9tropolitaines de 2026 s\u2019ouvre dans un climat de recomposition au sein de la majorit\u00e9 \u00e9cologiste lyonnaise. Longtemps mis en avant comme le visage de la promotion du v\u00e9lo et des mobilit\u00e9s actives, <a href=\"http:\/\/La campagne pour les m\u00e9tropolitaines de 2026 s\u2019ouvre dans un climat de recomposition au sein de la majorit\u00e9 \u00e9cologiste lyonnaise. Longtemps mis en avant comme le visage de la promotion du v\u00e9lo et des mobilit\u00e9s actives, Fabien Bagnon n\u2019appara\u00eet plus comme un des premiers visages de la s\u00e9quence \u00e0 venir. Cette mise en retrait interroge sur la place accord\u00e9e \u00e0 celui qui a incarn\u00e9 une partie des transformations de l\u2019espace public depuis 2020.\">Fabien Bagnon n\u2019appara\u00eet plus comme un des premiers visages de la s\u00e9quence \u00e0 venir<\/a>. Cette mise en retrait interroge sur la place accord\u00e9e \u00e0 celui qui a incarn\u00e9 une partie des transformations de l\u2019espace public depuis 2020.<\/p>\n\n\n\n<p>\u00c9lu au sein de la M\u00e9tropole de Lyon, Fabien Bagnon s\u2019est impos\u00e9 comme un symbole de la politique en faveur du v\u00e9lo, jusqu\u2019\u00e0 \u00eatre surnomm\u00e9 \u00ab monsieur v\u00e9lo \u00bb. Sa d\u00e9fense d\u2019un partage diff\u00e9rent de la voirie, avec davantage de pistes cyclables et une r\u00e9duction de la place de la voiture, lui a valu autant de soutiens enthousiastes que de critiques virulentes. Ses choix ont parfois cristallis\u00e9 les tensions autour des chantiers de mobilit\u00e9, au point d\u2019en faire une cible privil\u00e9gi\u00e9e de l\u2019opposition et d\u2019une partie des riverains.<\/p>\n\n\n\n<p><br>Dans la perspective du scrutin de 2026, les \u00e9cologistes ont engag\u00e9 un travail de renouvellement et de redistribution des r\u00f4les. Plusieurs figures mises en avant en d\u00e9but de mandat se voient aujourd\u2019hui rel\u00e9gu\u00e9es \u00e0 l\u2019arri\u00e8re-plan, au profit de nouveaux profils issus \u00e0 la fois du monde militant, associatif et des alliances partisanes. La place plus discr\u00e8te accord\u00e9e \u00e0 Fabien Bagnon peut ainsi \u00eatre lue comme le signe d\u2019un r\u00e9\u00e9quilibrage interne, destin\u00e9 \u00e0 apaiser les pol\u00e9miques et \u00e0 \u00e9largir la base \u00e9lectorale de la majorit\u00e9 sortante.<\/p>\n\n\n\n<p><br>Reste \u00e0 savoir quel sera, \u00e0 moyen terme, l\u2019avenir politique de l\u2019\u00e9lu. Sa l\u00e9gitimit\u00e9 repose sur un bilan tangible en mati\u00e8re de mobilit\u00e9s actives, mais aussi sur une image clivante, qui peut appara\u00eetre comme un atout ou un handicap selon les territoires et les \u00e9lectorats vis\u00e9s. Entre continuit\u00e9 des politiques men\u00e9es et adaptation \u00e0 un contexte \u00e9lectoral plus incertain, la majorit\u00e9 \u00e9cologiste devra trancher : conserver Fabien Bagnon dans le peloton de t\u00eate ou le cantonner au r\u00f4le de simple rouleur, loin des projecteurs, comme le sugg\u00e8re la caricature qui l\u2019imagine d\u00e9j\u00e0 d\u00e9croch\u00e9, se demandant s\u2019il pourra au moins garder son v\u00e9lo.<\/p>\n\n\n\n<p><\/p>\n<!-- AddThis Advanced Settings generic via filter on the_content --><!-- AddThis Share Buttons generic via filter on the_content -->","protected":false},"excerpt":{"rendered":"<p>Alors que les \u00e9cologistes se mettent en ordre de marche pour les \u00e9lections m\u00e9tropolitaines de 2026 \u00e0 Lyon, l\u2019avenir de Fabien Bagnon appara\u00eet incertain. Figure &hellip; <!-- AddThis Advanced Settings generic via filter on wp_trim_excerpt --><!-- AddThis Share Buttons generic via filter on wp_trim_excerpt --><\/p>\n","protected":false},"author":1,"featured_media":37712,"comment_status":"open","ping_status":"open","sticky":true,"template":"","format":"standard","meta":{"_FSMCFIC_featured_image_caption":"","_FSMCFIC_featured_image_nocaption":"","_FSMCFIC_featured_image_hide":"","footnotes":""},"categories":[1084,22015,6],"tags":[],"class_list":["post-37711","post","type-post","status-publish","format-standard","has-post-thumbnail","hentry","category-dessin-de-presse","category-metropole","category-politique"],"yoast_head":"<!-- This site is optimized with the Yoast SEO plugin v22.8 - https:\/\/yoast.com\/wordpress\/plugins\/seo\/ -->\n<title>Fabien Bagnon, un \u00ab monsieur v\u00e9lo \u00bb rel\u00e9gu\u00e9 avant les m\u00e9tropolitaines 2026 - Lyon Bondy Blog<\/title>\n<meta name=\"robots\" content=\"index, follow, max-snippet:-1, max-image-preview:large, max-video-preview:-1\" \/>\n<link rel=\"canonical\" href=\"https:\/\/lyonbondyblog.fr\/LBB\/fabien-bagnon-un-monsieur-velo-relegue-avant-les-metropolitaines-2026\/\" \/>\n<meta property=\"og:locale\" content=\"fr_FR\" \/>\n<meta property=\"og:type\" content=\"article\" \/>\n<meta property=\"og:title\" content=\"Fabien Bagnon, un \u00ab monsieur v\u00e9lo \u00bb rel\u00e9gu\u00e9 avant les m\u00e9tropolitaines 2026 - Lyon Bondy Blog\" \/>\n<meta property=\"og:description\" content=\"Alors que les \u00e9cologistes se mettent en ordre de marche pour les \u00e9lections m\u00e9tropolitaines de 2026 \u00e0 Lyon, l\u2019avenir de Fabien Bagnon appara\u00eet incertain. Figure &hellip;\" \/>\n<meta property=\"og:url\" content=\"https:\/\/lyonbondyblog.fr\/LBB\/fabien-bagnon-un-monsieur-velo-relegue-avant-les-metropolitaines-2026\/\" \/>\n<meta property=\"og:site_name\" content=\"Lyon Bondy Blog\" \/>\n<meta property=\"article:publisher\" content=\"https:\/\/www.facebook.com\/lyonbondyblog\" \/>\n<meta property=\"article:author\" content=\"https:\/\/www.facebook.com\/lyonbondyblog\" \/>\n<meta property=\"article:published_time\" content=\"2026-01-29T16:00:00+00:00\" \/>\n<meta property=\"article:modified_time\" content=\"2026-01-29T16:06:50+00:00\" \/>\n<meta property=\"og:image\" content=\"https:\/\/lyonbondyblog.fr\/LBB\/wp-content\/uploads\/2026\/01\/0AE1CEA7-1D89-446B-BE22-D37B6723469F.jpeg\" \/>\n\t<meta property=\"og:image:width\" content=\"610\" \/>\n\t<meta property=\"og:image:height\" content=\"702\" \/>\n\t<meta property=\"og:image:type\" content=\"image\/jpeg\" \/>\n<meta name=\"author\" content=\"La r\u00e9daction\" \/>\n<meta name=\"twitter:card\" content=\"summary_large_image\" \/>\n<meta name=\"twitter:creator\" content=\"@BondyBlogLyon\" \/>\n<meta name=\"twitter:site\" content=\"@bondybloglyon\" \/>\n<script type=\"application\/ld+json\" class=\"yoast-schema-graph\">{\"@context\":\"https:\/\/schema.org\",\"@graph\":[{\"@type\":\"Article\",\"@id\":\"https:\/\/lyonbondyblog.fr\/LBB\/fabien-bagnon-un-monsieur-velo-relegue-avant-les-metropolitaines-2026\/#article\",\"isPartOf\":{\"@id\":\"https:\/\/lyonbondyblog.fr\/LBB\/fabien-bagnon-un-monsieur-velo-relegue-avant-les-metropolitaines-2026\/\"},\"author\":{\"name\":\"La r\u00e9daction\",\"@id\":\"https:\/\/lyonbondyblog.fr\/LBB\/#\/schema\/person\/e45f8d27baac75072daa0be50c409b25\"},\"headline\":\"Fabien Bagnon, un \u00ab monsieur v\u00e9lo \u00bb rel\u00e9gu\u00e9 avant les m\u00e9tropolitaines 2026\",\"datePublished\":\"2026-01-29T16:00:00+00:00\",\"dateModified\":\"2026-01-29T16:06:50+00:00\",\"mainEntityOfPage\":{\"@id\":\"https:\/\/lyonbondyblog.fr\/LBB\/fabien-bagnon-un-monsieur-velo-relegue-avant-les-metropolitaines-2026\/\"},\"wordCount\":441,\"commentCount\":0,\"publisher\":{\"@id\":\"https:\/\/lyonbondyblog.fr\/LBB\/#organization\"},\"image\":{\"@id\":\"https:\/\/lyonbondyblog.fr\/LBB\/fabien-bagnon-un-monsieur-velo-relegue-avant-les-metropolitaines-2026\/#primaryimage\"},\"thumbnailUrl\":\"https:\/\/lyonbondyblog.fr\/LBB\/wp-content\/uploads\/2026\/01\/0AE1CEA7-1D89-446B-BE22-D37B6723469F.jpeg\",\"articleSection\":[\"Dessin de presse\",\"M\u00e9tropole\",\"Politique\"],\"inLanguage\":\"fr-FR\",\"potentialAction\":[{\"@type\":\"CommentAction\",\"name\":\"Comment\",\"target\":[\"https:\/\/lyonbondyblog.fr\/LBB\/fabien-bagnon-un-monsieur-velo-relegue-avant-les-metropolitaines-2026\/#respond\"]}]},{\"@type\":\"WebPage\",\"@id\":\"https:\/\/lyonbondyblog.fr\/LBB\/fabien-bagnon-un-monsieur-velo-relegue-avant-les-metropolitaines-2026\/\",\"url\":\"https:\/\/lyonbondyblog.fr\/LBB\/fabien-bagnon-un-monsieur-velo-relegue-avant-les-metropolitaines-2026\/\",\"name\":\"Fabien Bagnon, un \u00ab monsieur v\u00e9lo \u00bb rel\u00e9gu\u00e9 avant les m\u00e9tropolitaines 2026 - Lyon Bondy Blog\",\"isPartOf\":{\"@id\":\"https:\/\/lyonbondyblog.fr\/LBB\/#website\"},\"primaryImageOfPage\":{\"@id\":\"https:\/\/lyonbondyblog.fr\/LBB\/fabien-bagnon-un-monsieur-velo-relegue-avant-les-metropolitaines-2026\/#primaryimage\"},\"image\":{\"@id\":\"https:\/\/lyonbondyblog.fr\/LBB\/fabien-bagnon-un-monsieur-velo-relegue-avant-les-metropolitaines-2026\/#primaryimage\"},\"thumbnailUrl\":\"https:\/\/lyonbondyblog.fr\/LBB\/wp-content\/uploads\/2026\/01\/0AE1CEA7-1D89-446B-BE22-D37B6723469F.jpeg\",\"datePublished\":\"2026-01-29T16:00:00+00:00\",\"dateModified\":\"2026-01-29T16:06:50+00:00\",\"inLanguage\":\"fr-FR\",\"potentialAction\":[{\"@type\":\"ReadAction\",\"target\":[\"https:\/\/lyonbondyblog.fr\/LBB\/fabien-bagnon-un-monsieur-velo-relegue-avant-les-metropolitaines-2026\/\"]}]},{\"@type\":\"ImageObject\",\"inLanguage\":\"fr-FR\",\"@id\":\"https:\/\/lyonbondyblog.fr\/LBB\/fabien-bagnon-un-monsieur-velo-relegue-avant-les-metropolitaines-2026\/#primaryimage\",\"url\":\"https:\/\/lyonbondyblog.fr\/LBB\/wp-content\/uploads\/2026\/01\/0AE1CEA7-1D89-446B-BE22-D37B6723469F.jpeg\",\"contentUrl\":\"https:\/\/lyonbondyblog.fr\/LBB\/wp-content\/uploads\/2026\/01\/0AE1CEA7-1D89-446B-BE22-D37B6723469F.jpeg\",\"width\":610,\"height\":702},{\"@type\":\"WebSite\",\"@id\":\"https:\/\/lyonbondyblog.fr\/LBB\/#website\",\"url\":\"https:\/\/lyonbondyblog.fr\/LBB\/\",\"name\":\"Lyon Bondy Blog\",\"description\":\"\",\"publisher\":{\"@id\":\"https:\/\/lyonbondyblog.fr\/LBB\/#organization\"},\"potentialAction\":[{\"@type\":\"SearchAction\",\"target\":{\"@type\":\"EntryPoint\",\"urlTemplate\":\"https:\/\/lyonbondyblog.fr\/LBB\/?s={search_term_string}\"},\"query-input\":\"required name=search_term_string\"}],\"inLanguage\":\"fr-FR\"},{\"@type\":\"Organization\",\"@id\":\"https:\/\/lyonbondyblog.fr\/LBB\/#organization\",\"name\":\"LYON BONDY BLOG\",\"url\":\"https:\/\/lyonbondyblog.fr\/LBB\/\",\"logo\":{\"@type\":\"ImageObject\",\"inLanguage\":\"fr-FR\",\"@id\":\"https:\/\/lyonbondyblog.fr\/LBB\/#\/schema\/logo\/image\/\",\"url\":\"http:\/\/lyonbondyblog.fr\/LBB\/wp-content\/uploads\/2014\/10\/logo-portable-144.png\",\"contentUrl\":\"http:\/\/lyonbondyblog.fr\/LBB\/wp-content\/uploads\/2014\/10\/logo-portable-144.png\",\"width\":144,\"height\":123,\"caption\":\"LYON BONDY BLOG\"},\"image\":{\"@id\":\"https:\/\/lyonbondyblog.fr\/LBB\/#\/schema\/logo\/image\/\"},\"sameAs\":[\"https:\/\/www.facebook.com\/lyonbondyblog\",\"https:\/\/x.com\/bondybloglyon\"]},{\"@type\":\"Person\",\"@id\":\"https:\/\/lyonbondyblog.fr\/LBB\/#\/schema\/person\/e45f8d27baac75072daa0be50c409b25\",\"name\":\"La r\u00e9daction\",\"description\":\"Cr\u00e9e en 2008, la r\u00e9daction du Lyon Bondy Blog s'applique \u00e0 proposer une information locale diff\u00e9rente et compl\u00e9mentaire des m\u00e9dias traditionnels.\",\"sameAs\":[\"https:\/\/www.facebook.com\/lyonbondyblog\",\"https:\/\/x.com\/BondyBlogLyon\"],\"url\":\"https:\/\/lyonbondyblog.fr\/LBB\/author\/admin\/\"}]}<\/script>\n<!-- \/ Yoast SEO plugin. -->","yoast_head_json":{"title":"Fabien Bagnon, un \u00ab monsieur v\u00e9lo \u00bb rel\u00e9gu\u00e9 avant les m\u00e9tropolitaines 2026 - Lyon Bondy Blog","robots":{"index":"index","follow":"follow","max-snippet":"max-snippet:-1","max-image-preview":"max-image-preview:large","max-video-preview":"max-video-preview:-1"},"canonical":"https:\/\/lyonbondyblog.fr\/LBB\/fabien-bagnon-un-monsieur-velo-relegue-avant-les-metropolitaines-2026\/","og_locale":"fr_FR","og_type":"article","og_title":"Fabien Bagnon, un \u00ab monsieur v\u00e9lo \u00bb rel\u00e9gu\u00e9 avant les m\u00e9tropolitaines 2026 - Lyon Bondy Blog","og_description":"Alors que les \u00e9cologistes se mettent en ordre de marche pour les \u00e9lections m\u00e9tropolitaines de 2026 \u00e0 Lyon, l\u2019avenir de Fabien Bagnon appara\u00eet incertain. Figure &hellip;","og_url":"https:\/\/lyonbondyblog.fr\/LBB\/fabien-bagnon-un-monsieur-velo-relegue-avant-les-metropolitaines-2026\/","og_site_name":"Lyon Bondy Blog","article_publisher":"https:\/\/www.facebook.com\/lyonbondyblog","article_author":"https:\/\/www.facebook.com\/lyonbondyblog","article_published_time":"2026-01-29T16:00:00+00:00","article_modified_time":"2026-01-29T16:06:50+00:00","og_image":[{"width":610,"height":702,"url":"https:\/\/lyonbondyblog.fr\/LBB\/wp-content\/uploads\/2026\/01\/0AE1CEA7-1D89-446B-BE22-D37B6723469F.jpeg","type":"image\/jpeg"}],"author":"La r\u00e9daction","twitter_card":"summary_large_image","twitter_creator":"@BondyBlogLyon","twitter_site":"@bondybloglyon","schema":{"@context":"https:\/\/schema.org","@graph":[{"@type":"Article","@id":"https:\/\/lyonbondyblog.fr\/LBB\/fabien-bagnon-un-monsieur-velo-relegue-avant-les-metropolitaines-2026\/#article","isPartOf":{"@id":"https:\/\/lyonbondyblog.fr\/LBB\/fabien-bagnon-un-monsieur-velo-relegue-avant-les-metropolitaines-2026\/"},"author":{"name":"La r\u00e9daction","@id":"https:\/\/lyonbondyblog.fr\/LBB\/#\/schema\/person\/e45f8d27baac75072daa0be50c409b25"},"headline":"Fabien Bagnon, un \u00ab monsieur v\u00e9lo \u00bb rel\u00e9gu\u00e9 avant les m\u00e9tropolitaines 2026","datePublished":"2026-01-29T16:00:00+00:00","dateModified":"2026-01-29T16:06:50+00:00","mainEntityOfPage":{"@id":"https:\/\/lyonbondyblog.fr\/LBB\/fabien-bagnon-un-monsieur-velo-relegue-avant-les-metropolitaines-2026\/"},"wordCount":441,"commentCount":0,"publisher":{"@id":"https:\/\/lyonbondyblog.fr\/LBB\/#organization"},"image":{"@id":"https:\/\/lyonbondyblog.fr\/LBB\/fabien-bagnon-un-monsieur-velo-relegue-avant-les-metropolitaines-2026\/#primaryimage"},"thumbnailUrl":"https:\/\/lyonbondyblog.fr\/LBB\/wp-content\/uploads\/2026\/01\/0AE1CEA7-1D89-446B-BE22-D37B6723469F.jpeg","articleSection":["Dessin de presse","M\u00e9tropole","Politique"],"inLanguage":"fr-FR","potentialAction":[{"@type":"CommentAction","name":"Comment","target":["https:\/\/lyonbondyblog.fr\/LBB\/fabien-bagnon-un-monsieur-velo-relegue-avant-les-metropolitaines-2026\/#respond"]}]},{"@type":"WebPage","@id":"https:\/\/lyonbondyblog.fr\/LBB\/fabien-bagnon-un-monsieur-velo-relegue-avant-les-metropolitaines-2026\/","url":"https:\/\/lyonbondyblog.fr\/LBB\/fabien-bagnon-un-monsieur-velo-relegue-avant-les-metropolitaines-2026\/","name":"Fabien Bagnon, un \u00ab monsieur v\u00e9lo \u00bb rel\u00e9gu\u00e9 avant les m\u00e9tropolitaines 2026 - Lyon Bondy Blog","isPartOf":{"@id":"https:\/\/lyonbondyblog.fr\/LBB\/#website"},"primaryImageOfPage":{"@id":"https:\/\/lyonbondyblog.fr\/LBB\/fabien-bagnon-un-monsieur-velo-relegue-avant-les-metropolitaines-2026\/#primaryimage"},"image":{"@id":"https:\/\/lyonbondyblog.fr\/LBB\/fabien-bagnon-un-monsieur-velo-relegue-avant-les-metropolitaines-2026\/#primaryimage"},"thumbnailUrl":"https:\/\/lyonbondyblog.fr\/LBB\/wp-content\/uploads\/2026\/01\/0AE1CEA7-1D89-446B-BE22-D37B6723469F.jpeg","datePublished":"2026-01-29T16:00:00+00:00","dateModified":"2026-01-29T16:06:50+00:00","inLanguage":"fr-FR","potentialAction":[{"@type":"ReadAction","target":["https:\/\/lyonbondyblog.fr\/LBB\/fabien-bagnon-un-monsieur-velo-relegue-avant-les-metropolitaines-2026\/"]}]},{"@type":"ImageObject","inLanguage":"fr-FR","@id":"https:\/\/lyonbondyblog.fr\/LBB\/fabien-bagnon-un-monsieur-velo-relegue-avant-les-metropolitaines-2026\/#primaryimage","url":"https:\/\/lyonbondyblog.fr\/LBB\/wp-content\/uploads\/2026\/01\/0AE1CEA7-1D89-446B-BE22-D37B6723469F.jpeg","contentUrl":"https:\/\/lyonbondyblog.fr\/LBB\/wp-content\/uploads\/2026\/01\/0AE1CEA7-1D89-446B-BE22-D37B6723469F.jpeg","width":610,"height":702},{"@type":"WebSite","@id":"https:\/\/lyonbondyblog.fr\/LBB\/#website","url":"https:\/\/lyonbondyblog.fr\/LBB\/","name":"Lyon Bondy Blog","description":"","publisher":{"@id":"https:\/\/lyonbondyblog.fr\/LBB\/#organization"},"potentialAction":[{"@type":"SearchAction","target":{"@type":"EntryPoint","urlTemplate":"https:\/\/lyonbondyblog.fr\/LBB\/?s={search_term_string}"},"query-input":"required name=search_term_string"}],"inLanguage":"fr-FR"},{"@type":"Organization","@id":"https:\/\/lyonbondyblog.fr\/LBB\/#organization","name":"LYON BONDY BLOG","url":"https:\/\/lyonbondyblog.fr\/LBB\/","logo":{"@type":"ImageObject","inLanguage":"fr-FR","@id":"https:\/\/lyonbondyblog.fr\/LBB\/#\/schema\/logo\/image\/","url":"http:\/\/lyonbondyblog.fr\/LBB\/wp-content\/uploads\/2014\/10\/logo-portable-144.png","contentUrl":"http:\/\/lyonbondyblog.fr\/LBB\/wp-content\/uploads\/2014\/10\/logo-portable-144.png","width":144,"height":123,"caption":"LYON BONDY BLOG"},"image":{"@id":"https:\/\/lyonbondyblog.fr\/LBB\/#\/schema\/logo\/image\/"},"sameAs":["https:\/\/www.facebook.com\/lyonbondyblog","https:\/\/x.com\/bondybloglyon"]},{"@type":"Person","@id":"https:\/\/lyonbondyblog.fr\/LBB\/#\/schema\/person\/e45f8d27baac75072daa0be50c409b25","name":"La r\u00e9daction","description":"Cr\u00e9e en 2008, la r\u00e9daction du Lyon Bondy Blog s'applique \u00e0 proposer une information locale diff\u00e9rente et compl\u00e9mentaire des m\u00e9dias traditionnels.","sameAs":["https:\/\/www.facebook.com\/lyonbondyblog","https:\/\/x.com\/BondyBlogLyon"],"url":"https:\/\/lyonbondyblog.fr\/LBB\/author\/admin\/"}]}},"_links":{"self":[{"href":"https:\/\/lyonbondyblog.fr\/LBB\/wp-json\/wp\/v2\/posts\/37711","targetHints":{"allow":["GET"]}}],"collection":[{"href":"https:\/\/lyonbondyblog.fr\/LBB\/wp-json\/wp\/v2\/posts"}],"about":[{"href":"https:\/\/lyonbondyblog.fr\/LBB\/wp-json\/wp\/v2\/types\/post"}],"author":[{"embeddable":true,"href":"https:\/\/lyonbondyblog.fr\/LBB\/wp-json\/wp\/v2\/users\/1"}],"replies":[{"embeddable":true,"href":"https:\/\/lyonbondyblog.fr\/LBB\/wp-json\/wp\/v2\/comments?post=37711"}],"version-history":[{"count":3,"href":"https:\/\/lyonbondyblog.fr\/LBB\/wp-json\/wp\/v2\/posts\/37711\/revisions"}],"predecessor-version":[{"id":37738,"href":"https:\/\/lyonbondyblog.fr\/LBB\/wp-json\/wp\/v2\/posts\/37711\/revisions\/37738"}],"wp:featuredmedia":[{"embeddable":true,"href":"https:\/\/lyonbondyblog.fr\/LBB\/wp-json\/wp\/v2\/media\/37712"}],"wp:attachment":[{"href":"https:\/\/lyonbondyblog.fr\/LBB\/wp-json\/wp\/v2\/media?parent=37711"}],"wp:term":[{"taxonomy":"category","embeddable":true,"href":"https:\/\/lyonbondyblog.fr\/LBB\/wp-json\/wp\/v2\/categories?post=37711"},{"taxonomy":"post_tag","embeddable":true,"href":"https:\/\/lyonbondyblog.fr\/LBB\/wp-json\/wp\/v2\/tags?post=37711"}],"curies":[{"name":"wp","href":"https:\/\/api.w.org\/{rel}","templated":true}]}}