{"id":37704,"date":"2026-01-28T14:56:07","date_gmt":"2026-01-28T13:56:07","guid":{"rendered":"https:\/\/lyonbondyblog.fr\/LBB\/?p=37704"},"modified":"2026-01-28T14:57:08","modified_gmt":"2026-01-28T13:57:08","slug":"municipales-2026-la-liste-vaulx-unisreunit-pres-de-400-personnes","status":"publish","type":"post","link":"https:\/\/lyonbondyblog.fr\/LBB\/municipales-2026-la-liste-vaulx-unisreunit-pres-de-400-personnes\/","title":{"rendered":"Municipales 2026 : La liste \u00ab\u00a0Vaulx Unis\u00a0\u00bbr\u00e9unit pr\u00e8s de 400 personnes"},"content":{"rendered":"\n<p><strong>R\u00e9unie \u00e0 la Maison des f\u00eates et des familles, la liste \u00ab Vaulx Unis \u00bb a tenu un meeting public devant environ 400 personnes. Des figures politiques locales et des acteurs du monde associatif vaudais ont pris la parole, dans une soir\u00e9e plac\u00e9e sous le signe du dialogue et du rassemblement.<\/strong><\/p>\n\n\n\n<p>La Maison des f\u00eates et des familles de Vaulx-en-Velin affichait une salle comble ce soir-l\u00e0. Environ 400 personnes ont assist\u00e9 au meeting organis\u00e9 par la liste \u00ab Vaulx Unis \u00bb, venue pr\u00e9senter ses orientations et donner la parole \u00e0 des habitants engag\u00e9s dans la vie associative locale. L\u2019\u00e9v\u00e9nement a r\u00e9uni des profils politiques vari\u00e9s, y compris <a href=\"https:\/\/lyonbondyblog.fr\/LBB\/interview-ange-vidal-une-native-vaudaise-pour-porter-la-liste-demain-vaulx-en-velin-aux-municipales-partie-1\/\">d\u2019anciens \u00e9lus issus de l\u2019opposition municipale.<\/a><\/p>\n\n\n\n<figure class=\"wp-block-image size-full\"><img loading=\"lazy\" decoding=\"async\" width=\"1350\" height=\"1800\" src=\"https:\/\/lyonbondyblog.fr\/LBB\/wp-content\/uploads\/2026\/01\/IMG_0750.jpeg\" alt=\"\" class=\"wp-image-37706\" srcset=\"https:\/\/lyonbondyblog.fr\/LBB\/wp-content\/uploads\/2026\/01\/IMG_0750.jpeg 1350w, https:\/\/lyonbondyblog.fr\/LBB\/wp-content\/uploads\/2026\/01\/IMG_0750-900x1200.jpeg 900w, https:\/\/lyonbondyblog.fr\/LBB\/wp-content\/uploads\/2026\/01\/IMG_0750-768x1024.jpeg 768w, https:\/\/lyonbondyblog.fr\/LBB\/wp-content\/uploads\/2026\/01\/IMG_0750-1152x1536.jpeg 1152w\" sizes=\"auto, (max-width: 1350px) 100vw, 1350px\" \/><\/figure>\n\n\n\n<p><strong>Ange Vidal et d&rsquo;autres rejoignent Hel\u00e8ne Geoffroy apr\u00e8s la candidature d&rsquo;Abdelkader Lahmar (LFI)<\/strong><\/p>\n\n\n\n<p>Tout au long de la soir\u00e9e, plusieurs t\u00e9moignages de Vaudaises et de Vaudais engag\u00e9s dans le tissu associatif ont rythm\u00e9 les prises de parole. Acteurs de la solidarit\u00e9, de l\u2019\u00e9ducation populaire ou encore de la vie de quartier, ils ont \u00e9voqu\u00e9 leur quotidien, les difficult\u00e9s rencontr\u00e9es sur le terrain et les attentes vis-\u00e0-vis de l\u2019action municipale. Ces interventions ont mis en avant la volont\u00e9 de faire entendre des voix issues de la soci\u00e9t\u00e9 civile, au-del\u00e0 des seuls responsables politiques.<\/p>\n\n\n\n<p>Parmi les invit\u00e9s,<a href=\"https:\/\/lyonbondyblog.fr\/LBB\/interview-ange-vidal-une-native-vaudaise-pour-porter-la-liste-demain-vaulx-en-velin-aux-municipales-partie-1\/\"> Ange Vidal  qui a travers un communiqu\u00e9 avait d\u00e9cid\u00e9e de rejoindre la liste port\u00e9e par H\u00e9l\u00e8ne Geoffroy.  Nacer Denfir a \u00e9galement rejoins l&rsquo;\u00e9quipe de la maire sortante lors des \u00e9l\u00e9ctions l\u00e9gislatives de 2022. Tous les deux \u00e9taient pr\u00e9sents sur la liste PCF<\/a>, lors des \u00e9lections municipales de 2020. <\/p>\n\n\n\n<figure class=\"wp-block-image size-large\"><img loading=\"lazy\" decoding=\"async\" width=\"1080\" height=\"1920\" src=\"https:\/\/lyonbondyblog.fr\/LBB\/wp-content\/uploads\/2026\/01\/a9ebc8ea-477b-4acf-8d45-0c3935c9e811-1080x1920.jpeg\" alt=\"\" class=\"wp-image-37707\" srcset=\"https:\/\/lyonbondyblog.fr\/LBB\/wp-content\/uploads\/2026\/01\/a9ebc8ea-477b-4acf-8d45-0c3935c9e811-1080x1920.jpeg 1080w, https:\/\/lyonbondyblog.fr\/LBB\/wp-content\/uploads\/2026\/01\/a9ebc8ea-477b-4acf-8d45-0c3935c9e811-675x1200.jpeg 675w, https:\/\/lyonbondyblog.fr\/LBB\/wp-content\/uploads\/2026\/01\/a9ebc8ea-477b-4acf-8d45-0c3935c9e811-768x1365.jpeg 768w, https:\/\/lyonbondyblog.fr\/LBB\/wp-content\/uploads\/2026\/01\/a9ebc8ea-477b-4acf-8d45-0c3935c9e811-864x1536.jpeg 864w, https:\/\/lyonbondyblog.fr\/LBB\/wp-content\/uploads\/2026\/01\/a9ebc8ea-477b-4acf-8d45-0c3935c9e811.jpeg 1152w\" sizes=\"auto, (max-width: 1080px) 100vw, 1080px\" \/><\/figure>\n\n\n\n<p>Abdallah Slimani, chef de file des \u00e9cologistes \u00e0 Vaulx-en-Velin, est \u00e9galement intervenu. Il a abord\u00e9 les questions environnementales et sociales, en insistant sur les d\u00e9fis \u00e0 venir pour la commune.<\/p>\n\n\n\n<p>\u00c0 travers ce meeting, la liste \u00ab Vaulx Unis \u00bb a cherch\u00e9 \u00e0 afficher une d\u00e9marche collective et inclusive, en donnant une place centrale aux habitants et aux acteurs associatifs, dans un contexte politique local en pleine recomposition. Le premier tour des \u00e9lections aura lieu le 15 mars, r\u00e9ponse favorable ou non des vaudaises et des vaudais.<\/p>\n\n\n\n<figure class=\"wp-block-image size-full\"><img loading=\"lazy\" decoding=\"async\" width=\"1350\" height=\"1800\" src=\"https:\/\/lyonbondyblog.fr\/LBB\/wp-content\/uploads\/2026\/01\/IMG_0749.jpeg\" alt=\"\" class=\"wp-image-37708\" srcset=\"https:\/\/lyonbondyblog.fr\/LBB\/wp-content\/uploads\/2026\/01\/IMG_0749.jpeg 1350w, https:\/\/lyonbondyblog.fr\/LBB\/wp-content\/uploads\/2026\/01\/IMG_0749-900x1200.jpeg 900w, https:\/\/lyonbondyblog.fr\/LBB\/wp-content\/uploads\/2026\/01\/IMG_0749-768x1024.jpeg 768w, https:\/\/lyonbondyblog.fr\/LBB\/wp-content\/uploads\/2026\/01\/IMG_0749-1152x1536.jpeg 1152w\" sizes=\"auto, (max-width: 1350px) 100vw, 1350px\" \/><\/figure>\n<!-- AddThis Advanced Settings generic via filter on the_content --><!-- AddThis Share Buttons generic via filter on the_content -->","protected":false},"excerpt":{"rendered":"<p>R\u00e9unie \u00e0 la Maison des f\u00eates et des familles, la liste \u00ab Vaulx Unis \u00bb a tenu un meeting public devant environ 400 personnes. Des &hellip; <!-- AddThis Advanced Settings generic via filter on wp_trim_excerpt --><!-- AddThis Share Buttons generic via filter on wp_trim_excerpt --><\/p>\n","protected":false},"author":1,"featured_media":37705,"comment_status":"open","ping_status":"open","sticky":true,"template":"","format":"standard","meta":{"_FSMCFIC_featured_image_caption":"Meeting \"Vaulx Unis\" , hier soir \u00e0 la maison des f\u00eates et des familles","_FSMCFIC_featured_image_nocaption":"","_FSMCFIC_featured_image_hide":"","footnotes":""},"categories":[28441,6,3891],"tags":[],"class_list":["post-37704","post","type-post","status-publish","format-standard","has-post-thumbnail","hentry","category-municipales-2026","category-politique","category-vaulx-en-velin"],"yoast_head":"<!-- This site is optimized with the Yoast SEO plugin v22.8 - https:\/\/yoast.com\/wordpress\/plugins\/seo\/ -->\n<title>Municipales 2026 : La liste &quot;Vaulx Unis&quot;r\u00e9unit pr\u00e8s de 400 personnes - Lyon Bondy Blog<\/title>\n<meta name=\"robots\" content=\"index, follow, max-snippet:-1, max-image-preview:large, max-video-preview:-1\" \/>\n<link rel=\"canonical\" href=\"https:\/\/lyonbondyblog.fr\/LBB\/municipales-2026-la-liste-vaulx-unisreunit-pres-de-400-personnes\/\" \/>\n<meta property=\"og:locale\" content=\"fr_FR\" \/>\n<meta property=\"og:type\" content=\"article\" \/>\n<meta property=\"og:title\" content=\"Municipales 2026 : La liste &quot;Vaulx Unis&quot;r\u00e9unit pr\u00e8s de 400 personnes - Lyon Bondy Blog\" \/>\n<meta property=\"og:description\" content=\"R\u00e9unie \u00e0 la Maison des f\u00eates et des familles, la liste \u00ab Vaulx Unis \u00bb a tenu un meeting public devant environ 400 personnes. Des &hellip;\" \/>\n<meta property=\"og:url\" content=\"https:\/\/lyonbondyblog.fr\/LBB\/municipales-2026-la-liste-vaulx-unisreunit-pres-de-400-personnes\/\" \/>\n<meta property=\"og:site_name\" content=\"Lyon Bondy Blog\" \/>\n<meta property=\"article:publisher\" content=\"https:\/\/www.facebook.com\/lyonbondyblog\" \/>\n<meta property=\"article:author\" content=\"https:\/\/www.facebook.com\/lyonbondyblog\" \/>\n<meta property=\"article:published_time\" content=\"2026-01-28T13:56:07+00:00\" \/>\n<meta property=\"article:modified_time\" content=\"2026-01-28T13:57:08+00:00\" \/>\n<meta property=\"og:image\" content=\"https:\/\/lyonbondyblog.fr\/LBB\/wp-content\/uploads\/2026\/01\/IMG_0747.jpeg\" \/>\n\t<meta property=\"og:image:width\" content=\"1350\" \/>\n\t<meta property=\"og:image:height\" content=\"1800\" \/>\n\t<meta property=\"og:image:type\" content=\"image\/jpeg\" \/>\n<meta name=\"author\" content=\"La r\u00e9daction\" \/>\n<meta name=\"twitter:card\" content=\"summary_large_image\" \/>\n<meta name=\"twitter:creator\" content=\"@BondyBlogLyon\" \/>\n<meta name=\"twitter:site\" content=\"@bondybloglyon\" \/>\n<script type=\"application\/ld+json\" class=\"yoast-schema-graph\">{\"@context\":\"https:\/\/schema.org\",\"@graph\":[{\"@type\":\"Article\",\"@id\":\"https:\/\/lyonbondyblog.fr\/LBB\/municipales-2026-la-liste-vaulx-unisreunit-pres-de-400-personnes\/#article\",\"isPartOf\":{\"@id\":\"https:\/\/lyonbondyblog.fr\/LBB\/municipales-2026-la-liste-vaulx-unisreunit-pres-de-400-personnes\/\"},\"author\":{\"name\":\"La r\u00e9daction\",\"@id\":\"https:\/\/lyonbondyblog.fr\/LBB\/#\/schema\/person\/e45f8d27baac75072daa0be50c409b25\"},\"headline\":\"Municipales 2026 : La liste \u00ab\u00a0Vaulx Unis\u00a0\u00bbr\u00e9unit pr\u00e8s de 400 personnes\",\"datePublished\":\"2026-01-28T13:56:07+00:00\",\"dateModified\":\"2026-01-28T13:57:08+00:00\",\"mainEntityOfPage\":{\"@id\":\"https:\/\/lyonbondyblog.fr\/LBB\/municipales-2026-la-liste-vaulx-unisreunit-pres-de-400-personnes\/\"},\"wordCount\":374,\"commentCount\":0,\"publisher\":{\"@id\":\"https:\/\/lyonbondyblog.fr\/LBB\/#organization\"},\"image\":{\"@id\":\"https:\/\/lyonbondyblog.fr\/LBB\/municipales-2026-la-liste-vaulx-unisreunit-pres-de-400-personnes\/#primaryimage\"},\"thumbnailUrl\":\"https:\/\/lyonbondyblog.fr\/LBB\/wp-content\/uploads\/2026\/01\/IMG_0747.jpeg\",\"articleSection\":[\"Municipales 2026\",\"Politique\",\"Vaulx-en-Velin\"],\"inLanguage\":\"fr-FR\",\"potentialAction\":[{\"@type\":\"CommentAction\",\"name\":\"Comment\",\"target\":[\"https:\/\/lyonbondyblog.fr\/LBB\/municipales-2026-la-liste-vaulx-unisreunit-pres-de-400-personnes\/#respond\"]}]},{\"@type\":\"WebPage\",\"@id\":\"https:\/\/lyonbondyblog.fr\/LBB\/municipales-2026-la-liste-vaulx-unisreunit-pres-de-400-personnes\/\",\"url\":\"https:\/\/lyonbondyblog.fr\/LBB\/municipales-2026-la-liste-vaulx-unisreunit-pres-de-400-personnes\/\",\"name\":\"Municipales 2026 : La liste \\\"Vaulx Unis\\\"r\u00e9unit pr\u00e8s de 400 personnes - Lyon Bondy Blog\",\"isPartOf\":{\"@id\":\"https:\/\/lyonbondyblog.fr\/LBB\/#website\"},\"primaryImageOfPage\":{\"@id\":\"https:\/\/lyonbondyblog.fr\/LBB\/municipales-2026-la-liste-vaulx-unisreunit-pres-de-400-personnes\/#primaryimage\"},\"image\":{\"@id\":\"https:\/\/lyonbondyblog.fr\/LBB\/municipales-2026-la-liste-vaulx-unisreunit-pres-de-400-personnes\/#primaryimage\"},\"thumbnailUrl\":\"https:\/\/lyonbondyblog.fr\/LBB\/wp-content\/uploads\/2026\/01\/IMG_0747.jpeg\",\"datePublished\":\"2026-01-28T13:56:07+00:00\",\"dateModified\":\"2026-01-28T13:57:08+00:00\",\"inLanguage\":\"fr-FR\",\"potentialAction\":[{\"@type\":\"ReadAction\",\"target\":[\"https:\/\/lyonbondyblog.fr\/LBB\/municipales-2026-la-liste-vaulx-unisreunit-pres-de-400-personnes\/\"]}]},{\"@type\":\"ImageObject\",\"inLanguage\":\"fr-FR\",\"@id\":\"https:\/\/lyonbondyblog.fr\/LBB\/municipales-2026-la-liste-vaulx-unisreunit-pres-de-400-personnes\/#primaryimage\",\"url\":\"https:\/\/lyonbondyblog.fr\/LBB\/wp-content\/uploads\/2026\/01\/IMG_0747.jpeg\",\"contentUrl\":\"https:\/\/lyonbondyblog.fr\/LBB\/wp-content\/uploads\/2026\/01\/IMG_0747.jpeg\",\"width\":1350,\"height\":1800},{\"@type\":\"WebSite\",\"@id\":\"https:\/\/lyonbondyblog.fr\/LBB\/#website\",\"url\":\"https:\/\/lyonbondyblog.fr\/LBB\/\",\"name\":\"Lyon Bondy Blog\",\"description\":\"\",\"publisher\":{\"@id\":\"https:\/\/lyonbondyblog.fr\/LBB\/#organization\"},\"potentialAction\":[{\"@type\":\"SearchAction\",\"target\":{\"@type\":\"EntryPoint\",\"urlTemplate\":\"https:\/\/lyonbondyblog.fr\/LBB\/?s={search_term_string}\"},\"query-input\":\"required name=search_term_string\"}],\"inLanguage\":\"fr-FR\"},{\"@type\":\"Organization\",\"@id\":\"https:\/\/lyonbondyblog.fr\/LBB\/#organization\",\"name\":\"LYON BONDY BLOG\",\"url\":\"https:\/\/lyonbondyblog.fr\/LBB\/\",\"logo\":{\"@type\":\"ImageObject\",\"inLanguage\":\"fr-FR\",\"@id\":\"https:\/\/lyonbondyblog.fr\/LBB\/#\/schema\/logo\/image\/\",\"url\":\"http:\/\/lyonbondyblog.fr\/LBB\/wp-content\/uploads\/2014\/10\/logo-portable-144.png\",\"contentUrl\":\"http:\/\/lyonbondyblog.fr\/LBB\/wp-content\/uploads\/2014\/10\/logo-portable-144.png\",\"width\":144,\"height\":123,\"caption\":\"LYON BONDY BLOG\"},\"image\":{\"@id\":\"https:\/\/lyonbondyblog.fr\/LBB\/#\/schema\/logo\/image\/\"},\"sameAs\":[\"https:\/\/www.facebook.com\/lyonbondyblog\",\"https:\/\/x.com\/bondybloglyon\"]},{\"@type\":\"Person\",\"@id\":\"https:\/\/lyonbondyblog.fr\/LBB\/#\/schema\/person\/e45f8d27baac75072daa0be50c409b25\",\"name\":\"La r\u00e9daction\",\"description\":\"Cr\u00e9e en 2008, la r\u00e9daction du Lyon Bondy Blog s'applique \u00e0 proposer une information locale diff\u00e9rente et compl\u00e9mentaire des m\u00e9dias traditionnels.\",\"sameAs\":[\"https:\/\/www.facebook.com\/lyonbondyblog\",\"https:\/\/x.com\/BondyBlogLyon\"],\"url\":\"https:\/\/lyonbondyblog.fr\/LBB\/author\/admin\/\"}]}<\/script>\n<!-- \/ Yoast SEO plugin. -->","yoast_head_json":{"title":"Municipales 2026 : La liste \"Vaulx Unis\"r\u00e9unit pr\u00e8s de 400 personnes - Lyon Bondy Blog","robots":{"index":"index","follow":"follow","max-snippet":"max-snippet:-1","max-image-preview":"max-image-preview:large","max-video-preview":"max-video-preview:-1"},"canonical":"https:\/\/lyonbondyblog.fr\/LBB\/municipales-2026-la-liste-vaulx-unisreunit-pres-de-400-personnes\/","og_locale":"fr_FR","og_type":"article","og_title":"Municipales 2026 : La liste \"Vaulx Unis\"r\u00e9unit pr\u00e8s de 400 personnes - Lyon Bondy Blog","og_description":"R\u00e9unie \u00e0 la Maison des f\u00eates et des familles, la liste \u00ab Vaulx Unis \u00bb a tenu un meeting public devant environ 400 personnes. Des &hellip;","og_url":"https:\/\/lyonbondyblog.fr\/LBB\/municipales-2026-la-liste-vaulx-unisreunit-pres-de-400-personnes\/","og_site_name":"Lyon Bondy Blog","article_publisher":"https:\/\/www.facebook.com\/lyonbondyblog","article_author":"https:\/\/www.facebook.com\/lyonbondyblog","article_published_time":"2026-01-28T13:56:07+00:00","article_modified_time":"2026-01-28T13:57:08+00:00","og_image":[{"width":1350,"height":1800,"url":"https:\/\/lyonbondyblog.fr\/LBB\/wp-content\/uploads\/2026\/01\/IMG_0747.jpeg","type":"image\/jpeg"}],"author":"La r\u00e9daction","twitter_card":"summary_large_image","twitter_creator":"@BondyBlogLyon","twitter_site":"@bondybloglyon","schema":{"@context":"https:\/\/schema.org","@graph":[{"@type":"Article","@id":"https:\/\/lyonbondyblog.fr\/LBB\/municipales-2026-la-liste-vaulx-unisreunit-pres-de-400-personnes\/#article","isPartOf":{"@id":"https:\/\/lyonbondyblog.fr\/LBB\/municipales-2026-la-liste-vaulx-unisreunit-pres-de-400-personnes\/"},"author":{"name":"La r\u00e9daction","@id":"https:\/\/lyonbondyblog.fr\/LBB\/#\/schema\/person\/e45f8d27baac75072daa0be50c409b25"},"headline":"Municipales 2026 : La liste \u00ab\u00a0Vaulx Unis\u00a0\u00bbr\u00e9unit pr\u00e8s de 400 personnes","datePublished":"2026-01-28T13:56:07+00:00","dateModified":"2026-01-28T13:57:08+00:00","mainEntityOfPage":{"@id":"https:\/\/lyonbondyblog.fr\/LBB\/municipales-2026-la-liste-vaulx-unisreunit-pres-de-400-personnes\/"},"wordCount":374,"commentCount":0,"publisher":{"@id":"https:\/\/lyonbondyblog.fr\/LBB\/#organization"},"image":{"@id":"https:\/\/lyonbondyblog.fr\/LBB\/municipales-2026-la-liste-vaulx-unisreunit-pres-de-400-personnes\/#primaryimage"},"thumbnailUrl":"https:\/\/lyonbondyblog.fr\/LBB\/wp-content\/uploads\/2026\/01\/IMG_0747.jpeg","articleSection":["Municipales 2026","Politique","Vaulx-en-Velin"],"inLanguage":"fr-FR","potentialAction":[{"@type":"CommentAction","name":"Comment","target":["https:\/\/lyonbondyblog.fr\/LBB\/municipales-2026-la-liste-vaulx-unisreunit-pres-de-400-personnes\/#respond"]}]},{"@type":"WebPage","@id":"https:\/\/lyonbondyblog.fr\/LBB\/municipales-2026-la-liste-vaulx-unisreunit-pres-de-400-personnes\/","url":"https:\/\/lyonbondyblog.fr\/LBB\/municipales-2026-la-liste-vaulx-unisreunit-pres-de-400-personnes\/","name":"Municipales 2026 : La liste \"Vaulx Unis\"r\u00e9unit pr\u00e8s de 400 personnes - Lyon Bondy Blog","isPartOf":{"@id":"https:\/\/lyonbondyblog.fr\/LBB\/#website"},"primaryImageOfPage":{"@id":"https:\/\/lyonbondyblog.fr\/LBB\/municipales-2026-la-liste-vaulx-unisreunit-pres-de-400-personnes\/#primaryimage"},"image":{"@id":"https:\/\/lyonbondyblog.fr\/LBB\/municipales-2026-la-liste-vaulx-unisreunit-pres-de-400-personnes\/#primaryimage"},"thumbnailUrl":"https:\/\/lyonbondyblog.fr\/LBB\/wp-content\/uploads\/2026\/01\/IMG_0747.jpeg","datePublished":"2026-01-28T13:56:07+00:00","dateModified":"2026-01-28T13:57:08+00:00","inLanguage":"fr-FR","potentialAction":[{"@type":"ReadAction","target":["https:\/\/lyonbondyblog.fr\/LBB\/municipales-2026-la-liste-vaulx-unisreunit-pres-de-400-personnes\/"]}]},{"@type":"ImageObject","inLanguage":"fr-FR","@id":"https:\/\/lyonbondyblog.fr\/LBB\/municipales-2026-la-liste-vaulx-unisreunit-pres-de-400-personnes\/#primaryimage","url":"https:\/\/lyonbondyblog.fr\/LBB\/wp-content\/uploads\/2026\/01\/IMG_0747.jpeg","contentUrl":"https:\/\/lyonbondyblog.fr\/LBB\/wp-content\/uploads\/2026\/01\/IMG_0747.jpeg","width":1350,"height":1800},{"@type":"WebSite","@id":"https:\/\/lyonbondyblog.fr\/LBB\/#website","url":"https:\/\/lyonbondyblog.fr\/LBB\/","name":"Lyon Bondy Blog","description":"","publisher":{"@id":"https:\/\/lyonbondyblog.fr\/LBB\/#organization"},"potentialAction":[{"@type":"SearchAction","target":{"@type":"EntryPoint","urlTemplate":"https:\/\/lyonbondyblog.fr\/LBB\/?s={search_term_string}"},"query-input":"required name=search_term_string"}],"inLanguage":"fr-FR"},{"@type":"Organization","@id":"https:\/\/lyonbondyblog.fr\/LBB\/#organization","name":"LYON BONDY BLOG","url":"https:\/\/lyonbondyblog.fr\/LBB\/","logo":{"@type":"ImageObject","inLanguage":"fr-FR","@id":"https:\/\/lyonbondyblog.fr\/LBB\/#\/schema\/logo\/image\/","url":"http:\/\/lyonbondyblog.fr\/LBB\/wp-content\/uploads\/2014\/10\/logo-portable-144.png","contentUrl":"http:\/\/lyonbondyblog.fr\/LBB\/wp-content\/uploads\/2014\/10\/logo-portable-144.png","width":144,"height":123,"caption":"LYON BONDY BLOG"},"image":{"@id":"https:\/\/lyonbondyblog.fr\/LBB\/#\/schema\/logo\/image\/"},"sameAs":["https:\/\/www.facebook.com\/lyonbondyblog","https:\/\/x.com\/bondybloglyon"]},{"@type":"Person","@id":"https:\/\/lyonbondyblog.fr\/LBB\/#\/schema\/person\/e45f8d27baac75072daa0be50c409b25","name":"La r\u00e9daction","description":"Cr\u00e9e en 2008, la r\u00e9daction du Lyon Bondy Blog s'applique \u00e0 proposer une information locale diff\u00e9rente et compl\u00e9mentaire des m\u00e9dias traditionnels.","sameAs":["https:\/\/www.facebook.com\/lyonbondyblog","https:\/\/x.com\/BondyBlogLyon"],"url":"https:\/\/lyonbondyblog.fr\/LBB\/author\/admin\/"}]}},"_links":{"self":[{"href":"https:\/\/lyonbondyblog.fr\/LBB\/wp-json\/wp\/v2\/posts\/37704","targetHints":{"allow":["GET"]}}],"collection":[{"href":"https:\/\/lyonbondyblog.fr\/LBB\/wp-json\/wp\/v2\/posts"}],"about":[{"href":"https:\/\/lyonbondyblog.fr\/LBB\/wp-json\/wp\/v2\/types\/post"}],"author":[{"embeddable":true,"href":"https:\/\/lyonbondyblog.fr\/LBB\/wp-json\/wp\/v2\/users\/1"}],"replies":[{"embeddable":true,"href":"https:\/\/lyonbondyblog.fr\/LBB\/wp-json\/wp\/v2\/comments?post=37704"}],"version-history":[{"count":2,"href":"https:\/\/lyonbondyblog.fr\/LBB\/wp-json\/wp\/v2\/posts\/37704\/revisions"}],"predecessor-version":[{"id":37710,"href":"https:\/\/lyonbondyblog.fr\/LBB\/wp-json\/wp\/v2\/posts\/37704\/revisions\/37710"}],"wp:featuredmedia":[{"embeddable":true,"href":"https:\/\/lyonbondyblog.fr\/LBB\/wp-json\/wp\/v2\/media\/37705"}],"wp:attachment":[{"href":"https:\/\/lyonbondyblog.fr\/LBB\/wp-json\/wp\/v2\/media?parent=37704"}],"wp:term":[{"taxonomy":"category","embeddable":true,"href":"https:\/\/lyonbondyblog.fr\/LBB\/wp-json\/wp\/v2\/categories?post=37704"},{"taxonomy":"post_tag","embeddable":true,"href":"https:\/\/lyonbondyblog.fr\/LBB\/wp-json\/wp\/v2\/tags?post=37704"}],"curies":[{"name":"wp","href":"https:\/\/api.w.org\/{rel}","templated":true}]}}