{"id":37697,"date":"2026-01-27T16:59:00","date_gmt":"2026-01-27T15:59:00","guid":{"rendered":"https:\/\/lyonbondyblog.fr\/LBB\/?p=37697"},"modified":"2026-01-27T17:03:54","modified_gmt":"2026-01-27T16:03:54","slug":"les-saisons-hanabi-le-japon-sinvite-au-comoedia","status":"publish","type":"post","link":"https:\/\/lyonbondyblog.fr\/LBB\/les-saisons-hanabi-le-japon-sinvite-au-comoedia\/","title":{"rendered":"Les Saisons Hanabi : le Japon s\u2019invite au Comedia"},"content":{"rendered":"\n<p><strong>Le cin\u00e9ma Comoedia consacre sa semaine au meilleur du cin\u00e9ma japonais contemporain \u00e0 travers \u00ab\u00a0Les Saisons Hanabi\u00a0\u00bb,un rendez-vous annuel devenu incontournable pour les amateurs de culture nippone.<\/strong><\/p>\n\n\n\n<p>Pendant sept jours, le festival Les Saisons Hanabi propose huit avant-premi\u00e8res mettant en lumi\u00e8re la diversit\u00e9 de la cr\u00e9ation cin\u00e9matographique japonaise actuelle. Drames intimistes, com\u00e9dies d\u00e9licates ou films d\u2019animation, la programmation offre un aper\u00e7u de la vitalit\u00e9 artistique d\u2019un cin\u00e9ma en constante \u00e9volution.<\/p>\n\n\n\n<p><br>Organis\u00e9 en collaboration avec le r\u00e9seau Hanabi, l\u2019\u00e9v\u00e9nement vise \u00e0 faire d\u00e9couvrir au public fran\u00e7ais des \u0153uvres encore in\u00e9dites, souvent salu\u00e9es dans les grands festivals internationaux. Cette \u00e9dition 2026 s\u2019inscrit dans la continuit\u00e9 d\u2019une dynamique culturelle qui rapproche Lyon des sc\u00e8nes asiatiques \u00e9mergentes.<\/p>\n\n\n\n<p><br>Le Comoedia, fid\u00e8le \u00e0 sa mission de diffusion du cin\u00e9ma d\u2019auteur, accompagne cette semaine th\u00e9matique d\u2019une mise en avant sp\u00e9ciale et d\u2019espaces d\u2019\u00e9changes autour des films projet\u00e9s. Une occasion unique pour les spectateurs curieux d\u2019explorer, sur grand \u00e9cran, la singularit\u00e9 et la sensibilit\u00e9 du regard japonais sur le monde.<\/p>\n\n\n\n<p><br>Plus d\u2019informations sur la programmation compl\u00e8te sont disponibles sur les sites du Comoedia et du festival Hanabi.<\/p>\n\n\n\n<p><\/p>\n\n\n\n<figure class=\"wp-block-video\"><video controls src=\"https:\/\/lyonbondyblog.fr\/LBB\/wp-content\/uploads\/2026\/01\/isenavant-premiere-Video-0.mp4\"><\/video><\/figure>\n<!-- AddThis Advanced Settings generic via filter on the_content --><!-- AddThis Share Buttons generic via filter on the_content -->","protected":false},"excerpt":{"rendered":"<p>Le cin\u00e9ma Comoedia consacre sa semaine au meilleur du cin\u00e9ma japonais contemporain \u00e0 travers \u00ab\u00a0Les Saisons Hanabi\u00a0\u00bb,un rendez-vous annuel devenu incontournable pour les amateurs de &hellip; <!-- AddThis Advanced Settings generic via filter on wp_trim_excerpt --><!-- AddThis Share Buttons generic via filter on wp_trim_excerpt --><\/p>\n","protected":false},"author":1,"featured_media":37699,"comment_status":"open","ping_status":"open","sticky":true,"template":"","format":"standard","meta":{"_FSMCFIC_featured_image_caption":"Le cin\u00e9ma Comoedia consacre sa semaine au meilleur du cin\u00e9ma japonais contemporain \u00e0 travers \"Les Saisons Hanabi\",un rendez-vous annuel devenu incontournable pour les amateurs de culture nippone.","_FSMCFIC_featured_image_nocaption":"","_FSMCFIC_featured_image_hide":"","footnotes":""},"categories":[4],"tags":[97,10],"class_list":["post-37697","post","type-post","status-publish","format-standard","has-post-thumbnail","hentry","category-lyon","tag-cinema","tag-lyon-2"],"yoast_head":"<!-- This site is optimized with the Yoast SEO plugin v22.8 - https:\/\/yoast.com\/wordpress\/plugins\/seo\/ -->\n<title>Les Saisons Hanabi : le Japon s\u2019invite au Comedia - Lyon Bondy Blog<\/title>\n<meta name=\"robots\" content=\"index, follow, max-snippet:-1, max-image-preview:large, max-video-preview:-1\" \/>\n<link rel=\"canonical\" href=\"https:\/\/lyonbondyblog.fr\/LBB\/les-saisons-hanabi-le-japon-sinvite-au-comoedia\/\" \/>\n<meta property=\"og:locale\" content=\"fr_FR\" \/>\n<meta property=\"og:type\" content=\"article\" \/>\n<meta property=\"og:title\" content=\"Les Saisons Hanabi : le Japon s\u2019invite au Comedia - Lyon Bondy Blog\" \/>\n<meta property=\"og:description\" content=\"Le cin\u00e9ma Comoedia consacre sa semaine au meilleur du cin\u00e9ma japonais contemporain \u00e0 travers \u00ab\u00a0Les Saisons Hanabi\u00a0\u00bb,un rendez-vous annuel devenu incontournable pour les amateurs de &hellip;\" \/>\n<meta property=\"og:url\" content=\"https:\/\/lyonbondyblog.fr\/LBB\/les-saisons-hanabi-le-japon-sinvite-au-comoedia\/\" \/>\n<meta property=\"og:site_name\" content=\"Lyon Bondy Blog\" \/>\n<meta property=\"article:publisher\" content=\"https:\/\/www.facebook.com\/lyonbondyblog\" \/>\n<meta property=\"article:author\" content=\"https:\/\/www.facebook.com\/lyonbondyblog\" \/>\n<meta property=\"article:published_time\" content=\"2026-01-27T15:59:00+00:00\" \/>\n<meta property=\"article:modified_time\" content=\"2026-01-27T16:03:54+00:00\" \/>\n<meta property=\"og:image\" content=\"https:\/\/lyonbondyblog.fr\/LBB\/wp-content\/uploads\/2026\/01\/N1_251006-1-1497x2048-1.jpg\" \/>\n\t<meta property=\"og:image:width\" content=\"1497\" \/>\n\t<meta property=\"og:image:height\" content=\"2048\" \/>\n\t<meta property=\"og:image:type\" content=\"image\/jpeg\" \/>\n<meta name=\"author\" content=\"La r\u00e9daction\" \/>\n<meta name=\"twitter:card\" content=\"summary_large_image\" \/>\n<meta name=\"twitter:creator\" content=\"@BondyBlogLyon\" \/>\n<meta name=\"twitter:site\" content=\"@bondybloglyon\" \/>\n<script type=\"application\/ld+json\" class=\"yoast-schema-graph\">{\"@context\":\"https:\/\/schema.org\",\"@graph\":[{\"@type\":\"Article\",\"@id\":\"https:\/\/lyonbondyblog.fr\/LBB\/les-saisons-hanabi-le-japon-sinvite-au-comoedia\/#article\",\"isPartOf\":{\"@id\":\"https:\/\/lyonbondyblog.fr\/LBB\/les-saisons-hanabi-le-japon-sinvite-au-comoedia\/\"},\"author\":{\"name\":\"La r\u00e9daction\",\"@id\":\"https:\/\/lyonbondyblog.fr\/LBB\/#\/schema\/person\/e45f8d27baac75072daa0be50c409b25\"},\"headline\":\"Les Saisons Hanabi : le Japon s\u2019invite au Comedia\",\"datePublished\":\"2026-01-27T15:59:00+00:00\",\"dateModified\":\"2026-01-27T16:03:54+00:00\",\"mainEntityOfPage\":{\"@id\":\"https:\/\/lyonbondyblog.fr\/LBB\/les-saisons-hanabi-le-japon-sinvite-au-comoedia\/\"},\"wordCount\":219,\"commentCount\":0,\"publisher\":{\"@id\":\"https:\/\/lyonbondyblog.fr\/LBB\/#organization\"},\"image\":{\"@id\":\"https:\/\/lyonbondyblog.fr\/LBB\/les-saisons-hanabi-le-japon-sinvite-au-comoedia\/#primaryimage\"},\"thumbnailUrl\":\"https:\/\/lyonbondyblog.fr\/LBB\/wp-content\/uploads\/2026\/01\/N1_251006-1-1497x2048-1.jpg\",\"keywords\":[\"Cin\u00e9ma\",\"lyon\"],\"articleSection\":[\"Lyon\"],\"inLanguage\":\"fr-FR\",\"potentialAction\":[{\"@type\":\"CommentAction\",\"name\":\"Comment\",\"target\":[\"https:\/\/lyonbondyblog.fr\/LBB\/les-saisons-hanabi-le-japon-sinvite-au-comoedia\/#respond\"]}]},{\"@type\":\"WebPage\",\"@id\":\"https:\/\/lyonbondyblog.fr\/LBB\/les-saisons-hanabi-le-japon-sinvite-au-comoedia\/\",\"url\":\"https:\/\/lyonbondyblog.fr\/LBB\/les-saisons-hanabi-le-japon-sinvite-au-comoedia\/\",\"name\":\"Les Saisons Hanabi : le Japon s\u2019invite au Comedia - Lyon Bondy Blog\",\"isPartOf\":{\"@id\":\"https:\/\/lyonbondyblog.fr\/LBB\/#website\"},\"primaryImageOfPage\":{\"@id\":\"https:\/\/lyonbondyblog.fr\/LBB\/les-saisons-hanabi-le-japon-sinvite-au-comoedia\/#primaryimage\"},\"image\":{\"@id\":\"https:\/\/lyonbondyblog.fr\/LBB\/les-saisons-hanabi-le-japon-sinvite-au-comoedia\/#primaryimage\"},\"thumbnailUrl\":\"https:\/\/lyonbondyblog.fr\/LBB\/wp-content\/uploads\/2026\/01\/N1_251006-1-1497x2048-1.jpg\",\"datePublished\":\"2026-01-27T15:59:00+00:00\",\"dateModified\":\"2026-01-27T16:03:54+00:00\",\"inLanguage\":\"fr-FR\",\"potentialAction\":[{\"@type\":\"ReadAction\",\"target\":[\"https:\/\/lyonbondyblog.fr\/LBB\/les-saisons-hanabi-le-japon-sinvite-au-comoedia\/\"]}]},{\"@type\":\"ImageObject\",\"inLanguage\":\"fr-FR\",\"@id\":\"https:\/\/lyonbondyblog.fr\/LBB\/les-saisons-hanabi-le-japon-sinvite-au-comoedia\/#primaryimage\",\"url\":\"https:\/\/lyonbondyblog.fr\/LBB\/wp-content\/uploads\/2026\/01\/N1_251006-1-1497x2048-1.jpg\",\"contentUrl\":\"https:\/\/lyonbondyblog.fr\/LBB\/wp-content\/uploads\/2026\/01\/N1_251006-1-1497x2048-1.jpg\",\"width\":1497,\"height\":2048},{\"@type\":\"WebSite\",\"@id\":\"https:\/\/lyonbondyblog.fr\/LBB\/#website\",\"url\":\"https:\/\/lyonbondyblog.fr\/LBB\/\",\"name\":\"Lyon Bondy Blog\",\"description\":\"\",\"publisher\":{\"@id\":\"https:\/\/lyonbondyblog.fr\/LBB\/#organization\"},\"potentialAction\":[{\"@type\":\"SearchAction\",\"target\":{\"@type\":\"EntryPoint\",\"urlTemplate\":\"https:\/\/lyonbondyblog.fr\/LBB\/?s={search_term_string}\"},\"query-input\":\"required name=search_term_string\"}],\"inLanguage\":\"fr-FR\"},{\"@type\":\"Organization\",\"@id\":\"https:\/\/lyonbondyblog.fr\/LBB\/#organization\",\"name\":\"LYON BONDY BLOG\",\"url\":\"https:\/\/lyonbondyblog.fr\/LBB\/\",\"logo\":{\"@type\":\"ImageObject\",\"inLanguage\":\"fr-FR\",\"@id\":\"https:\/\/lyonbondyblog.fr\/LBB\/#\/schema\/logo\/image\/\",\"url\":\"http:\/\/lyonbondyblog.fr\/LBB\/wp-content\/uploads\/2014\/10\/logo-portable-144.png\",\"contentUrl\":\"http:\/\/lyonbondyblog.fr\/LBB\/wp-content\/uploads\/2014\/10\/logo-portable-144.png\",\"width\":144,\"height\":123,\"caption\":\"LYON BONDY BLOG\"},\"image\":{\"@id\":\"https:\/\/lyonbondyblog.fr\/LBB\/#\/schema\/logo\/image\/\"},\"sameAs\":[\"https:\/\/www.facebook.com\/lyonbondyblog\",\"https:\/\/x.com\/bondybloglyon\"]},{\"@type\":\"Person\",\"@id\":\"https:\/\/lyonbondyblog.fr\/LBB\/#\/schema\/person\/e45f8d27baac75072daa0be50c409b25\",\"name\":\"La r\u00e9daction\",\"description\":\"Cr\u00e9e en 2008, la r\u00e9daction du Lyon Bondy Blog s'applique \u00e0 proposer une information locale diff\u00e9rente et compl\u00e9mentaire des m\u00e9dias traditionnels.\",\"sameAs\":[\"https:\/\/www.facebook.com\/lyonbondyblog\",\"https:\/\/x.com\/BondyBlogLyon\"],\"url\":\"https:\/\/lyonbondyblog.fr\/LBB\/author\/admin\/\"}]}<\/script>\n<!-- \/ Yoast SEO plugin. -->","yoast_head_json":{"title":"Les Saisons Hanabi : le Japon s\u2019invite au Comedia - Lyon Bondy Blog","robots":{"index":"index","follow":"follow","max-snippet":"max-snippet:-1","max-image-preview":"max-image-preview:large","max-video-preview":"max-video-preview:-1"},"canonical":"https:\/\/lyonbondyblog.fr\/LBB\/les-saisons-hanabi-le-japon-sinvite-au-comoedia\/","og_locale":"fr_FR","og_type":"article","og_title":"Les Saisons Hanabi : le Japon s\u2019invite au Comedia - Lyon Bondy Blog","og_description":"Le cin\u00e9ma Comoedia consacre sa semaine au meilleur du cin\u00e9ma japonais contemporain \u00e0 travers \u00ab\u00a0Les Saisons Hanabi\u00a0\u00bb,un rendez-vous annuel devenu incontournable pour les amateurs de &hellip;","og_url":"https:\/\/lyonbondyblog.fr\/LBB\/les-saisons-hanabi-le-japon-sinvite-au-comoedia\/","og_site_name":"Lyon Bondy Blog","article_publisher":"https:\/\/www.facebook.com\/lyonbondyblog","article_author":"https:\/\/www.facebook.com\/lyonbondyblog","article_published_time":"2026-01-27T15:59:00+00:00","article_modified_time":"2026-01-27T16:03:54+00:00","og_image":[{"width":1497,"height":2048,"url":"https:\/\/lyonbondyblog.fr\/LBB\/wp-content\/uploads\/2026\/01\/N1_251006-1-1497x2048-1.jpg","type":"image\/jpeg"}],"author":"La r\u00e9daction","twitter_card":"summary_large_image","twitter_creator":"@BondyBlogLyon","twitter_site":"@bondybloglyon","schema":{"@context":"https:\/\/schema.org","@graph":[{"@type":"Article","@id":"https:\/\/lyonbondyblog.fr\/LBB\/les-saisons-hanabi-le-japon-sinvite-au-comoedia\/#article","isPartOf":{"@id":"https:\/\/lyonbondyblog.fr\/LBB\/les-saisons-hanabi-le-japon-sinvite-au-comoedia\/"},"author":{"name":"La r\u00e9daction","@id":"https:\/\/lyonbondyblog.fr\/LBB\/#\/schema\/person\/e45f8d27baac75072daa0be50c409b25"},"headline":"Les Saisons Hanabi : le Japon s\u2019invite au Comedia","datePublished":"2026-01-27T15:59:00+00:00","dateModified":"2026-01-27T16:03:54+00:00","mainEntityOfPage":{"@id":"https:\/\/lyonbondyblog.fr\/LBB\/les-saisons-hanabi-le-japon-sinvite-au-comoedia\/"},"wordCount":219,"commentCount":0,"publisher":{"@id":"https:\/\/lyonbondyblog.fr\/LBB\/#organization"},"image":{"@id":"https:\/\/lyonbondyblog.fr\/LBB\/les-saisons-hanabi-le-japon-sinvite-au-comoedia\/#primaryimage"},"thumbnailUrl":"https:\/\/lyonbondyblog.fr\/LBB\/wp-content\/uploads\/2026\/01\/N1_251006-1-1497x2048-1.jpg","keywords":["Cin\u00e9ma","lyon"],"articleSection":["Lyon"],"inLanguage":"fr-FR","potentialAction":[{"@type":"CommentAction","name":"Comment","target":["https:\/\/lyonbondyblog.fr\/LBB\/les-saisons-hanabi-le-japon-sinvite-au-comoedia\/#respond"]}]},{"@type":"WebPage","@id":"https:\/\/lyonbondyblog.fr\/LBB\/les-saisons-hanabi-le-japon-sinvite-au-comoedia\/","url":"https:\/\/lyonbondyblog.fr\/LBB\/les-saisons-hanabi-le-japon-sinvite-au-comoedia\/","name":"Les Saisons Hanabi : le Japon s\u2019invite au Comedia - Lyon Bondy Blog","isPartOf":{"@id":"https:\/\/lyonbondyblog.fr\/LBB\/#website"},"primaryImageOfPage":{"@id":"https:\/\/lyonbondyblog.fr\/LBB\/les-saisons-hanabi-le-japon-sinvite-au-comoedia\/#primaryimage"},"image":{"@id":"https:\/\/lyonbondyblog.fr\/LBB\/les-saisons-hanabi-le-japon-sinvite-au-comoedia\/#primaryimage"},"thumbnailUrl":"https:\/\/lyonbondyblog.fr\/LBB\/wp-content\/uploads\/2026\/01\/N1_251006-1-1497x2048-1.jpg","datePublished":"2026-01-27T15:59:00+00:00","dateModified":"2026-01-27T16:03:54+00:00","inLanguage":"fr-FR","potentialAction":[{"@type":"ReadAction","target":["https:\/\/lyonbondyblog.fr\/LBB\/les-saisons-hanabi-le-japon-sinvite-au-comoedia\/"]}]},{"@type":"ImageObject","inLanguage":"fr-FR","@id":"https:\/\/lyonbondyblog.fr\/LBB\/les-saisons-hanabi-le-japon-sinvite-au-comoedia\/#primaryimage","url":"https:\/\/lyonbondyblog.fr\/LBB\/wp-content\/uploads\/2026\/01\/N1_251006-1-1497x2048-1.jpg","contentUrl":"https:\/\/lyonbondyblog.fr\/LBB\/wp-content\/uploads\/2026\/01\/N1_251006-1-1497x2048-1.jpg","width":1497,"height":2048},{"@type":"WebSite","@id":"https:\/\/lyonbondyblog.fr\/LBB\/#website","url":"https:\/\/lyonbondyblog.fr\/LBB\/","name":"Lyon Bondy Blog","description":"","publisher":{"@id":"https:\/\/lyonbondyblog.fr\/LBB\/#organization"},"potentialAction":[{"@type":"SearchAction","target":{"@type":"EntryPoint","urlTemplate":"https:\/\/lyonbondyblog.fr\/LBB\/?s={search_term_string}"},"query-input":"required name=search_term_string"}],"inLanguage":"fr-FR"},{"@type":"Organization","@id":"https:\/\/lyonbondyblog.fr\/LBB\/#organization","name":"LYON BONDY BLOG","url":"https:\/\/lyonbondyblog.fr\/LBB\/","logo":{"@type":"ImageObject","inLanguage":"fr-FR","@id":"https:\/\/lyonbondyblog.fr\/LBB\/#\/schema\/logo\/image\/","url":"http:\/\/lyonbondyblog.fr\/LBB\/wp-content\/uploads\/2014\/10\/logo-portable-144.png","contentUrl":"http:\/\/lyonbondyblog.fr\/LBB\/wp-content\/uploads\/2014\/10\/logo-portable-144.png","width":144,"height":123,"caption":"LYON BONDY BLOG"},"image":{"@id":"https:\/\/lyonbondyblog.fr\/LBB\/#\/schema\/logo\/image\/"},"sameAs":["https:\/\/www.facebook.com\/lyonbondyblog","https:\/\/x.com\/bondybloglyon"]},{"@type":"Person","@id":"https:\/\/lyonbondyblog.fr\/LBB\/#\/schema\/person\/e45f8d27baac75072daa0be50c409b25","name":"La r\u00e9daction","description":"Cr\u00e9e en 2008, la r\u00e9daction du Lyon Bondy Blog s'applique \u00e0 proposer une information locale diff\u00e9rente et compl\u00e9mentaire des m\u00e9dias traditionnels.","sameAs":["https:\/\/www.facebook.com\/lyonbondyblog","https:\/\/x.com\/BondyBlogLyon"],"url":"https:\/\/lyonbondyblog.fr\/LBB\/author\/admin\/"}]}},"_links":{"self":[{"href":"https:\/\/lyonbondyblog.fr\/LBB\/wp-json\/wp\/v2\/posts\/37697","targetHints":{"allow":["GET"]}}],"collection":[{"href":"https:\/\/lyonbondyblog.fr\/LBB\/wp-json\/wp\/v2\/posts"}],"about":[{"href":"https:\/\/lyonbondyblog.fr\/LBB\/wp-json\/wp\/v2\/types\/post"}],"author":[{"embeddable":true,"href":"https:\/\/lyonbondyblog.fr\/LBB\/wp-json\/wp\/v2\/users\/1"}],"replies":[{"embeddable":true,"href":"https:\/\/lyonbondyblog.fr\/LBB\/wp-json\/wp\/v2\/comments?post=37697"}],"version-history":[{"count":3,"href":"https:\/\/lyonbondyblog.fr\/LBB\/wp-json\/wp\/v2\/posts\/37697\/revisions"}],"predecessor-version":[{"id":37703,"href":"https:\/\/lyonbondyblog.fr\/LBB\/wp-json\/wp\/v2\/posts\/37697\/revisions\/37703"}],"wp:featuredmedia":[{"embeddable":true,"href":"https:\/\/lyonbondyblog.fr\/LBB\/wp-json\/wp\/v2\/media\/37699"}],"wp:attachment":[{"href":"https:\/\/lyonbondyblog.fr\/LBB\/wp-json\/wp\/v2\/media?parent=37697"}],"wp:term":[{"taxonomy":"category","embeddable":true,"href":"https:\/\/lyonbondyblog.fr\/LBB\/wp-json\/wp\/v2\/categories?post=37697"},{"taxonomy":"post_tag","embeddable":true,"href":"https:\/\/lyonbondyblog.fr\/LBB\/wp-json\/wp\/v2\/tags?post=37697"}],"curies":[{"name":"wp","href":"https:\/\/api.w.org\/{rel}","templated":true}]}}