{"id":37686,"date":"2026-01-25T15:47:47","date_gmt":"2026-01-25T14:47:47","guid":{"rendered":"https:\/\/lyonbondyblog.fr\/LBB\/?p=37686"},"modified":"2026-01-25T23:09:54","modified_gmt":"2026-01-25T22:09:54","slug":"politique-bruno-bernard-sort-les-muscles","status":"publish","type":"post","link":"https:\/\/lyonbondyblog.fr\/LBB\/politique-bruno-bernard-sort-les-muscles\/","title":{"rendered":"Politique : Bruno Bernard sort les muscles"},"content":{"rendered":"\n<p><strong>Aujourd\u2019hui, les t\u00eates de liste aux \u00e9lections m\u00e9tropolitaines \u201cAvan\u00e7ons Ensemble\u201d sont sorties, d\u00e9cryptage.<\/strong><\/p>\n\n\n\n<p>Lors de sa c\u00e9r\u00e9monie de v\u0153ux \u00e0 la presse ce vendredi, Bruno Bernard n\u2019avait rien laiss\u00e9 filtrer. Ce dimanche, l\u2019\u00e9quipe de campagne envoie \u00e0 toutes les r\u00e9dactions lyonnaises, les t\u00eates de listes pour les \u00e9lections m\u00e9tropolitaines du 15 et 22 mars prochain.<\/p>\n\n\n\n<p><strong>Changement de casting pour Bruno Bernard<\/strong><\/p>\n\n\n\n<p>Une alliance bien r\u00e9fl\u00e9chie depuis septembre notamment avec le dernier partenaire Place Publique. Le \u201cmonsieur V\u00e9lo\u201d de la m\u00e9tropole lyonnaise n\u2019est plus en odeur de saintet\u00e9 dans l&rsquo;ex\u00e9cutif de gauche. Marie-Charlotte Garin, la d\u00e9put\u00e9e de la 3\u00e8me circonscription du Rh\u00f4ne, fait son apparition sur la circo du huiti\u00e8me arrondissement. Fran\u00e7ois Journy (Place Publique) et Kheira Boukralfa (Voix Commune), compl\u00e8tent ce nouveau casting. Tout le monde l\u2019attendait, un peu comme la liste des 23 pour la prochaine coupe du monde, en Am\u00e9rique du nord.<\/p>\n\n\n\n<p><strong>Les \u201cpoids lourds\u201d dans les villes populaires&nbsp;<\/strong><\/p>\n\n\n\n<p>Les poids lourds de la premi\u00e8re mandature \u00e9cologiste sont bien pr\u00e9sents comme H\u00e9l\u00e8ne Geoffroy, Mich\u00e8le Picard, et en troisi\u00e8me de liste sur la circonscription de Villeurbanne, C\u00e9dric Van Styvendael. Jean Charles Kohlhaas, \u201cMonsieur Transport\u201d de la m\u00e9tropole sera sur la circo \u201cL\u00f4nes et Coteaux\u201d avec le maire de Givors Mohamed Boudjellaba. Manon Doyelle para-athl\u00e8te sera t\u00eate de liste sur la circonscription \u201cPorte des Alpes\u201d.<\/p>\n\n\n\n<p><strong>Un ouest compliqu\u00e9 pour \u201cAvan\u00e7ons Ensemble\u201d<\/strong><\/p>\n\n\n\n<p>&nbsp;Les autres circonscriptions comme celle de Fran\u00e7ois Journy pour Place Publique, sera oppos\u00e9 au candidat RN Florian Patard. On attend encore le nom de la t\u00eate de liste du candidat \u201cCoeur Lyonnais\u201d sur la circonscription Lyon-Ouest, qui pourrait \u00eatre Jean-Michel Aulas. Les circonscriptions comprenant le Val de Sa\u00f4ne et le Plateau Nord devraient normalement revenir \u00e0 la liste \u201cCoeur Lyonnais\u201d.<\/p>\n\n\n\n<p>Suite \u00e0 l\u2019annonce ce vendredi soir de la candidature de Florestan Groult \u00e0 nos confr\u00e8res du Progr\u00e8s, Bruno Bernard a acc\u00e9l\u00e9r\u00e9 sa campagne et ses choix. Une liste reste encore inconnue \u00e0 ce jour pour la m\u00e9tropole ,celle de \u201c Coeur Lyonnais\u201d.<\/p>\n\n\n\n<p>Listes des t\u00eates par circonscriptions :&nbsp;<\/p>\n\n\n\n<p>Lyon Ouest<strong><br><\/strong>T\u00eate de liste : Fran\u00e7ois Journy (Place Publique)<\/p>\n\n\n\n<p>Lyon Centre<strong><br><\/strong>T\u00eate de liste : Kheira Boukralfa<\/p>\n\n\n\n<p>Lyon Sud<strong><br><\/strong>T\u00eate de liste : <a href=\"https:\/\/www.lyonmag.com\/profil-personnalite-lyonnaise\/569\/lucie-vacher\">Lucie Vacher<\/a> (Les Ecologistes)<\/p>\n\n\n\n<p>Lyon Sud Est<strong><br><\/strong>T\u00eate de liste : Marie-Charlotte Garin (Les Ecologistes)<\/p>\n\n\n\n<p>Lyon Est<strong><br><\/strong>T\u00eate de Liste : <a href=\"https:\/\/www.lyonmag.com\/profil-personnalite-lyonnaise\/554\/benjamin-badouard\">Benjamin Badouard<\/a> (Les Ecologistes)<\/p>\n\n\n\n<p>Lyon Nord<strong><br><\/strong>T\u00eate de liste : Sandrine Runel (PS)<\/p>\n\n\n\n<p>Villeurbanne<strong><br><\/strong>T\u00eate de liste : Bruno Bernard (Les \u00c9cologistes), pr\u00e9sident sortant<\/p>\n\n\n\n<p>Rh\u00f4ne Amont<strong><br><\/strong>T\u00eate de liste : <a href=\"https:\/\/www.lyonmag.com\/profil-personnalite-lyonnaise\/47\/helene-geoffroy\">H\u00e9l\u00e8ne Geoffroy<\/a> (PS)<\/p>\n\n\n\n<p>Porte des Alpes<strong><br><\/strong>T\u00eate de liste : Manon Doyelle (Les Ecologistes)<\/p>\n\n\n\n<p>Portes du Sud<strong><br><\/strong>T\u00eate de liste : <a href=\"https:\/\/www.lyonmag.com\/profil-personnalite-lyonnaise\/168\/michele-picard\">Mich\u00e8le Picard<\/a> (PCF)<\/p>\n\n\n\n<p>L\u00f4nes et Coteaux<strong><br><\/strong>T\u00eate de liste : <a href=\"https:\/\/www.lyonmag.com\/profil-personnalite-lyonnaise\/297\/jean-charles-kohlhaas\">Jean-Charles Kohlhaas<\/a> (Les Ecologistes)<\/p>\n\n\n\n<p>Ouest<strong><br><\/strong>T\u00eate de liste : <a href=\"https:\/\/www.lyonmag.com\/profil-personnalite-lyonnaise\/571\/helene-duvivier\">H\u00e9l\u00e8ne Duvivier<\/a> (Les Ecologistes)<\/p>\n\n\n\n<p>Val de Sa\u00f4ne<strong><br><\/strong>T\u00eate de liste : <a href=\"https:\/\/www.lyonmag.com\/profil-personnalite-lyonnaise\/570\/jeremy-camus\">J\u00e9r\u00e9my Camus<\/a> (Les Ecologistes)<\/p>\n\n\n\n<p>Plateau Nord <strong><br><\/strong>T\u00eate de liste : <a href=\"https:\/\/www.lyonmag.com\/profil-personnalite-lyonnaise\/752\/fabrice-matteucci\">Fabrice Matteucci<\/a> (PS)<\/p>\n<!-- AddThis Advanced Settings generic via filter on the_content --><!-- AddThis Share Buttons generic via filter on the_content -->","protected":false},"excerpt":{"rendered":"<p>Aujourd\u2019hui, les t\u00eates de liste aux \u00e9lections m\u00e9tropolitaines \u201cAvan\u00e7ons Ensemble\u201d sont sorties, d\u00e9cryptage. Lors de sa c\u00e9r\u00e9monie de v\u0153ux \u00e0 la presse ce vendredi, Bruno &hellip; <!-- AddThis Advanced Settings generic via filter on wp_trim_excerpt --><!-- AddThis Share Buttons generic via filter on wp_trim_excerpt --><\/p>\n","protected":false},"author":1,"featured_media":37687,"comment_status":"open","ping_status":"open","sticky":true,"template":"","format":"standard","meta":{"_FSMCFIC_featured_image_caption":"Photo des t\u00eates de liste pour les prochaines \u00e9lections m\u00e9tropolitaines du 15 au 22 mars 2026","_FSMCFIC_featured_image_nocaption":"","_FSMCFIC_featured_image_hide":"","footnotes":""},"categories":[22015,6,3891,6974,10388],"tags":[],"class_list":["post-37686","post","type-post","status-publish","format-standard","has-post-thumbnail","hentry","category-metropole","category-politique","category-vaulx-en-velin","category-venissieux","category-villeurbanne"],"yoast_head":"<!-- This site is optimized with the Yoast SEO plugin v22.8 - https:\/\/yoast.com\/wordpress\/plugins\/seo\/ -->\n<title>Politique : Bruno Bernard sort les muscles - Lyon Bondy Blog<\/title>\n<meta name=\"robots\" content=\"index, follow, max-snippet:-1, max-image-preview:large, max-video-preview:-1\" \/>\n<link rel=\"canonical\" href=\"https:\/\/lyonbondyblog.fr\/LBB\/politique-bruno-bernard-sort-les-muscles\/\" \/>\n<meta property=\"og:locale\" content=\"fr_FR\" \/>\n<meta property=\"og:type\" content=\"article\" \/>\n<meta property=\"og:title\" content=\"Politique : Bruno Bernard sort les muscles - Lyon Bondy Blog\" \/>\n<meta property=\"og:description\" content=\"Aujourd\u2019hui, les t\u00eates de liste aux \u00e9lections m\u00e9tropolitaines \u201cAvan\u00e7ons Ensemble\u201d sont sorties, d\u00e9cryptage. Lors de sa c\u00e9r\u00e9monie de v\u0153ux \u00e0 la presse ce vendredi, Bruno &hellip;\" \/>\n<meta property=\"og:url\" content=\"https:\/\/lyonbondyblog.fr\/LBB\/politique-bruno-bernard-sort-les-muscles\/\" \/>\n<meta property=\"og:site_name\" content=\"Lyon Bondy Blog\" \/>\n<meta property=\"article:publisher\" content=\"https:\/\/www.facebook.com\/lyonbondyblog\" \/>\n<meta property=\"article:author\" content=\"https:\/\/www.facebook.com\/lyonbondyblog\" \/>\n<meta property=\"article:published_time\" content=\"2026-01-25T14:47:47+00:00\" \/>\n<meta property=\"article:modified_time\" content=\"2026-01-25T22:09:54+00:00\" \/>\n<meta property=\"og:image\" content=\"https:\/\/lyonbondyblog.fr\/LBB\/wp-content\/uploads\/2026\/01\/Mosaique-des-Tetes-de-listes-Avancons-ensemble-scaled-e1769352639690.png\" \/>\n\t<meta property=\"og:image:width\" content=\"2460\" \/>\n\t<meta property=\"og:image:height\" content=\"1758\" \/>\n\t<meta property=\"og:image:type\" content=\"image\/png\" \/>\n<meta name=\"author\" content=\"La r\u00e9daction\" \/>\n<meta name=\"twitter:card\" content=\"summary_large_image\" \/>\n<meta name=\"twitter:creator\" content=\"@BondyBlogLyon\" \/>\n<meta name=\"twitter:site\" content=\"@bondybloglyon\" \/>\n<script type=\"application\/ld+json\" class=\"yoast-schema-graph\">{\"@context\":\"https:\/\/schema.org\",\"@graph\":[{\"@type\":\"Article\",\"@id\":\"https:\/\/lyonbondyblog.fr\/LBB\/politique-bruno-bernard-sort-les-muscles\/#article\",\"isPartOf\":{\"@id\":\"https:\/\/lyonbondyblog.fr\/LBB\/politique-bruno-bernard-sort-les-muscles\/\"},\"author\":{\"name\":\"La r\u00e9daction\",\"@id\":\"https:\/\/lyonbondyblog.fr\/LBB\/#\/schema\/person\/e45f8d27baac75072daa0be50c409b25\"},\"headline\":\"Politique : Bruno Bernard sort les muscles\",\"datePublished\":\"2026-01-25T14:47:47+00:00\",\"dateModified\":\"2026-01-25T22:09:54+00:00\",\"mainEntityOfPage\":{\"@id\":\"https:\/\/lyonbondyblog.fr\/LBB\/politique-bruno-bernard-sort-les-muscles\/\"},\"wordCount\":527,\"commentCount\":0,\"publisher\":{\"@id\":\"https:\/\/lyonbondyblog.fr\/LBB\/#organization\"},\"image\":{\"@id\":\"https:\/\/lyonbondyblog.fr\/LBB\/politique-bruno-bernard-sort-les-muscles\/#primaryimage\"},\"thumbnailUrl\":\"https:\/\/lyonbondyblog.fr\/LBB\/wp-content\/uploads\/2026\/01\/Mosaique-des-Tetes-de-listes-Avancons-ensemble-scaled-e1769352639690.png\",\"articleSection\":[\"M\u00e9tropole\",\"Politique\",\"Vaulx-en-Velin\",\"V\u00e9nissieux\",\"Villeurbanne\"],\"inLanguage\":\"fr-FR\",\"potentialAction\":[{\"@type\":\"CommentAction\",\"name\":\"Comment\",\"target\":[\"https:\/\/lyonbondyblog.fr\/LBB\/politique-bruno-bernard-sort-les-muscles\/#respond\"]}]},{\"@type\":\"WebPage\",\"@id\":\"https:\/\/lyonbondyblog.fr\/LBB\/politique-bruno-bernard-sort-les-muscles\/\",\"url\":\"https:\/\/lyonbondyblog.fr\/LBB\/politique-bruno-bernard-sort-les-muscles\/\",\"name\":\"Politique : Bruno Bernard sort les muscles - Lyon Bondy Blog\",\"isPartOf\":{\"@id\":\"https:\/\/lyonbondyblog.fr\/LBB\/#website\"},\"primaryImageOfPage\":{\"@id\":\"https:\/\/lyonbondyblog.fr\/LBB\/politique-bruno-bernard-sort-les-muscles\/#primaryimage\"},\"image\":{\"@id\":\"https:\/\/lyonbondyblog.fr\/LBB\/politique-bruno-bernard-sort-les-muscles\/#primaryimage\"},\"thumbnailUrl\":\"https:\/\/lyonbondyblog.fr\/LBB\/wp-content\/uploads\/2026\/01\/Mosaique-des-Tetes-de-listes-Avancons-ensemble-scaled-e1769352639690.png\",\"datePublished\":\"2026-01-25T14:47:47+00:00\",\"dateModified\":\"2026-01-25T22:09:54+00:00\",\"inLanguage\":\"fr-FR\",\"potentialAction\":[{\"@type\":\"ReadAction\",\"target\":[\"https:\/\/lyonbondyblog.fr\/LBB\/politique-bruno-bernard-sort-les-muscles\/\"]}]},{\"@type\":\"ImageObject\",\"inLanguage\":\"fr-FR\",\"@id\":\"https:\/\/lyonbondyblog.fr\/LBB\/politique-bruno-bernard-sort-les-muscles\/#primaryimage\",\"url\":\"https:\/\/lyonbondyblog.fr\/LBB\/wp-content\/uploads\/2026\/01\/Mosaique-des-Tetes-de-listes-Avancons-ensemble-scaled-e1769352639690.png\",\"contentUrl\":\"https:\/\/lyonbondyblog.fr\/LBB\/wp-content\/uploads\/2026\/01\/Mosaique-des-Tetes-de-listes-Avancons-ensemble-scaled-e1769352639690.png\",\"width\":2460,\"height\":1758},{\"@type\":\"WebSite\",\"@id\":\"https:\/\/lyonbondyblog.fr\/LBB\/#website\",\"url\":\"https:\/\/lyonbondyblog.fr\/LBB\/\",\"name\":\"Lyon Bondy Blog\",\"description\":\"\",\"publisher\":{\"@id\":\"https:\/\/lyonbondyblog.fr\/LBB\/#organization\"},\"potentialAction\":[{\"@type\":\"SearchAction\",\"target\":{\"@type\":\"EntryPoint\",\"urlTemplate\":\"https:\/\/lyonbondyblog.fr\/LBB\/?s={search_term_string}\"},\"query-input\":\"required name=search_term_string\"}],\"inLanguage\":\"fr-FR\"},{\"@type\":\"Organization\",\"@id\":\"https:\/\/lyonbondyblog.fr\/LBB\/#organization\",\"name\":\"LYON BONDY BLOG\",\"url\":\"https:\/\/lyonbondyblog.fr\/LBB\/\",\"logo\":{\"@type\":\"ImageObject\",\"inLanguage\":\"fr-FR\",\"@id\":\"https:\/\/lyonbondyblog.fr\/LBB\/#\/schema\/logo\/image\/\",\"url\":\"http:\/\/lyonbondyblog.fr\/LBB\/wp-content\/uploads\/2014\/10\/logo-portable-144.png\",\"contentUrl\":\"http:\/\/lyonbondyblog.fr\/LBB\/wp-content\/uploads\/2014\/10\/logo-portable-144.png\",\"width\":144,\"height\":123,\"caption\":\"LYON BONDY BLOG\"},\"image\":{\"@id\":\"https:\/\/lyonbondyblog.fr\/LBB\/#\/schema\/logo\/image\/\"},\"sameAs\":[\"https:\/\/www.facebook.com\/lyonbondyblog\",\"https:\/\/x.com\/bondybloglyon\"]},{\"@type\":\"Person\",\"@id\":\"https:\/\/lyonbondyblog.fr\/LBB\/#\/schema\/person\/e45f8d27baac75072daa0be50c409b25\",\"name\":\"La r\u00e9daction\",\"description\":\"Cr\u00e9e en 2008, la r\u00e9daction du Lyon Bondy Blog s'applique \u00e0 proposer une information locale diff\u00e9rente et compl\u00e9mentaire des m\u00e9dias traditionnels.\",\"sameAs\":[\"https:\/\/www.facebook.com\/lyonbondyblog\",\"https:\/\/x.com\/BondyBlogLyon\"],\"url\":\"https:\/\/lyonbondyblog.fr\/LBB\/author\/admin\/\"}]}<\/script>\n<!-- \/ Yoast SEO plugin. -->","yoast_head_json":{"title":"Politique : Bruno Bernard sort les muscles - Lyon Bondy Blog","robots":{"index":"index","follow":"follow","max-snippet":"max-snippet:-1","max-image-preview":"max-image-preview:large","max-video-preview":"max-video-preview:-1"},"canonical":"https:\/\/lyonbondyblog.fr\/LBB\/politique-bruno-bernard-sort-les-muscles\/","og_locale":"fr_FR","og_type":"article","og_title":"Politique : Bruno Bernard sort les muscles - Lyon Bondy Blog","og_description":"Aujourd\u2019hui, les t\u00eates de liste aux \u00e9lections m\u00e9tropolitaines \u201cAvan\u00e7ons Ensemble\u201d sont sorties, d\u00e9cryptage. Lors de sa c\u00e9r\u00e9monie de v\u0153ux \u00e0 la presse ce vendredi, Bruno &hellip;","og_url":"https:\/\/lyonbondyblog.fr\/LBB\/politique-bruno-bernard-sort-les-muscles\/","og_site_name":"Lyon Bondy Blog","article_publisher":"https:\/\/www.facebook.com\/lyonbondyblog","article_author":"https:\/\/www.facebook.com\/lyonbondyblog","article_published_time":"2026-01-25T14:47:47+00:00","article_modified_time":"2026-01-25T22:09:54+00:00","og_image":[{"width":2460,"height":1758,"url":"https:\/\/lyonbondyblog.fr\/LBB\/wp-content\/uploads\/2026\/01\/Mosaique-des-Tetes-de-listes-Avancons-ensemble-scaled-e1769352639690.png","type":"image\/png"}],"author":"La r\u00e9daction","twitter_card":"summary_large_image","twitter_creator":"@BondyBlogLyon","twitter_site":"@bondybloglyon","schema":{"@context":"https:\/\/schema.org","@graph":[{"@type":"Article","@id":"https:\/\/lyonbondyblog.fr\/LBB\/politique-bruno-bernard-sort-les-muscles\/#article","isPartOf":{"@id":"https:\/\/lyonbondyblog.fr\/LBB\/politique-bruno-bernard-sort-les-muscles\/"},"author":{"name":"La r\u00e9daction","@id":"https:\/\/lyonbondyblog.fr\/LBB\/#\/schema\/person\/e45f8d27baac75072daa0be50c409b25"},"headline":"Politique : Bruno Bernard sort les muscles","datePublished":"2026-01-25T14:47:47+00:00","dateModified":"2026-01-25T22:09:54+00:00","mainEntityOfPage":{"@id":"https:\/\/lyonbondyblog.fr\/LBB\/politique-bruno-bernard-sort-les-muscles\/"},"wordCount":527,"commentCount":0,"publisher":{"@id":"https:\/\/lyonbondyblog.fr\/LBB\/#organization"},"image":{"@id":"https:\/\/lyonbondyblog.fr\/LBB\/politique-bruno-bernard-sort-les-muscles\/#primaryimage"},"thumbnailUrl":"https:\/\/lyonbondyblog.fr\/LBB\/wp-content\/uploads\/2026\/01\/Mosaique-des-Tetes-de-listes-Avancons-ensemble-scaled-e1769352639690.png","articleSection":["M\u00e9tropole","Politique","Vaulx-en-Velin","V\u00e9nissieux","Villeurbanne"],"inLanguage":"fr-FR","potentialAction":[{"@type":"CommentAction","name":"Comment","target":["https:\/\/lyonbondyblog.fr\/LBB\/politique-bruno-bernard-sort-les-muscles\/#respond"]}]},{"@type":"WebPage","@id":"https:\/\/lyonbondyblog.fr\/LBB\/politique-bruno-bernard-sort-les-muscles\/","url":"https:\/\/lyonbondyblog.fr\/LBB\/politique-bruno-bernard-sort-les-muscles\/","name":"Politique : Bruno Bernard sort les muscles - Lyon Bondy Blog","isPartOf":{"@id":"https:\/\/lyonbondyblog.fr\/LBB\/#website"},"primaryImageOfPage":{"@id":"https:\/\/lyonbondyblog.fr\/LBB\/politique-bruno-bernard-sort-les-muscles\/#primaryimage"},"image":{"@id":"https:\/\/lyonbondyblog.fr\/LBB\/politique-bruno-bernard-sort-les-muscles\/#primaryimage"},"thumbnailUrl":"https:\/\/lyonbondyblog.fr\/LBB\/wp-content\/uploads\/2026\/01\/Mosaique-des-Tetes-de-listes-Avancons-ensemble-scaled-e1769352639690.png","datePublished":"2026-01-25T14:47:47+00:00","dateModified":"2026-01-25T22:09:54+00:00","inLanguage":"fr-FR","potentialAction":[{"@type":"ReadAction","target":["https:\/\/lyonbondyblog.fr\/LBB\/politique-bruno-bernard-sort-les-muscles\/"]}]},{"@type":"ImageObject","inLanguage":"fr-FR","@id":"https:\/\/lyonbondyblog.fr\/LBB\/politique-bruno-bernard-sort-les-muscles\/#primaryimage","url":"https:\/\/lyonbondyblog.fr\/LBB\/wp-content\/uploads\/2026\/01\/Mosaique-des-Tetes-de-listes-Avancons-ensemble-scaled-e1769352639690.png","contentUrl":"https:\/\/lyonbondyblog.fr\/LBB\/wp-content\/uploads\/2026\/01\/Mosaique-des-Tetes-de-listes-Avancons-ensemble-scaled-e1769352639690.png","width":2460,"height":1758},{"@type":"WebSite","@id":"https:\/\/lyonbondyblog.fr\/LBB\/#website","url":"https:\/\/lyonbondyblog.fr\/LBB\/","name":"Lyon Bondy Blog","description":"","publisher":{"@id":"https:\/\/lyonbondyblog.fr\/LBB\/#organization"},"potentialAction":[{"@type":"SearchAction","target":{"@type":"EntryPoint","urlTemplate":"https:\/\/lyonbondyblog.fr\/LBB\/?s={search_term_string}"},"query-input":"required name=search_term_string"}],"inLanguage":"fr-FR"},{"@type":"Organization","@id":"https:\/\/lyonbondyblog.fr\/LBB\/#organization","name":"LYON BONDY BLOG","url":"https:\/\/lyonbondyblog.fr\/LBB\/","logo":{"@type":"ImageObject","inLanguage":"fr-FR","@id":"https:\/\/lyonbondyblog.fr\/LBB\/#\/schema\/logo\/image\/","url":"http:\/\/lyonbondyblog.fr\/LBB\/wp-content\/uploads\/2014\/10\/logo-portable-144.png","contentUrl":"http:\/\/lyonbondyblog.fr\/LBB\/wp-content\/uploads\/2014\/10\/logo-portable-144.png","width":144,"height":123,"caption":"LYON BONDY BLOG"},"image":{"@id":"https:\/\/lyonbondyblog.fr\/LBB\/#\/schema\/logo\/image\/"},"sameAs":["https:\/\/www.facebook.com\/lyonbondyblog","https:\/\/x.com\/bondybloglyon"]},{"@type":"Person","@id":"https:\/\/lyonbondyblog.fr\/LBB\/#\/schema\/person\/e45f8d27baac75072daa0be50c409b25","name":"La r\u00e9daction","description":"Cr\u00e9e en 2008, la r\u00e9daction du Lyon Bondy Blog s'applique \u00e0 proposer une information locale diff\u00e9rente et compl\u00e9mentaire des m\u00e9dias traditionnels.","sameAs":["https:\/\/www.facebook.com\/lyonbondyblog","https:\/\/x.com\/BondyBlogLyon"],"url":"https:\/\/lyonbondyblog.fr\/LBB\/author\/admin\/"}]}},"_links":{"self":[{"href":"https:\/\/lyonbondyblog.fr\/LBB\/wp-json\/wp\/v2\/posts\/37686","targetHints":{"allow":["GET"]}}],"collection":[{"href":"https:\/\/lyonbondyblog.fr\/LBB\/wp-json\/wp\/v2\/posts"}],"about":[{"href":"https:\/\/lyonbondyblog.fr\/LBB\/wp-json\/wp\/v2\/types\/post"}],"author":[{"embeddable":true,"href":"https:\/\/lyonbondyblog.fr\/LBB\/wp-json\/wp\/v2\/users\/1"}],"replies":[{"embeddable":true,"href":"https:\/\/lyonbondyblog.fr\/LBB\/wp-json\/wp\/v2\/comments?post=37686"}],"version-history":[{"count":6,"href":"https:\/\/lyonbondyblog.fr\/LBB\/wp-json\/wp\/v2\/posts\/37686\/revisions"}],"predecessor-version":[{"id":37696,"href":"https:\/\/lyonbondyblog.fr\/LBB\/wp-json\/wp\/v2\/posts\/37686\/revisions\/37696"}],"wp:featuredmedia":[{"embeddable":true,"href":"https:\/\/lyonbondyblog.fr\/LBB\/wp-json\/wp\/v2\/media\/37687"}],"wp:attachment":[{"href":"https:\/\/lyonbondyblog.fr\/LBB\/wp-json\/wp\/v2\/media?parent=37686"}],"wp:term":[{"taxonomy":"category","embeddable":true,"href":"https:\/\/lyonbondyblog.fr\/LBB\/wp-json\/wp\/v2\/categories?post=37686"},{"taxonomy":"post_tag","embeddable":true,"href":"https:\/\/lyonbondyblog.fr\/LBB\/wp-json\/wp\/v2\/tags?post=37686"}],"curies":[{"name":"wp","href":"https:\/\/api.w.org\/{rel}","templated":true}]}}