{"id":37679,"date":"2026-01-24T09:00:00","date_gmt":"2026-01-24T08:00:00","guid":{"rendered":"https:\/\/lyonbondyblog.fr\/LBB\/?p=37679"},"modified":"2026-01-24T09:10:35","modified_gmt":"2026-01-24T08:10:35","slug":"anais-belouassa-cherifi-affirme-sa-vision-de-lyon","status":"publish","type":"post","link":"https:\/\/lyonbondyblog.fr\/LBB\/anais-belouassa-cherifi-affirme-sa-vision-de-lyon\/","title":{"rendered":"Ana\u00efs Belouassa-Cherifi affirme sa vision de Lyon"},"content":{"rendered":"\n<p><strong>Ce vendredi matin, la t\u00eate de liste \u201cLa France Insoumise\u201d, Ana\u00efs Belouassa-Cherifi a r\u00e9affirm\u00e9 devant la presse ses priorit\u00e9s pour Lyon.<\/strong><\/p>\n\n\n\n<p>Pendant une heure, hier matin, la candidate insoumise s\u2019est pr\u00e9sent\u00e9e devant la presse pour pr\u00e9senter ses mesures concr\u00e8tes pour sa ville de Lyon : plus de services publics, de services de proximit\u00e9, police de proximit\u00e9 et notamment une offre de sant\u00e9 plus concr\u00e8te.<\/p>\n\n\n\n<p>La proximit\u00e9, c\u2019est la ma\u00eetre-mot ou le mot-clef de la campagne municipale ou de la prochaine pr\u00e9sidentielle, \u00e0 vous de juger. Ramener plus de service public dans les zones o\u00f9 justement l\u2019\u00e9tat n\u2019y est plus. Affirmer une pr\u00e9sence institutionnelle, montrer une collectivit\u00e9 forte et surtout ramener le citoyen au c\u0153ur du d\u00e9bat dans la ville de Lyon, tel est le message et les mesures prises par les Insoumis.<\/p>\n\n\n\n<p><a href=\"https:\/\/lyonbondyblog.fr\/LBB\/faire-mieux-pour-lyon-anais-belouassa-cherifi-lance-la-campagne-lfi\/\">Les insoumis<\/a> restent pour le moment en troisi\u00e8me position dans les sondages, derri\u00e8re le maire sortant \u00e9cologiste <a href=\"https:\/\/lyonbondyblog.fr\/LBB\/municipales-2026-lombre-de-gerard-collomb\/\">Gr\u00e9gory Doucet<\/a> et <a href=\"https:\/\/lyonbondyblog.fr\/LBB\/municipales-2026-lombre-de-gerard-collomb\/\">Jean-Michel Aulas<\/a>. Il est dur d\u2019exister et de polariser avec ces deux gros candidats. Prochain temps-fort pour les Insoumis \u00e0 Lyon, le 6 f\u00e9vrier \u00e0 18h \u00e0 la salle de la Ficelle \u00e0 c\u00f4t\u00e9 du m\u00e9tro H\u00e9non (Lyon 4\u00e8me).<\/p>\n\n\n\n<p>C\u2019est une campagne assez importante pour les insoumis, car n\u2019ayant pas trop d\u2019\u00e9lus locaux, leur pr\u00e9sence est nulle au S\u00e9nat. Ils vont devoir mettre le \u201cbleu de chauffe\u201d pour exister localement, nationalement pour l\u2019instant, les voyants sont au vert. Le 15 mars, les \u00e9lectrices et les \u00e9lecteurs d\u00e9cideront ou pas de leur donner la clef des institutions locales.<\/p>\n<!-- AddThis Advanced Settings generic via filter on the_content --><!-- AddThis Share Buttons generic via filter on the_content -->","protected":false},"excerpt":{"rendered":"<p>Ce vendredi matin, la t\u00eate de liste \u201cLa France Insoumise\u201d, Ana\u00efs Belouassa-Cherifi a r\u00e9affirm\u00e9 devant la presse ses priorit\u00e9s pour Lyon. Pendant une heure, hier &hellip; <!-- AddThis Advanced Settings generic via filter on wp_trim_excerpt --><!-- AddThis Share Buttons generic via filter on wp_trim_excerpt --><\/p>\n","protected":false},"author":33,"featured_media":37680,"comment_status":"open","ping_status":"open","sticky":true,"template":"","format":"standard","meta":{"_FSMCFIC_featured_image_caption":"Ce vendredi matin, la t\u00eate de liste \u201cLa France Insoumise\u201d, Ana\u00efs Belouassa-Cherifi a r\u00e9affirm\u00e9 devant la presse ses priorit\u00e9s pour Lyon.","_FSMCFIC_featured_image_nocaption":"","_FSMCFIC_featured_image_hide":"","footnotes":""},"categories":[4,28441,6],"tags":[10,112,28451,165],"class_list":["post-37679","post","type-post","status-publish","format-standard","has-post-thumbnail","hentry","category-lyon","category-municipales-2026","category-politique","tag-lyon-2","tag-lyon-bondy-blog","tag-municipale2026","tag-politique-2"],"yoast_head":"<!-- This site is optimized with the Yoast SEO plugin v22.8 - https:\/\/yoast.com\/wordpress\/plugins\/seo\/ -->\n<title>Ana\u00efs Belouassa-Cherifi affirme sa vision de Lyon - Lyon Bondy Blog<\/title>\n<meta name=\"robots\" content=\"index, follow, max-snippet:-1, max-image-preview:large, max-video-preview:-1\" \/>\n<link rel=\"canonical\" href=\"https:\/\/lyonbondyblog.fr\/LBB\/anais-belouassa-cherifi-affirme-sa-vision-de-lyon\/\" \/>\n<meta property=\"og:locale\" content=\"fr_FR\" \/>\n<meta property=\"og:type\" content=\"article\" \/>\n<meta property=\"og:title\" content=\"Ana\u00efs Belouassa-Cherifi affirme sa vision de Lyon - Lyon Bondy Blog\" \/>\n<meta property=\"og:description\" content=\"Ce vendredi matin, la t\u00eate de liste \u201cLa France Insoumise\u201d, Ana\u00efs Belouassa-Cherifi a r\u00e9affirm\u00e9 devant la presse ses priorit\u00e9s pour Lyon. Pendant une heure, hier &hellip;\" \/>\n<meta property=\"og:url\" content=\"https:\/\/lyonbondyblog.fr\/LBB\/anais-belouassa-cherifi-affirme-sa-vision-de-lyon\/\" \/>\n<meta property=\"og:site_name\" content=\"Lyon Bondy Blog\" \/>\n<meta property=\"article:publisher\" content=\"https:\/\/www.facebook.com\/lyonbondyblog\" \/>\n<meta property=\"article:published_time\" content=\"2026-01-24T08:00:00+00:00\" \/>\n<meta property=\"article:modified_time\" content=\"2026-01-24T08:10:35+00:00\" \/>\n<meta property=\"og:image\" content=\"https:\/\/lyonbondyblog.fr\/LBB\/wp-content\/uploads\/2026\/01\/IMG_1066-scaled.jpeg\" \/>\n\t<meta property=\"og:image:width\" content=\"2560\" \/>\n\t<meta property=\"og:image:height\" content=\"1920\" \/>\n\t<meta property=\"og:image:type\" content=\"image\/jpeg\" \/>\n<meta name=\"author\" content=\"Etienne Aazzab\" \/>\n<meta name=\"twitter:card\" content=\"summary_large_image\" \/>\n<meta name=\"twitter:creator\" content=\"@AazzabEtienne\" \/>\n<meta name=\"twitter:site\" content=\"@bondybloglyon\" \/>\n<script type=\"application\/ld+json\" class=\"yoast-schema-graph\">{\"@context\":\"https:\/\/schema.org\",\"@graph\":[{\"@type\":\"Article\",\"@id\":\"https:\/\/lyonbondyblog.fr\/LBB\/anais-belouassa-cherifi-affirme-sa-vision-de-lyon\/#article\",\"isPartOf\":{\"@id\":\"https:\/\/lyonbondyblog.fr\/LBB\/anais-belouassa-cherifi-affirme-sa-vision-de-lyon\/\"},\"author\":{\"name\":\"Etienne Aazzab\",\"@id\":\"https:\/\/lyonbondyblog.fr\/LBB\/#\/schema\/person\/5e9904261c1f613c8e6ea22045b1353d\"},\"headline\":\"Ana\u00efs Belouassa-Cherifi affirme sa vision de Lyon\",\"datePublished\":\"2026-01-24T08:00:00+00:00\",\"dateModified\":\"2026-01-24T08:10:35+00:00\",\"mainEntityOfPage\":{\"@id\":\"https:\/\/lyonbondyblog.fr\/LBB\/anais-belouassa-cherifi-affirme-sa-vision-de-lyon\/\"},\"wordCount\":282,\"commentCount\":0,\"publisher\":{\"@id\":\"https:\/\/lyonbondyblog.fr\/LBB\/#organization\"},\"image\":{\"@id\":\"https:\/\/lyonbondyblog.fr\/LBB\/anais-belouassa-cherifi-affirme-sa-vision-de-lyon\/#primaryimage\"},\"thumbnailUrl\":\"https:\/\/lyonbondyblog.fr\/LBB\/wp-content\/uploads\/2026\/01\/IMG_1066-scaled.jpeg\",\"keywords\":[\"lyon\",\"Lyon Bondy Blog\",\"municipale2026\",\"politique\"],\"articleSection\":[\"Lyon\",\"Municipales 2026\",\"Politique\"],\"inLanguage\":\"fr-FR\",\"potentialAction\":[{\"@type\":\"CommentAction\",\"name\":\"Comment\",\"target\":[\"https:\/\/lyonbondyblog.fr\/LBB\/anais-belouassa-cherifi-affirme-sa-vision-de-lyon\/#respond\"]}]},{\"@type\":\"WebPage\",\"@id\":\"https:\/\/lyonbondyblog.fr\/LBB\/anais-belouassa-cherifi-affirme-sa-vision-de-lyon\/\",\"url\":\"https:\/\/lyonbondyblog.fr\/LBB\/anais-belouassa-cherifi-affirme-sa-vision-de-lyon\/\",\"name\":\"Ana\u00efs Belouassa-Cherifi affirme sa vision de Lyon - Lyon Bondy Blog\",\"isPartOf\":{\"@id\":\"https:\/\/lyonbondyblog.fr\/LBB\/#website\"},\"primaryImageOfPage\":{\"@id\":\"https:\/\/lyonbondyblog.fr\/LBB\/anais-belouassa-cherifi-affirme-sa-vision-de-lyon\/#primaryimage\"},\"image\":{\"@id\":\"https:\/\/lyonbondyblog.fr\/LBB\/anais-belouassa-cherifi-affirme-sa-vision-de-lyon\/#primaryimage\"},\"thumbnailUrl\":\"https:\/\/lyonbondyblog.fr\/LBB\/wp-content\/uploads\/2026\/01\/IMG_1066-scaled.jpeg\",\"datePublished\":\"2026-01-24T08:00:00+00:00\",\"dateModified\":\"2026-01-24T08:10:35+00:00\",\"inLanguage\":\"fr-FR\",\"potentialAction\":[{\"@type\":\"ReadAction\",\"target\":[\"https:\/\/lyonbondyblog.fr\/LBB\/anais-belouassa-cherifi-affirme-sa-vision-de-lyon\/\"]}]},{\"@type\":\"ImageObject\",\"inLanguage\":\"fr-FR\",\"@id\":\"https:\/\/lyonbondyblog.fr\/LBB\/anais-belouassa-cherifi-affirme-sa-vision-de-lyon\/#primaryimage\",\"url\":\"https:\/\/lyonbondyblog.fr\/LBB\/wp-content\/uploads\/2026\/01\/IMG_1066-scaled.jpeg\",\"contentUrl\":\"https:\/\/lyonbondyblog.fr\/LBB\/wp-content\/uploads\/2026\/01\/IMG_1066-scaled.jpeg\",\"width\":2560,\"height\":1920},{\"@type\":\"WebSite\",\"@id\":\"https:\/\/lyonbondyblog.fr\/LBB\/#website\",\"url\":\"https:\/\/lyonbondyblog.fr\/LBB\/\",\"name\":\"Lyon Bondy Blog\",\"description\":\"\",\"publisher\":{\"@id\":\"https:\/\/lyonbondyblog.fr\/LBB\/#organization\"},\"potentialAction\":[{\"@type\":\"SearchAction\",\"target\":{\"@type\":\"EntryPoint\",\"urlTemplate\":\"https:\/\/lyonbondyblog.fr\/LBB\/?s={search_term_string}\"},\"query-input\":\"required name=search_term_string\"}],\"inLanguage\":\"fr-FR\"},{\"@type\":\"Organization\",\"@id\":\"https:\/\/lyonbondyblog.fr\/LBB\/#organization\",\"name\":\"LYON BONDY BLOG\",\"url\":\"https:\/\/lyonbondyblog.fr\/LBB\/\",\"logo\":{\"@type\":\"ImageObject\",\"inLanguage\":\"fr-FR\",\"@id\":\"https:\/\/lyonbondyblog.fr\/LBB\/#\/schema\/logo\/image\/\",\"url\":\"http:\/\/lyonbondyblog.fr\/LBB\/wp-content\/uploads\/2014\/10\/logo-portable-144.png\",\"contentUrl\":\"http:\/\/lyonbondyblog.fr\/LBB\/wp-content\/uploads\/2014\/10\/logo-portable-144.png\",\"width\":144,\"height\":123,\"caption\":\"LYON BONDY BLOG\"},\"image\":{\"@id\":\"https:\/\/lyonbondyblog.fr\/LBB\/#\/schema\/logo\/image\/\"},\"sameAs\":[\"https:\/\/www.facebook.com\/lyonbondyblog\",\"https:\/\/x.com\/bondybloglyon\"]},{\"@type\":\"Person\",\"@id\":\"https:\/\/lyonbondyblog.fr\/LBB\/#\/schema\/person\/5e9904261c1f613c8e6ea22045b1353d\",\"name\":\"Etienne Aazzab\",\"description\":\"Etienne a contribu\u00e9 depuis 2 ans dans le journal satirique FOUTOU\u2019ART. Il a int\u00e9gr\u00e9 l\u2019\u00e9quipe du \u00ab clic 2014 \u00bb : Collectif local d\u2019informations citoyennes \u00e0 partir de novembre 2013. Il rejoint le Lyon Bondy Blog \u00e0 partir de janvier 2014. Twitter : @AazzabEtienne Ses sujets de pr\u00e9dilection : #Politique #Soci\u00e9t\u00e9 #Sport\",\"sameAs\":[\"https:\/\/x.com\/AazzabEtienne\"],\"url\":\"https:\/\/lyonbondyblog.fr\/LBB\/author\/etienne\/\"}]}<\/script>\n<!-- \/ Yoast SEO plugin. -->","yoast_head_json":{"title":"Ana\u00efs Belouassa-Cherifi affirme sa vision de Lyon - Lyon Bondy Blog","robots":{"index":"index","follow":"follow","max-snippet":"max-snippet:-1","max-image-preview":"max-image-preview:large","max-video-preview":"max-video-preview:-1"},"canonical":"https:\/\/lyonbondyblog.fr\/LBB\/anais-belouassa-cherifi-affirme-sa-vision-de-lyon\/","og_locale":"fr_FR","og_type":"article","og_title":"Ana\u00efs Belouassa-Cherifi affirme sa vision de Lyon - Lyon Bondy Blog","og_description":"Ce vendredi matin, la t\u00eate de liste \u201cLa France Insoumise\u201d, Ana\u00efs Belouassa-Cherifi a r\u00e9affirm\u00e9 devant la presse ses priorit\u00e9s pour Lyon. Pendant une heure, hier &hellip;","og_url":"https:\/\/lyonbondyblog.fr\/LBB\/anais-belouassa-cherifi-affirme-sa-vision-de-lyon\/","og_site_name":"Lyon Bondy Blog","article_publisher":"https:\/\/www.facebook.com\/lyonbondyblog","article_published_time":"2026-01-24T08:00:00+00:00","article_modified_time":"2026-01-24T08:10:35+00:00","og_image":[{"width":2560,"height":1920,"url":"https:\/\/lyonbondyblog.fr\/LBB\/wp-content\/uploads\/2026\/01\/IMG_1066-scaled.jpeg","type":"image\/jpeg"}],"author":"Etienne Aazzab","twitter_card":"summary_large_image","twitter_creator":"@AazzabEtienne","twitter_site":"@bondybloglyon","schema":{"@context":"https:\/\/schema.org","@graph":[{"@type":"Article","@id":"https:\/\/lyonbondyblog.fr\/LBB\/anais-belouassa-cherifi-affirme-sa-vision-de-lyon\/#article","isPartOf":{"@id":"https:\/\/lyonbondyblog.fr\/LBB\/anais-belouassa-cherifi-affirme-sa-vision-de-lyon\/"},"author":{"name":"Etienne Aazzab","@id":"https:\/\/lyonbondyblog.fr\/LBB\/#\/schema\/person\/5e9904261c1f613c8e6ea22045b1353d"},"headline":"Ana\u00efs Belouassa-Cherifi affirme sa vision de Lyon","datePublished":"2026-01-24T08:00:00+00:00","dateModified":"2026-01-24T08:10:35+00:00","mainEntityOfPage":{"@id":"https:\/\/lyonbondyblog.fr\/LBB\/anais-belouassa-cherifi-affirme-sa-vision-de-lyon\/"},"wordCount":282,"commentCount":0,"publisher":{"@id":"https:\/\/lyonbondyblog.fr\/LBB\/#organization"},"image":{"@id":"https:\/\/lyonbondyblog.fr\/LBB\/anais-belouassa-cherifi-affirme-sa-vision-de-lyon\/#primaryimage"},"thumbnailUrl":"https:\/\/lyonbondyblog.fr\/LBB\/wp-content\/uploads\/2026\/01\/IMG_1066-scaled.jpeg","keywords":["lyon","Lyon Bondy Blog","municipale2026","politique"],"articleSection":["Lyon","Municipales 2026","Politique"],"inLanguage":"fr-FR","potentialAction":[{"@type":"CommentAction","name":"Comment","target":["https:\/\/lyonbondyblog.fr\/LBB\/anais-belouassa-cherifi-affirme-sa-vision-de-lyon\/#respond"]}]},{"@type":"WebPage","@id":"https:\/\/lyonbondyblog.fr\/LBB\/anais-belouassa-cherifi-affirme-sa-vision-de-lyon\/","url":"https:\/\/lyonbondyblog.fr\/LBB\/anais-belouassa-cherifi-affirme-sa-vision-de-lyon\/","name":"Ana\u00efs Belouassa-Cherifi affirme sa vision de Lyon - Lyon Bondy Blog","isPartOf":{"@id":"https:\/\/lyonbondyblog.fr\/LBB\/#website"},"primaryImageOfPage":{"@id":"https:\/\/lyonbondyblog.fr\/LBB\/anais-belouassa-cherifi-affirme-sa-vision-de-lyon\/#primaryimage"},"image":{"@id":"https:\/\/lyonbondyblog.fr\/LBB\/anais-belouassa-cherifi-affirme-sa-vision-de-lyon\/#primaryimage"},"thumbnailUrl":"https:\/\/lyonbondyblog.fr\/LBB\/wp-content\/uploads\/2026\/01\/IMG_1066-scaled.jpeg","datePublished":"2026-01-24T08:00:00+00:00","dateModified":"2026-01-24T08:10:35+00:00","inLanguage":"fr-FR","potentialAction":[{"@type":"ReadAction","target":["https:\/\/lyonbondyblog.fr\/LBB\/anais-belouassa-cherifi-affirme-sa-vision-de-lyon\/"]}]},{"@type":"ImageObject","inLanguage":"fr-FR","@id":"https:\/\/lyonbondyblog.fr\/LBB\/anais-belouassa-cherifi-affirme-sa-vision-de-lyon\/#primaryimage","url":"https:\/\/lyonbondyblog.fr\/LBB\/wp-content\/uploads\/2026\/01\/IMG_1066-scaled.jpeg","contentUrl":"https:\/\/lyonbondyblog.fr\/LBB\/wp-content\/uploads\/2026\/01\/IMG_1066-scaled.jpeg","width":2560,"height":1920},{"@type":"WebSite","@id":"https:\/\/lyonbondyblog.fr\/LBB\/#website","url":"https:\/\/lyonbondyblog.fr\/LBB\/","name":"Lyon Bondy Blog","description":"","publisher":{"@id":"https:\/\/lyonbondyblog.fr\/LBB\/#organization"},"potentialAction":[{"@type":"SearchAction","target":{"@type":"EntryPoint","urlTemplate":"https:\/\/lyonbondyblog.fr\/LBB\/?s={search_term_string}"},"query-input":"required name=search_term_string"}],"inLanguage":"fr-FR"},{"@type":"Organization","@id":"https:\/\/lyonbondyblog.fr\/LBB\/#organization","name":"LYON BONDY BLOG","url":"https:\/\/lyonbondyblog.fr\/LBB\/","logo":{"@type":"ImageObject","inLanguage":"fr-FR","@id":"https:\/\/lyonbondyblog.fr\/LBB\/#\/schema\/logo\/image\/","url":"http:\/\/lyonbondyblog.fr\/LBB\/wp-content\/uploads\/2014\/10\/logo-portable-144.png","contentUrl":"http:\/\/lyonbondyblog.fr\/LBB\/wp-content\/uploads\/2014\/10\/logo-portable-144.png","width":144,"height":123,"caption":"LYON BONDY BLOG"},"image":{"@id":"https:\/\/lyonbondyblog.fr\/LBB\/#\/schema\/logo\/image\/"},"sameAs":["https:\/\/www.facebook.com\/lyonbondyblog","https:\/\/x.com\/bondybloglyon"]},{"@type":"Person","@id":"https:\/\/lyonbondyblog.fr\/LBB\/#\/schema\/person\/5e9904261c1f613c8e6ea22045b1353d","name":"Etienne Aazzab","description":"Etienne a contribu\u00e9 depuis 2 ans dans le journal satirique FOUTOU\u2019ART. Il a int\u00e9gr\u00e9 l\u2019\u00e9quipe du \u00ab clic 2014 \u00bb : Collectif local d\u2019informations citoyennes \u00e0 partir de novembre 2013. Il rejoint le Lyon Bondy Blog \u00e0 partir de janvier 2014. Twitter : @AazzabEtienne Ses sujets de pr\u00e9dilection : #Politique #Soci\u00e9t\u00e9 #Sport","sameAs":["https:\/\/x.com\/AazzabEtienne"],"url":"https:\/\/lyonbondyblog.fr\/LBB\/author\/etienne\/"}]}},"_links":{"self":[{"href":"https:\/\/lyonbondyblog.fr\/LBB\/wp-json\/wp\/v2\/posts\/37679","targetHints":{"allow":["GET"]}}],"collection":[{"href":"https:\/\/lyonbondyblog.fr\/LBB\/wp-json\/wp\/v2\/posts"}],"about":[{"href":"https:\/\/lyonbondyblog.fr\/LBB\/wp-json\/wp\/v2\/types\/post"}],"author":[{"embeddable":true,"href":"https:\/\/lyonbondyblog.fr\/LBB\/wp-json\/wp\/v2\/users\/33"}],"replies":[{"embeddable":true,"href":"https:\/\/lyonbondyblog.fr\/LBB\/wp-json\/wp\/v2\/comments?post=37679"}],"version-history":[{"count":2,"href":"https:\/\/lyonbondyblog.fr\/LBB\/wp-json\/wp\/v2\/posts\/37679\/revisions"}],"predecessor-version":[{"id":37683,"href":"https:\/\/lyonbondyblog.fr\/LBB\/wp-json\/wp\/v2\/posts\/37679\/revisions\/37683"}],"wp:featuredmedia":[{"embeddable":true,"href":"https:\/\/lyonbondyblog.fr\/LBB\/wp-json\/wp\/v2\/media\/37680"}],"wp:attachment":[{"href":"https:\/\/lyonbondyblog.fr\/LBB\/wp-json\/wp\/v2\/media?parent=37679"}],"wp:term":[{"taxonomy":"category","embeddable":true,"href":"https:\/\/lyonbondyblog.fr\/LBB\/wp-json\/wp\/v2\/categories?post=37679"},{"taxonomy":"post_tag","embeddable":true,"href":"https:\/\/lyonbondyblog.fr\/LBB\/wp-json\/wp\/v2\/tags?post=37679"}],"curies":[{"name":"wp","href":"https:\/\/api.w.org\/{rel}","templated":true}]}}