{"id":3765,"date":"2008-02-15T15:37:52","date_gmt":"2008-02-15T14:37:52","guid":{"rendered":"http:\/\/lyonbondyblog.fr\/LBB\/?p=3765"},"modified":"2013-08-06T15:39:23","modified_gmt":"2013-08-06T13:39:23","slug":"segolene-royal-a-vaulx-en-velin-un-nuage-passe","status":"publish","type":"post","link":"https:\/\/lyonbondyblog.fr\/LBB\/segolene-royal-a-vaulx-en-velin-un-nuage-passe\/","title":{"rendered":"S\u00e9gol\u00e8ne Royal \u00e0 Vaulx-en-Velin, un nuage passe"},"content":{"rendered":"<p><strong>L\u2019effervescence bat son plein dans le quartier du Mas-du-Taureau. C\u2019est l\u2019\u00e9v\u00e8nement de la semaine, la prima donna socialiste est dans le quartier.<\/strong><\/p>\n<div><\/div>\n<div><\/div>\n<p align=\"justify\">Les gens attendent par petites grappes, diss\u00e9min\u00e9es sur la place centrale, l\u2019arriv\u00e9e de l\u2019ancienne candidate \u00e0 la pr\u00e9sidence de la R\u00e9publique. \u00ab\u00a0<i>Elle fait quoi maintenant\u00a0?\u00a0\u00bb<\/i>\u00a0se demande Hassiba, une main sur une poussette, une autre avec le portable en mode photo, pr\u00eat \u00e0 mitrailler.\u00a0<i>\u00ab\u00a0Elle tourne dans les quartiers pour montrer que tout va bien pour elle, contrairement \u00e0 l\u2019autre qui n\u2019ose pas y mettre les pieds\u00a0\u00bb<\/i>, lui r\u00e9pond un militant charg\u00e9 de tracter pendant le p\u00e8lerinage de la caravane. L\u2019autre, c\u2019est Sarkozy.<\/p>\n<p align=\"justify\">Deux femmes regardent la cohue et peaufinent leur plan. Elles attendent de pouvoir croiser l\u2019invit\u00e9e du jour. La premi\u00e8re voudrait lui parler d\u2019une gamine atteinte d\u2019un asthme. La seconde souhaite r\u00e9gler un probl\u00e8me de logement. Elles observent le d\u00e9placement de l\u2019essaim, jaugent et font des pas en avant et en arri\u00e8re pour se placer dans l\u2019itin\u00e9raire et ainsi grappiller quelques secondes du temps de la princesse. Peine perdue, le plan tombe \u00e0 l\u2019eau. S\u00e9gol\u00e8ne Royal est port\u00e9e par une nu\u00e9e de personnes aux objectifs divergents qui la d\u00e9tournent de la direction des deux dames. Les habitants du quartier ne peuvent pas faire le poids, il y a trop d\u2019obstacles \u00e0 franchir.<\/p>\n<p align=\"justify\">C\u2019est tout un sc\u00e9nario qui se d\u00e9ploie o\u00f9 chacun essaie de tirer un profit maximum en un temps record. Dans cette\u00a0<i>champion\u2019s league\u00a0<\/i>locale, les \u00e9lus et les candidats socialistes se doivent de faire le jeu. Tout le monde mouille la chemise. On peut \u00eatre membre du cabinet du maire de Villeurbanne et se retrouver \u00e0 faire la circulation dans la commune voisine de Vaulx-en-Velin. Les colistiers tractent, les vieux briscards forment le premier cordon autour de la reine. Ils saluent au passage quelques \u00ab\u00a0huiles\u00a0\u00bb locales, venues aussi pour profiter de l\u2019instant et des retomb\u00e9es. On ne sait jamais, une photo dans la presse locale, c\u2019est toujours \u00e7a de pris. Les jeunes regardent de loin, les bras crois\u00e9s avec en arri\u00e8re fond, la tour \u00ab\u00a0escalade\u00a0\u00bb, symbole de ce quartier devenu tendance en ce moment pour la classe politique.<\/p>\n<p align=\"justify\"><i>\u00ab\u00a0Le 22 janvier, j\u2019ai vu des gars distribuer des CV lors de la visite de Fadela Amara. Ce sont les m\u00eames qui tournent aujourd\u2019hui avec des enveloppes dans la main. C\u2019est de la mendicit\u00e9.\u00a0\u00bb\u00a0<\/i>Le regard \u00e9vasif et les propos pleins de d\u00e9pit de Fouad sur le tableau du jour sont largement partag\u00e9s. Les habitants du Mas du Taureau, et particuli\u00e8rement les jeunes, regardent cette bousculade avec beaucoup de m\u00e9pris.\u00a0<i>\u00ab\u00a0Bourguiba faisait la m\u00eame chose en Tunisie, on fermait les \u00e9coles et les commerces pour que la population vienne applaudir le pr\u00e9sident. Tous ceux que tu vois autour de cette dame viennent pour manger\u00a0\u00bb,\u00a0<\/i>me rapporte un chibani au regard vif et sans concession.<\/p>\n<p align=\"justify\">Au bout d\u2019un quart d\u2019heure, la ballade se termine et la place se vide en moins de trois minutes. Royal et sa garde rapproch\u00e9e s\u2019engouffrent dans deux voitures, direction Villeurbanne. Autre quartier, autre ambiance, m\u00eame programme. Petit hic tout de m\u00eame.\u00a0<a title=\"Zoom\" href=\"http:\/\/20minutes.bondyblog.fr\/images\/vaulx2.jpg\"><img loading=\"lazy\" decoding=\"async\" alt=\"\" src=\"http:\/\/20minutes.bondyblog.fr\/images\/vaulx2_t.jpg\" width=\"194\" height=\"258\" align=\"right\" border=\"0\" \/><\/a>Un comit\u00e9 d\u2019accueil couleur orange compos\u00e9 de quelques jeunes lui vole la vedette.\u00a0<i>\u00ab\u00a0Ce n\u2019est pas parce que vous mettez des beurettes sexy sur vos listes que vous valez plus que les autres.\u00a0\u00bb<\/i>\u00a0Cela ressemble \u00e0 la c\u00e9r\u00e9monie des c\u00e9sars lorsque les intermittents du spectacle d\u00e9cident de cr\u00e9er la surprise. Le programme est chamboul\u00e9, on joue des coudes, on frise le scandale, on crie \u00e0 la manipulation par le Modem local.\u00a0<i>\u00ab\u00a0Laissez-moi parler, je veux d\u00e9battre avec vous, arr\u00eatez vos manipulations, on a tout compris.\u00a0\u00bb\u00a0<\/i>Le mal est fait, les sourires face cam\u00e9ra de l\u2019ancienne candidate n\u2019\u00e9vacuent pas le malaise.\u00a0<i>The show must go on\u00a0!<\/i>\u00a0La d\u00e9l\u00e9gation fait quelques pas et s\u2019enferme \u00e0 clefs dans un local avec quelques habitants tri\u00e9s sur le volet et une \u00e9quipe de t\u00e9l\u00e9vision. On ne saura rien du contenu de cette rencontre VIP. Les habitants et le comit\u00e9 orange amer font les cents pas \u00e0 l\u2019ext\u00e9rieur. Quelques minutes plus tard, on apprend que S\u00e9gol\u00e8ne Royal a trac\u00e9 la route par une porte d\u00e9rob\u00e9e. Elle a rendez-vous dans une brasserie en ville pour y d\u00e9dicacer son livre et r\u00e9pondre aux questions des journalistes.<\/p>\n<p align=\"justify\">A l\u2019\u00e9tage de la brasserie, tout est en ordre. Les rang\u00e9es de livres attendent les futurs lecteurs. La caisse aussi. Bousculade entre gens bien polis. Quelques mots pour les candidats locaux, une fl\u00e9chette en direction de Sarkozy et son go\u00fbt pour le bling-bling, quelques photos et puis s\u2019en va. D\u2019autres journalistes l\u2019attendent ailleurs et c\u2019est bien cela le plus important dans ce genre de visite.<\/p>\n<p align=\"justify\"><span style=\"text-decoration: underline;\">Nordine Nabili<\/span><\/p>\n<!-- AddThis Advanced Settings generic via filter on the_content --><!-- AddThis Share Buttons generic via filter on the_content -->","protected":false},"excerpt":{"rendered":"<p>L\u2019effervescence bat son plein dans le quartier du Mas-du-Taureau. C\u2019est l\u2019\u00e9v\u00e8nement de la semaine, la prima donna socialiste est dans le quartier. Les gens attendent &hellip; <!-- AddThis Advanced Settings generic via filter on wp_trim_excerpt --><!-- AddThis Share Buttons generic via filter on wp_trim_excerpt --><\/p>\n","protected":false},"author":1,"featured_media":0,"comment_status":"open","ping_status":"open","sticky":false,"template":"","format":"standard","meta":{"_FSMCFIC_featured_image_caption":"","_FSMCFIC_featured_image_nocaption":"","_FSMCFIC_featured_image_hide":"","footnotes":""},"categories":[4],"tags":[],"class_list":["post-3765","post","type-post","status-publish","format-standard","hentry","category-lyon"],"yoast_head":"<!-- This site is optimized with the Yoast SEO plugin v22.8 - https:\/\/yoast.com\/wordpress\/plugins\/seo\/ -->\n<title>S\u00e9gol\u00e8ne Royal \u00e0 Vaulx-en-Velin, un nuage passe - Lyon Bondy Blog<\/title>\n<meta name=\"robots\" content=\"index, follow, max-snippet:-1, max-image-preview:large, max-video-preview:-1\" \/>\n<link rel=\"canonical\" href=\"https:\/\/lyonbondyblog.fr\/LBB\/segolene-royal-a-vaulx-en-velin-un-nuage-passe\/\" \/>\n<meta property=\"og:locale\" content=\"fr_FR\" \/>\n<meta property=\"og:type\" content=\"article\" \/>\n<meta property=\"og:title\" content=\"S\u00e9gol\u00e8ne Royal \u00e0 Vaulx-en-Velin, un nuage passe - Lyon Bondy Blog\" \/>\n<meta property=\"og:description\" content=\"L\u2019effervescence bat son plein dans le quartier du Mas-du-Taureau. C\u2019est l\u2019\u00e9v\u00e8nement de la semaine, la prima donna socialiste est dans le quartier. Les gens attendent &hellip;\" \/>\n<meta property=\"og:url\" content=\"https:\/\/lyonbondyblog.fr\/LBB\/segolene-royal-a-vaulx-en-velin-un-nuage-passe\/\" \/>\n<meta property=\"og:site_name\" content=\"Lyon Bondy Blog\" \/>\n<meta property=\"article:publisher\" content=\"https:\/\/www.facebook.com\/lyonbondyblog\" \/>\n<meta property=\"article:author\" content=\"https:\/\/www.facebook.com\/lyonbondyblog\" \/>\n<meta property=\"article:published_time\" content=\"2008-02-15T14:37:52+00:00\" \/>\n<meta property=\"article:modified_time\" content=\"2013-08-06T13:39:23+00:00\" \/>\n<meta property=\"og:image\" content=\"http:\/\/20minutes.bondyblog.fr\/images\/vaulx2_t.jpg\" \/>\n<meta name=\"author\" content=\"La r\u00e9daction\" \/>\n<meta name=\"twitter:card\" content=\"summary_large_image\" \/>\n<meta name=\"twitter:creator\" content=\"@BondyBlogLyon\" \/>\n<meta name=\"twitter:site\" content=\"@bondybloglyon\" \/>\n<script type=\"application\/ld+json\" class=\"yoast-schema-graph\">{\"@context\":\"https:\/\/schema.org\",\"@graph\":[{\"@type\":\"Article\",\"@id\":\"https:\/\/lyonbondyblog.fr\/LBB\/segolene-royal-a-vaulx-en-velin-un-nuage-passe\/#article\",\"isPartOf\":{\"@id\":\"https:\/\/lyonbondyblog.fr\/LBB\/segolene-royal-a-vaulx-en-velin-un-nuage-passe\/\"},\"author\":{\"name\":\"La r\u00e9daction\",\"@id\":\"https:\/\/lyonbondyblog.fr\/LBB\/#\/schema\/person\/e45f8d27baac75072daa0be50c409b25\"},\"headline\":\"S\u00e9gol\u00e8ne Royal \u00e0 Vaulx-en-Velin, un nuage passe\",\"datePublished\":\"2008-02-15T14:37:52+00:00\",\"dateModified\":\"2013-08-06T13:39:23+00:00\",\"mainEntityOfPage\":{\"@id\":\"https:\/\/lyonbondyblog.fr\/LBB\/segolene-royal-a-vaulx-en-velin-un-nuage-passe\/\"},\"wordCount\":857,\"commentCount\":0,\"publisher\":{\"@id\":\"https:\/\/lyonbondyblog.fr\/LBB\/#organization\"},\"image\":{\"@id\":\"https:\/\/lyonbondyblog.fr\/LBB\/segolene-royal-a-vaulx-en-velin-un-nuage-passe\/#primaryimage\"},\"thumbnailUrl\":\"http:\/\/20minutes.bondyblog.fr\/images\/vaulx2_t.jpg\",\"articleSection\":[\"Lyon\"],\"inLanguage\":\"fr-FR\",\"potentialAction\":[{\"@type\":\"CommentAction\",\"name\":\"Comment\",\"target\":[\"https:\/\/lyonbondyblog.fr\/LBB\/segolene-royal-a-vaulx-en-velin-un-nuage-passe\/#respond\"]}]},{\"@type\":\"WebPage\",\"@id\":\"https:\/\/lyonbondyblog.fr\/LBB\/segolene-royal-a-vaulx-en-velin-un-nuage-passe\/\",\"url\":\"https:\/\/lyonbondyblog.fr\/LBB\/segolene-royal-a-vaulx-en-velin-un-nuage-passe\/\",\"name\":\"S\u00e9gol\u00e8ne Royal \u00e0 Vaulx-en-Velin, un nuage passe - Lyon Bondy Blog\",\"isPartOf\":{\"@id\":\"https:\/\/lyonbondyblog.fr\/LBB\/#website\"},\"primaryImageOfPage\":{\"@id\":\"https:\/\/lyonbondyblog.fr\/LBB\/segolene-royal-a-vaulx-en-velin-un-nuage-passe\/#primaryimage\"},\"image\":{\"@id\":\"https:\/\/lyonbondyblog.fr\/LBB\/segolene-royal-a-vaulx-en-velin-un-nuage-passe\/#primaryimage\"},\"thumbnailUrl\":\"http:\/\/20minutes.bondyblog.fr\/images\/vaulx2_t.jpg\",\"datePublished\":\"2008-02-15T14:37:52+00:00\",\"dateModified\":\"2013-08-06T13:39:23+00:00\",\"inLanguage\":\"fr-FR\",\"potentialAction\":[{\"@type\":\"ReadAction\",\"target\":[\"https:\/\/lyonbondyblog.fr\/LBB\/segolene-royal-a-vaulx-en-velin-un-nuage-passe\/\"]}]},{\"@type\":\"ImageObject\",\"inLanguage\":\"fr-FR\",\"@id\":\"https:\/\/lyonbondyblog.fr\/LBB\/segolene-royal-a-vaulx-en-velin-un-nuage-passe\/#primaryimage\",\"url\":\"http:\/\/20minutes.bondyblog.fr\/images\/vaulx2_t.jpg\",\"contentUrl\":\"http:\/\/20minutes.bondyblog.fr\/images\/vaulx2_t.jpg\"},{\"@type\":\"WebSite\",\"@id\":\"https:\/\/lyonbondyblog.fr\/LBB\/#website\",\"url\":\"https:\/\/lyonbondyblog.fr\/LBB\/\",\"name\":\"Lyon Bondy Blog\",\"description\":\"\",\"publisher\":{\"@id\":\"https:\/\/lyonbondyblog.fr\/LBB\/#organization\"},\"potentialAction\":[{\"@type\":\"SearchAction\",\"target\":{\"@type\":\"EntryPoint\",\"urlTemplate\":\"https:\/\/lyonbondyblog.fr\/LBB\/?s={search_term_string}\"},\"query-input\":\"required name=search_term_string\"}],\"inLanguage\":\"fr-FR\"},{\"@type\":\"Organization\",\"@id\":\"https:\/\/lyonbondyblog.fr\/LBB\/#organization\",\"name\":\"LYON BONDY BLOG\",\"url\":\"https:\/\/lyonbondyblog.fr\/LBB\/\",\"logo\":{\"@type\":\"ImageObject\",\"inLanguage\":\"fr-FR\",\"@id\":\"https:\/\/lyonbondyblog.fr\/LBB\/#\/schema\/logo\/image\/\",\"url\":\"http:\/\/lyonbondyblog.fr\/LBB\/wp-content\/uploads\/2014\/10\/logo-portable-144.png\",\"contentUrl\":\"http:\/\/lyonbondyblog.fr\/LBB\/wp-content\/uploads\/2014\/10\/logo-portable-144.png\",\"width\":144,\"height\":123,\"caption\":\"LYON BONDY BLOG\"},\"image\":{\"@id\":\"https:\/\/lyonbondyblog.fr\/LBB\/#\/schema\/logo\/image\/\"},\"sameAs\":[\"https:\/\/www.facebook.com\/lyonbondyblog\",\"https:\/\/x.com\/bondybloglyon\"]},{\"@type\":\"Person\",\"@id\":\"https:\/\/lyonbondyblog.fr\/LBB\/#\/schema\/person\/e45f8d27baac75072daa0be50c409b25\",\"name\":\"La r\u00e9daction\",\"description\":\"Cr\u00e9e en 2008, la r\u00e9daction du Lyon Bondy Blog s'applique \u00e0 proposer une information locale diff\u00e9rente et compl\u00e9mentaire des m\u00e9dias traditionnels.\",\"sameAs\":[\"https:\/\/www.facebook.com\/lyonbondyblog\",\"https:\/\/x.com\/BondyBlogLyon\"],\"url\":\"https:\/\/lyonbondyblog.fr\/LBB\/author\/admin\/\"}]}<\/script>\n<!-- \/ Yoast SEO plugin. -->","yoast_head_json":{"title":"S\u00e9gol\u00e8ne Royal \u00e0 Vaulx-en-Velin, un nuage passe - Lyon Bondy Blog","robots":{"index":"index","follow":"follow","max-snippet":"max-snippet:-1","max-image-preview":"max-image-preview:large","max-video-preview":"max-video-preview:-1"},"canonical":"https:\/\/lyonbondyblog.fr\/LBB\/segolene-royal-a-vaulx-en-velin-un-nuage-passe\/","og_locale":"fr_FR","og_type":"article","og_title":"S\u00e9gol\u00e8ne Royal \u00e0 Vaulx-en-Velin, un nuage passe - Lyon Bondy Blog","og_description":"L\u2019effervescence bat son plein dans le quartier du Mas-du-Taureau. C\u2019est l\u2019\u00e9v\u00e8nement de la semaine, la prima donna socialiste est dans le quartier. Les gens attendent &hellip;","og_url":"https:\/\/lyonbondyblog.fr\/LBB\/segolene-royal-a-vaulx-en-velin-un-nuage-passe\/","og_site_name":"Lyon Bondy Blog","article_publisher":"https:\/\/www.facebook.com\/lyonbondyblog","article_author":"https:\/\/www.facebook.com\/lyonbondyblog","article_published_time":"2008-02-15T14:37:52+00:00","article_modified_time":"2013-08-06T13:39:23+00:00","og_image":[{"url":"http:\/\/20minutes.bondyblog.fr\/images\/vaulx2_t.jpg"}],"author":"La r\u00e9daction","twitter_card":"summary_large_image","twitter_creator":"@BondyBlogLyon","twitter_site":"@bondybloglyon","schema":{"@context":"https:\/\/schema.org","@graph":[{"@type":"Article","@id":"https:\/\/lyonbondyblog.fr\/LBB\/segolene-royal-a-vaulx-en-velin-un-nuage-passe\/#article","isPartOf":{"@id":"https:\/\/lyonbondyblog.fr\/LBB\/segolene-royal-a-vaulx-en-velin-un-nuage-passe\/"},"author":{"name":"La r\u00e9daction","@id":"https:\/\/lyonbondyblog.fr\/LBB\/#\/schema\/person\/e45f8d27baac75072daa0be50c409b25"},"headline":"S\u00e9gol\u00e8ne Royal \u00e0 Vaulx-en-Velin, un nuage passe","datePublished":"2008-02-15T14:37:52+00:00","dateModified":"2013-08-06T13:39:23+00:00","mainEntityOfPage":{"@id":"https:\/\/lyonbondyblog.fr\/LBB\/segolene-royal-a-vaulx-en-velin-un-nuage-passe\/"},"wordCount":857,"commentCount":0,"publisher":{"@id":"https:\/\/lyonbondyblog.fr\/LBB\/#organization"},"image":{"@id":"https:\/\/lyonbondyblog.fr\/LBB\/segolene-royal-a-vaulx-en-velin-un-nuage-passe\/#primaryimage"},"thumbnailUrl":"http:\/\/20minutes.bondyblog.fr\/images\/vaulx2_t.jpg","articleSection":["Lyon"],"inLanguage":"fr-FR","potentialAction":[{"@type":"CommentAction","name":"Comment","target":["https:\/\/lyonbondyblog.fr\/LBB\/segolene-royal-a-vaulx-en-velin-un-nuage-passe\/#respond"]}]},{"@type":"WebPage","@id":"https:\/\/lyonbondyblog.fr\/LBB\/segolene-royal-a-vaulx-en-velin-un-nuage-passe\/","url":"https:\/\/lyonbondyblog.fr\/LBB\/segolene-royal-a-vaulx-en-velin-un-nuage-passe\/","name":"S\u00e9gol\u00e8ne Royal \u00e0 Vaulx-en-Velin, un nuage passe - Lyon Bondy Blog","isPartOf":{"@id":"https:\/\/lyonbondyblog.fr\/LBB\/#website"},"primaryImageOfPage":{"@id":"https:\/\/lyonbondyblog.fr\/LBB\/segolene-royal-a-vaulx-en-velin-un-nuage-passe\/#primaryimage"},"image":{"@id":"https:\/\/lyonbondyblog.fr\/LBB\/segolene-royal-a-vaulx-en-velin-un-nuage-passe\/#primaryimage"},"thumbnailUrl":"http:\/\/20minutes.bondyblog.fr\/images\/vaulx2_t.jpg","datePublished":"2008-02-15T14:37:52+00:00","dateModified":"2013-08-06T13:39:23+00:00","inLanguage":"fr-FR","potentialAction":[{"@type":"ReadAction","target":["https:\/\/lyonbondyblog.fr\/LBB\/segolene-royal-a-vaulx-en-velin-un-nuage-passe\/"]}]},{"@type":"ImageObject","inLanguage":"fr-FR","@id":"https:\/\/lyonbondyblog.fr\/LBB\/segolene-royal-a-vaulx-en-velin-un-nuage-passe\/#primaryimage","url":"http:\/\/20minutes.bondyblog.fr\/images\/vaulx2_t.jpg","contentUrl":"http:\/\/20minutes.bondyblog.fr\/images\/vaulx2_t.jpg"},{"@type":"WebSite","@id":"https:\/\/lyonbondyblog.fr\/LBB\/#website","url":"https:\/\/lyonbondyblog.fr\/LBB\/","name":"Lyon Bondy Blog","description":"","publisher":{"@id":"https:\/\/lyonbondyblog.fr\/LBB\/#organization"},"potentialAction":[{"@type":"SearchAction","target":{"@type":"EntryPoint","urlTemplate":"https:\/\/lyonbondyblog.fr\/LBB\/?s={search_term_string}"},"query-input":"required name=search_term_string"}],"inLanguage":"fr-FR"},{"@type":"Organization","@id":"https:\/\/lyonbondyblog.fr\/LBB\/#organization","name":"LYON BONDY BLOG","url":"https:\/\/lyonbondyblog.fr\/LBB\/","logo":{"@type":"ImageObject","inLanguage":"fr-FR","@id":"https:\/\/lyonbondyblog.fr\/LBB\/#\/schema\/logo\/image\/","url":"http:\/\/lyonbondyblog.fr\/LBB\/wp-content\/uploads\/2014\/10\/logo-portable-144.png","contentUrl":"http:\/\/lyonbondyblog.fr\/LBB\/wp-content\/uploads\/2014\/10\/logo-portable-144.png","width":144,"height":123,"caption":"LYON BONDY BLOG"},"image":{"@id":"https:\/\/lyonbondyblog.fr\/LBB\/#\/schema\/logo\/image\/"},"sameAs":["https:\/\/www.facebook.com\/lyonbondyblog","https:\/\/x.com\/bondybloglyon"]},{"@type":"Person","@id":"https:\/\/lyonbondyblog.fr\/LBB\/#\/schema\/person\/e45f8d27baac75072daa0be50c409b25","name":"La r\u00e9daction","description":"Cr\u00e9e en 2008, la r\u00e9daction du Lyon Bondy Blog s'applique \u00e0 proposer une information locale diff\u00e9rente et compl\u00e9mentaire des m\u00e9dias traditionnels.","sameAs":["https:\/\/www.facebook.com\/lyonbondyblog","https:\/\/x.com\/BondyBlogLyon"],"url":"https:\/\/lyonbondyblog.fr\/LBB\/author\/admin\/"}]}},"_links":{"self":[{"href":"https:\/\/lyonbondyblog.fr\/LBB\/wp-json\/wp\/v2\/posts\/3765","targetHints":{"allow":["GET"]}}],"collection":[{"href":"https:\/\/lyonbondyblog.fr\/LBB\/wp-json\/wp\/v2\/posts"}],"about":[{"href":"https:\/\/lyonbondyblog.fr\/LBB\/wp-json\/wp\/v2\/types\/post"}],"author":[{"embeddable":true,"href":"https:\/\/lyonbondyblog.fr\/LBB\/wp-json\/wp\/v2\/users\/1"}],"replies":[{"embeddable":true,"href":"https:\/\/lyonbondyblog.fr\/LBB\/wp-json\/wp\/v2\/comments?post=3765"}],"version-history":[{"count":0,"href":"https:\/\/lyonbondyblog.fr\/LBB\/wp-json\/wp\/v2\/posts\/3765\/revisions"}],"wp:attachment":[{"href":"https:\/\/lyonbondyblog.fr\/LBB\/wp-json\/wp\/v2\/media?parent=3765"}],"wp:term":[{"taxonomy":"category","embeddable":true,"href":"https:\/\/lyonbondyblog.fr\/LBB\/wp-json\/wp\/v2\/categories?post=3765"},{"taxonomy":"post_tag","embeddable":true,"href":"https:\/\/lyonbondyblog.fr\/LBB\/wp-json\/wp\/v2\/tags?post=3765"}],"curies":[{"name":"wp","href":"https:\/\/api.w.org\/{rel}","templated":true}]}}