{"id":3764,"date":"2008-01-22T15:37:49","date_gmt":"2008-01-22T14:37:49","guid":{"rendered":"http:\/\/lyonbondyblog.fr\/LBB\/?p=3764"},"modified":"2013-08-06T15:39:25","modified_gmt":"2013-08-06T13:39:25","slug":"fadela-amara-a-dormi-a-letap-hotel","status":"publish","type":"post","link":"https:\/\/lyonbondyblog.fr\/LBB\/fadela-amara-a-dormi-a-letap-hotel\/","title":{"rendered":"Fadela Amara a dormi \u00e0 l\u2019Etap H\u00f4tel"},"content":{"rendered":"<p><strong>Nouvelles matinales\u00a0: la secr\u00e9taire d\u2019Etat a pass\u00e9 la nuit \u00e0 Vaulx-en-Velin\u00a0; les \u00e9lus PS boycottent sa venue\u00a0; coup des grandes lignes\u00a0: 600 000 euros.<\/strong><\/p>\n<div><\/div>\n<div><\/div>\n<p>Ma nuit des longs couteux a \u00e9t\u00e9 des plus courtes. La faute \u00e0 Samir Khamassi qui, tard hier soir, m\u2019a emmen\u00e9 boire un th\u00e9 dans une chicha du centre de Lyon. Je ne vous en dirai pas le nom car figurez-vous qu\u2019on y fume encore le narguil\u00e9. Affirmatif. \u00c7a a un air de \u00ab\u00a0prohibition\u00a0\u00bb, un truc qui donne bien la p\u00eache. La police aurait tendance \u00e0 fermer les yeux. N\u2019emp\u00eache, le jeune patron a quand m\u00eame d\u00fb se s\u00e9parer de trois de ses cinq employ\u00e9s. Tout \u00e0 l\u2019heure, il faudra que je demande \u00e0 Fadela Amara ce qu\u2019elle pense de cette situation\u00a0: <i>\u00ab\u00a0Alors, la chicha, oui ou non\u00a0?\u00a0\u00bb<\/i> C\u2019est du concret.<\/p>\n<p>Samir Khamassi est vaudais, autrement dit, originaire de Vaulx-en-Velin. Il y est \u00e9lu municipal PS, en plus d\u2019\u00eatre conseiller r\u00e9gional. Il sait tout ou \u00e0 peu pr\u00e8s. Il m\u2019apprend que Fadela Amara passe la nuit \u00e0 l\u2019Etap H\u00f4tel de Vaulx, enseigne pas ch\u00e8re. Comme \u00e7a, ce matin, elle sera direct dans la place. Pour Christine Boutin, je n\u2019ai pas d\u2019info. Quand m\u00eame, je v\u00e9rifie. Avant d\u2019\u00e9crire ces lignes au doux son matinal du chant des oiseaux, j\u2019ai appel\u00e9 la r\u00e9ception de l\u2019Etap H\u00f4tel\u00a0: <i>\u00ab\u00a0Allo, bonjour Monsieur, j\u2019aimerais parler \u00e0 Mme Fadela Amara \u2013 Un instant, Monsieur\u2026 Ah, mais je ne peux pas vous la passer\u2026 Mais elle est bien l\u00e0, dans la chambre\u2026\u00a0\u00bb<\/i> Il me donne le num\u00e9ro. Je suis bien content qu\u2019il n\u2019ait pas r\u00e9ussi \u00e0 me mettre en contact avec la secr\u00e9taire d\u2019Etat, de quoi j\u2019aurais eu l\u2019air\u00a0?<\/p>\n<p>En tout cas, elle, elle dort \u00e0 l\u2019Etap H\u00f4tel (jamais fait autant de pub dans un article). Ce matin, si elle regarde la t\u00e9l\u00e9 dans sa chambre, elle verra peut-\u00eatre les images, s\u2019il y en a, du d\u00e9placement hier de Nicolas Sarkozy hier \u00e0 Sartrouville. Quel coquin\u00a0! Il n\u2019a pas pu s\u2019emp\u00eacher de piquer la vedette \u00e0 Fadela \u00e0 H moins des poussi\u00e8res de l\u2019annonce des grandes lignes du plan banlieues \u00e0 Vaulx-en-Velin. J\u2019esp\u00e8re au moins que \u00e7a lui vaudra des points bonus dans les sondages. Sacr\u00e9 pr\u00e9sident, va\u00a0!<\/p>\n<p>J\u2019arr\u00eate pas de boire du th\u00e9. \u00c7a fait parler. Samir me dit que les \u00e9lus socialistes n\u2019honoreront pas de leur pr\u00e9sence la venue de la secr\u00e9taire d\u2019Etat. Jean-Jacques Queyranne le pr\u00e9sident du Conseil r\u00e9gional de Rh\u00f4ne-Alpes, G\u00e9rard Collomb le maire de Lyon, H\u00e9l\u00e8ne Geoffroy la candidate PS \u00e0 la mairie de Vaulx, tous trois boycottent Fadela. En m\u00eame temps, c\u2019\u00e9tait beaucoup demand\u00e9 \u00e0 J moins quelques semaines des municipales. En revanche, il devrait y avoir Dominique Perben, l\u2019UMP qui veut la place de Collomb. Et Boutin, bien s\u00fbr.<\/p>\n<p>Apr\u00e8s tout, c\u2019est un peu gr\u00e2ce \u00e0 elle si aujourd\u2019hui Fadela pr\u00e9sente ses grandes lignes (les grandes lignes de Fadela, \u00e7a sonne bizarre \u00e0 la longue) \u00e0 Vaulx-en-Velin. D\u2019apr\u00e8s Samir, c\u2019est lorsque Christine Boutin a fait sa Don Quichotte en installant l\u2019automne dernier le minist\u00e8re du logement \u00e0 Lyon, que le maire de Vaulx, Maurice Charrier, ex-communiste, divers-gauche, a d\u00e9pos\u00e9 sa candidature comme ville-h\u00f4te de l\u2019annonce du plan banlieues. Et c\u2019est \u00e0 lui que \u00e7a a \u00e9t\u00e9 attribu\u00e9. Pas mal, non\u00a0?<\/p>\n<p>Bon, l\u00e0, 7h38, faut que j\u2019y aille. Juste un truc, encore\u00a0: il para\u00eet que le grand bastringue d\u2019aujourd\u2019hui co\u00fbte 600\u00a0000 euros \u00e0 l\u2019Etat. <i>\u00ab\u00a0C\u2019est le budget annuel des trois centres associatifs de Vaulx\u00a0\u00bb<\/i>, affirme Samir. \u00c7a fait cher la grande ligne de plan banlieues. Et dire qu\u2019on remet le couvert d\u00e9but f\u00e9vrier, avec le pr\u00e9sident cette fois. Allez, \u00e0 tout\u00a0!<\/p>\n<p>&nbsp;<\/p>\n<p style=\"text-align: right;\"><span style=\"text-decoration: underline;\">Antoine Menusier<\/span><\/p>\n<!-- AddThis Advanced Settings generic via filter on the_content --><!-- AddThis Share Buttons generic via filter on the_content -->","protected":false},"excerpt":{"rendered":"<p>Nouvelles matinales\u00a0: la secr\u00e9taire d\u2019Etat a pass\u00e9 la nuit \u00e0 Vaulx-en-Velin\u00a0; les \u00e9lus PS boycottent sa venue\u00a0; coup des grandes lignes\u00a0: 600 000 euros. Ma &hellip; <!-- AddThis Advanced Settings generic via filter on wp_trim_excerpt --><!-- AddThis Share Buttons generic via filter on wp_trim_excerpt --><\/p>\n","protected":false},"author":1,"featured_media":0,"comment_status":"open","ping_status":"open","sticky":false,"template":"","format":"standard","meta":{"_FSMCFIC_featured_image_caption":"","_FSMCFIC_featured_image_nocaption":"","_FSMCFIC_featured_image_hide":"","footnotes":""},"categories":[4],"tags":[10,112],"class_list":["post-3764","post","type-post","status-publish","format-standard","hentry","category-lyon","tag-lyon-2","tag-lyon-bondy-blog"],"yoast_head":"<!-- This site is optimized with the Yoast SEO plugin v22.8 - https:\/\/yoast.com\/wordpress\/plugins\/seo\/ -->\n<title>Fadela Amara a dormi \u00e0 l\u2019Etap H\u00f4tel - Lyon Bondy Blog<\/title>\n<meta name=\"robots\" content=\"index, follow, max-snippet:-1, max-image-preview:large, max-video-preview:-1\" \/>\n<link rel=\"canonical\" href=\"https:\/\/lyonbondyblog.fr\/LBB\/fadela-amara-a-dormi-a-letap-hotel\/\" \/>\n<meta property=\"og:locale\" content=\"fr_FR\" \/>\n<meta property=\"og:type\" content=\"article\" \/>\n<meta property=\"og:title\" content=\"Fadela Amara a dormi \u00e0 l\u2019Etap H\u00f4tel - Lyon Bondy Blog\" \/>\n<meta property=\"og:description\" content=\"Nouvelles matinales\u00a0: la secr\u00e9taire d\u2019Etat a pass\u00e9 la nuit \u00e0 Vaulx-en-Velin\u00a0; les \u00e9lus PS boycottent sa venue\u00a0; coup des grandes lignes\u00a0: 600 000 euros. Ma &hellip;\" \/>\n<meta property=\"og:url\" content=\"https:\/\/lyonbondyblog.fr\/LBB\/fadela-amara-a-dormi-a-letap-hotel\/\" \/>\n<meta property=\"og:site_name\" content=\"Lyon Bondy Blog\" \/>\n<meta property=\"article:publisher\" content=\"https:\/\/www.facebook.com\/lyonbondyblog\" \/>\n<meta property=\"article:author\" content=\"https:\/\/www.facebook.com\/lyonbondyblog\" \/>\n<meta property=\"article:published_time\" content=\"2008-01-22T14:37:49+00:00\" \/>\n<meta property=\"article:modified_time\" content=\"2013-08-06T13:39:25+00:00\" \/>\n<meta property=\"og:image\" content=\"https:\/\/lyonbondyblog.fr\/LBB\/wp-content\/uploads\/2014\/10\/Bandeau-Site-V2-011-2.jpg\" \/>\n\t<meta property=\"og:image:width\" content=\"851\" \/>\n\t<meta property=\"og:image:height\" content=\"200\" \/>\n\t<meta property=\"og:image:type\" content=\"image\/jpeg\" \/>\n<meta name=\"author\" content=\"La r\u00e9daction\" \/>\n<meta name=\"twitter:card\" content=\"summary_large_image\" \/>\n<meta name=\"twitter:creator\" content=\"@BondyBlogLyon\" \/>\n<meta name=\"twitter:site\" content=\"@bondybloglyon\" \/>\n<script type=\"application\/ld+json\" class=\"yoast-schema-graph\">{\"@context\":\"https:\/\/schema.org\",\"@graph\":[{\"@type\":\"Article\",\"@id\":\"https:\/\/lyonbondyblog.fr\/LBB\/fadela-amara-a-dormi-a-letap-hotel\/#article\",\"isPartOf\":{\"@id\":\"https:\/\/lyonbondyblog.fr\/LBB\/fadela-amara-a-dormi-a-letap-hotel\/\"},\"author\":{\"name\":\"La r\u00e9daction\",\"@id\":\"https:\/\/lyonbondyblog.fr\/LBB\/#\/schema\/person\/e45f8d27baac75072daa0be50c409b25\"},\"headline\":\"Fadela Amara a dormi \u00e0 l\u2019Etap H\u00f4tel\",\"datePublished\":\"2008-01-22T14:37:49+00:00\",\"dateModified\":\"2013-08-06T13:39:25+00:00\",\"mainEntityOfPage\":{\"@id\":\"https:\/\/lyonbondyblog.fr\/LBB\/fadela-amara-a-dormi-a-letap-hotel\/\"},\"wordCount\":670,\"commentCount\":0,\"publisher\":{\"@id\":\"https:\/\/lyonbondyblog.fr\/LBB\/#organization\"},\"keywords\":[\"lyon\",\"Lyon Bondy Blog\"],\"articleSection\":[\"Lyon\"],\"inLanguage\":\"fr-FR\",\"potentialAction\":[{\"@type\":\"CommentAction\",\"name\":\"Comment\",\"target\":[\"https:\/\/lyonbondyblog.fr\/LBB\/fadela-amara-a-dormi-a-letap-hotel\/#respond\"]}]},{\"@type\":\"WebPage\",\"@id\":\"https:\/\/lyonbondyblog.fr\/LBB\/fadela-amara-a-dormi-a-letap-hotel\/\",\"url\":\"https:\/\/lyonbondyblog.fr\/LBB\/fadela-amara-a-dormi-a-letap-hotel\/\",\"name\":\"Fadela Amara a dormi \u00e0 l\u2019Etap H\u00f4tel - Lyon Bondy Blog\",\"isPartOf\":{\"@id\":\"https:\/\/lyonbondyblog.fr\/LBB\/#website\"},\"datePublished\":\"2008-01-22T14:37:49+00:00\",\"dateModified\":\"2013-08-06T13:39:25+00:00\",\"inLanguage\":\"fr-FR\",\"potentialAction\":[{\"@type\":\"ReadAction\",\"target\":[\"https:\/\/lyonbondyblog.fr\/LBB\/fadela-amara-a-dormi-a-letap-hotel\/\"]}]},{\"@type\":\"WebSite\",\"@id\":\"https:\/\/lyonbondyblog.fr\/LBB\/#website\",\"url\":\"https:\/\/lyonbondyblog.fr\/LBB\/\",\"name\":\"Lyon Bondy Blog\",\"description\":\"\",\"publisher\":{\"@id\":\"https:\/\/lyonbondyblog.fr\/LBB\/#organization\"},\"potentialAction\":[{\"@type\":\"SearchAction\",\"target\":{\"@type\":\"EntryPoint\",\"urlTemplate\":\"https:\/\/lyonbondyblog.fr\/LBB\/?s={search_term_string}\"},\"query-input\":\"required name=search_term_string\"}],\"inLanguage\":\"fr-FR\"},{\"@type\":\"Organization\",\"@id\":\"https:\/\/lyonbondyblog.fr\/LBB\/#organization\",\"name\":\"LYON BONDY BLOG\",\"url\":\"https:\/\/lyonbondyblog.fr\/LBB\/\",\"logo\":{\"@type\":\"ImageObject\",\"inLanguage\":\"fr-FR\",\"@id\":\"https:\/\/lyonbondyblog.fr\/LBB\/#\/schema\/logo\/image\/\",\"url\":\"http:\/\/lyonbondyblog.fr\/LBB\/wp-content\/uploads\/2014\/10\/logo-portable-144.png\",\"contentUrl\":\"http:\/\/lyonbondyblog.fr\/LBB\/wp-content\/uploads\/2014\/10\/logo-portable-144.png\",\"width\":144,\"height\":123,\"caption\":\"LYON BONDY BLOG\"},\"image\":{\"@id\":\"https:\/\/lyonbondyblog.fr\/LBB\/#\/schema\/logo\/image\/\"},\"sameAs\":[\"https:\/\/www.facebook.com\/lyonbondyblog\",\"https:\/\/x.com\/bondybloglyon\"]},{\"@type\":\"Person\",\"@id\":\"https:\/\/lyonbondyblog.fr\/LBB\/#\/schema\/person\/e45f8d27baac75072daa0be50c409b25\",\"name\":\"La r\u00e9daction\",\"description\":\"Cr\u00e9e en 2008, la r\u00e9daction du Lyon Bondy Blog s'applique \u00e0 proposer une information locale diff\u00e9rente et compl\u00e9mentaire des m\u00e9dias traditionnels.\",\"sameAs\":[\"https:\/\/www.facebook.com\/lyonbondyblog\",\"https:\/\/x.com\/BondyBlogLyon\"],\"url\":\"https:\/\/lyonbondyblog.fr\/LBB\/author\/admin\/\"}]}<\/script>\n<!-- \/ Yoast SEO plugin. -->","yoast_head_json":{"title":"Fadela Amara a dormi \u00e0 l\u2019Etap H\u00f4tel - Lyon Bondy Blog","robots":{"index":"index","follow":"follow","max-snippet":"max-snippet:-1","max-image-preview":"max-image-preview:large","max-video-preview":"max-video-preview:-1"},"canonical":"https:\/\/lyonbondyblog.fr\/LBB\/fadela-amara-a-dormi-a-letap-hotel\/","og_locale":"fr_FR","og_type":"article","og_title":"Fadela Amara a dormi \u00e0 l\u2019Etap H\u00f4tel - Lyon Bondy Blog","og_description":"Nouvelles matinales\u00a0: la secr\u00e9taire d\u2019Etat a pass\u00e9 la nuit \u00e0 Vaulx-en-Velin\u00a0; les \u00e9lus PS boycottent sa venue\u00a0; coup des grandes lignes\u00a0: 600 000 euros. Ma &hellip;","og_url":"https:\/\/lyonbondyblog.fr\/LBB\/fadela-amara-a-dormi-a-letap-hotel\/","og_site_name":"Lyon Bondy Blog","article_publisher":"https:\/\/www.facebook.com\/lyonbondyblog","article_author":"https:\/\/www.facebook.com\/lyonbondyblog","article_published_time":"2008-01-22T14:37:49+00:00","article_modified_time":"2013-08-06T13:39:25+00:00","og_image":[{"width":851,"height":200,"url":"https:\/\/lyonbondyblog.fr\/LBB\/wp-content\/uploads\/2014\/10\/Bandeau-Site-V2-011-2.jpg","type":"image\/jpeg"}],"author":"La r\u00e9daction","twitter_card":"summary_large_image","twitter_creator":"@BondyBlogLyon","twitter_site":"@bondybloglyon","schema":{"@context":"https:\/\/schema.org","@graph":[{"@type":"Article","@id":"https:\/\/lyonbondyblog.fr\/LBB\/fadela-amara-a-dormi-a-letap-hotel\/#article","isPartOf":{"@id":"https:\/\/lyonbondyblog.fr\/LBB\/fadela-amara-a-dormi-a-letap-hotel\/"},"author":{"name":"La r\u00e9daction","@id":"https:\/\/lyonbondyblog.fr\/LBB\/#\/schema\/person\/e45f8d27baac75072daa0be50c409b25"},"headline":"Fadela Amara a dormi \u00e0 l\u2019Etap H\u00f4tel","datePublished":"2008-01-22T14:37:49+00:00","dateModified":"2013-08-06T13:39:25+00:00","mainEntityOfPage":{"@id":"https:\/\/lyonbondyblog.fr\/LBB\/fadela-amara-a-dormi-a-letap-hotel\/"},"wordCount":670,"commentCount":0,"publisher":{"@id":"https:\/\/lyonbondyblog.fr\/LBB\/#organization"},"keywords":["lyon","Lyon Bondy Blog"],"articleSection":["Lyon"],"inLanguage":"fr-FR","potentialAction":[{"@type":"CommentAction","name":"Comment","target":["https:\/\/lyonbondyblog.fr\/LBB\/fadela-amara-a-dormi-a-letap-hotel\/#respond"]}]},{"@type":"WebPage","@id":"https:\/\/lyonbondyblog.fr\/LBB\/fadela-amara-a-dormi-a-letap-hotel\/","url":"https:\/\/lyonbondyblog.fr\/LBB\/fadela-amara-a-dormi-a-letap-hotel\/","name":"Fadela Amara a dormi \u00e0 l\u2019Etap H\u00f4tel - Lyon Bondy Blog","isPartOf":{"@id":"https:\/\/lyonbondyblog.fr\/LBB\/#website"},"datePublished":"2008-01-22T14:37:49+00:00","dateModified":"2013-08-06T13:39:25+00:00","inLanguage":"fr-FR","potentialAction":[{"@type":"ReadAction","target":["https:\/\/lyonbondyblog.fr\/LBB\/fadela-amara-a-dormi-a-letap-hotel\/"]}]},{"@type":"WebSite","@id":"https:\/\/lyonbondyblog.fr\/LBB\/#website","url":"https:\/\/lyonbondyblog.fr\/LBB\/","name":"Lyon Bondy Blog","description":"","publisher":{"@id":"https:\/\/lyonbondyblog.fr\/LBB\/#organization"},"potentialAction":[{"@type":"SearchAction","target":{"@type":"EntryPoint","urlTemplate":"https:\/\/lyonbondyblog.fr\/LBB\/?s={search_term_string}"},"query-input":"required name=search_term_string"}],"inLanguage":"fr-FR"},{"@type":"Organization","@id":"https:\/\/lyonbondyblog.fr\/LBB\/#organization","name":"LYON BONDY BLOG","url":"https:\/\/lyonbondyblog.fr\/LBB\/","logo":{"@type":"ImageObject","inLanguage":"fr-FR","@id":"https:\/\/lyonbondyblog.fr\/LBB\/#\/schema\/logo\/image\/","url":"http:\/\/lyonbondyblog.fr\/LBB\/wp-content\/uploads\/2014\/10\/logo-portable-144.png","contentUrl":"http:\/\/lyonbondyblog.fr\/LBB\/wp-content\/uploads\/2014\/10\/logo-portable-144.png","width":144,"height":123,"caption":"LYON BONDY BLOG"},"image":{"@id":"https:\/\/lyonbondyblog.fr\/LBB\/#\/schema\/logo\/image\/"},"sameAs":["https:\/\/www.facebook.com\/lyonbondyblog","https:\/\/x.com\/bondybloglyon"]},{"@type":"Person","@id":"https:\/\/lyonbondyblog.fr\/LBB\/#\/schema\/person\/e45f8d27baac75072daa0be50c409b25","name":"La r\u00e9daction","description":"Cr\u00e9e en 2008, la r\u00e9daction du Lyon Bondy Blog s'applique \u00e0 proposer une information locale diff\u00e9rente et compl\u00e9mentaire des m\u00e9dias traditionnels.","sameAs":["https:\/\/www.facebook.com\/lyonbondyblog","https:\/\/x.com\/BondyBlogLyon"],"url":"https:\/\/lyonbondyblog.fr\/LBB\/author\/admin\/"}]}},"_links":{"self":[{"href":"https:\/\/lyonbondyblog.fr\/LBB\/wp-json\/wp\/v2\/posts\/3764","targetHints":{"allow":["GET"]}}],"collection":[{"href":"https:\/\/lyonbondyblog.fr\/LBB\/wp-json\/wp\/v2\/posts"}],"about":[{"href":"https:\/\/lyonbondyblog.fr\/LBB\/wp-json\/wp\/v2\/types\/post"}],"author":[{"embeddable":true,"href":"https:\/\/lyonbondyblog.fr\/LBB\/wp-json\/wp\/v2\/users\/1"}],"replies":[{"embeddable":true,"href":"https:\/\/lyonbondyblog.fr\/LBB\/wp-json\/wp\/v2\/comments?post=3764"}],"version-history":[{"count":0,"href":"https:\/\/lyonbondyblog.fr\/LBB\/wp-json\/wp\/v2\/posts\/3764\/revisions"}],"wp:attachment":[{"href":"https:\/\/lyonbondyblog.fr\/LBB\/wp-json\/wp\/v2\/media?parent=3764"}],"wp:term":[{"taxonomy":"category","embeddable":true,"href":"https:\/\/lyonbondyblog.fr\/LBB\/wp-json\/wp\/v2\/categories?post=3764"},{"taxonomy":"post_tag","embeddable":true,"href":"https:\/\/lyonbondyblog.fr\/LBB\/wp-json\/wp\/v2\/tags?post=3764"}],"curies":[{"name":"wp","href":"https:\/\/api.w.org\/{rel}","templated":true}]}}