{"id":376,"date":"2013-02-15T14:08:36","date_gmt":"2013-02-15T13:08:36","guid":{"rendered":"http:\/\/lyonbondyblog.fr\/LBB\/?p=376"},"modified":"2013-07-09T16:31:04","modified_gmt":"2013-07-09T14:31:04","slug":"echos-sous-le-reverbere","status":"publish","type":"post","link":"https:\/\/lyonbondyblog.fr\/LBB\/echos-sous-le-reverbere\/","title":{"rendered":"Echos sous le r\u00e9verb\u00e8re"},"content":{"rendered":"<p><strong>Apr\u00e8s \u00ab les Amoureux au ban public \u00bb, nos rencontres se poursuivent avec une autre association lyonnaise, \u00ab \u00e9chos sous le r\u00e9verb\u00e8re \u00bb.<\/strong><\/p>\n<p><a href=\"https:\/\/lyonbondyblog.fr\/LBB\/wp-content\/uploads\/2013\/07\/IMG_2163.jpg\"><img loading=\"lazy\" decoding=\"async\" width=\"230\" height=\"300\" class=\"alignnone size-medium wp-image-411\" alt=\"IMG_2163\" src=\"https:\/\/lyonbondyblog.fr\/LBB\/wp-content\/uploads\/2013\/07\/IMG_2163-230x300.jpg\" srcset=\"https:\/\/lyonbondyblog.fr\/LBB\/wp-content\/uploads\/2013\/07\/IMG_2163-230x300.jpg 230w, https:\/\/lyonbondyblog.fr\/LBB\/wp-content\/uploads\/2013\/07\/IMG_2163-786x1024.jpg 786w, https:\/\/lyonbondyblog.fr\/LBB\/wp-content\/uploads\/2013\/07\/IMG_2163-940x1223.jpg 940w\" sizes=\"auto, (max-width: 230px) 100vw, 230px\" \/><\/a><\/p>\n<p>Leurs projets suscitent l\u2019int\u00e9r\u00eat. Des associations locales \u00e9mettent des initiatives qui r\u00e9sonnent pour leurs actions volontaires et citoyennes. Le Lyon Bondy Blog s\u2019engage \u00e0 rependre leur \u00e9cho par cette s\u00e9rie de portraits d\u2019association.<br \/>\nC\u2019est en 2010 que l\u2019association <a href=\"http:\/\/echossouslereverbere.wordpress.com\/\">Echos sous le r\u00e9verb\u00e8re<\/a> voit le jour \u00e0 V\u00e9nissieux gr\u00e2ce \u00e0 trois amis\u00a0: Julien Malassign\u00e9 passionn\u00e9 de cin\u00e9ma, Anca Bene de th\u00e9\u00e2tre, et Mehdi Terry \u00a0de musique. Par la suite, Sophie Brunet (danse) et David Chek (son) viennent compl\u00e9ter l\u2019\u00e9quipe implant\u00e9e au c\u0153ur de la p\u00e9pini\u00e8re du Centre Associatif Boris Vian (CABV) de V\u00e9nissieux.<br \/>\nLeur but\u00a0: d\u00e9velopper des projets pluridisciplinaires autour de trois axes\u00a0que sont la cr\u00e9ation artistique, l\u2019animation d\u2019ateliers et les prestations diverses. Ils r\u00e9alisent entre-autres des supports audiovisuels et th\u00e9\u00e2tre-forum\u2026<br \/>\nSi l\u2019association se veut avant tout \u00ab\u00a0v\u00e9nissiane\u00a0\u00bb, depuis 2011, un autre projet est au c\u0153ur du collectif\u00a0: Echos du Burkina.<strong> \u00ab<\/strong>\u00a0<em>L\u2019ann\u00e9e derni\u00e8re,\u00a0 deux membres du collectif, Anca et Julien sont partis au Burkina Faso pour la premi\u00e8re \u00e9tape du projet. L\u00e0-bas, ils ont anim\u00e9 des<a href=\"http:\/\/echossouslereverbere.wordpress.com\/2011\/12\/18\/atelier-theatre-burkina-faso\/\"> ateliers de cin\u00e9ma et de th\u00e9\u00e2tre<\/a> avec des jeunes et des enfants. On a vraiment essay\u00e9 d\u2019\u00e9largir les disciplines<\/em>\u00a0\u00bb, explique Sophie. Un projet construit en partenariat avec l\u2019Association pour le D\u00e9veloppement Rural Int\u00e9gr\u00e9 (ADRI) bas\u00e9e \u00e0 Kokologho (50 km de Ouagadougou) et la Compagnie de th\u00e9\u00e2tre Marbayassa bas\u00e9e \u00e0 Ouagadougou.<\/p>\n<p><strong>\u00ab\u00a0J\u2019ai un ami chez vous\u00a0\u00bb<\/strong><\/p>\n<p>En octobre 2012, le r\u00e9sultat du travail r\u00e9alis\u00e9 en atelier (films d\u2019ateliers, captations des spectacles de danse et de th\u00e9\u00e2tre) au Burkina Fasso a \u00e9t\u00e9 diffus\u00e9 \u00e0 des \u00e9l\u00e8ves du lyc\u00e9e Jacques Brel \u00e0 V\u00e9nissieux. Une confrontation \u00ab\u00a0indirecte\u00a0\u00bb qui a permis de faire face aux st\u00e9r\u00e9otypes. \u00ab\u00a0<em>Il y a beaucoup de pr\u00e9jug\u00e9s, des deux c\u00f4t\u00e9s. Pour exemple, les Fran\u00e7ais ne s\u2019attendaient pas \u00e0 ce que le portable soit parmi le top 3 des objets indispensables pour un jeune africain<\/em>\u00a0\u00bb, d\u00e9clare Sophie. Depuis, une correspondance sous la forme de lettres num\u00e9riques autour de vid\u00e9os r\u00e9alis\u00e9es a \u00e9t\u00e9 mise en place entre les jeunes Burkinabais et les Fran\u00e7ais. Objectifs\u00a0: Echanger et dialoguer pour mieux connaitre l\u2019autre. Un projet qui se terminera peut-\u00eatre par une vraie rencontre entre jeunes. R\u00e9ponse dans les mois \u00e0 venir\u00a0!<\/p>\n<!-- AddThis Advanced Settings generic via filter on the_content --><!-- AddThis Share Buttons generic via filter on the_content -->","protected":false},"excerpt":{"rendered":"<p>Apr\u00e8s \u00ab les Amoureux au ban public \u00bb, nos rencontres se poursuivent avec une autre association lyonnaise, \u00ab \u00e9chos sous le r\u00e9verb\u00e8re \u00bb. Leurs projets &hellip; <!-- AddThis Advanced Settings generic via filter on wp_trim_excerpt --><!-- AddThis Share Buttons generic via filter on wp_trim_excerpt --><\/p>\n","protected":false},"author":1,"featured_media":387,"comment_status":"open","ping_status":"open","sticky":false,"template":"","format":"standard","meta":{"_FSMCFIC_featured_image_caption":"","_FSMCFIC_featured_image_nocaption":"","_FSMCFIC_featured_image_hide":"","footnotes":""},"categories":[4,2],"tags":[87,89,88,90,91,92,10,93,24,94],"class_list":["post-376","post","type-post","status-publish","format-standard","has-post-thumbnail","hentry","category-lyon","category-societe","tag-associatif","tag-bondy","tag-boris-vian","tag-centre-associatif-boris-vian","tag-david-chek","tag-julien-malassign","tag-lyon-2","tag-mehdi-terry","tag-societe-2","tag-sophie-brunet"],"yoast_head":"<!-- This site is optimized with the Yoast SEO plugin v22.8 - https:\/\/yoast.com\/wordpress\/plugins\/seo\/ -->\n<title>Echos sous le r\u00e9verb\u00e8re - Lyon Bondy Blog<\/title>\n<meta name=\"robots\" content=\"index, follow, max-snippet:-1, max-image-preview:large, max-video-preview:-1\" \/>\n<link rel=\"canonical\" href=\"https:\/\/lyonbondyblog.fr\/LBB\/echos-sous-le-reverbere\/\" \/>\n<meta property=\"og:locale\" content=\"fr_FR\" \/>\n<meta property=\"og:type\" content=\"article\" \/>\n<meta property=\"og:title\" content=\"Echos sous le r\u00e9verb\u00e8re - Lyon Bondy Blog\" \/>\n<meta property=\"og:description\" content=\"Apr\u00e8s \u00ab les Amoureux au ban public \u00bb, nos rencontres se poursuivent avec une autre association lyonnaise, \u00ab \u00e9chos sous le r\u00e9verb\u00e8re \u00bb. Leurs projets &hellip;\" \/>\n<meta property=\"og:url\" content=\"https:\/\/lyonbondyblog.fr\/LBB\/echos-sous-le-reverbere\/\" \/>\n<meta property=\"og:site_name\" content=\"Lyon Bondy Blog\" \/>\n<meta property=\"article:publisher\" content=\"https:\/\/www.facebook.com\/lyonbondyblog\" \/>\n<meta property=\"article:author\" content=\"https:\/\/www.facebook.com\/lyonbondyblog\" \/>\n<meta property=\"article:published_time\" content=\"2013-02-15T13:08:36+00:00\" \/>\n<meta property=\"article:modified_time\" content=\"2013-07-09T14:31:04+00:00\" \/>\n<meta property=\"og:image\" content=\"https:\/\/lyonbondyblog.fr\/LBB\/wp-content\/uploads\/2013\/07\/echos-sous-le-reverbere.jpg\" \/>\n\t<meta property=\"og:image:width\" content=\"4271\" \/>\n\t<meta property=\"og:image:height\" content=\"2551\" \/>\n\t<meta property=\"og:image:type\" content=\"image\/jpeg\" \/>\n<meta name=\"author\" content=\"La r\u00e9daction\" \/>\n<meta name=\"twitter:card\" content=\"summary_large_image\" \/>\n<meta name=\"twitter:creator\" content=\"@BondyBlogLyon\" \/>\n<meta name=\"twitter:site\" content=\"@bondybloglyon\" \/>\n<script type=\"application\/ld+json\" class=\"yoast-schema-graph\">{\"@context\":\"https:\/\/schema.org\",\"@graph\":[{\"@type\":\"Article\",\"@id\":\"https:\/\/lyonbondyblog.fr\/LBB\/echos-sous-le-reverbere\/#article\",\"isPartOf\":{\"@id\":\"https:\/\/lyonbondyblog.fr\/LBB\/echos-sous-le-reverbere\/\"},\"author\":{\"name\":\"La r\u00e9daction\",\"@id\":\"https:\/\/lyonbondyblog.fr\/LBB\/#\/schema\/person\/e45f8d27baac75072daa0be50c409b25\"},\"headline\":\"Echos sous le r\u00e9verb\u00e8re\",\"datePublished\":\"2013-02-15T13:08:36+00:00\",\"dateModified\":\"2013-07-09T14:31:04+00:00\",\"mainEntityOfPage\":{\"@id\":\"https:\/\/lyonbondyblog.fr\/LBB\/echos-sous-le-reverbere\/\"},\"wordCount\":437,\"commentCount\":0,\"publisher\":{\"@id\":\"https:\/\/lyonbondyblog.fr\/LBB\/#organization\"},\"image\":{\"@id\":\"https:\/\/lyonbondyblog.fr\/LBB\/echos-sous-le-reverbere\/#primaryimage\"},\"thumbnailUrl\":\"https:\/\/lyonbondyblog.fr\/LBB\/wp-content\/uploads\/2013\/07\/echos-sous-le-reverbere.jpg\",\"keywords\":[\"Associatif\",\"Bondy\",\"Boris Vian\",\"Centre Associatif Boris Vian\",\"David Chek\",\"Julien Malassign\",\"lyon\",\"Mehdi Terry\",\"societe\",\"Sophie Brunet\"],\"articleSection\":[\"Lyon\",\"Soci\u00e9t\u00e9\"],\"inLanguage\":\"fr-FR\",\"potentialAction\":[{\"@type\":\"CommentAction\",\"name\":\"Comment\",\"target\":[\"https:\/\/lyonbondyblog.fr\/LBB\/echos-sous-le-reverbere\/#respond\"]}]},{\"@type\":\"WebPage\",\"@id\":\"https:\/\/lyonbondyblog.fr\/LBB\/echos-sous-le-reverbere\/\",\"url\":\"https:\/\/lyonbondyblog.fr\/LBB\/echos-sous-le-reverbere\/\",\"name\":\"Echos sous le r\u00e9verb\u00e8re - Lyon Bondy Blog\",\"isPartOf\":{\"@id\":\"https:\/\/lyonbondyblog.fr\/LBB\/#website\"},\"primaryImageOfPage\":{\"@id\":\"https:\/\/lyonbondyblog.fr\/LBB\/echos-sous-le-reverbere\/#primaryimage\"},\"image\":{\"@id\":\"https:\/\/lyonbondyblog.fr\/LBB\/echos-sous-le-reverbere\/#primaryimage\"},\"thumbnailUrl\":\"https:\/\/lyonbondyblog.fr\/LBB\/wp-content\/uploads\/2013\/07\/echos-sous-le-reverbere.jpg\",\"datePublished\":\"2013-02-15T13:08:36+00:00\",\"dateModified\":\"2013-07-09T14:31:04+00:00\",\"inLanguage\":\"fr-FR\",\"potentialAction\":[{\"@type\":\"ReadAction\",\"target\":[\"https:\/\/lyonbondyblog.fr\/LBB\/echos-sous-le-reverbere\/\"]}]},{\"@type\":\"ImageObject\",\"inLanguage\":\"fr-FR\",\"@id\":\"https:\/\/lyonbondyblog.fr\/LBB\/echos-sous-le-reverbere\/#primaryimage\",\"url\":\"https:\/\/lyonbondyblog.fr\/LBB\/wp-content\/uploads\/2013\/07\/echos-sous-le-reverbere.jpg\",\"contentUrl\":\"https:\/\/lyonbondyblog.fr\/LBB\/wp-content\/uploads\/2013\/07\/echos-sous-le-reverbere.jpg\",\"width\":4271,\"height\":2551},{\"@type\":\"WebSite\",\"@id\":\"https:\/\/lyonbondyblog.fr\/LBB\/#website\",\"url\":\"https:\/\/lyonbondyblog.fr\/LBB\/\",\"name\":\"Lyon Bondy Blog\",\"description\":\"\",\"publisher\":{\"@id\":\"https:\/\/lyonbondyblog.fr\/LBB\/#organization\"},\"potentialAction\":[{\"@type\":\"SearchAction\",\"target\":{\"@type\":\"EntryPoint\",\"urlTemplate\":\"https:\/\/lyonbondyblog.fr\/LBB\/?s={search_term_string}\"},\"query-input\":\"required name=search_term_string\"}],\"inLanguage\":\"fr-FR\"},{\"@type\":\"Organization\",\"@id\":\"https:\/\/lyonbondyblog.fr\/LBB\/#organization\",\"name\":\"LYON BONDY BLOG\",\"url\":\"https:\/\/lyonbondyblog.fr\/LBB\/\",\"logo\":{\"@type\":\"ImageObject\",\"inLanguage\":\"fr-FR\",\"@id\":\"https:\/\/lyonbondyblog.fr\/LBB\/#\/schema\/logo\/image\/\",\"url\":\"http:\/\/lyonbondyblog.fr\/LBB\/wp-content\/uploads\/2014\/10\/logo-portable-144.png\",\"contentUrl\":\"http:\/\/lyonbondyblog.fr\/LBB\/wp-content\/uploads\/2014\/10\/logo-portable-144.png\",\"width\":144,\"height\":123,\"caption\":\"LYON BONDY BLOG\"},\"image\":{\"@id\":\"https:\/\/lyonbondyblog.fr\/LBB\/#\/schema\/logo\/image\/\"},\"sameAs\":[\"https:\/\/www.facebook.com\/lyonbondyblog\",\"https:\/\/x.com\/bondybloglyon\"]},{\"@type\":\"Person\",\"@id\":\"https:\/\/lyonbondyblog.fr\/LBB\/#\/schema\/person\/e45f8d27baac75072daa0be50c409b25\",\"name\":\"La r\u00e9daction\",\"description\":\"Cr\u00e9e en 2008, la r\u00e9daction du Lyon Bondy Blog s'applique \u00e0 proposer une information locale diff\u00e9rente et compl\u00e9mentaire des m\u00e9dias traditionnels.\",\"sameAs\":[\"https:\/\/www.facebook.com\/lyonbondyblog\",\"https:\/\/x.com\/BondyBlogLyon\"],\"url\":\"https:\/\/lyonbondyblog.fr\/LBB\/author\/admin\/\"}]}<\/script>\n<!-- \/ Yoast SEO plugin. -->","yoast_head_json":{"title":"Echos sous le r\u00e9verb\u00e8re - Lyon Bondy Blog","robots":{"index":"index","follow":"follow","max-snippet":"max-snippet:-1","max-image-preview":"max-image-preview:large","max-video-preview":"max-video-preview:-1"},"canonical":"https:\/\/lyonbondyblog.fr\/LBB\/echos-sous-le-reverbere\/","og_locale":"fr_FR","og_type":"article","og_title":"Echos sous le r\u00e9verb\u00e8re - Lyon Bondy Blog","og_description":"Apr\u00e8s \u00ab les Amoureux au ban public \u00bb, nos rencontres se poursuivent avec une autre association lyonnaise, \u00ab \u00e9chos sous le r\u00e9verb\u00e8re \u00bb. Leurs projets &hellip;","og_url":"https:\/\/lyonbondyblog.fr\/LBB\/echos-sous-le-reverbere\/","og_site_name":"Lyon Bondy Blog","article_publisher":"https:\/\/www.facebook.com\/lyonbondyblog","article_author":"https:\/\/www.facebook.com\/lyonbondyblog","article_published_time":"2013-02-15T13:08:36+00:00","article_modified_time":"2013-07-09T14:31:04+00:00","og_image":[{"width":4271,"height":2551,"url":"https:\/\/lyonbondyblog.fr\/LBB\/wp-content\/uploads\/2013\/07\/echos-sous-le-reverbere.jpg","type":"image\/jpeg"}],"author":"La r\u00e9daction","twitter_card":"summary_large_image","twitter_creator":"@BondyBlogLyon","twitter_site":"@bondybloglyon","schema":{"@context":"https:\/\/schema.org","@graph":[{"@type":"Article","@id":"https:\/\/lyonbondyblog.fr\/LBB\/echos-sous-le-reverbere\/#article","isPartOf":{"@id":"https:\/\/lyonbondyblog.fr\/LBB\/echos-sous-le-reverbere\/"},"author":{"name":"La r\u00e9daction","@id":"https:\/\/lyonbondyblog.fr\/LBB\/#\/schema\/person\/e45f8d27baac75072daa0be50c409b25"},"headline":"Echos sous le r\u00e9verb\u00e8re","datePublished":"2013-02-15T13:08:36+00:00","dateModified":"2013-07-09T14:31:04+00:00","mainEntityOfPage":{"@id":"https:\/\/lyonbondyblog.fr\/LBB\/echos-sous-le-reverbere\/"},"wordCount":437,"commentCount":0,"publisher":{"@id":"https:\/\/lyonbondyblog.fr\/LBB\/#organization"},"image":{"@id":"https:\/\/lyonbondyblog.fr\/LBB\/echos-sous-le-reverbere\/#primaryimage"},"thumbnailUrl":"https:\/\/lyonbondyblog.fr\/LBB\/wp-content\/uploads\/2013\/07\/echos-sous-le-reverbere.jpg","keywords":["Associatif","Bondy","Boris Vian","Centre Associatif Boris Vian","David Chek","Julien Malassign","lyon","Mehdi Terry","societe","Sophie Brunet"],"articleSection":["Lyon","Soci\u00e9t\u00e9"],"inLanguage":"fr-FR","potentialAction":[{"@type":"CommentAction","name":"Comment","target":["https:\/\/lyonbondyblog.fr\/LBB\/echos-sous-le-reverbere\/#respond"]}]},{"@type":"WebPage","@id":"https:\/\/lyonbondyblog.fr\/LBB\/echos-sous-le-reverbere\/","url":"https:\/\/lyonbondyblog.fr\/LBB\/echos-sous-le-reverbere\/","name":"Echos sous le r\u00e9verb\u00e8re - Lyon Bondy Blog","isPartOf":{"@id":"https:\/\/lyonbondyblog.fr\/LBB\/#website"},"primaryImageOfPage":{"@id":"https:\/\/lyonbondyblog.fr\/LBB\/echos-sous-le-reverbere\/#primaryimage"},"image":{"@id":"https:\/\/lyonbondyblog.fr\/LBB\/echos-sous-le-reverbere\/#primaryimage"},"thumbnailUrl":"https:\/\/lyonbondyblog.fr\/LBB\/wp-content\/uploads\/2013\/07\/echos-sous-le-reverbere.jpg","datePublished":"2013-02-15T13:08:36+00:00","dateModified":"2013-07-09T14:31:04+00:00","inLanguage":"fr-FR","potentialAction":[{"@type":"ReadAction","target":["https:\/\/lyonbondyblog.fr\/LBB\/echos-sous-le-reverbere\/"]}]},{"@type":"ImageObject","inLanguage":"fr-FR","@id":"https:\/\/lyonbondyblog.fr\/LBB\/echos-sous-le-reverbere\/#primaryimage","url":"https:\/\/lyonbondyblog.fr\/LBB\/wp-content\/uploads\/2013\/07\/echos-sous-le-reverbere.jpg","contentUrl":"https:\/\/lyonbondyblog.fr\/LBB\/wp-content\/uploads\/2013\/07\/echos-sous-le-reverbere.jpg","width":4271,"height":2551},{"@type":"WebSite","@id":"https:\/\/lyonbondyblog.fr\/LBB\/#website","url":"https:\/\/lyonbondyblog.fr\/LBB\/","name":"Lyon Bondy Blog","description":"","publisher":{"@id":"https:\/\/lyonbondyblog.fr\/LBB\/#organization"},"potentialAction":[{"@type":"SearchAction","target":{"@type":"EntryPoint","urlTemplate":"https:\/\/lyonbondyblog.fr\/LBB\/?s={search_term_string}"},"query-input":"required name=search_term_string"}],"inLanguage":"fr-FR"},{"@type":"Organization","@id":"https:\/\/lyonbondyblog.fr\/LBB\/#organization","name":"LYON BONDY BLOG","url":"https:\/\/lyonbondyblog.fr\/LBB\/","logo":{"@type":"ImageObject","inLanguage":"fr-FR","@id":"https:\/\/lyonbondyblog.fr\/LBB\/#\/schema\/logo\/image\/","url":"http:\/\/lyonbondyblog.fr\/LBB\/wp-content\/uploads\/2014\/10\/logo-portable-144.png","contentUrl":"http:\/\/lyonbondyblog.fr\/LBB\/wp-content\/uploads\/2014\/10\/logo-portable-144.png","width":144,"height":123,"caption":"LYON BONDY BLOG"},"image":{"@id":"https:\/\/lyonbondyblog.fr\/LBB\/#\/schema\/logo\/image\/"},"sameAs":["https:\/\/www.facebook.com\/lyonbondyblog","https:\/\/x.com\/bondybloglyon"]},{"@type":"Person","@id":"https:\/\/lyonbondyblog.fr\/LBB\/#\/schema\/person\/e45f8d27baac75072daa0be50c409b25","name":"La r\u00e9daction","description":"Cr\u00e9e en 2008, la r\u00e9daction du Lyon Bondy Blog s'applique \u00e0 proposer une information locale diff\u00e9rente et compl\u00e9mentaire des m\u00e9dias traditionnels.","sameAs":["https:\/\/www.facebook.com\/lyonbondyblog","https:\/\/x.com\/BondyBlogLyon"],"url":"https:\/\/lyonbondyblog.fr\/LBB\/author\/admin\/"}]}},"_links":{"self":[{"href":"https:\/\/lyonbondyblog.fr\/LBB\/wp-json\/wp\/v2\/posts\/376","targetHints":{"allow":["GET"]}}],"collection":[{"href":"https:\/\/lyonbondyblog.fr\/LBB\/wp-json\/wp\/v2\/posts"}],"about":[{"href":"https:\/\/lyonbondyblog.fr\/LBB\/wp-json\/wp\/v2\/types\/post"}],"author":[{"embeddable":true,"href":"https:\/\/lyonbondyblog.fr\/LBB\/wp-json\/wp\/v2\/users\/1"}],"replies":[{"embeddable":true,"href":"https:\/\/lyonbondyblog.fr\/LBB\/wp-json\/wp\/v2\/comments?post=376"}],"version-history":[{"count":0,"href":"https:\/\/lyonbondyblog.fr\/LBB\/wp-json\/wp\/v2\/posts\/376\/revisions"}],"wp:featuredmedia":[{"embeddable":true,"href":"https:\/\/lyonbondyblog.fr\/LBB\/wp-json\/wp\/v2\/media\/387"}],"wp:attachment":[{"href":"https:\/\/lyonbondyblog.fr\/LBB\/wp-json\/wp\/v2\/media?parent=376"}],"wp:term":[{"taxonomy":"category","embeddable":true,"href":"https:\/\/lyonbondyblog.fr\/LBB\/wp-json\/wp\/v2\/categories?post=376"},{"taxonomy":"post_tag","embeddable":true,"href":"https:\/\/lyonbondyblog.fr\/LBB\/wp-json\/wp\/v2\/tags?post=376"}],"curies":[{"name":"wp","href":"https:\/\/api.w.org\/{rel}","templated":true}]}}