{"id":3757,"date":"2008-03-10T15:35:10","date_gmt":"2008-03-10T14:35:10","guid":{"rendered":"http:\/\/lyonbondyblog.fr\/LBB\/?p=3757"},"modified":"2013-08-06T15:35:56","modified_gmt":"2013-08-06T13:35:56","slug":"gerard-collomb-grand-favori","status":"publish","type":"post","link":"https:\/\/lyonbondyblog.fr\/LBB\/gerard-collomb-grand-favori\/","title":{"rendered":"G\u00e9rard Collomb, grand favori"},"content":{"rendered":"<p><strong>Les bras lev\u00e9s, le sourire franc, G\u00e9rard Collomb, Maire de Lyon depuis 2001 est assur\u00e9 au soir du premier tour des municipales de retrouver son si\u00e8ge.<\/strong><\/p>\n<p align=\"justify\">Avec pr\u00e8s de 53% des voix, seuls trois arronissements (2, 4 et 6) restent \u00e0 conqu\u00e9rir dimanche 16 mars. G\u00e9rard Collomb a surtout ax\u00e9 sa campagne sur un bilan qui laisse aux lyonnais le go\u00fbt d\u2019un changement dans une ville qui jusqu\u2019alors ne s\u2019\u00e9tait pas hiss\u00e9 au niveau des villes de grandes m\u00e9tropoles comme Barcelone ou Milan.<\/p>\n<p>Il ne s\u2019\u00e9tait pas tromp\u00e9 car lorsque l\u2019on veut changer la vie, il faut changer la ville. Les am\u00e9nagements des berges du Rh\u00f4ne, l\u2019ach\u00e8vement de la Cit\u00e9 Internationale, le plaine Africaine du parc de la t\u00eate d\u2019or, l\u2019extension du tramway, le quartier du Confluent et son Mus\u00e9e d\u2019histoire naturelle\u2026.<\/p>\n<p align=\"justify\">Au soir du premier tour, le Maire de Lyon rapporte que \u00ab\u00a0ce succ\u00e8s va au-del\u00e0 de mes esp\u00e9rances\u00a0\u00bb et qu\u2019il constitue en l\u2019esp\u00e8ce le meilleur score d\u2019un Maire de Lyon sortant. Cot\u00e9 opposition, c\u2019est une d\u00e9b\u00e2cle r\u00e9publicaine auquel n\u2019auraient m\u00eame pas pens\u00e9 les plus mauvais sondeurs. Le troisi\u00e8me arrondissement o\u00f9 se pr\u00e9sentait le challenger, Dominique Perben, passe aux commandes du PS. Le lyonnais ont sanctionn\u00e9 une alliance contre-nature avec les millionistes qui d\u00e9tiennent les 2\u00e8me et 6\u00e8me arrondissements et qui n\u2019ont pas h\u00e9sit\u00e9, par le pass\u00e9, \u00e0 flirter avec le FN aux R\u00e9gionales. Le Modem avec 6% des voix est hors jeu. Ne peut pas prendre Lyon qui veut\u00a0!!<\/p>\n<p align=\"justify\">Le soir m\u00eame dans les salons de la Pr\u00e9fecture du Rh\u00f4ne, le Maire nouvellement \u00e9lu lance les pistes de travail de la prochaine mandature sans perdre de temps. Maire de Lyon, Pr\u00e9sident du Grand Lyon pour continuer \u00e0 d\u00e9velopper les dessertes notamment jusqu\u2019\u00e0 l\u2019A\u00e9roport Saint Exup\u00e9ry en tramway. Approfondir le travail avec la Plaine de l\u2019Ain, le Nord Is\u00e8re et Saint-\u00c9tienne M\u00e9tropole. Une fiscalit\u00e9 augment\u00e9e de 4% pour permettre les r\u00e9alisations du mandat. La ville de Lyon n\u2019est pas en reste puisque le Centre Ville va se transformer en profondeur\u00a0; am\u00e9nagement des berges de la Sa\u00f4ne, Place des Jacobins, rue Victor Hugo et Grol\u00e9e\u2026<\/p>\n<p align=\"justify\">Tous ces projets ne pourront \u00eatre r\u00e9alis\u00e9 que plus ais\u00e9ment si le Maire de Lyon r\u00e9alise le \u00ab\u00a0Grand Chelem\u00a0\u00bb c\u2019est-\u00e0-dire gagner les trois arrondissements restants. Dans la lign\u00e9e d\u2019Edouard Herriot et de Raymond Barre, G\u00e9rard Collomb a compris que pour durer et l\u2019emporter, il fallait jouer la carte centriste. En 2001, Raymond Barre lui avait apport\u00e9 un soutien implicite, aujourd\u2019hui il ne doit sa victoire qu\u2019\u00e0 lui-m\u00eame et \u00e0 sa gestion de Lyon et du Grand Lyon.<\/p>\n<p align=\"justify\">Son intervention termin\u00e9e, le Maire de Lyon repart avec sa femme en serrant les mains des nombreux soutiens venus le f\u00e9liciter. A l\u2019\u00e9cart, la droite lyonnaise est KO debout. Dominique Perben, ancien Ministre des transports, parle de \u00ab\u00a0grande d\u00e9ception et de r\u00e9sultats tr\u00e8s d\u00e9cevants, sans compter la faible participation et un contexte national d\u00e9favorable\u00a0\u00bb. Essayant d\u2019analyser le comportement des lyonnais qui ont pr\u00e9f\u00e9r\u00e9 jouer la carte d\u2019un homme qu\u2019ils connaissent depuis toujours. D\u2019ailleurs, sur son 9 arrondissement, le score est sans appel 63%\u00a0; c\u2019est un pl\u00e9biscite.<\/p>\n<p align=\"justify\">A quelques jours du second tour, les lyonnais ont les cartes \u00e9lectorales en main pour infirmer ou confirmer l\u2019analyse du Maire de Lyon. Il se peut aussi que le secret de cette victoire r\u00e9sulte dans le slogan de campagne des listes Colomb\u00a0: \u00ab\u00a0Aimer Lyon\u00a0\u00bb.<\/p>\n<p><span style=\"text-decoration: underline;\">Azedine Haffar<\/span><\/p>\n<!-- AddThis Advanced Settings generic via filter on the_content --><!-- AddThis Share Buttons generic via filter on the_content -->","protected":false},"excerpt":{"rendered":"<p>Les bras lev\u00e9s, le sourire franc, G\u00e9rard Collomb, Maire de Lyon depuis 2001 est assur\u00e9 au soir du premier tour des municipales de retrouver son &hellip; <!-- AddThis Advanced Settings generic via filter on wp_trim_excerpt --><!-- AddThis Share Buttons generic via filter on wp_trim_excerpt --><\/p>\n","protected":false},"author":1,"featured_media":0,"comment_status":"open","ping_status":"open","sticky":false,"template":"","format":"standard","meta":{"_FSMCFIC_featured_image_caption":"","_FSMCFIC_featured_image_nocaption":"","_FSMCFIC_featured_image_hide":"","footnotes":""},"categories":[4],"tags":[],"class_list":["post-3757","post","type-post","status-publish","format-standard","hentry","category-lyon"],"yoast_head":"<!-- This site is optimized with the Yoast SEO plugin v22.8 - https:\/\/yoast.com\/wordpress\/plugins\/seo\/ -->\n<title>G\u00e9rard Collomb, grand favori - Lyon Bondy Blog<\/title>\n<meta name=\"robots\" content=\"index, follow, max-snippet:-1, max-image-preview:large, max-video-preview:-1\" \/>\n<link rel=\"canonical\" href=\"https:\/\/lyonbondyblog.fr\/LBB\/gerard-collomb-grand-favori\/\" \/>\n<meta property=\"og:locale\" content=\"fr_FR\" \/>\n<meta property=\"og:type\" content=\"article\" \/>\n<meta property=\"og:title\" content=\"G\u00e9rard Collomb, grand favori - Lyon Bondy Blog\" \/>\n<meta property=\"og:description\" content=\"Les bras lev\u00e9s, le sourire franc, G\u00e9rard Collomb, Maire de Lyon depuis 2001 est assur\u00e9 au soir du premier tour des municipales de retrouver son &hellip;\" \/>\n<meta property=\"og:url\" content=\"https:\/\/lyonbondyblog.fr\/LBB\/gerard-collomb-grand-favori\/\" \/>\n<meta property=\"og:site_name\" content=\"Lyon Bondy Blog\" \/>\n<meta property=\"article:publisher\" content=\"https:\/\/www.facebook.com\/lyonbondyblog\" \/>\n<meta property=\"article:author\" content=\"https:\/\/www.facebook.com\/lyonbondyblog\" \/>\n<meta property=\"article:published_time\" content=\"2008-03-10T14:35:10+00:00\" \/>\n<meta property=\"article:modified_time\" content=\"2013-08-06T13:35:56+00:00\" \/>\n<meta property=\"og:image\" content=\"https:\/\/lyonbondyblog.fr\/LBB\/wp-content\/uploads\/2014\/10\/Bandeau-Site-V2-011-2.jpg\" \/>\n\t<meta property=\"og:image:width\" content=\"851\" \/>\n\t<meta property=\"og:image:height\" content=\"200\" \/>\n\t<meta property=\"og:image:type\" content=\"image\/jpeg\" \/>\n<meta name=\"author\" content=\"La r\u00e9daction\" \/>\n<meta name=\"twitter:card\" content=\"summary_large_image\" \/>\n<meta name=\"twitter:creator\" content=\"@BondyBlogLyon\" \/>\n<meta name=\"twitter:site\" content=\"@bondybloglyon\" \/>\n<script type=\"application\/ld+json\" class=\"yoast-schema-graph\">{\"@context\":\"https:\/\/schema.org\",\"@graph\":[{\"@type\":\"Article\",\"@id\":\"https:\/\/lyonbondyblog.fr\/LBB\/gerard-collomb-grand-favori\/#article\",\"isPartOf\":{\"@id\":\"https:\/\/lyonbondyblog.fr\/LBB\/gerard-collomb-grand-favori\/\"},\"author\":{\"name\":\"La r\u00e9daction\",\"@id\":\"https:\/\/lyonbondyblog.fr\/LBB\/#\/schema\/person\/e45f8d27baac75072daa0be50c409b25\"},\"headline\":\"G\u00e9rard Collomb, grand favori\",\"datePublished\":\"2008-03-10T14:35:10+00:00\",\"dateModified\":\"2013-08-06T13:35:56+00:00\",\"mainEntityOfPage\":{\"@id\":\"https:\/\/lyonbondyblog.fr\/LBB\/gerard-collomb-grand-favori\/\"},\"wordCount\":631,\"commentCount\":0,\"publisher\":{\"@id\":\"https:\/\/lyonbondyblog.fr\/LBB\/#organization\"},\"articleSection\":[\"Lyon\"],\"inLanguage\":\"fr-FR\",\"potentialAction\":[{\"@type\":\"CommentAction\",\"name\":\"Comment\",\"target\":[\"https:\/\/lyonbondyblog.fr\/LBB\/gerard-collomb-grand-favori\/#respond\"]}]},{\"@type\":\"WebPage\",\"@id\":\"https:\/\/lyonbondyblog.fr\/LBB\/gerard-collomb-grand-favori\/\",\"url\":\"https:\/\/lyonbondyblog.fr\/LBB\/gerard-collomb-grand-favori\/\",\"name\":\"G\u00e9rard Collomb, grand favori - Lyon Bondy Blog\",\"isPartOf\":{\"@id\":\"https:\/\/lyonbondyblog.fr\/LBB\/#website\"},\"datePublished\":\"2008-03-10T14:35:10+00:00\",\"dateModified\":\"2013-08-06T13:35:56+00:00\",\"inLanguage\":\"fr-FR\",\"potentialAction\":[{\"@type\":\"ReadAction\",\"target\":[\"https:\/\/lyonbondyblog.fr\/LBB\/gerard-collomb-grand-favori\/\"]}]},{\"@type\":\"WebSite\",\"@id\":\"https:\/\/lyonbondyblog.fr\/LBB\/#website\",\"url\":\"https:\/\/lyonbondyblog.fr\/LBB\/\",\"name\":\"Lyon Bondy Blog\",\"description\":\"\",\"publisher\":{\"@id\":\"https:\/\/lyonbondyblog.fr\/LBB\/#organization\"},\"potentialAction\":[{\"@type\":\"SearchAction\",\"target\":{\"@type\":\"EntryPoint\",\"urlTemplate\":\"https:\/\/lyonbondyblog.fr\/LBB\/?s={search_term_string}\"},\"query-input\":\"required name=search_term_string\"}],\"inLanguage\":\"fr-FR\"},{\"@type\":\"Organization\",\"@id\":\"https:\/\/lyonbondyblog.fr\/LBB\/#organization\",\"name\":\"LYON BONDY BLOG\",\"url\":\"https:\/\/lyonbondyblog.fr\/LBB\/\",\"logo\":{\"@type\":\"ImageObject\",\"inLanguage\":\"fr-FR\",\"@id\":\"https:\/\/lyonbondyblog.fr\/LBB\/#\/schema\/logo\/image\/\",\"url\":\"http:\/\/lyonbondyblog.fr\/LBB\/wp-content\/uploads\/2014\/10\/logo-portable-144.png\",\"contentUrl\":\"http:\/\/lyonbondyblog.fr\/LBB\/wp-content\/uploads\/2014\/10\/logo-portable-144.png\",\"width\":144,\"height\":123,\"caption\":\"LYON BONDY BLOG\"},\"image\":{\"@id\":\"https:\/\/lyonbondyblog.fr\/LBB\/#\/schema\/logo\/image\/\"},\"sameAs\":[\"https:\/\/www.facebook.com\/lyonbondyblog\",\"https:\/\/x.com\/bondybloglyon\"]},{\"@type\":\"Person\",\"@id\":\"https:\/\/lyonbondyblog.fr\/LBB\/#\/schema\/person\/e45f8d27baac75072daa0be50c409b25\",\"name\":\"La r\u00e9daction\",\"description\":\"Cr\u00e9e en 2008, la r\u00e9daction du Lyon Bondy Blog s'applique \u00e0 proposer une information locale diff\u00e9rente et compl\u00e9mentaire des m\u00e9dias traditionnels.\",\"sameAs\":[\"https:\/\/www.facebook.com\/lyonbondyblog\",\"https:\/\/x.com\/BondyBlogLyon\"],\"url\":\"https:\/\/lyonbondyblog.fr\/LBB\/author\/admin\/\"}]}<\/script>\n<!-- \/ Yoast SEO plugin. -->","yoast_head_json":{"title":"G\u00e9rard Collomb, grand favori - Lyon Bondy Blog","robots":{"index":"index","follow":"follow","max-snippet":"max-snippet:-1","max-image-preview":"max-image-preview:large","max-video-preview":"max-video-preview:-1"},"canonical":"https:\/\/lyonbondyblog.fr\/LBB\/gerard-collomb-grand-favori\/","og_locale":"fr_FR","og_type":"article","og_title":"G\u00e9rard Collomb, grand favori - Lyon Bondy Blog","og_description":"Les bras lev\u00e9s, le sourire franc, G\u00e9rard Collomb, Maire de Lyon depuis 2001 est assur\u00e9 au soir du premier tour des municipales de retrouver son &hellip;","og_url":"https:\/\/lyonbondyblog.fr\/LBB\/gerard-collomb-grand-favori\/","og_site_name":"Lyon Bondy Blog","article_publisher":"https:\/\/www.facebook.com\/lyonbondyblog","article_author":"https:\/\/www.facebook.com\/lyonbondyblog","article_published_time":"2008-03-10T14:35:10+00:00","article_modified_time":"2013-08-06T13:35:56+00:00","og_image":[{"width":851,"height":200,"url":"https:\/\/lyonbondyblog.fr\/LBB\/wp-content\/uploads\/2014\/10\/Bandeau-Site-V2-011-2.jpg","type":"image\/jpeg"}],"author":"La r\u00e9daction","twitter_card":"summary_large_image","twitter_creator":"@BondyBlogLyon","twitter_site":"@bondybloglyon","schema":{"@context":"https:\/\/schema.org","@graph":[{"@type":"Article","@id":"https:\/\/lyonbondyblog.fr\/LBB\/gerard-collomb-grand-favori\/#article","isPartOf":{"@id":"https:\/\/lyonbondyblog.fr\/LBB\/gerard-collomb-grand-favori\/"},"author":{"name":"La r\u00e9daction","@id":"https:\/\/lyonbondyblog.fr\/LBB\/#\/schema\/person\/e45f8d27baac75072daa0be50c409b25"},"headline":"G\u00e9rard Collomb, grand favori","datePublished":"2008-03-10T14:35:10+00:00","dateModified":"2013-08-06T13:35:56+00:00","mainEntityOfPage":{"@id":"https:\/\/lyonbondyblog.fr\/LBB\/gerard-collomb-grand-favori\/"},"wordCount":631,"commentCount":0,"publisher":{"@id":"https:\/\/lyonbondyblog.fr\/LBB\/#organization"},"articleSection":["Lyon"],"inLanguage":"fr-FR","potentialAction":[{"@type":"CommentAction","name":"Comment","target":["https:\/\/lyonbondyblog.fr\/LBB\/gerard-collomb-grand-favori\/#respond"]}]},{"@type":"WebPage","@id":"https:\/\/lyonbondyblog.fr\/LBB\/gerard-collomb-grand-favori\/","url":"https:\/\/lyonbondyblog.fr\/LBB\/gerard-collomb-grand-favori\/","name":"G\u00e9rard Collomb, grand favori - Lyon Bondy Blog","isPartOf":{"@id":"https:\/\/lyonbondyblog.fr\/LBB\/#website"},"datePublished":"2008-03-10T14:35:10+00:00","dateModified":"2013-08-06T13:35:56+00:00","inLanguage":"fr-FR","potentialAction":[{"@type":"ReadAction","target":["https:\/\/lyonbondyblog.fr\/LBB\/gerard-collomb-grand-favori\/"]}]},{"@type":"WebSite","@id":"https:\/\/lyonbondyblog.fr\/LBB\/#website","url":"https:\/\/lyonbondyblog.fr\/LBB\/","name":"Lyon Bondy Blog","description":"","publisher":{"@id":"https:\/\/lyonbondyblog.fr\/LBB\/#organization"},"potentialAction":[{"@type":"SearchAction","target":{"@type":"EntryPoint","urlTemplate":"https:\/\/lyonbondyblog.fr\/LBB\/?s={search_term_string}"},"query-input":"required name=search_term_string"}],"inLanguage":"fr-FR"},{"@type":"Organization","@id":"https:\/\/lyonbondyblog.fr\/LBB\/#organization","name":"LYON BONDY BLOG","url":"https:\/\/lyonbondyblog.fr\/LBB\/","logo":{"@type":"ImageObject","inLanguage":"fr-FR","@id":"https:\/\/lyonbondyblog.fr\/LBB\/#\/schema\/logo\/image\/","url":"http:\/\/lyonbondyblog.fr\/LBB\/wp-content\/uploads\/2014\/10\/logo-portable-144.png","contentUrl":"http:\/\/lyonbondyblog.fr\/LBB\/wp-content\/uploads\/2014\/10\/logo-portable-144.png","width":144,"height":123,"caption":"LYON BONDY BLOG"},"image":{"@id":"https:\/\/lyonbondyblog.fr\/LBB\/#\/schema\/logo\/image\/"},"sameAs":["https:\/\/www.facebook.com\/lyonbondyblog","https:\/\/x.com\/bondybloglyon"]},{"@type":"Person","@id":"https:\/\/lyonbondyblog.fr\/LBB\/#\/schema\/person\/e45f8d27baac75072daa0be50c409b25","name":"La r\u00e9daction","description":"Cr\u00e9e en 2008, la r\u00e9daction du Lyon Bondy Blog s'applique \u00e0 proposer une information locale diff\u00e9rente et compl\u00e9mentaire des m\u00e9dias traditionnels.","sameAs":["https:\/\/www.facebook.com\/lyonbondyblog","https:\/\/x.com\/BondyBlogLyon"],"url":"https:\/\/lyonbondyblog.fr\/LBB\/author\/admin\/"}]}},"_links":{"self":[{"href":"https:\/\/lyonbondyblog.fr\/LBB\/wp-json\/wp\/v2\/posts\/3757","targetHints":{"allow":["GET"]}}],"collection":[{"href":"https:\/\/lyonbondyblog.fr\/LBB\/wp-json\/wp\/v2\/posts"}],"about":[{"href":"https:\/\/lyonbondyblog.fr\/LBB\/wp-json\/wp\/v2\/types\/post"}],"author":[{"embeddable":true,"href":"https:\/\/lyonbondyblog.fr\/LBB\/wp-json\/wp\/v2\/users\/1"}],"replies":[{"embeddable":true,"href":"https:\/\/lyonbondyblog.fr\/LBB\/wp-json\/wp\/v2\/comments?post=3757"}],"version-history":[{"count":0,"href":"https:\/\/lyonbondyblog.fr\/LBB\/wp-json\/wp\/v2\/posts\/3757\/revisions"}],"wp:attachment":[{"href":"https:\/\/lyonbondyblog.fr\/LBB\/wp-json\/wp\/v2\/media?parent=3757"}],"wp:term":[{"taxonomy":"category","embeddable":true,"href":"https:\/\/lyonbondyblog.fr\/LBB\/wp-json\/wp\/v2\/categories?post=3757"},{"taxonomy":"post_tag","embeddable":true,"href":"https:\/\/lyonbondyblog.fr\/LBB\/wp-json\/wp\/v2\/tags?post=3757"}],"curies":[{"name":"wp","href":"https:\/\/api.w.org\/{rel}","templated":true}]}}