{"id":37532,"date":"2025-12-17T09:39:36","date_gmt":"2025-12-17T08:39:36","guid":{"rendered":"https:\/\/lyonbondyblog.fr\/LBB\/?p=37532"},"modified":"2025-12-17T13:17:12","modified_gmt":"2025-12-17T12:17:12","slug":"lyon-respirable-faisons-pacte","status":"publish","type":"post","link":"https:\/\/lyonbondyblog.fr\/LBB\/lyon-respirable-faisons-pacte\/","title":{"rendered":"\u00ab Lyon, respirer est un droit politique \u00bb\u00a0\u00bb"},"content":{"rendered":"\n<p><strong>La r\u00e9daction du Lyon Bondy Blog ouvre sa r\u00e9daction au \u00ab\u00a0Pacte Lyon Respirable\u00a0\u00bb. Toutes les initiatives citoyennes et partis peuvent nous envoyer une tribune que nous diffuserons sur notre site. <a href=\"https:\/\/pactelyonrespirable.fr\/\">Tribune.<\/a><\/strong><\/p>\n\n\n\n<p>\u00c0 Lyon comme ailleurs, nous sommes nombreuses et nombreux \u00e0 avoir un jour cess\u00e9 de respirer.<br>Sous la morsure d\u2019un contr\u00f4le au faci\u00e8s.<br>Dans la suffocation d\u2019un logement insalubre.<br>Face \u00e0 un refus d\u2019acc\u00e8s \u00e0 la piscine ou \u00e0 une salle municipale.<br>Devant une statue qui glorifie les bourreaux plut\u00f4t que les r\u00e9sistances.<br>Dans la peur, constante et \u00e9touffante, pour nos enfants, nos proches, nos morts.<\/p>\n\n\n\n<p>Respirer. Le mot peut sembler doux, presque banal. Mais pour une partie des habitantes et habitants de cette ville, respirer est un acte politique. Et de plus en plus, un acte emp\u00each\u00e9. Le Pacte que nous lan\u00e7ons aujourd\u2019hui part pr\u00e9cis\u00e9ment de l\u00e0 : du droit fondamental de vivre sans \u00e9touffer, de circuler sans peur, d\u2019\u00eatre accueilli\u00b7e sans suspicion, d\u2019exister pleinement dans l\u2019espace public.<\/p>\n\n\n\n<p>Ce que r\u00e9v\u00e8lent les exp\u00e9riences v\u00e9cues des personnes racis\u00e9es, des familles sans logement digne, des sans-papiers, des jeunes des quartiers populaires, des femmes, des personnes queer, des militants \u00e9puis\u00e9s par les violences syst\u00e9miques, ce n\u2019est pas un malaise passager : c\u2019est une apn\u00e9e sociale, politique et d\u00e9mocratique. Une ville o\u00f9 il faut lutter, chaque jour, pour pouvoir simplement respirer. Une ville o\u00f9 l\u2019air , symbolique et r\u00e9el, n\u2019est pas partag\u00e9 \u00e9quitablement.<\/p>\n\n\n\n<p>Face \u00e0 cette r\u00e9alit\u00e9, nous avons choisi de ne plus attendre.<br>Nous lan\u00e7ons un mouvement : \u201cLyon respirable &#8211; Faisons PACTE\u201d<strong>.<\/strong><strong><br><\/strong>Un mouvement ouvert, qui grandit d\u00e9j\u00e0, qui s\u2019adresse \u00e0 toutes celles et ceux qui refusent que la peur, la violence, la suspicion et la hi\u00e9rarchie des vies soient la norme.<\/p>\n\n\n\n<p>Le Pacte que nous proposons est n\u00e9 d\u2019un travail collectif, d\u2019\u00e9coutes crois\u00e9es, d\u2019analyses partag\u00e9es et de v\u00e9cus trop souvent tus. Il formule des engagements concrets que nous demandons aux candidates et candidats aux \u00e9lections municipales et m\u00e9tropolitaines de 2026 d\u2019assumer publiquement.<br>Ces engagements, d\u00e9taill\u00e9s dans notre texte commun (voir pour l\u2019ensemble des engagements sur le <a href=\"https:\/\/pactelyonrespirable.fr\/\">site Pacte Lyon Respirable<\/a>), visent \u00e0 transformer la racine de nos politiques locales, et donc la racine de nos vies.<\/p>\n\n\n\n<p>Faire de Lyon et sa m\u00e9tropole un espace o\u00f9 respirer redevient un droit passe par des mesures pr\u00e9cises :<\/p>\n\n\n\n<ul class=\"wp-block-list\">\n<li>Rendre l\u2019acc\u00e8s aux services municipaux r\u00e9ellement \u00e9gal, sans discrimination religieuse, raciale ou vestimentaire ;<br><\/li>\n\n\n\n<li>Prot\u00e9ger la vie en mettant fin aux violences polici\u00e8res et en garantissant une s\u00e9curit\u00e9 fond\u00e9e sur la m\u00e9diation, la pr\u00e9vention et la dignit\u00e9 ;<br><br><\/li>\n\n\n\n<li>Assurer des droits et une protection r\u00e9elle aux personnes sans papiers, plut\u00f4t que de les condamner \u00e0 la clandestinit\u00e9 permanente ;<br><\/li>\n\n\n\n<li>D\u00e9boulonner les m\u00e9moires coloniale<strong>s<\/strong> encore grav\u00e9es dans nos rues, nos monuments, nos noms d\u2019\u00e9coles, pour reconna\u00eetre enfin celles et ceux qui ont r\u00e9sist\u00e9 ;<br>garantir un logement digne et lutter contre les logiques qui \u00e9touffent les familles dans des passoires thermiques, des discriminations \u00e0 l\u2019entr\u00e9e ou des expulsions ;<\/li>\n\n\n\n<li>Garantir un logement digne et lutter contre les logiques qui \u00e9touffent les familles dans des passoires thermiques, des discriminations \u00e0 l\u2019entr\u00e9e ou des expulsion<br><\/li>\n\n\n\n<li>Ouvrir des espaces de r\u00e9pit, de soin, de joie et d\u2019humanit\u00e9, parce que respirer, c\u2019est aussi gu\u00e9rir collectivement ;<br> et soutenir les associations antiracistes, f\u00e9ministes, LGBTQIA+, les collectifs de lutte, les structures d\u2019insertion, celles et ceux qui depuis des ann\u00e9es cr\u00e9ent de l\u2019air l\u00e0 o\u00f9 l\u2019\u00c9tat manque.<\/li>\n<\/ul>\n\n\n\n<p>Respirer, ici, signifie aussi regarder en face les complicit\u00e9s coloniales qui se jouent depuis Lyon : le silence sur la Kanaky, la pr\u00e9sence d\u2019acteurs \u00e9conomiques li\u00e9s aux violences en Palestine, au Soudan ou au Congo, les partenariats qui perp\u00e9tuent des logiques de domination. Une ville respirable refuse ces complicit\u00e9s et s\u2019engage dans des coop\u00e9rations justes, respectueuses, solidaires.<\/p>\n\n\n\n<p>Nous savons que ce pacte ne sera pas sign\u00e9 par tout le monde. Nous ne cherchons pas le consensus mou, le compromis fade : nous cherchons la transformation profonde. La transformation par la racine. La radicalit\u00e9, au sens politique, c\u2019est cela : aller \u00e0 la source des violences syst\u00e9miques pour changer les conditions qui les produisent.<\/p>\n\n\n\n<p>Nous ne voulons plus des engagements creux.<br>Nous ne voulons plus de la communication sans actes.<br>Nous voulons une ville qui respire avec toutes et tous, et pas seulement pour quelques-uns.<\/p>\n\n\n\n<p>Ce n\u2019est qu\u2019un aper\u00e7u de ce vent nouveau que nous souhaitons voir souffler sur la ville. D\u2019autres propositions viendront, des outils de gouvernance nouvelle, des formes concr\u00e8tes de suivi d\u00e9mocratique, des m\u00e9canismes pour rendre des comptes. Mais notre premi\u00e8re urgence est de rassembler, d\u2019unir, de tisser : de construire une respiration commune.<\/p>\n\n\n\n<p>Aux habitantes et habitants de Lyon et de sa M\u00e9tropole, aux collectifs d\u2019autres villes qui nous ont \u00e9crit, aux organisations qui veulent rejoindre la d\u00e9marche : ce mouvement vous appartient autant qu\u2019\u00e0 nous.<br>Si notre ville veut encore se dire d\u00e9mocratique, alors elle doit garantir \u00e0 chacune et chacun ce droit premier : pouvoir respirer sans peur, sans honte, sans justification.<\/p>\n\n\n\n<p>Ce mardi 16 d\u00e9cembre 2025, nous avons fait un premier pas ensemble.<br>Respirer est un acte politique. \u00c0 Lyon et sa m\u00e9tropole, d\u00e9sormais, c\u2019est un engagement collectif.<\/p>\n\n\n\n<p>Lien pour la <a href=\"https:\/\/pacte.frama.space\/apps\/forms\/s\/FcG6k6dEA5sN4Lk4TJMZJobr\">signature de la tribune<\/a> (m\u00eame si vous n\u2019habitez pas Lyon)<a href=\"https:\/\/pacte.frama.space\/apps\/forms\/s\/FcG6k6dEA5sN4Lk4TJMZJobr\">&nbsp;<\/a>Suivez nous aussi sur Insta : @pactelyonrespirable<br>Le site : <a href=\"https:\/\/pactelyonrespirable.fr\/\">https:\/\/pactelyonrespirable.fr\/<\/a><\/p>\n<!-- AddThis Advanced Settings generic via filter on the_content --><!-- AddThis Share Buttons generic via filter on the_content -->","protected":false},"excerpt":{"rendered":"<p>La r\u00e9daction du Lyon Bondy Blog ouvre sa r\u00e9daction au \u00ab\u00a0Pacte Lyon Respirable\u00a0\u00bb. Toutes les initiatives citoyennes et partis peuvent nous envoyer une tribune que &hellip; <!-- AddThis Advanced Settings generic via filter on wp_trim_excerpt --><!-- AddThis Share Buttons generic via filter on wp_trim_excerpt --><\/p>\n","protected":false},"author":1,"featured_media":37533,"comment_status":"open","ping_status":"open","sticky":true,"template":"","format":"standard","meta":{"_FSMCFIC_featured_image_caption":"","_FSMCFIC_featured_image_nocaption":"","_FSMCFIC_featured_image_hide":"","footnotes":""},"categories":[4,28441,1546],"tags":[],"class_list":["post-37532","post","type-post","status-publish","format-standard","has-post-thumbnail","hentry","category-lyon","category-municipales-2026","category-tribune-libre"],"yoast_head":"<!-- This site is optimized with the Yoast SEO plugin v22.8 - https:\/\/yoast.com\/wordpress\/plugins\/seo\/ -->\n<title>\u00ab Lyon, respirer est un droit politique \u00bb&quot; - Lyon Bondy Blog<\/title>\n<meta name=\"robots\" content=\"index, follow, max-snippet:-1, max-image-preview:large, max-video-preview:-1\" \/>\n<link rel=\"canonical\" href=\"https:\/\/lyonbondyblog.fr\/LBB\/lyon-respirable-faisons-pacte\/\" \/>\n<meta property=\"og:locale\" content=\"fr_FR\" \/>\n<meta property=\"og:type\" content=\"article\" \/>\n<meta property=\"og:title\" content=\"\u00ab Lyon, respirer est un droit politique \u00bb&quot; - Lyon Bondy Blog\" \/>\n<meta property=\"og:description\" content=\"La r\u00e9daction du Lyon Bondy Blog ouvre sa r\u00e9daction au \u00ab\u00a0Pacte Lyon Respirable\u00a0\u00bb. Toutes les initiatives citoyennes et partis peuvent nous envoyer une tribune que &hellip;\" \/>\n<meta property=\"og:url\" content=\"https:\/\/lyonbondyblog.fr\/LBB\/lyon-respirable-faisons-pacte\/\" \/>\n<meta property=\"og:site_name\" content=\"Lyon Bondy Blog\" \/>\n<meta property=\"article:publisher\" content=\"https:\/\/www.facebook.com\/lyonbondyblog\" \/>\n<meta property=\"article:author\" content=\"https:\/\/www.facebook.com\/lyonbondyblog\" \/>\n<meta property=\"article:published_time\" content=\"2025-12-17T08:39:36+00:00\" \/>\n<meta property=\"article:modified_time\" content=\"2025-12-17T12:17:12+00:00\" \/>\n<meta property=\"og:image\" content=\"https:\/\/lyonbondyblog.fr\/LBB\/wp-content\/uploads\/2025\/12\/photo_2025-12-16_15-27-21.jpg\" \/>\n\t<meta property=\"og:image:width\" content=\"1200\" \/>\n\t<meta property=\"og:image:height\" content=\"630\" \/>\n\t<meta property=\"og:image:type\" content=\"image\/jpeg\" \/>\n<meta name=\"author\" content=\"La r\u00e9daction\" \/>\n<meta name=\"twitter:card\" content=\"summary_large_image\" \/>\n<meta name=\"twitter:creator\" content=\"@BondyBlogLyon\" \/>\n<meta name=\"twitter:site\" content=\"@bondybloglyon\" \/>\n<script type=\"application\/ld+json\" class=\"yoast-schema-graph\">{\"@context\":\"https:\/\/schema.org\",\"@graph\":[{\"@type\":\"Article\",\"@id\":\"https:\/\/lyonbondyblog.fr\/LBB\/lyon-respirable-faisons-pacte\/#article\",\"isPartOf\":{\"@id\":\"https:\/\/lyonbondyblog.fr\/LBB\/lyon-respirable-faisons-pacte\/\"},\"author\":{\"name\":\"La r\u00e9daction\",\"@id\":\"https:\/\/lyonbondyblog.fr\/LBB\/#\/schema\/person\/e45f8d27baac75072daa0be50c409b25\"},\"headline\":\"\u00ab Lyon, respirer est un droit politique \u00bb\u00a0\u00bb\",\"datePublished\":\"2025-12-17T08:39:36+00:00\",\"dateModified\":\"2025-12-17T12:17:12+00:00\",\"mainEntityOfPage\":{\"@id\":\"https:\/\/lyonbondyblog.fr\/LBB\/lyon-respirable-faisons-pacte\/\"},\"wordCount\":946,\"commentCount\":0,\"publisher\":{\"@id\":\"https:\/\/lyonbondyblog.fr\/LBB\/#organization\"},\"image\":{\"@id\":\"https:\/\/lyonbondyblog.fr\/LBB\/lyon-respirable-faisons-pacte\/#primaryimage\"},\"thumbnailUrl\":\"https:\/\/lyonbondyblog.fr\/LBB\/wp-content\/uploads\/2025\/12\/photo_2025-12-16_15-27-21.jpg\",\"articleSection\":[\"Lyon\",\"Municipales 2026\",\"Tribune libre\"],\"inLanguage\":\"fr-FR\",\"potentialAction\":[{\"@type\":\"CommentAction\",\"name\":\"Comment\",\"target\":[\"https:\/\/lyonbondyblog.fr\/LBB\/lyon-respirable-faisons-pacte\/#respond\"]}]},{\"@type\":\"WebPage\",\"@id\":\"https:\/\/lyonbondyblog.fr\/LBB\/lyon-respirable-faisons-pacte\/\",\"url\":\"https:\/\/lyonbondyblog.fr\/LBB\/lyon-respirable-faisons-pacte\/\",\"name\":\"\u00ab Lyon, respirer est un droit politique \u00bb\\\" - Lyon Bondy Blog\",\"isPartOf\":{\"@id\":\"https:\/\/lyonbondyblog.fr\/LBB\/#website\"},\"primaryImageOfPage\":{\"@id\":\"https:\/\/lyonbondyblog.fr\/LBB\/lyon-respirable-faisons-pacte\/#primaryimage\"},\"image\":{\"@id\":\"https:\/\/lyonbondyblog.fr\/LBB\/lyon-respirable-faisons-pacte\/#primaryimage\"},\"thumbnailUrl\":\"https:\/\/lyonbondyblog.fr\/LBB\/wp-content\/uploads\/2025\/12\/photo_2025-12-16_15-27-21.jpg\",\"datePublished\":\"2025-12-17T08:39:36+00:00\",\"dateModified\":\"2025-12-17T12:17:12+00:00\",\"inLanguage\":\"fr-FR\",\"potentialAction\":[{\"@type\":\"ReadAction\",\"target\":[\"https:\/\/lyonbondyblog.fr\/LBB\/lyon-respirable-faisons-pacte\/\"]}]},{\"@type\":\"ImageObject\",\"inLanguage\":\"fr-FR\",\"@id\":\"https:\/\/lyonbondyblog.fr\/LBB\/lyon-respirable-faisons-pacte\/#primaryimage\",\"url\":\"https:\/\/lyonbondyblog.fr\/LBB\/wp-content\/uploads\/2025\/12\/photo_2025-12-16_15-27-21.jpg\",\"contentUrl\":\"https:\/\/lyonbondyblog.fr\/LBB\/wp-content\/uploads\/2025\/12\/photo_2025-12-16_15-27-21.jpg\",\"width\":1200,\"height\":630},{\"@type\":\"WebSite\",\"@id\":\"https:\/\/lyonbondyblog.fr\/LBB\/#website\",\"url\":\"https:\/\/lyonbondyblog.fr\/LBB\/\",\"name\":\"Lyon Bondy Blog\",\"description\":\"\",\"publisher\":{\"@id\":\"https:\/\/lyonbondyblog.fr\/LBB\/#organization\"},\"potentialAction\":[{\"@type\":\"SearchAction\",\"target\":{\"@type\":\"EntryPoint\",\"urlTemplate\":\"https:\/\/lyonbondyblog.fr\/LBB\/?s={search_term_string}\"},\"query-input\":\"required name=search_term_string\"}],\"inLanguage\":\"fr-FR\"},{\"@type\":\"Organization\",\"@id\":\"https:\/\/lyonbondyblog.fr\/LBB\/#organization\",\"name\":\"LYON BONDY BLOG\",\"url\":\"https:\/\/lyonbondyblog.fr\/LBB\/\",\"logo\":{\"@type\":\"ImageObject\",\"inLanguage\":\"fr-FR\",\"@id\":\"https:\/\/lyonbondyblog.fr\/LBB\/#\/schema\/logo\/image\/\",\"url\":\"http:\/\/lyonbondyblog.fr\/LBB\/wp-content\/uploads\/2014\/10\/logo-portable-144.png\",\"contentUrl\":\"http:\/\/lyonbondyblog.fr\/LBB\/wp-content\/uploads\/2014\/10\/logo-portable-144.png\",\"width\":144,\"height\":123,\"caption\":\"LYON BONDY BLOG\"},\"image\":{\"@id\":\"https:\/\/lyonbondyblog.fr\/LBB\/#\/schema\/logo\/image\/\"},\"sameAs\":[\"https:\/\/www.facebook.com\/lyonbondyblog\",\"https:\/\/x.com\/bondybloglyon\"]},{\"@type\":\"Person\",\"@id\":\"https:\/\/lyonbondyblog.fr\/LBB\/#\/schema\/person\/e45f8d27baac75072daa0be50c409b25\",\"name\":\"La r\u00e9daction\",\"description\":\"Cr\u00e9e en 2008, la r\u00e9daction du Lyon Bondy Blog s'applique \u00e0 proposer une information locale diff\u00e9rente et compl\u00e9mentaire des m\u00e9dias traditionnels.\",\"sameAs\":[\"https:\/\/www.facebook.com\/lyonbondyblog\",\"https:\/\/x.com\/BondyBlogLyon\"],\"url\":\"https:\/\/lyonbondyblog.fr\/LBB\/author\/admin\/\"}]}<\/script>\n<!-- \/ Yoast SEO plugin. -->","yoast_head_json":{"title":"\u00ab Lyon, respirer est un droit politique \u00bb\" - Lyon Bondy Blog","robots":{"index":"index","follow":"follow","max-snippet":"max-snippet:-1","max-image-preview":"max-image-preview:large","max-video-preview":"max-video-preview:-1"},"canonical":"https:\/\/lyonbondyblog.fr\/LBB\/lyon-respirable-faisons-pacte\/","og_locale":"fr_FR","og_type":"article","og_title":"\u00ab Lyon, respirer est un droit politique \u00bb\" - Lyon Bondy Blog","og_description":"La r\u00e9daction du Lyon Bondy Blog ouvre sa r\u00e9daction au \u00ab\u00a0Pacte Lyon Respirable\u00a0\u00bb. Toutes les initiatives citoyennes et partis peuvent nous envoyer une tribune que &hellip;","og_url":"https:\/\/lyonbondyblog.fr\/LBB\/lyon-respirable-faisons-pacte\/","og_site_name":"Lyon Bondy Blog","article_publisher":"https:\/\/www.facebook.com\/lyonbondyblog","article_author":"https:\/\/www.facebook.com\/lyonbondyblog","article_published_time":"2025-12-17T08:39:36+00:00","article_modified_time":"2025-12-17T12:17:12+00:00","og_image":[{"width":1200,"height":630,"url":"https:\/\/lyonbondyblog.fr\/LBB\/wp-content\/uploads\/2025\/12\/photo_2025-12-16_15-27-21.jpg","type":"image\/jpeg"}],"author":"La r\u00e9daction","twitter_card":"summary_large_image","twitter_creator":"@BondyBlogLyon","twitter_site":"@bondybloglyon","schema":{"@context":"https:\/\/schema.org","@graph":[{"@type":"Article","@id":"https:\/\/lyonbondyblog.fr\/LBB\/lyon-respirable-faisons-pacte\/#article","isPartOf":{"@id":"https:\/\/lyonbondyblog.fr\/LBB\/lyon-respirable-faisons-pacte\/"},"author":{"name":"La r\u00e9daction","@id":"https:\/\/lyonbondyblog.fr\/LBB\/#\/schema\/person\/e45f8d27baac75072daa0be50c409b25"},"headline":"\u00ab Lyon, respirer est un droit politique \u00bb\u00a0\u00bb","datePublished":"2025-12-17T08:39:36+00:00","dateModified":"2025-12-17T12:17:12+00:00","mainEntityOfPage":{"@id":"https:\/\/lyonbondyblog.fr\/LBB\/lyon-respirable-faisons-pacte\/"},"wordCount":946,"commentCount":0,"publisher":{"@id":"https:\/\/lyonbondyblog.fr\/LBB\/#organization"},"image":{"@id":"https:\/\/lyonbondyblog.fr\/LBB\/lyon-respirable-faisons-pacte\/#primaryimage"},"thumbnailUrl":"https:\/\/lyonbondyblog.fr\/LBB\/wp-content\/uploads\/2025\/12\/photo_2025-12-16_15-27-21.jpg","articleSection":["Lyon","Municipales 2026","Tribune libre"],"inLanguage":"fr-FR","potentialAction":[{"@type":"CommentAction","name":"Comment","target":["https:\/\/lyonbondyblog.fr\/LBB\/lyon-respirable-faisons-pacte\/#respond"]}]},{"@type":"WebPage","@id":"https:\/\/lyonbondyblog.fr\/LBB\/lyon-respirable-faisons-pacte\/","url":"https:\/\/lyonbondyblog.fr\/LBB\/lyon-respirable-faisons-pacte\/","name":"\u00ab Lyon, respirer est un droit politique \u00bb\" - Lyon Bondy Blog","isPartOf":{"@id":"https:\/\/lyonbondyblog.fr\/LBB\/#website"},"primaryImageOfPage":{"@id":"https:\/\/lyonbondyblog.fr\/LBB\/lyon-respirable-faisons-pacte\/#primaryimage"},"image":{"@id":"https:\/\/lyonbondyblog.fr\/LBB\/lyon-respirable-faisons-pacte\/#primaryimage"},"thumbnailUrl":"https:\/\/lyonbondyblog.fr\/LBB\/wp-content\/uploads\/2025\/12\/photo_2025-12-16_15-27-21.jpg","datePublished":"2025-12-17T08:39:36+00:00","dateModified":"2025-12-17T12:17:12+00:00","inLanguage":"fr-FR","potentialAction":[{"@type":"ReadAction","target":["https:\/\/lyonbondyblog.fr\/LBB\/lyon-respirable-faisons-pacte\/"]}]},{"@type":"ImageObject","inLanguage":"fr-FR","@id":"https:\/\/lyonbondyblog.fr\/LBB\/lyon-respirable-faisons-pacte\/#primaryimage","url":"https:\/\/lyonbondyblog.fr\/LBB\/wp-content\/uploads\/2025\/12\/photo_2025-12-16_15-27-21.jpg","contentUrl":"https:\/\/lyonbondyblog.fr\/LBB\/wp-content\/uploads\/2025\/12\/photo_2025-12-16_15-27-21.jpg","width":1200,"height":630},{"@type":"WebSite","@id":"https:\/\/lyonbondyblog.fr\/LBB\/#website","url":"https:\/\/lyonbondyblog.fr\/LBB\/","name":"Lyon Bondy Blog","description":"","publisher":{"@id":"https:\/\/lyonbondyblog.fr\/LBB\/#organization"},"potentialAction":[{"@type":"SearchAction","target":{"@type":"EntryPoint","urlTemplate":"https:\/\/lyonbondyblog.fr\/LBB\/?s={search_term_string}"},"query-input":"required name=search_term_string"}],"inLanguage":"fr-FR"},{"@type":"Organization","@id":"https:\/\/lyonbondyblog.fr\/LBB\/#organization","name":"LYON BONDY BLOG","url":"https:\/\/lyonbondyblog.fr\/LBB\/","logo":{"@type":"ImageObject","inLanguage":"fr-FR","@id":"https:\/\/lyonbondyblog.fr\/LBB\/#\/schema\/logo\/image\/","url":"http:\/\/lyonbondyblog.fr\/LBB\/wp-content\/uploads\/2014\/10\/logo-portable-144.png","contentUrl":"http:\/\/lyonbondyblog.fr\/LBB\/wp-content\/uploads\/2014\/10\/logo-portable-144.png","width":144,"height":123,"caption":"LYON BONDY BLOG"},"image":{"@id":"https:\/\/lyonbondyblog.fr\/LBB\/#\/schema\/logo\/image\/"},"sameAs":["https:\/\/www.facebook.com\/lyonbondyblog","https:\/\/x.com\/bondybloglyon"]},{"@type":"Person","@id":"https:\/\/lyonbondyblog.fr\/LBB\/#\/schema\/person\/e45f8d27baac75072daa0be50c409b25","name":"La r\u00e9daction","description":"Cr\u00e9e en 2008, la r\u00e9daction du Lyon Bondy Blog s'applique \u00e0 proposer une information locale diff\u00e9rente et compl\u00e9mentaire des m\u00e9dias traditionnels.","sameAs":["https:\/\/www.facebook.com\/lyonbondyblog","https:\/\/x.com\/BondyBlogLyon"],"url":"https:\/\/lyonbondyblog.fr\/LBB\/author\/admin\/"}]}},"_links":{"self":[{"href":"https:\/\/lyonbondyblog.fr\/LBB\/wp-json\/wp\/v2\/posts\/37532","targetHints":{"allow":["GET"]}}],"collection":[{"href":"https:\/\/lyonbondyblog.fr\/LBB\/wp-json\/wp\/v2\/posts"}],"about":[{"href":"https:\/\/lyonbondyblog.fr\/LBB\/wp-json\/wp\/v2\/types\/post"}],"author":[{"embeddable":true,"href":"https:\/\/lyonbondyblog.fr\/LBB\/wp-json\/wp\/v2\/users\/1"}],"replies":[{"embeddable":true,"href":"https:\/\/lyonbondyblog.fr\/LBB\/wp-json\/wp\/v2\/comments?post=37532"}],"version-history":[{"count":7,"href":"https:\/\/lyonbondyblog.fr\/LBB\/wp-json\/wp\/v2\/posts\/37532\/revisions"}],"predecessor-version":[{"id":37550,"href":"https:\/\/lyonbondyblog.fr\/LBB\/wp-json\/wp\/v2\/posts\/37532\/revisions\/37550"}],"wp:featuredmedia":[{"embeddable":true,"href":"https:\/\/lyonbondyblog.fr\/LBB\/wp-json\/wp\/v2\/media\/37533"}],"wp:attachment":[{"href":"https:\/\/lyonbondyblog.fr\/LBB\/wp-json\/wp\/v2\/media?parent=37532"}],"wp:term":[{"taxonomy":"category","embeddable":true,"href":"https:\/\/lyonbondyblog.fr\/LBB\/wp-json\/wp\/v2\/categories?post=37532"},{"taxonomy":"post_tag","embeddable":true,"href":"https:\/\/lyonbondyblog.fr\/LBB\/wp-json\/wp\/v2\/tags?post=37532"}],"curies":[{"name":"wp","href":"https:\/\/api.w.org\/{rel}","templated":true}]}}