{"id":37526,"date":"2025-12-16T10:12:35","date_gmt":"2025-12-16T09:12:35","guid":{"rendered":"https:\/\/lyonbondyblog.fr\/LBB\/?p=37526"},"modified":"2025-12-16T10:12:37","modified_gmt":"2025-12-16T09:12:37","slug":"cinema-au-coeur-dun-rassemblement-collectif","status":"publish","type":"post","link":"https:\/\/lyonbondyblog.fr\/LBB\/cinema-au-coeur-dun-rassemblement-collectif\/","title":{"rendered":"Cin\u00e9ma : Au coeur d&rsquo;un rassemblement collectif"},"content":{"rendered":"\n<p><strong>Hier soir, le Cin\u00e9ma \u00a0\u00bb Comoedia\u00a0\u00bb a organis\u00e9 une rencontre avec les r\u00e9alisateurs Gilles Perret et Marion Richoux du documentaire \u00ab\u00a0On est la CGT ! 130 ans apr\u00e8s\u00a0\u00bb. Pr\u00e9sentation du documentaire. <\/strong><\/p>\n\n\n\n<p><strong>Synopsis : <\/strong>\u00c0 l&rsquo;occasion des 130 ans de la CGT, le film s&rsquo;int\u00e9resse \u00e0 celles et ceux qui font le syndicat aujourd&rsquo;hui et \u00e0 la fa\u00e7on dont ils conjuguent ses combats historiques au pr\u00e9sent.<\/p>\n\n\n\n<p><strong>Vid\u00e9o c\u00e9l\u00e9brant les 130 ans de la CGT<\/strong> : <a href=\"https:\/\/www.facebook.com\/watch\/?v=632405789752813\">https:\/\/www.facebook.com\/watch\/?v=632405789752813<\/a><\/p>\n\n\n\n<p><strong>Mot de la r\u00e9daction : <\/strong>Le film capte avec sobri\u00e9t\u00e9 l\u2019\u00e9nergie collective et les visages d\u2019un mouvement en tension, privil\u00e9giant l\u2019observation \u00e0 l\u2019effet de manche. La mise en sc\u00e8ne, proche du documentaire, laisse affleurer la complexit\u00e9 des trajectoires individuelles au c\u0153ur du rassemblement. Le rythme parfois in\u00e9gal refl\u00e8te la r\u00e9alit\u00e9 fragment\u00e9e du terrain, entre temps forts et moments d\u2019attente. Sans verser dans le discours militant appuy\u00e9, l\u2019\u0153uvre interroge les rapports de force sociaux et politiques contemporains. Un regard engag\u00e9 mais mesur\u00e9, qui mise davantage sur la pr\u00e9sence humaine que sur la d\u00e9monstration.<\/p>\n\n\n\n<figure class=\"wp-block-image size-large\"><img loading=\"lazy\" decoding=\"async\" width=\"1920\" height=\"1440\" src=\"https:\/\/lyonbondyblog.fr\/LBB\/wp-content\/uploads\/2025\/12\/IMG_0484-1920x1440.jpeg\" alt=\"\" class=\"wp-image-37528\" srcset=\"https:\/\/lyonbondyblog.fr\/LBB\/wp-content\/uploads\/2025\/12\/IMG_0484-1920x1440.jpeg 1920w, https:\/\/lyonbondyblog.fr\/LBB\/wp-content\/uploads\/2025\/12\/IMG_0484-1200x900.jpeg 1200w, https:\/\/lyonbondyblog.fr\/LBB\/wp-content\/uploads\/2025\/12\/IMG_0484-768x576.jpeg 768w, https:\/\/lyonbondyblog.fr\/LBB\/wp-content\/uploads\/2025\/12\/IMG_0484-1536x1152.jpeg 1536w, https:\/\/lyonbondyblog.fr\/LBB\/wp-content\/uploads\/2025\/12\/IMG_0484-2048x1536.jpeg 2048w\" sizes=\"auto, (max-width: 1920px) 100vw, 1920px\" \/><\/figure>\n\n\n\n<p><strong>Conf\u00e9rence de presse en pr\u00e9sence des r\u00e9alisateurs du documentaire \u00ab\u00a0On est la CGT, et apr\u00e8s ! Marion Richoux, Gilles Perret et  l\u2019\u00e9quipe du Comoedia. Les journalistes pr\u00e9sents sont : SolFM, Magali Van Reeth (Signis) et Etienne Aazzab (Lyon Bondy Blog) :<\/strong><\/p>\n\n\n\n<figure class=\"wp-block-audio\"><audio controls src=\"https:\/\/lyonbondyblog.fr\/LBB\/wp-content\/uploads\/2025\/12\/Nouvel-enregistrement-104-1.m4a\"><\/audio><\/figure>\n<!-- AddThis Advanced Settings generic via filter on the_content --><!-- AddThis Share Buttons generic via filter on the_content -->","protected":false},"excerpt":{"rendered":"<p>Hier soir, le Cin\u00e9ma \u00a0\u00bb Comoedia\u00a0\u00bb a organis\u00e9 une rencontre avec les r\u00e9alisateurs Gilles Perret et Marion Richoux du documentaire \u00ab\u00a0On est la CGT ! &hellip; <!-- AddThis Advanced Settings generic via filter on wp_trim_excerpt --><!-- AddThis Share Buttons generic via filter on wp_trim_excerpt --><\/p>\n","protected":false},"author":1,"featured_media":37529,"comment_status":"open","ping_status":"open","sticky":true,"template":"","format":"standard","meta":{"_FSMCFIC_featured_image_caption":"","_FSMCFIC_featured_image_nocaption":"","_FSMCFIC_featured_image_hide":"","footnotes":""},"categories":[22673,13114,3,28432],"tags":[],"class_list":["post-37526","post","type-post","status-publish","format-standard","has-post-thumbnail","hentry","category-cgt","category-cinema","category-culture","category-lyon-handicap"],"yoast_head":"<!-- This site is optimized with the Yoast SEO plugin v22.8 - https:\/\/yoast.com\/wordpress\/plugins\/seo\/ -->\n<title>Cin\u00e9ma : Au coeur d&#039;un rassemblement collectif - Lyon Bondy Blog<\/title>\n<meta name=\"robots\" content=\"index, follow, max-snippet:-1, max-image-preview:large, max-video-preview:-1\" \/>\n<link rel=\"canonical\" href=\"https:\/\/lyonbondyblog.fr\/LBB\/cinema-au-coeur-dun-rassemblement-collectif\/\" \/>\n<meta property=\"og:locale\" content=\"fr_FR\" \/>\n<meta property=\"og:type\" content=\"article\" \/>\n<meta property=\"og:title\" content=\"Cin\u00e9ma : Au coeur d&#039;un rassemblement collectif - Lyon Bondy Blog\" \/>\n<meta property=\"og:description\" content=\"Hier soir, le Cin\u00e9ma \u00a0\u00bb Comoedia\u00a0\u00bb a organis\u00e9 une rencontre avec les r\u00e9alisateurs Gilles Perret et Marion Richoux du documentaire \u00ab\u00a0On est la CGT ! &hellip;\" \/>\n<meta property=\"og:url\" content=\"https:\/\/lyonbondyblog.fr\/LBB\/cinema-au-coeur-dun-rassemblement-collectif\/\" \/>\n<meta property=\"og:site_name\" content=\"Lyon Bondy Blog\" \/>\n<meta property=\"article:publisher\" content=\"https:\/\/www.facebook.com\/lyonbondyblog\" \/>\n<meta property=\"article:author\" content=\"https:\/\/www.facebook.com\/lyonbondyblog\" \/>\n<meta property=\"article:published_time\" content=\"2025-12-16T09:12:35+00:00\" \/>\n<meta property=\"article:modified_time\" content=\"2025-12-16T09:12:37+00:00\" \/>\n<meta property=\"og:image\" content=\"https:\/\/lyonbondyblog.fr\/LBB\/wp-content\/uploads\/2025\/12\/ac57b18986b75a1f90f52c32aabb974c-1.jpg\" \/>\n\t<meta property=\"og:image:width\" content=\"310\" \/>\n\t<meta property=\"og:image:height\" content=\"420\" \/>\n\t<meta property=\"og:image:type\" content=\"image\/jpeg\" \/>\n<meta name=\"author\" content=\"La r\u00e9daction\" \/>\n<meta name=\"twitter:card\" content=\"summary_large_image\" \/>\n<meta name=\"twitter:creator\" content=\"@BondyBlogLyon\" \/>\n<meta name=\"twitter:site\" content=\"@bondybloglyon\" \/>\n<script type=\"application\/ld+json\" class=\"yoast-schema-graph\">{\"@context\":\"https:\/\/schema.org\",\"@graph\":[{\"@type\":\"Article\",\"@id\":\"https:\/\/lyonbondyblog.fr\/LBB\/cinema-au-coeur-dun-rassemblement-collectif\/#article\",\"isPartOf\":{\"@id\":\"https:\/\/lyonbondyblog.fr\/LBB\/cinema-au-coeur-dun-rassemblement-collectif\/\"},\"author\":{\"name\":\"La r\u00e9daction\",\"@id\":\"https:\/\/lyonbondyblog.fr\/LBB\/#\/schema\/person\/e45f8d27baac75072daa0be50c409b25\"},\"headline\":\"Cin\u00e9ma : Au coeur d&rsquo;un rassemblement collectif\",\"datePublished\":\"2025-12-16T09:12:35+00:00\",\"dateModified\":\"2025-12-16T09:12:37+00:00\",\"mainEntityOfPage\":{\"@id\":\"https:\/\/lyonbondyblog.fr\/LBB\/cinema-au-coeur-dun-rassemblement-collectif\/\"},\"wordCount\":238,\"commentCount\":0,\"publisher\":{\"@id\":\"https:\/\/lyonbondyblog.fr\/LBB\/#organization\"},\"image\":{\"@id\":\"https:\/\/lyonbondyblog.fr\/LBB\/cinema-au-coeur-dun-rassemblement-collectif\/#primaryimage\"},\"thumbnailUrl\":\"https:\/\/lyonbondyblog.fr\/LBB\/wp-content\/uploads\/2025\/12\/ac57b18986b75a1f90f52c32aabb974c-1.jpg\",\"articleSection\":[\"CGT\",\"Cin\u00e9ma\",\"Culture\",\"Lyon\"],\"inLanguage\":\"fr-FR\",\"potentialAction\":[{\"@type\":\"CommentAction\",\"name\":\"Comment\",\"target\":[\"https:\/\/lyonbondyblog.fr\/LBB\/cinema-au-coeur-dun-rassemblement-collectif\/#respond\"]}]},{\"@type\":\"WebPage\",\"@id\":\"https:\/\/lyonbondyblog.fr\/LBB\/cinema-au-coeur-dun-rassemblement-collectif\/\",\"url\":\"https:\/\/lyonbondyblog.fr\/LBB\/cinema-au-coeur-dun-rassemblement-collectif\/\",\"name\":\"Cin\u00e9ma : Au coeur d'un rassemblement collectif - Lyon Bondy Blog\",\"isPartOf\":{\"@id\":\"https:\/\/lyonbondyblog.fr\/LBB\/#website\"},\"primaryImageOfPage\":{\"@id\":\"https:\/\/lyonbondyblog.fr\/LBB\/cinema-au-coeur-dun-rassemblement-collectif\/#primaryimage\"},\"image\":{\"@id\":\"https:\/\/lyonbondyblog.fr\/LBB\/cinema-au-coeur-dun-rassemblement-collectif\/#primaryimage\"},\"thumbnailUrl\":\"https:\/\/lyonbondyblog.fr\/LBB\/wp-content\/uploads\/2025\/12\/ac57b18986b75a1f90f52c32aabb974c-1.jpg\",\"datePublished\":\"2025-12-16T09:12:35+00:00\",\"dateModified\":\"2025-12-16T09:12:37+00:00\",\"inLanguage\":\"fr-FR\",\"potentialAction\":[{\"@type\":\"ReadAction\",\"target\":[\"https:\/\/lyonbondyblog.fr\/LBB\/cinema-au-coeur-dun-rassemblement-collectif\/\"]}]},{\"@type\":\"ImageObject\",\"inLanguage\":\"fr-FR\",\"@id\":\"https:\/\/lyonbondyblog.fr\/LBB\/cinema-au-coeur-dun-rassemblement-collectif\/#primaryimage\",\"url\":\"https:\/\/lyonbondyblog.fr\/LBB\/wp-content\/uploads\/2025\/12\/ac57b18986b75a1f90f52c32aabb974c-1.jpg\",\"contentUrl\":\"https:\/\/lyonbondyblog.fr\/LBB\/wp-content\/uploads\/2025\/12\/ac57b18986b75a1f90f52c32aabb974c-1.jpg\",\"width\":310,\"height\":420},{\"@type\":\"WebSite\",\"@id\":\"https:\/\/lyonbondyblog.fr\/LBB\/#website\",\"url\":\"https:\/\/lyonbondyblog.fr\/LBB\/\",\"name\":\"Lyon Bondy Blog\",\"description\":\"\",\"publisher\":{\"@id\":\"https:\/\/lyonbondyblog.fr\/LBB\/#organization\"},\"potentialAction\":[{\"@type\":\"SearchAction\",\"target\":{\"@type\":\"EntryPoint\",\"urlTemplate\":\"https:\/\/lyonbondyblog.fr\/LBB\/?s={search_term_string}\"},\"query-input\":\"required name=search_term_string\"}],\"inLanguage\":\"fr-FR\"},{\"@type\":\"Organization\",\"@id\":\"https:\/\/lyonbondyblog.fr\/LBB\/#organization\",\"name\":\"LYON BONDY BLOG\",\"url\":\"https:\/\/lyonbondyblog.fr\/LBB\/\",\"logo\":{\"@type\":\"ImageObject\",\"inLanguage\":\"fr-FR\",\"@id\":\"https:\/\/lyonbondyblog.fr\/LBB\/#\/schema\/logo\/image\/\",\"url\":\"http:\/\/lyonbondyblog.fr\/LBB\/wp-content\/uploads\/2014\/10\/logo-portable-144.png\",\"contentUrl\":\"http:\/\/lyonbondyblog.fr\/LBB\/wp-content\/uploads\/2014\/10\/logo-portable-144.png\",\"width\":144,\"height\":123,\"caption\":\"LYON BONDY BLOG\"},\"image\":{\"@id\":\"https:\/\/lyonbondyblog.fr\/LBB\/#\/schema\/logo\/image\/\"},\"sameAs\":[\"https:\/\/www.facebook.com\/lyonbondyblog\",\"https:\/\/x.com\/bondybloglyon\"]},{\"@type\":\"Person\",\"@id\":\"https:\/\/lyonbondyblog.fr\/LBB\/#\/schema\/person\/e45f8d27baac75072daa0be50c409b25\",\"name\":\"La r\u00e9daction\",\"description\":\"Cr\u00e9e en 2008, la r\u00e9daction du Lyon Bondy Blog s'applique \u00e0 proposer une information locale diff\u00e9rente et compl\u00e9mentaire des m\u00e9dias traditionnels.\",\"sameAs\":[\"https:\/\/www.facebook.com\/lyonbondyblog\",\"https:\/\/x.com\/BondyBlogLyon\"],\"url\":\"https:\/\/lyonbondyblog.fr\/LBB\/author\/admin\/\"}]}<\/script>\n<!-- \/ Yoast SEO plugin. -->","yoast_head_json":{"title":"Cin\u00e9ma : Au coeur d'un rassemblement collectif - Lyon Bondy Blog","robots":{"index":"index","follow":"follow","max-snippet":"max-snippet:-1","max-image-preview":"max-image-preview:large","max-video-preview":"max-video-preview:-1"},"canonical":"https:\/\/lyonbondyblog.fr\/LBB\/cinema-au-coeur-dun-rassemblement-collectif\/","og_locale":"fr_FR","og_type":"article","og_title":"Cin\u00e9ma : Au coeur d'un rassemblement collectif - Lyon Bondy Blog","og_description":"Hier soir, le Cin\u00e9ma \u00a0\u00bb Comoedia\u00a0\u00bb a organis\u00e9 une rencontre avec les r\u00e9alisateurs Gilles Perret et Marion Richoux du documentaire \u00ab\u00a0On est la CGT ! &hellip;","og_url":"https:\/\/lyonbondyblog.fr\/LBB\/cinema-au-coeur-dun-rassemblement-collectif\/","og_site_name":"Lyon Bondy Blog","article_publisher":"https:\/\/www.facebook.com\/lyonbondyblog","article_author":"https:\/\/www.facebook.com\/lyonbondyblog","article_published_time":"2025-12-16T09:12:35+00:00","article_modified_time":"2025-12-16T09:12:37+00:00","og_image":[{"width":310,"height":420,"url":"https:\/\/lyonbondyblog.fr\/LBB\/wp-content\/uploads\/2025\/12\/ac57b18986b75a1f90f52c32aabb974c-1.jpg","type":"image\/jpeg"}],"author":"La r\u00e9daction","twitter_card":"summary_large_image","twitter_creator":"@BondyBlogLyon","twitter_site":"@bondybloglyon","schema":{"@context":"https:\/\/schema.org","@graph":[{"@type":"Article","@id":"https:\/\/lyonbondyblog.fr\/LBB\/cinema-au-coeur-dun-rassemblement-collectif\/#article","isPartOf":{"@id":"https:\/\/lyonbondyblog.fr\/LBB\/cinema-au-coeur-dun-rassemblement-collectif\/"},"author":{"name":"La r\u00e9daction","@id":"https:\/\/lyonbondyblog.fr\/LBB\/#\/schema\/person\/e45f8d27baac75072daa0be50c409b25"},"headline":"Cin\u00e9ma : Au coeur d&rsquo;un rassemblement collectif","datePublished":"2025-12-16T09:12:35+00:00","dateModified":"2025-12-16T09:12:37+00:00","mainEntityOfPage":{"@id":"https:\/\/lyonbondyblog.fr\/LBB\/cinema-au-coeur-dun-rassemblement-collectif\/"},"wordCount":238,"commentCount":0,"publisher":{"@id":"https:\/\/lyonbondyblog.fr\/LBB\/#organization"},"image":{"@id":"https:\/\/lyonbondyblog.fr\/LBB\/cinema-au-coeur-dun-rassemblement-collectif\/#primaryimage"},"thumbnailUrl":"https:\/\/lyonbondyblog.fr\/LBB\/wp-content\/uploads\/2025\/12\/ac57b18986b75a1f90f52c32aabb974c-1.jpg","articleSection":["CGT","Cin\u00e9ma","Culture","Lyon"],"inLanguage":"fr-FR","potentialAction":[{"@type":"CommentAction","name":"Comment","target":["https:\/\/lyonbondyblog.fr\/LBB\/cinema-au-coeur-dun-rassemblement-collectif\/#respond"]}]},{"@type":"WebPage","@id":"https:\/\/lyonbondyblog.fr\/LBB\/cinema-au-coeur-dun-rassemblement-collectif\/","url":"https:\/\/lyonbondyblog.fr\/LBB\/cinema-au-coeur-dun-rassemblement-collectif\/","name":"Cin\u00e9ma : Au coeur d'un rassemblement collectif - Lyon Bondy Blog","isPartOf":{"@id":"https:\/\/lyonbondyblog.fr\/LBB\/#website"},"primaryImageOfPage":{"@id":"https:\/\/lyonbondyblog.fr\/LBB\/cinema-au-coeur-dun-rassemblement-collectif\/#primaryimage"},"image":{"@id":"https:\/\/lyonbondyblog.fr\/LBB\/cinema-au-coeur-dun-rassemblement-collectif\/#primaryimage"},"thumbnailUrl":"https:\/\/lyonbondyblog.fr\/LBB\/wp-content\/uploads\/2025\/12\/ac57b18986b75a1f90f52c32aabb974c-1.jpg","datePublished":"2025-12-16T09:12:35+00:00","dateModified":"2025-12-16T09:12:37+00:00","inLanguage":"fr-FR","potentialAction":[{"@type":"ReadAction","target":["https:\/\/lyonbondyblog.fr\/LBB\/cinema-au-coeur-dun-rassemblement-collectif\/"]}]},{"@type":"ImageObject","inLanguage":"fr-FR","@id":"https:\/\/lyonbondyblog.fr\/LBB\/cinema-au-coeur-dun-rassemblement-collectif\/#primaryimage","url":"https:\/\/lyonbondyblog.fr\/LBB\/wp-content\/uploads\/2025\/12\/ac57b18986b75a1f90f52c32aabb974c-1.jpg","contentUrl":"https:\/\/lyonbondyblog.fr\/LBB\/wp-content\/uploads\/2025\/12\/ac57b18986b75a1f90f52c32aabb974c-1.jpg","width":310,"height":420},{"@type":"WebSite","@id":"https:\/\/lyonbondyblog.fr\/LBB\/#website","url":"https:\/\/lyonbondyblog.fr\/LBB\/","name":"Lyon Bondy Blog","description":"","publisher":{"@id":"https:\/\/lyonbondyblog.fr\/LBB\/#organization"},"potentialAction":[{"@type":"SearchAction","target":{"@type":"EntryPoint","urlTemplate":"https:\/\/lyonbondyblog.fr\/LBB\/?s={search_term_string}"},"query-input":"required name=search_term_string"}],"inLanguage":"fr-FR"},{"@type":"Organization","@id":"https:\/\/lyonbondyblog.fr\/LBB\/#organization","name":"LYON BONDY BLOG","url":"https:\/\/lyonbondyblog.fr\/LBB\/","logo":{"@type":"ImageObject","inLanguage":"fr-FR","@id":"https:\/\/lyonbondyblog.fr\/LBB\/#\/schema\/logo\/image\/","url":"http:\/\/lyonbondyblog.fr\/LBB\/wp-content\/uploads\/2014\/10\/logo-portable-144.png","contentUrl":"http:\/\/lyonbondyblog.fr\/LBB\/wp-content\/uploads\/2014\/10\/logo-portable-144.png","width":144,"height":123,"caption":"LYON BONDY BLOG"},"image":{"@id":"https:\/\/lyonbondyblog.fr\/LBB\/#\/schema\/logo\/image\/"},"sameAs":["https:\/\/www.facebook.com\/lyonbondyblog","https:\/\/x.com\/bondybloglyon"]},{"@type":"Person","@id":"https:\/\/lyonbondyblog.fr\/LBB\/#\/schema\/person\/e45f8d27baac75072daa0be50c409b25","name":"La r\u00e9daction","description":"Cr\u00e9e en 2008, la r\u00e9daction du Lyon Bondy Blog s'applique \u00e0 proposer une information locale diff\u00e9rente et compl\u00e9mentaire des m\u00e9dias traditionnels.","sameAs":["https:\/\/www.facebook.com\/lyonbondyblog","https:\/\/x.com\/BondyBlogLyon"],"url":"https:\/\/lyonbondyblog.fr\/LBB\/author\/admin\/"}]}},"_links":{"self":[{"href":"https:\/\/lyonbondyblog.fr\/LBB\/wp-json\/wp\/v2\/posts\/37526","targetHints":{"allow":["GET"]}}],"collection":[{"href":"https:\/\/lyonbondyblog.fr\/LBB\/wp-json\/wp\/v2\/posts"}],"about":[{"href":"https:\/\/lyonbondyblog.fr\/LBB\/wp-json\/wp\/v2\/types\/post"}],"author":[{"embeddable":true,"href":"https:\/\/lyonbondyblog.fr\/LBB\/wp-json\/wp\/v2\/users\/1"}],"replies":[{"embeddable":true,"href":"https:\/\/lyonbondyblog.fr\/LBB\/wp-json\/wp\/v2\/comments?post=37526"}],"version-history":[{"count":2,"href":"https:\/\/lyonbondyblog.fr\/LBB\/wp-json\/wp\/v2\/posts\/37526\/revisions"}],"predecessor-version":[{"id":37531,"href":"https:\/\/lyonbondyblog.fr\/LBB\/wp-json\/wp\/v2\/posts\/37526\/revisions\/37531"}],"wp:featuredmedia":[{"embeddable":true,"href":"https:\/\/lyonbondyblog.fr\/LBB\/wp-json\/wp\/v2\/media\/37529"}],"wp:attachment":[{"href":"https:\/\/lyonbondyblog.fr\/LBB\/wp-json\/wp\/v2\/media?parent=37526"}],"wp:term":[{"taxonomy":"category","embeddable":true,"href":"https:\/\/lyonbondyblog.fr\/LBB\/wp-json\/wp\/v2\/categories?post=37526"},{"taxonomy":"post_tag","embeddable":true,"href":"https:\/\/lyonbondyblog.fr\/LBB\/wp-json\/wp\/v2\/tags?post=37526"}],"curies":[{"name":"wp","href":"https:\/\/api.w.org\/{rel}","templated":true}]}}