{"id":37519,"date":"2025-12-15T16:38:37","date_gmt":"2025-12-15T15:38:37","guid":{"rendered":"https:\/\/lyonbondyblog.fr\/LBB\/?p=37519"},"modified":"2025-12-15T16:58:48","modified_gmt":"2025-12-15T15:58:48","slug":"muncipales-2026-la-tentation-kepenekian-peut-bousculer-les-alliances-a-lyon","status":"publish","type":"post","link":"https:\/\/lyonbondyblog.fr\/LBB\/muncipales-2026-la-tentation-kepenekian-peut-bousculer-les-alliances-a-lyon\/","title":{"rendered":"Muncipales 2026 : la tentation K\u00e9p\u00e9n\u00e9kian peut  bousculer les alliances \u00e0 Lyon"},"content":{"rendered":"\n<p><strong>\u00c0 Lyon, le positionnement de Georges K\u00e9p\u00e9n\u00e9kian, qui veut incarner une alternative entre les principaux candidats aux municipales 2026, rebat les cartes au sein de la gauche, du centre gauche et du centre droit lyonnais. Autour de lui, des responsables politiques et associatifs, dont un  membre de Place Publique, r\u00e9fl\u00e9chissent \u00e0 de nouvelles convergences programmatiques, sur fond de d\u00e9bat autour du logement \u00e9tudiant, de la participation citoyenne et des alliances partisane<\/strong>.<\/p>\n\n\n\n<p>Un rapprochement entre Georges K\u00e9p\u00e9n\u00e9kian et Alexandre Chevalier, \u00e9lu lyonnais et cadre de Place Publique, dans le contexte de la pr\u00e9paration des \u00e9lections municipales 2026. K\u00e9p\u00e9n\u00e9kian y est d\u00e9crit comme souhaitant mener une \u00ab seconde \u00e9tape \u00bb de sa campagne, sans se rallier aux deux principaux p\u00f4les en pr\u00e9sence, tout en s\u2019appuyant sur de nouveaux partenaires politiques. Cette strat\u00e9gie s\u2019inscrit dans une campagne d\u00e9j\u00e0 marqu\u00e9e par de fortes tensions autour des alliances et du r\u00f4le des partis traditionnels.<\/p>\n\n\n\n<p><strong>Un projet de recentrage politique<\/strong><\/p>\n\n\n\n<p><br>Dans ce document, Georges K\u00e9p\u00e9n\u00e9kian est pr\u00e9sent\u00e9 comme une \u00ab voix centrale \u00bb cherchant \u00e0 se placer entre les principaux candidats, d\u00e9non\u00e7ant la polarisation du d\u00e9bat et le \u00ab scl\u00e9rosage \u00bb de la campagne. Il affirme ne \u00ab renoncer \u00e0 rien \u00bb tout en refusant de rejoindre les camps d\u00e9j\u00e0 constitu\u00e9s, et revendique une forme d\u2019ind\u00e9pendance vis\u2011\u00e0\u2011vis des partis qui, selon lui, ne rempliraient plus leur r\u00f4le. Cette d\u00e9marche vise \u00e0 capter un \u00e9lectorat en qu\u00eate d\u2019alternative dans une ville o\u00f9 les rapports de force restent ouverts \u00e0 l\u2019approche de 2026.<\/p>\n\n\n\n<p><br><strong>Un programme ax\u00e9 sur le logement et la participation<\/strong><\/p>\n\n\n\n<p><br>Le texte met en avant une priorit\u00e9 forte accord\u00e9e au logement \u00e9tudiant, avec l\u2019objectif affich\u00e9 de cr\u00e9er 5 000 logements pour maintenir le dynamisme universitaire de Lyon. Il propose aussi de r\u00e9inventer les pratiques politiques par une d\u00e9mocratie plus directe, en citant par exemple le tirage au sort de 100 Lyonnais pour discuter de nouveaux projets municipaux. La s\u00e9curit\u00e9 au sens large \u2013 sant\u00e9, s\u00e9curit\u00e9, alimentation \u2013 ainsi que l\u2019acc\u00e8s au service public (\u00ab care \u00bb) sont mentionn\u00e9s comme des piliers du projet, en coh\u00e9rence avec la volont\u00e9 de construire un programme par la contribution citoyenne d\u00e9j\u00e0 mise en avant par K\u00e9p\u00e9n\u00e9kian.<\/p>\n\n\n\n<p><strong> Une possible recomposition des alliances <\/strong><\/p>\n\n\n\n<p><br>Alexandre Chevalier, annonce sa sortie d\u2019une alliance existante, tout en r\u00e9affirmant son refus d\u2019un accord avec La France insoumise et sa distance avec les choix du maire \u00e9cologiste Gr\u00e9gory Doucet. Il  indique qu\u2019il se retire de cette alliance pour rejoindre Georges K\u00e9p\u00e9n\u00e9kian, tout en restant adh\u00e9rent de Place Publique, ce qui traduit une recomposition en cours au sein de la gauche lyonnaise. Le texte \u00e9voque enfin des discussions ouvertes avec un autre actrice du jeu politique lyonnais, NPG, signe que les tractations se poursuivent et que la configuration finale des listes demeure incertain<\/p>\n\n\n\n<p><strong>Georges Kepenekian a accept\u00e9 de r\u00e9pondre \u00e0 nos questions avec Louis Demeurs <\/strong>:<\/p>\n\n\n\n<figure class=\"wp-block-audio\"><audio controls src=\"https:\/\/lyonbondyblog.fr\/LBB\/wp-content\/uploads\/2025\/12\/Nouvel-enregistrement-122.m4a\"><\/audio><\/figure>\n<!-- AddThis Advanced Settings generic via filter on the_content --><!-- AddThis Share Buttons generic via filter on the_content -->","protected":false},"excerpt":{"rendered":"<p>\u00c0 Lyon, le positionnement de Georges K\u00e9p\u00e9n\u00e9kian, qui veut incarner une alternative entre les principaux candidats aux municipales 2026, rebat les cartes au sein de &hellip; <!-- AddThis Advanced Settings generic via filter on wp_trim_excerpt --><!-- AddThis Share Buttons generic via filter on wp_trim_excerpt --><\/p>\n","protected":false},"author":33,"featured_media":37520,"comment_status":"open","ping_status":"open","sticky":true,"template":"","format":"standard","meta":{"_FSMCFIC_featured_image_caption":"","_FSMCFIC_featured_image_nocaption":"","_FSMCFIC_featured_image_hide":"","footnotes":""},"categories":[28432,28441,6],"tags":[],"class_list":["post-37519","post","type-post","status-publish","format-standard","has-post-thumbnail","hentry","category-lyon-handicap","category-municipales-2026","category-politique"],"yoast_head":"<!-- This site is optimized with the Yoast SEO plugin v22.8 - https:\/\/yoast.com\/wordpress\/plugins\/seo\/ -->\n<title>Muncipales 2026 : la tentation K\u00e9p\u00e9n\u00e9kian peut bousculer les alliances \u00e0 Lyon - Lyon Bondy Blog<\/title>\n<meta name=\"robots\" content=\"index, follow, max-snippet:-1, max-image-preview:large, max-video-preview:-1\" \/>\n<link rel=\"canonical\" href=\"https:\/\/lyonbondyblog.fr\/LBB\/muncipales-2026-la-tentation-kepenekian-peut-bousculer-les-alliances-a-lyon\/\" \/>\n<meta property=\"og:locale\" content=\"fr_FR\" \/>\n<meta property=\"og:type\" content=\"article\" \/>\n<meta property=\"og:title\" content=\"Muncipales 2026 : la tentation K\u00e9p\u00e9n\u00e9kian peut bousculer les alliances \u00e0 Lyon - Lyon Bondy Blog\" \/>\n<meta property=\"og:description\" content=\"\u00c0 Lyon, le positionnement de Georges K\u00e9p\u00e9n\u00e9kian, qui veut incarner une alternative entre les principaux candidats aux municipales 2026, rebat les cartes au sein de &hellip;\" \/>\n<meta property=\"og:url\" content=\"https:\/\/lyonbondyblog.fr\/LBB\/muncipales-2026-la-tentation-kepenekian-peut-bousculer-les-alliances-a-lyon\/\" \/>\n<meta property=\"og:site_name\" content=\"Lyon Bondy Blog\" \/>\n<meta property=\"article:publisher\" content=\"https:\/\/www.facebook.com\/lyonbondyblog\" \/>\n<meta property=\"article:published_time\" content=\"2025-12-15T15:38:37+00:00\" \/>\n<meta property=\"article:modified_time\" content=\"2025-12-15T15:58:48+00:00\" \/>\n<meta property=\"og:image\" content=\"https:\/\/lyonbondyblog.fr\/LBB\/wp-content\/uploads\/2025\/12\/IMG_0482-scaled.jpeg\" \/>\n\t<meta property=\"og:image:width\" content=\"2560\" \/>\n\t<meta property=\"og:image:height\" content=\"1632\" \/>\n\t<meta property=\"og:image:type\" content=\"image\/jpeg\" \/>\n<meta name=\"author\" content=\"Etienne Aazzab\" \/>\n<meta name=\"twitter:card\" content=\"summary_large_image\" \/>\n<meta name=\"twitter:creator\" content=\"@AazzabEtienne\" \/>\n<meta name=\"twitter:site\" content=\"@bondybloglyon\" \/>\n<script type=\"application\/ld+json\" class=\"yoast-schema-graph\">{\"@context\":\"https:\/\/schema.org\",\"@graph\":[{\"@type\":\"Article\",\"@id\":\"https:\/\/lyonbondyblog.fr\/LBB\/muncipales-2026-la-tentation-kepenekian-peut-bousculer-les-alliances-a-lyon\/#article\",\"isPartOf\":{\"@id\":\"https:\/\/lyonbondyblog.fr\/LBB\/muncipales-2026-la-tentation-kepenekian-peut-bousculer-les-alliances-a-lyon\/\"},\"author\":{\"name\":\"Etienne Aazzab\",\"@id\":\"https:\/\/lyonbondyblog.fr\/LBB\/#\/schema\/person\/5e9904261c1f613c8e6ea22045b1353d\"},\"headline\":\"Muncipales 2026 : la tentation K\u00e9p\u00e9n\u00e9kian peut bousculer les alliances \u00e0 Lyon\",\"datePublished\":\"2025-12-15T15:38:37+00:00\",\"dateModified\":\"2025-12-15T15:58:48+00:00\",\"mainEntityOfPage\":{\"@id\":\"https:\/\/lyonbondyblog.fr\/LBB\/muncipales-2026-la-tentation-kepenekian-peut-bousculer-les-alliances-a-lyon\/\"},\"wordCount\":518,\"commentCount\":0,\"publisher\":{\"@id\":\"https:\/\/lyonbondyblog.fr\/LBB\/#organization\"},\"image\":{\"@id\":\"https:\/\/lyonbondyblog.fr\/LBB\/muncipales-2026-la-tentation-kepenekian-peut-bousculer-les-alliances-a-lyon\/#primaryimage\"},\"thumbnailUrl\":\"https:\/\/lyonbondyblog.fr\/LBB\/wp-content\/uploads\/2025\/12\/IMG_0482-scaled.jpeg\",\"articleSection\":[\"Lyon\",\"Municipales 2026\",\"Politique\"],\"inLanguage\":\"fr-FR\",\"potentialAction\":[{\"@type\":\"CommentAction\",\"name\":\"Comment\",\"target\":[\"https:\/\/lyonbondyblog.fr\/LBB\/muncipales-2026-la-tentation-kepenekian-peut-bousculer-les-alliances-a-lyon\/#respond\"]}]},{\"@type\":\"WebPage\",\"@id\":\"https:\/\/lyonbondyblog.fr\/LBB\/muncipales-2026-la-tentation-kepenekian-peut-bousculer-les-alliances-a-lyon\/\",\"url\":\"https:\/\/lyonbondyblog.fr\/LBB\/muncipales-2026-la-tentation-kepenekian-peut-bousculer-les-alliances-a-lyon\/\",\"name\":\"Muncipales 2026 : la tentation K\u00e9p\u00e9n\u00e9kian peut bousculer les alliances \u00e0 Lyon - Lyon Bondy Blog\",\"isPartOf\":{\"@id\":\"https:\/\/lyonbondyblog.fr\/LBB\/#website\"},\"primaryImageOfPage\":{\"@id\":\"https:\/\/lyonbondyblog.fr\/LBB\/muncipales-2026-la-tentation-kepenekian-peut-bousculer-les-alliances-a-lyon\/#primaryimage\"},\"image\":{\"@id\":\"https:\/\/lyonbondyblog.fr\/LBB\/muncipales-2026-la-tentation-kepenekian-peut-bousculer-les-alliances-a-lyon\/#primaryimage\"},\"thumbnailUrl\":\"https:\/\/lyonbondyblog.fr\/LBB\/wp-content\/uploads\/2025\/12\/IMG_0482-scaled.jpeg\",\"datePublished\":\"2025-12-15T15:38:37+00:00\",\"dateModified\":\"2025-12-15T15:58:48+00:00\",\"inLanguage\":\"fr-FR\",\"potentialAction\":[{\"@type\":\"ReadAction\",\"target\":[\"https:\/\/lyonbondyblog.fr\/LBB\/muncipales-2026-la-tentation-kepenekian-peut-bousculer-les-alliances-a-lyon\/\"]}]},{\"@type\":\"ImageObject\",\"inLanguage\":\"fr-FR\",\"@id\":\"https:\/\/lyonbondyblog.fr\/LBB\/muncipales-2026-la-tentation-kepenekian-peut-bousculer-les-alliances-a-lyon\/#primaryimage\",\"url\":\"https:\/\/lyonbondyblog.fr\/LBB\/wp-content\/uploads\/2025\/12\/IMG_0482-scaled.jpeg\",\"contentUrl\":\"https:\/\/lyonbondyblog.fr\/LBB\/wp-content\/uploads\/2025\/12\/IMG_0482-scaled.jpeg\",\"width\":2560,\"height\":1632},{\"@type\":\"WebSite\",\"@id\":\"https:\/\/lyonbondyblog.fr\/LBB\/#website\",\"url\":\"https:\/\/lyonbondyblog.fr\/LBB\/\",\"name\":\"Lyon Bondy Blog\",\"description\":\"\",\"publisher\":{\"@id\":\"https:\/\/lyonbondyblog.fr\/LBB\/#organization\"},\"potentialAction\":[{\"@type\":\"SearchAction\",\"target\":{\"@type\":\"EntryPoint\",\"urlTemplate\":\"https:\/\/lyonbondyblog.fr\/LBB\/?s={search_term_string}\"},\"query-input\":\"required name=search_term_string\"}],\"inLanguage\":\"fr-FR\"},{\"@type\":\"Organization\",\"@id\":\"https:\/\/lyonbondyblog.fr\/LBB\/#organization\",\"name\":\"LYON BONDY BLOG\",\"url\":\"https:\/\/lyonbondyblog.fr\/LBB\/\",\"logo\":{\"@type\":\"ImageObject\",\"inLanguage\":\"fr-FR\",\"@id\":\"https:\/\/lyonbondyblog.fr\/LBB\/#\/schema\/logo\/image\/\",\"url\":\"http:\/\/lyonbondyblog.fr\/LBB\/wp-content\/uploads\/2014\/10\/logo-portable-144.png\",\"contentUrl\":\"http:\/\/lyonbondyblog.fr\/LBB\/wp-content\/uploads\/2014\/10\/logo-portable-144.png\",\"width\":144,\"height\":123,\"caption\":\"LYON BONDY BLOG\"},\"image\":{\"@id\":\"https:\/\/lyonbondyblog.fr\/LBB\/#\/schema\/logo\/image\/\"},\"sameAs\":[\"https:\/\/www.facebook.com\/lyonbondyblog\",\"https:\/\/x.com\/bondybloglyon\"]},{\"@type\":\"Person\",\"@id\":\"https:\/\/lyonbondyblog.fr\/LBB\/#\/schema\/person\/5e9904261c1f613c8e6ea22045b1353d\",\"name\":\"Etienne Aazzab\",\"description\":\"Etienne a contribu\u00e9 depuis 2 ans dans le journal satirique FOUTOU\u2019ART. Il a int\u00e9gr\u00e9 l\u2019\u00e9quipe du \u00ab clic 2014 \u00bb : Collectif local d\u2019informations citoyennes \u00e0 partir de novembre 2013. Il rejoint le Lyon Bondy Blog \u00e0 partir de janvier 2014. Twitter : @AazzabEtienne Ses sujets de pr\u00e9dilection : #Politique #Soci\u00e9t\u00e9 #Sport\",\"sameAs\":[\"https:\/\/x.com\/AazzabEtienne\"],\"url\":\"https:\/\/lyonbondyblog.fr\/LBB\/author\/etienne\/\"}]}<\/script>\n<!-- \/ Yoast SEO plugin. -->","yoast_head_json":{"title":"Muncipales 2026 : la tentation K\u00e9p\u00e9n\u00e9kian peut bousculer les alliances \u00e0 Lyon - Lyon Bondy Blog","robots":{"index":"index","follow":"follow","max-snippet":"max-snippet:-1","max-image-preview":"max-image-preview:large","max-video-preview":"max-video-preview:-1"},"canonical":"https:\/\/lyonbondyblog.fr\/LBB\/muncipales-2026-la-tentation-kepenekian-peut-bousculer-les-alliances-a-lyon\/","og_locale":"fr_FR","og_type":"article","og_title":"Muncipales 2026 : la tentation K\u00e9p\u00e9n\u00e9kian peut bousculer les alliances \u00e0 Lyon - Lyon Bondy Blog","og_description":"\u00c0 Lyon, le positionnement de Georges K\u00e9p\u00e9n\u00e9kian, qui veut incarner une alternative entre les principaux candidats aux municipales 2026, rebat les cartes au sein de &hellip;","og_url":"https:\/\/lyonbondyblog.fr\/LBB\/muncipales-2026-la-tentation-kepenekian-peut-bousculer-les-alliances-a-lyon\/","og_site_name":"Lyon Bondy Blog","article_publisher":"https:\/\/www.facebook.com\/lyonbondyblog","article_published_time":"2025-12-15T15:38:37+00:00","article_modified_time":"2025-12-15T15:58:48+00:00","og_image":[{"width":2560,"height":1632,"url":"https:\/\/lyonbondyblog.fr\/LBB\/wp-content\/uploads\/2025\/12\/IMG_0482-scaled.jpeg","type":"image\/jpeg"}],"author":"Etienne Aazzab","twitter_card":"summary_large_image","twitter_creator":"@AazzabEtienne","twitter_site":"@bondybloglyon","schema":{"@context":"https:\/\/schema.org","@graph":[{"@type":"Article","@id":"https:\/\/lyonbondyblog.fr\/LBB\/muncipales-2026-la-tentation-kepenekian-peut-bousculer-les-alliances-a-lyon\/#article","isPartOf":{"@id":"https:\/\/lyonbondyblog.fr\/LBB\/muncipales-2026-la-tentation-kepenekian-peut-bousculer-les-alliances-a-lyon\/"},"author":{"name":"Etienne Aazzab","@id":"https:\/\/lyonbondyblog.fr\/LBB\/#\/schema\/person\/5e9904261c1f613c8e6ea22045b1353d"},"headline":"Muncipales 2026 : la tentation K\u00e9p\u00e9n\u00e9kian peut bousculer les alliances \u00e0 Lyon","datePublished":"2025-12-15T15:38:37+00:00","dateModified":"2025-12-15T15:58:48+00:00","mainEntityOfPage":{"@id":"https:\/\/lyonbondyblog.fr\/LBB\/muncipales-2026-la-tentation-kepenekian-peut-bousculer-les-alliances-a-lyon\/"},"wordCount":518,"commentCount":0,"publisher":{"@id":"https:\/\/lyonbondyblog.fr\/LBB\/#organization"},"image":{"@id":"https:\/\/lyonbondyblog.fr\/LBB\/muncipales-2026-la-tentation-kepenekian-peut-bousculer-les-alliances-a-lyon\/#primaryimage"},"thumbnailUrl":"https:\/\/lyonbondyblog.fr\/LBB\/wp-content\/uploads\/2025\/12\/IMG_0482-scaled.jpeg","articleSection":["Lyon","Municipales 2026","Politique"],"inLanguage":"fr-FR","potentialAction":[{"@type":"CommentAction","name":"Comment","target":["https:\/\/lyonbondyblog.fr\/LBB\/muncipales-2026-la-tentation-kepenekian-peut-bousculer-les-alliances-a-lyon\/#respond"]}]},{"@type":"WebPage","@id":"https:\/\/lyonbondyblog.fr\/LBB\/muncipales-2026-la-tentation-kepenekian-peut-bousculer-les-alliances-a-lyon\/","url":"https:\/\/lyonbondyblog.fr\/LBB\/muncipales-2026-la-tentation-kepenekian-peut-bousculer-les-alliances-a-lyon\/","name":"Muncipales 2026 : la tentation K\u00e9p\u00e9n\u00e9kian peut bousculer les alliances \u00e0 Lyon - Lyon Bondy Blog","isPartOf":{"@id":"https:\/\/lyonbondyblog.fr\/LBB\/#website"},"primaryImageOfPage":{"@id":"https:\/\/lyonbondyblog.fr\/LBB\/muncipales-2026-la-tentation-kepenekian-peut-bousculer-les-alliances-a-lyon\/#primaryimage"},"image":{"@id":"https:\/\/lyonbondyblog.fr\/LBB\/muncipales-2026-la-tentation-kepenekian-peut-bousculer-les-alliances-a-lyon\/#primaryimage"},"thumbnailUrl":"https:\/\/lyonbondyblog.fr\/LBB\/wp-content\/uploads\/2025\/12\/IMG_0482-scaled.jpeg","datePublished":"2025-12-15T15:38:37+00:00","dateModified":"2025-12-15T15:58:48+00:00","inLanguage":"fr-FR","potentialAction":[{"@type":"ReadAction","target":["https:\/\/lyonbondyblog.fr\/LBB\/muncipales-2026-la-tentation-kepenekian-peut-bousculer-les-alliances-a-lyon\/"]}]},{"@type":"ImageObject","inLanguage":"fr-FR","@id":"https:\/\/lyonbondyblog.fr\/LBB\/muncipales-2026-la-tentation-kepenekian-peut-bousculer-les-alliances-a-lyon\/#primaryimage","url":"https:\/\/lyonbondyblog.fr\/LBB\/wp-content\/uploads\/2025\/12\/IMG_0482-scaled.jpeg","contentUrl":"https:\/\/lyonbondyblog.fr\/LBB\/wp-content\/uploads\/2025\/12\/IMG_0482-scaled.jpeg","width":2560,"height":1632},{"@type":"WebSite","@id":"https:\/\/lyonbondyblog.fr\/LBB\/#website","url":"https:\/\/lyonbondyblog.fr\/LBB\/","name":"Lyon Bondy Blog","description":"","publisher":{"@id":"https:\/\/lyonbondyblog.fr\/LBB\/#organization"},"potentialAction":[{"@type":"SearchAction","target":{"@type":"EntryPoint","urlTemplate":"https:\/\/lyonbondyblog.fr\/LBB\/?s={search_term_string}"},"query-input":"required name=search_term_string"}],"inLanguage":"fr-FR"},{"@type":"Organization","@id":"https:\/\/lyonbondyblog.fr\/LBB\/#organization","name":"LYON BONDY BLOG","url":"https:\/\/lyonbondyblog.fr\/LBB\/","logo":{"@type":"ImageObject","inLanguage":"fr-FR","@id":"https:\/\/lyonbondyblog.fr\/LBB\/#\/schema\/logo\/image\/","url":"http:\/\/lyonbondyblog.fr\/LBB\/wp-content\/uploads\/2014\/10\/logo-portable-144.png","contentUrl":"http:\/\/lyonbondyblog.fr\/LBB\/wp-content\/uploads\/2014\/10\/logo-portable-144.png","width":144,"height":123,"caption":"LYON BONDY BLOG"},"image":{"@id":"https:\/\/lyonbondyblog.fr\/LBB\/#\/schema\/logo\/image\/"},"sameAs":["https:\/\/www.facebook.com\/lyonbondyblog","https:\/\/x.com\/bondybloglyon"]},{"@type":"Person","@id":"https:\/\/lyonbondyblog.fr\/LBB\/#\/schema\/person\/5e9904261c1f613c8e6ea22045b1353d","name":"Etienne Aazzab","description":"Etienne a contribu\u00e9 depuis 2 ans dans le journal satirique FOUTOU\u2019ART. Il a int\u00e9gr\u00e9 l\u2019\u00e9quipe du \u00ab clic 2014 \u00bb : Collectif local d\u2019informations citoyennes \u00e0 partir de novembre 2013. Il rejoint le Lyon Bondy Blog \u00e0 partir de janvier 2014. Twitter : @AazzabEtienne Ses sujets de pr\u00e9dilection : #Politique #Soci\u00e9t\u00e9 #Sport","sameAs":["https:\/\/x.com\/AazzabEtienne"],"url":"https:\/\/lyonbondyblog.fr\/LBB\/author\/etienne\/"}]}},"_links":{"self":[{"href":"https:\/\/lyonbondyblog.fr\/LBB\/wp-json\/wp\/v2\/posts\/37519","targetHints":{"allow":["GET"]}}],"collection":[{"href":"https:\/\/lyonbondyblog.fr\/LBB\/wp-json\/wp\/v2\/posts"}],"about":[{"href":"https:\/\/lyonbondyblog.fr\/LBB\/wp-json\/wp\/v2\/types\/post"}],"author":[{"embeddable":true,"href":"https:\/\/lyonbondyblog.fr\/LBB\/wp-json\/wp\/v2\/users\/33"}],"replies":[{"embeddable":true,"href":"https:\/\/lyonbondyblog.fr\/LBB\/wp-json\/wp\/v2\/comments?post=37519"}],"version-history":[{"count":3,"href":"https:\/\/lyonbondyblog.fr\/LBB\/wp-json\/wp\/v2\/posts\/37519\/revisions"}],"predecessor-version":[{"id":37525,"href":"https:\/\/lyonbondyblog.fr\/LBB\/wp-json\/wp\/v2\/posts\/37519\/revisions\/37525"}],"wp:featuredmedia":[{"embeddable":true,"href":"https:\/\/lyonbondyblog.fr\/LBB\/wp-json\/wp\/v2\/media\/37520"}],"wp:attachment":[{"href":"https:\/\/lyonbondyblog.fr\/LBB\/wp-json\/wp\/v2\/media?parent=37519"}],"wp:term":[{"taxonomy":"category","embeddable":true,"href":"https:\/\/lyonbondyblog.fr\/LBB\/wp-json\/wp\/v2\/categories?post=37519"},{"taxonomy":"post_tag","embeddable":true,"href":"https:\/\/lyonbondyblog.fr\/LBB\/wp-json\/wp\/v2\/tags?post=37519"}],"curies":[{"name":"wp","href":"https:\/\/api.w.org\/{rel}","templated":true}]}}