{"id":37507,"date":"2025-12-13T16:30:00","date_gmt":"2025-12-13T15:30:00","guid":{"rendered":"https:\/\/lyonbondyblog.fr\/LBB\/?p=37507"},"modified":"2025-12-13T12:53:01","modified_gmt":"2025-12-13T11:53:01","slug":"le-courage-doser-la-montagne-interieure-dun-triathlete","status":"publish","type":"post","link":"https:\/\/lyonbondyblog.fr\/LBB\/le-courage-doser-la-montagne-interieure-dun-triathlete\/","title":{"rendered":"Le Courage d\u2019Oser : la montagne int\u00e9rieure d\u2019un triathl\u00e8te"},"content":{"rendered":"\n<p><strong>En suivant la pr\u00e9paration d\u2019un d\u00e9fi d\u2019endurance hors norme, Le Courage d\u2019Oser trouve un \u00e9quilibre singulier entre cin\u00e9ma de paysage et \u00e9tude de caract\u00e8re, livrant un portrait pudique d\u2019un homme en qu\u00eate de sens autant que de sensations fortes, sans jamais c\u00e9der au spectaculaire facile. Une mise en sc\u00e8ne au service du corps<\/strong>.<\/p>\n\n\n\n<p><\/p>\n\n\n\n<figure class=\"wp-block-embed is-type-video is-provider-youtube wp-block-embed-youtube wp-embed-aspect-16-9 wp-has-aspect-ratio\"><div class=\"wp-block-embed__wrapper\">\n<iframe loading=\"lazy\" title=\"Le Courage d\u2019oser \u2013 Bande annonce officielle\" width=\"1200\" height=\"675\" src=\"https:\/\/www.youtube.com\/embed\/IJtzQbJdkpM?feature=oembed\" frameborder=\"0\" allow=\"accelerometer; autoplay; clipboard-write; encrypted-media; gyroscope; picture-in-picture; web-share\" referrerpolicy=\"strict-origin-when-cross-origin\" allowfullscreen><\/iframe>\n<\/div><\/figure>\n\n\n\n<p>La premi\u00e8re qualit\u00e9 du film tient \u00e0 son attention constante au corps en effort. La cam\u00e9ra reste proche du protagoniste, guettant la respiration courte, le geste qui tremble, la foul\u00e9e qui se d\u00e9lite au fil des kilom\u00e8tres. Plut\u00f4t que de multiplier les effets, la r\u00e9alisation assume une certaine sobri\u00e9t\u00e9, presque documentaire dans son approche, qui laisse au spectateur le soin de ressentir physiquement la fatigue et la progression.<br>Cette modestie de la mise en sc\u00e8ne a un revers : par moments, le dispositif semble h\u00e9siter entre simple captation d\u2019entra\u00eenement et v\u00e9ritable \u00e9criture de cin\u00e9ma. On aurait aim\u00e9 que certains plans, notamment dans les paysages de haute montagne, assument plus franchement leur dimension contemplative, tant le d\u00e9cor se pr\u00eate \u00e0 un dialogue visuel plus ambitieux entre l\u2019homme et l\u2019immensit\u00e9 qui l\u2019entoure.<\/p>\n\n\n\n<div class=\"wp-block-cover\"><img loading=\"lazy\" decoding=\"async\" width=\"1920\" height=\"1280\" class=\"wp-block-cover__image-background wp-image-37510\" alt=\"\" src=\"https:\/\/lyonbondyblog.fr\/LBB\/wp-content\/uploads\/2025\/12\/9E8A7559-1920x1280.jpg\" data-object-fit=\"cover\" srcset=\"https:\/\/lyonbondyblog.fr\/LBB\/wp-content\/uploads\/2025\/12\/9E8A7559-1920x1280.jpg 1920w, https:\/\/lyonbondyblog.fr\/LBB\/wp-content\/uploads\/2025\/12\/9E8A7559-1200x800.jpg 1200w, https:\/\/lyonbondyblog.fr\/LBB\/wp-content\/uploads\/2025\/12\/9E8A7559-768x512.jpg 768w, https:\/\/lyonbondyblog.fr\/LBB\/wp-content\/uploads\/2025\/12\/9E8A7559-1536x1024.jpg 1536w, https:\/\/lyonbondyblog.fr\/LBB\/wp-content\/uploads\/2025\/12\/9E8A7559-2048x1365.jpg 2048w, https:\/\/lyonbondyblog.fr\/LBB\/wp-content\/uploads\/2025\/12\/9E8A7559-272x182.jpg 272w\" sizes=\"auto, (max-width: 1920px) 100vw, 1920px\" \/><span aria-hidden=\"true\" class=\"wp-block-cover__background has-background-dim\"><\/span><div class=\"wp-block-cover__inner-container is-layout-flow wp-block-cover-is-layout-flow\">\n<p class=\"has-text-align-center has-large-font-size\"><\/p>\n<\/div><\/div>\n\n\n\n<p><br><strong>Un r\u00e9cit de doute plus que de gloire<\/strong><br>L\u00e0 o\u00f9 Le Courage d\u2019Oser se d\u00e9marque d\u2019une \u00e9ni\u00e8me ode au d\u00e9passement de soi, c\u2019est dans la place qu\u2019il accorde au doute. Le protagoniste ne se pr\u00e9sente jamais comme un h\u00e9ros invincible : les moments de fragilit\u00e9, de lassitude, voire de d\u00e9couragement, affleurent r\u00e9guli\u00e8rement dans le montage, dessinant peu \u00e0 peu le portrait d\u2019un homme qui se confronte autant \u00e0 ses limites psychologiques qu\u2019\u00e0 ses limites physiques.<br>Cette approche, assez rare dans le cin\u00e9ma sportif, donne au film une tonalit\u00e9 plus intime qu\u2019attendu. Le spectateur n\u2019est pas pris \u00e0 t\u00e9moin pour admirer la r\u00e9ussite finale, mais pour partager un cheminement, avec ses bifurcations, ses zones grises, ses prises de conscience successives. Sans en r\u00e9v\u00e9ler les aboutissements, on peut dire que le film s\u2019int\u00e9resse davantage \u00e0 la mani\u00e8re dont ce d\u00e9fi transforme le personnage qu\u2019au r\u00e9sultat brut de la course.<\/p>\n\n\n\n<p><br><strong>Une dramaturgie parfois trop balis\u00e9e<\/strong><br>Si le film \u00e9vite le spoiler facile de ses propres enjeux, sa structure dramatique reste assez classique : mont\u00e9e en pr\u00e9paration, crise, puis r\u00e9solution. Cette construction efficace garantit la lisibilit\u00e9 du r\u00e9cit, mais s\u2019appuie sur des ressorts attendus du genre, au risque de lisser ce qui aurait pu faire sa singularit\u00e9. Certaines s\u00e9quences semblent cocher les cases oblig\u00e9es du documentaire inspirant plut\u00f4t que de pousser plus loin la r\u00e9flexion esquiss\u00e9e sur la notion de courage.<br>On sent pourtant par instants poindre un questionnement plus riche : qu\u2019est\u2011ce qui distingue le v\u00e9ritable courage d\u2019un simple go\u00fbt du d\u00e9fi ? O\u00f9 s\u2019arr\u00eate l\u2019\u00e9panouissement et o\u00f9 commence l\u2019obsession ? Le film ouvre ces pistes sans toujours les explorer pleinement, pr\u00e9f\u00e9rant revenir vers une narration plus consensuelle, sans doute pour pr\u00e9server son accessibilit\u00e9 au plus large public.<\/p>\n\n\n\n<figure class=\"wp-block-image size-large\"><img loading=\"lazy\" decoding=\"async\" width=\"1920\" height=\"1280\" src=\"https:\/\/lyonbondyblog.fr\/LBB\/wp-content\/uploads\/2025\/12\/9E8A5326-1920x1280.jpg\" alt=\"\" class=\"wp-image-37511\" srcset=\"https:\/\/lyonbondyblog.fr\/LBB\/wp-content\/uploads\/2025\/12\/9E8A5326-1920x1280.jpg 1920w, https:\/\/lyonbondyblog.fr\/LBB\/wp-content\/uploads\/2025\/12\/9E8A5326-1200x800.jpg 1200w, https:\/\/lyonbondyblog.fr\/LBB\/wp-content\/uploads\/2025\/12\/9E8A5326-768x512.jpg 768w, https:\/\/lyonbondyblog.fr\/LBB\/wp-content\/uploads\/2025\/12\/9E8A5326-1536x1024.jpg 1536w, https:\/\/lyonbondyblog.fr\/LBB\/wp-content\/uploads\/2025\/12\/9E8A5326-2048x1365.jpg 2048w, https:\/\/lyonbondyblog.fr\/LBB\/wp-content\/uploads\/2025\/12\/9E8A5326-272x182.jpg 272w\" sizes=\"auto, (max-width: 1920px) 100vw, 1920px\" \/><\/figure>\n\n\n\n<p><br><strong>Un film sinc\u00e8re, port\u00e9 par son personnage<\/strong><br>Le Courage d\u2019Oser repose beaucoup sur la personnalit\u00e9 de son protagoniste, dont la sinc\u00e9rit\u00e9 apparente et la relative normalit\u00e9 constituent un atout. Loin des stars de haut niveau, le film propose le portrait d\u2019un homme que l\u2019on pourrait croiser dans n\u2019importe quel club d\u2019endurance, ce qui renforce l\u2019identification et donne \u00e0 la conclusion une r\u00e9sonance discr\u00e8tement \u00e9mouvante, sans grands effets.<br>On peut regretter que la mise en sc\u00e8ne n\u2019aille pas toujours au bout de ses ambitions et que certaines pistes restent \u00e0 l\u2019\u00e9tat d\u2019esquisse, mais le documentaire a le m\u00e9rite de ne jamais trahir son sujet ni de se r\u00e9fugier dans le spectaculaire creux. Pour qui s\u2019int\u00e9resse aux r\u00e9cits sportifs o\u00f9 l\u2019essentiel se joue autant dans la t\u00eate que sur la route, Le Courage d\u2019Oser offre une proposition honn\u00eate et humaine, qui donne envie moins de se d\u00e9passer que de s\u2019interroger sur ce que signifie, pour chacun, \u00ab oser \u00bb.<\/p>\n\n\n\n<p><strong>Apr\u00e8s la projection du film, nous avons pu rencontrer Matthieu Andreux et Olivier Balaguier-Mussat. Interview<\/strong>.<\/p>\n\n\n\n<figure class=\"wp-block-audio\"><audio controls src=\"https:\/\/lyonbondyblog.fr\/LBB\/wp-content\/uploads\/2025\/12\/Nouvel-enregistrement-103.m4a\"><\/audio><\/figure>\n\n\n\n<p><br><\/p>\n<!-- AddThis Advanced Settings generic via filter on the_content --><!-- AddThis Share Buttons generic via filter on the_content -->","protected":false},"excerpt":{"rendered":"<p>En suivant la pr\u00e9paration d\u2019un d\u00e9fi d\u2019endurance hors norme, Le Courage d\u2019Oser trouve un \u00e9quilibre singulier entre cin\u00e9ma de paysage et \u00e9tude de caract\u00e8re, livrant &hellip; <!-- AddThis Advanced Settings generic via filter on wp_trim_excerpt --><!-- AddThis Share Buttons generic via filter on wp_trim_excerpt --><\/p>\n","protected":false},"author":33,"featured_media":37509,"comment_status":"open","ping_status":"open","sticky":true,"template":"","format":"standard","meta":{"_FSMCFIC_featured_image_caption":"","_FSMCFIC_featured_image_nocaption":"","_FSMCFIC_featured_image_hide":"","footnotes":""},"categories":[13114,4,2862],"tags":[97,1952,10,29],"class_list":["post-37507","post","type-post","status-publish","format-standard","has-post-thumbnail","hentry","category-cinema","category-lyon","category-sport","tag-cinema","tag-culture","tag-lyon-2","tag-sport"],"yoast_head":"<!-- This site is optimized with the Yoast SEO plugin v22.8 - https:\/\/yoast.com\/wordpress\/plugins\/seo\/ -->\n<title>Le Courage d\u2019Oser : la montagne int\u00e9rieure d\u2019un triathl\u00e8te - Lyon Bondy Blog<\/title>\n<meta name=\"robots\" content=\"index, follow, max-snippet:-1, max-image-preview:large, max-video-preview:-1\" \/>\n<link rel=\"canonical\" href=\"https:\/\/lyonbondyblog.fr\/LBB\/le-courage-doser-la-montagne-interieure-dun-triathlete\/\" \/>\n<meta property=\"og:locale\" content=\"fr_FR\" \/>\n<meta property=\"og:type\" content=\"article\" \/>\n<meta property=\"og:title\" content=\"Le Courage d\u2019Oser : la montagne int\u00e9rieure d\u2019un triathl\u00e8te - Lyon Bondy Blog\" \/>\n<meta property=\"og:description\" content=\"En suivant la pr\u00e9paration d\u2019un d\u00e9fi d\u2019endurance hors norme, Le Courage d\u2019Oser trouve un \u00e9quilibre singulier entre cin\u00e9ma de paysage et \u00e9tude de caract\u00e8re, livrant &hellip;\" \/>\n<meta property=\"og:url\" content=\"https:\/\/lyonbondyblog.fr\/LBB\/le-courage-doser-la-montagne-interieure-dun-triathlete\/\" \/>\n<meta property=\"og:site_name\" content=\"Lyon Bondy Blog\" \/>\n<meta property=\"article:publisher\" content=\"https:\/\/www.facebook.com\/lyonbondyblog\" \/>\n<meta property=\"article:published_time\" content=\"2025-12-13T15:30:00+00:00\" \/>\n<meta property=\"article:modified_time\" content=\"2025-12-13T11:53:01+00:00\" \/>\n<meta property=\"og:image\" content=\"https:\/\/lyonbondyblog.fr\/LBB\/wp-content\/uploads\/2025\/12\/unnamed.jpg\" \/>\n\t<meta property=\"og:image:width\" content=\"1536\" \/>\n\t<meta property=\"og:image:height\" content=\"2048\" \/>\n\t<meta property=\"og:image:type\" content=\"image\/jpeg\" \/>\n<meta name=\"author\" content=\"Etienne Aazzab\" \/>\n<meta name=\"twitter:card\" content=\"summary_large_image\" \/>\n<meta name=\"twitter:creator\" content=\"@AazzabEtienne\" \/>\n<meta name=\"twitter:site\" content=\"@bondybloglyon\" \/>\n<script type=\"application\/ld+json\" class=\"yoast-schema-graph\">{\"@context\":\"https:\/\/schema.org\",\"@graph\":[{\"@type\":\"Article\",\"@id\":\"https:\/\/lyonbondyblog.fr\/LBB\/le-courage-doser-la-montagne-interieure-dun-triathlete\/#article\",\"isPartOf\":{\"@id\":\"https:\/\/lyonbondyblog.fr\/LBB\/le-courage-doser-la-montagne-interieure-dun-triathlete\/\"},\"author\":{\"name\":\"Etienne Aazzab\",\"@id\":\"https:\/\/lyonbondyblog.fr\/LBB\/#\/schema\/person\/5e9904261c1f613c8e6ea22045b1353d\"},\"headline\":\"Le Courage d\u2019Oser : la montagne int\u00e9rieure d\u2019un triathl\u00e8te\",\"datePublished\":\"2025-12-13T15:30:00+00:00\",\"dateModified\":\"2025-12-13T11:53:01+00:00\",\"mainEntityOfPage\":{\"@id\":\"https:\/\/lyonbondyblog.fr\/LBB\/le-courage-doser-la-montagne-interieure-dun-triathlete\/\"},\"wordCount\":750,\"commentCount\":0,\"publisher\":{\"@id\":\"https:\/\/lyonbondyblog.fr\/LBB\/#organization\"},\"image\":{\"@id\":\"https:\/\/lyonbondyblog.fr\/LBB\/le-courage-doser-la-montagne-interieure-dun-triathlete\/#primaryimage\"},\"thumbnailUrl\":\"https:\/\/lyonbondyblog.fr\/LBB\/wp-content\/uploads\/2025\/12\/unnamed.jpg\",\"keywords\":[\"Cin\u00e9ma\",\"Culture\",\"lyon\",\"sport\"],\"articleSection\":[\"Cin\u00e9ma\",\"Lyon\",\"Sport\"],\"inLanguage\":\"fr-FR\",\"potentialAction\":[{\"@type\":\"CommentAction\",\"name\":\"Comment\",\"target\":[\"https:\/\/lyonbondyblog.fr\/LBB\/le-courage-doser-la-montagne-interieure-dun-triathlete\/#respond\"]}]},{\"@type\":\"WebPage\",\"@id\":\"https:\/\/lyonbondyblog.fr\/LBB\/le-courage-doser-la-montagne-interieure-dun-triathlete\/\",\"url\":\"https:\/\/lyonbondyblog.fr\/LBB\/le-courage-doser-la-montagne-interieure-dun-triathlete\/\",\"name\":\"Le Courage d\u2019Oser : la montagne int\u00e9rieure d\u2019un triathl\u00e8te - Lyon Bondy Blog\",\"isPartOf\":{\"@id\":\"https:\/\/lyonbondyblog.fr\/LBB\/#website\"},\"primaryImageOfPage\":{\"@id\":\"https:\/\/lyonbondyblog.fr\/LBB\/le-courage-doser-la-montagne-interieure-dun-triathlete\/#primaryimage\"},\"image\":{\"@id\":\"https:\/\/lyonbondyblog.fr\/LBB\/le-courage-doser-la-montagne-interieure-dun-triathlete\/#primaryimage\"},\"thumbnailUrl\":\"https:\/\/lyonbondyblog.fr\/LBB\/wp-content\/uploads\/2025\/12\/unnamed.jpg\",\"datePublished\":\"2025-12-13T15:30:00+00:00\",\"dateModified\":\"2025-12-13T11:53:01+00:00\",\"inLanguage\":\"fr-FR\",\"potentialAction\":[{\"@type\":\"ReadAction\",\"target\":[\"https:\/\/lyonbondyblog.fr\/LBB\/le-courage-doser-la-montagne-interieure-dun-triathlete\/\"]}]},{\"@type\":\"ImageObject\",\"inLanguage\":\"fr-FR\",\"@id\":\"https:\/\/lyonbondyblog.fr\/LBB\/le-courage-doser-la-montagne-interieure-dun-triathlete\/#primaryimage\",\"url\":\"https:\/\/lyonbondyblog.fr\/LBB\/wp-content\/uploads\/2025\/12\/unnamed.jpg\",\"contentUrl\":\"https:\/\/lyonbondyblog.fr\/LBB\/wp-content\/uploads\/2025\/12\/unnamed.jpg\",\"width\":1536,\"height\":2048},{\"@type\":\"WebSite\",\"@id\":\"https:\/\/lyonbondyblog.fr\/LBB\/#website\",\"url\":\"https:\/\/lyonbondyblog.fr\/LBB\/\",\"name\":\"Lyon Bondy Blog\",\"description\":\"\",\"publisher\":{\"@id\":\"https:\/\/lyonbondyblog.fr\/LBB\/#organization\"},\"potentialAction\":[{\"@type\":\"SearchAction\",\"target\":{\"@type\":\"EntryPoint\",\"urlTemplate\":\"https:\/\/lyonbondyblog.fr\/LBB\/?s={search_term_string}\"},\"query-input\":\"required name=search_term_string\"}],\"inLanguage\":\"fr-FR\"},{\"@type\":\"Organization\",\"@id\":\"https:\/\/lyonbondyblog.fr\/LBB\/#organization\",\"name\":\"LYON BONDY BLOG\",\"url\":\"https:\/\/lyonbondyblog.fr\/LBB\/\",\"logo\":{\"@type\":\"ImageObject\",\"inLanguage\":\"fr-FR\",\"@id\":\"https:\/\/lyonbondyblog.fr\/LBB\/#\/schema\/logo\/image\/\",\"url\":\"http:\/\/lyonbondyblog.fr\/LBB\/wp-content\/uploads\/2014\/10\/logo-portable-144.png\",\"contentUrl\":\"http:\/\/lyonbondyblog.fr\/LBB\/wp-content\/uploads\/2014\/10\/logo-portable-144.png\",\"width\":144,\"height\":123,\"caption\":\"LYON BONDY BLOG\"},\"image\":{\"@id\":\"https:\/\/lyonbondyblog.fr\/LBB\/#\/schema\/logo\/image\/\"},\"sameAs\":[\"https:\/\/www.facebook.com\/lyonbondyblog\",\"https:\/\/x.com\/bondybloglyon\"]},{\"@type\":\"Person\",\"@id\":\"https:\/\/lyonbondyblog.fr\/LBB\/#\/schema\/person\/5e9904261c1f613c8e6ea22045b1353d\",\"name\":\"Etienne Aazzab\",\"description\":\"Etienne a contribu\u00e9 depuis 2 ans dans le journal satirique FOUTOU\u2019ART. Il a int\u00e9gr\u00e9 l\u2019\u00e9quipe du \u00ab clic 2014 \u00bb : Collectif local d\u2019informations citoyennes \u00e0 partir de novembre 2013. Il rejoint le Lyon Bondy Blog \u00e0 partir de janvier 2014. Twitter : @AazzabEtienne Ses sujets de pr\u00e9dilection : #Politique #Soci\u00e9t\u00e9 #Sport\",\"sameAs\":[\"https:\/\/x.com\/AazzabEtienne\"],\"url\":\"https:\/\/lyonbondyblog.fr\/LBB\/author\/etienne\/\"}]}<\/script>\n<!-- \/ Yoast SEO plugin. -->","yoast_head_json":{"title":"Le Courage d\u2019Oser : la montagne int\u00e9rieure d\u2019un triathl\u00e8te - Lyon Bondy Blog","robots":{"index":"index","follow":"follow","max-snippet":"max-snippet:-1","max-image-preview":"max-image-preview:large","max-video-preview":"max-video-preview:-1"},"canonical":"https:\/\/lyonbondyblog.fr\/LBB\/le-courage-doser-la-montagne-interieure-dun-triathlete\/","og_locale":"fr_FR","og_type":"article","og_title":"Le Courage d\u2019Oser : la montagne int\u00e9rieure d\u2019un triathl\u00e8te - Lyon Bondy Blog","og_description":"En suivant la pr\u00e9paration d\u2019un d\u00e9fi d\u2019endurance hors norme, Le Courage d\u2019Oser trouve un \u00e9quilibre singulier entre cin\u00e9ma de paysage et \u00e9tude de caract\u00e8re, livrant &hellip;","og_url":"https:\/\/lyonbondyblog.fr\/LBB\/le-courage-doser-la-montagne-interieure-dun-triathlete\/","og_site_name":"Lyon Bondy Blog","article_publisher":"https:\/\/www.facebook.com\/lyonbondyblog","article_published_time":"2025-12-13T15:30:00+00:00","article_modified_time":"2025-12-13T11:53:01+00:00","og_image":[{"width":1536,"height":2048,"url":"https:\/\/lyonbondyblog.fr\/LBB\/wp-content\/uploads\/2025\/12\/unnamed.jpg","type":"image\/jpeg"}],"author":"Etienne Aazzab","twitter_card":"summary_large_image","twitter_creator":"@AazzabEtienne","twitter_site":"@bondybloglyon","schema":{"@context":"https:\/\/schema.org","@graph":[{"@type":"Article","@id":"https:\/\/lyonbondyblog.fr\/LBB\/le-courage-doser-la-montagne-interieure-dun-triathlete\/#article","isPartOf":{"@id":"https:\/\/lyonbondyblog.fr\/LBB\/le-courage-doser-la-montagne-interieure-dun-triathlete\/"},"author":{"name":"Etienne Aazzab","@id":"https:\/\/lyonbondyblog.fr\/LBB\/#\/schema\/person\/5e9904261c1f613c8e6ea22045b1353d"},"headline":"Le Courage d\u2019Oser : la montagne int\u00e9rieure d\u2019un triathl\u00e8te","datePublished":"2025-12-13T15:30:00+00:00","dateModified":"2025-12-13T11:53:01+00:00","mainEntityOfPage":{"@id":"https:\/\/lyonbondyblog.fr\/LBB\/le-courage-doser-la-montagne-interieure-dun-triathlete\/"},"wordCount":750,"commentCount":0,"publisher":{"@id":"https:\/\/lyonbondyblog.fr\/LBB\/#organization"},"image":{"@id":"https:\/\/lyonbondyblog.fr\/LBB\/le-courage-doser-la-montagne-interieure-dun-triathlete\/#primaryimage"},"thumbnailUrl":"https:\/\/lyonbondyblog.fr\/LBB\/wp-content\/uploads\/2025\/12\/unnamed.jpg","keywords":["Cin\u00e9ma","Culture","lyon","sport"],"articleSection":["Cin\u00e9ma","Lyon","Sport"],"inLanguage":"fr-FR","potentialAction":[{"@type":"CommentAction","name":"Comment","target":["https:\/\/lyonbondyblog.fr\/LBB\/le-courage-doser-la-montagne-interieure-dun-triathlete\/#respond"]}]},{"@type":"WebPage","@id":"https:\/\/lyonbondyblog.fr\/LBB\/le-courage-doser-la-montagne-interieure-dun-triathlete\/","url":"https:\/\/lyonbondyblog.fr\/LBB\/le-courage-doser-la-montagne-interieure-dun-triathlete\/","name":"Le Courage d\u2019Oser : la montagne int\u00e9rieure d\u2019un triathl\u00e8te - Lyon Bondy Blog","isPartOf":{"@id":"https:\/\/lyonbondyblog.fr\/LBB\/#website"},"primaryImageOfPage":{"@id":"https:\/\/lyonbondyblog.fr\/LBB\/le-courage-doser-la-montagne-interieure-dun-triathlete\/#primaryimage"},"image":{"@id":"https:\/\/lyonbondyblog.fr\/LBB\/le-courage-doser-la-montagne-interieure-dun-triathlete\/#primaryimage"},"thumbnailUrl":"https:\/\/lyonbondyblog.fr\/LBB\/wp-content\/uploads\/2025\/12\/unnamed.jpg","datePublished":"2025-12-13T15:30:00+00:00","dateModified":"2025-12-13T11:53:01+00:00","inLanguage":"fr-FR","potentialAction":[{"@type":"ReadAction","target":["https:\/\/lyonbondyblog.fr\/LBB\/le-courage-doser-la-montagne-interieure-dun-triathlete\/"]}]},{"@type":"ImageObject","inLanguage":"fr-FR","@id":"https:\/\/lyonbondyblog.fr\/LBB\/le-courage-doser-la-montagne-interieure-dun-triathlete\/#primaryimage","url":"https:\/\/lyonbondyblog.fr\/LBB\/wp-content\/uploads\/2025\/12\/unnamed.jpg","contentUrl":"https:\/\/lyonbondyblog.fr\/LBB\/wp-content\/uploads\/2025\/12\/unnamed.jpg","width":1536,"height":2048},{"@type":"WebSite","@id":"https:\/\/lyonbondyblog.fr\/LBB\/#website","url":"https:\/\/lyonbondyblog.fr\/LBB\/","name":"Lyon Bondy Blog","description":"","publisher":{"@id":"https:\/\/lyonbondyblog.fr\/LBB\/#organization"},"potentialAction":[{"@type":"SearchAction","target":{"@type":"EntryPoint","urlTemplate":"https:\/\/lyonbondyblog.fr\/LBB\/?s={search_term_string}"},"query-input":"required name=search_term_string"}],"inLanguage":"fr-FR"},{"@type":"Organization","@id":"https:\/\/lyonbondyblog.fr\/LBB\/#organization","name":"LYON BONDY BLOG","url":"https:\/\/lyonbondyblog.fr\/LBB\/","logo":{"@type":"ImageObject","inLanguage":"fr-FR","@id":"https:\/\/lyonbondyblog.fr\/LBB\/#\/schema\/logo\/image\/","url":"http:\/\/lyonbondyblog.fr\/LBB\/wp-content\/uploads\/2014\/10\/logo-portable-144.png","contentUrl":"http:\/\/lyonbondyblog.fr\/LBB\/wp-content\/uploads\/2014\/10\/logo-portable-144.png","width":144,"height":123,"caption":"LYON BONDY BLOG"},"image":{"@id":"https:\/\/lyonbondyblog.fr\/LBB\/#\/schema\/logo\/image\/"},"sameAs":["https:\/\/www.facebook.com\/lyonbondyblog","https:\/\/x.com\/bondybloglyon"]},{"@type":"Person","@id":"https:\/\/lyonbondyblog.fr\/LBB\/#\/schema\/person\/5e9904261c1f613c8e6ea22045b1353d","name":"Etienne Aazzab","description":"Etienne a contribu\u00e9 depuis 2 ans dans le journal satirique FOUTOU\u2019ART. Il a int\u00e9gr\u00e9 l\u2019\u00e9quipe du \u00ab clic 2014 \u00bb : Collectif local d\u2019informations citoyennes \u00e0 partir de novembre 2013. Il rejoint le Lyon Bondy Blog \u00e0 partir de janvier 2014. Twitter : @AazzabEtienne Ses sujets de pr\u00e9dilection : #Politique #Soci\u00e9t\u00e9 #Sport","sameAs":["https:\/\/x.com\/AazzabEtienne"],"url":"https:\/\/lyonbondyblog.fr\/LBB\/author\/etienne\/"}]}},"_links":{"self":[{"href":"https:\/\/lyonbondyblog.fr\/LBB\/wp-json\/wp\/v2\/posts\/37507","targetHints":{"allow":["GET"]}}],"collection":[{"href":"https:\/\/lyonbondyblog.fr\/LBB\/wp-json\/wp\/v2\/posts"}],"about":[{"href":"https:\/\/lyonbondyblog.fr\/LBB\/wp-json\/wp\/v2\/types\/post"}],"author":[{"embeddable":true,"href":"https:\/\/lyonbondyblog.fr\/LBB\/wp-json\/wp\/v2\/users\/33"}],"replies":[{"embeddable":true,"href":"https:\/\/lyonbondyblog.fr\/LBB\/wp-json\/wp\/v2\/comments?post=37507"}],"version-history":[{"count":3,"href":"https:\/\/lyonbondyblog.fr\/LBB\/wp-json\/wp\/v2\/posts\/37507\/revisions"}],"predecessor-version":[{"id":37515,"href":"https:\/\/lyonbondyblog.fr\/LBB\/wp-json\/wp\/v2\/posts\/37507\/revisions\/37515"}],"wp:featuredmedia":[{"embeddable":true,"href":"https:\/\/lyonbondyblog.fr\/LBB\/wp-json\/wp\/v2\/media\/37509"}],"wp:attachment":[{"href":"https:\/\/lyonbondyblog.fr\/LBB\/wp-json\/wp\/v2\/media?parent=37507"}],"wp:term":[{"taxonomy":"category","embeddable":true,"href":"https:\/\/lyonbondyblog.fr\/LBB\/wp-json\/wp\/v2\/categories?post=37507"},{"taxonomy":"post_tag","embeddable":true,"href":"https:\/\/lyonbondyblog.fr\/LBB\/wp-json\/wp\/v2\/tags?post=37507"}],"curies":[{"name":"wp","href":"https:\/\/api.w.org\/{rel}","templated":true}]}}