{"id":37489,"date":"2025-12-12T14:32:58","date_gmt":"2025-12-12T13:32:58","guid":{"rendered":"https:\/\/lyonbondyblog.fr\/LBB\/?p=37489"},"modified":"2025-12-13T16:15:59","modified_gmt":"2025-12-13T15:15:59","slug":"municipales-2026-cedric-van-styvendael-repart-avec-une-gauche-engagee","status":"publish","type":"post","link":"https:\/\/lyonbondyblog.fr\/LBB\/municipales-2026-cedric-van-styvendael-repart-avec-une-gauche-engagee\/","title":{"rendered":"Municipales 2026 : C\u00e9dric Van Styvendael repart avec une gauche engag\u00e9e"},"content":{"rendered":"\n<p><strong>Aujourd\u2019hui, C\u00e9dric Van Styvendael entour\u00e9 de son \u00e9quipe de campagne, avec tous les partis de gauche engag\u00e9s \u00e0 ses c\u00f4t\u00e9s, ont pr\u00e9sent\u00e9 leurs diff\u00e9rents axes de travaux pour la campagne municipale de 2026.<\/strong><\/p>\n\n\n\n<p>Hier, nos confr\u00e8res du Progr\u00e8s ont annonc\u00e9 \u00e0 travers une interview exclusive, la candidature de C\u00e9dric Van Styvendael pour l\u2019\u00e9lection municipale justement \u00e0 Villeurbanne. Il sera face \u00e0 deux candidatures \u00e0 gauche : Jean-Paul Bret (DVG), ancien maire de Villeurbanne de 2001 \u00e0 2020, \u00e9galement celle de Matthieu Garab\u00e9dian, actuel adjoint \u00e0 la politique de la ville (LFI). \u00c0 droite, Marc Fraysse sera le candidat des R\u00e9publicains et le RN aura comme candidat G\u00e9rald Canon.<\/p>\n\n\n\n<p>Le maire sortant, C\u00e9dric Van Styvendael est le dernier \u00e0 annoncer sa candidature sur Villeurbanne. Avec une gauche rassembl\u00e9e, ils se sont pr\u00e9sent\u00e9s devant la presse pour d\u00e9finir leurs axes de travail pour cette nouvelle campagne municipale notamment avec le renforcement des forces de polices municipales. L\u2019\u00e9cologie sera au centre du projet avec la crise climatique que le monde conna\u00eet et notamment la m\u00e9tropole lyonnaise. Chaque repr\u00e9sentant des partis que constitue cette liste de gauche a pris la parole lors de ce temps d\u2019\u00e9change propos\u00e9 avec les journalistes.<\/p>\n\n\n\n<figure class=\"wp-block-image size-large\"><img loading=\"lazy\" decoding=\"async\" width=\"1920\" height=\"1440\" src=\"https:\/\/lyonbondyblog.fr\/LBB\/wp-content\/uploads\/2025\/12\/IMG_0854-1920x1440.jpeg\" alt=\"\" class=\"wp-image-37491\" srcset=\"https:\/\/lyonbondyblog.fr\/LBB\/wp-content\/uploads\/2025\/12\/IMG_0854-1920x1440.jpeg 1920w, https:\/\/lyonbondyblog.fr\/LBB\/wp-content\/uploads\/2025\/12\/IMG_0854-1200x900.jpeg 1200w, https:\/\/lyonbondyblog.fr\/LBB\/wp-content\/uploads\/2025\/12\/IMG_0854-768x576.jpeg 768w, https:\/\/lyonbondyblog.fr\/LBB\/wp-content\/uploads\/2025\/12\/IMG_0854-1536x1152.jpeg 1536w, https:\/\/lyonbondyblog.fr\/LBB\/wp-content\/uploads\/2025\/12\/IMG_0854-2048x1536.jpeg 2048w\" sizes=\"auto, (max-width: 1920px) 100vw, 1920px\" \/><\/figure>\n\n\n\n<p>Cinq partis se pr\u00e9sentent conjointement avec le Parti Socialiste pour cette nouvelle campagne municipale : Place Publique, Les \u00c9cologistes, le Parti Communiste, <a href=\"https:\/\/www.l-apres.fr\/\">Arc Unitaire<\/a> et la soci\u00e9t\u00e9 civile. D\u2019autres acteurs de la gauche villeurbannaise devraient rejoindre cette liste ou ce mouvement mais le maire C\u00e9dric Van Styvendael fait languir les journalistes.<\/p>\n\n\n\n<p>Une date choisie depuis tr\u00e8s longtemps pour la pr\u00e9sentation des axes de travaux et&nbsp; des partenaires politiques.<\/p>\n\n\n\n<p><strong>Agn\u00e8s Thouvenot actuelle directrice de campagne a r\u00e9pondu \u00e0 nos questions :&nbsp;<\/strong><\/p>\n\n\n\n<figure class=\"wp-block-audio\"><audio controls src=\"https:\/\/lyonbondyblog.fr\/LBB\/wp-content\/uploads\/2025\/12\/Nouvel-enregistrement-118.m4a\"><\/audio><\/figure>\n\n\n\n<p>Une campagne qui est act\u00e9e par le divorce politique&nbsp; avec l\u2019\u00e9lection l\u00e9gislative de 2024 entre l\u2019ancien maire Jean-Paul Bret et le nouveau maire C\u00e9dric Van Styvendael. Le maire n&rsquo;exprime aucune animosit\u00e9 contre son ancien mentor. Les \u00e9lecteurs d\u00e9cideront le 22 mars de prolonger l\u2019aventure du maire sortant C\u00e9dric Van Styvendael.<\/p>\n<!-- AddThis Advanced Settings generic via filter on the_content --><!-- AddThis Share Buttons generic via filter on the_content -->","protected":false},"excerpt":{"rendered":"<p>Aujourd\u2019hui, C\u00e9dric Van Styvendael entour\u00e9 de son \u00e9quipe de campagne, avec tous les partis de gauche engag\u00e9s \u00e0 ses c\u00f4t\u00e9s, ont pr\u00e9sent\u00e9 leurs diff\u00e9rents axes &hellip; <!-- AddThis Advanced Settings generic via filter on wp_trim_excerpt --><!-- AddThis Share Buttons generic via filter on wp_trim_excerpt --><\/p>\n","protected":false},"author":1,"featured_media":37492,"comment_status":"open","ping_status":"open","sticky":true,"template":"","format":"standard","meta":{"_FSMCFIC_featured_image_caption":"","_FSMCFIC_featured_image_nocaption":"","_FSMCFIC_featured_image_hide":"","footnotes":""},"categories":[28441,6,10388],"tags":[],"class_list":["post-37489","post","type-post","status-publish","format-standard","has-post-thumbnail","hentry","category-municipales-2026","category-politique","category-villeurbanne"],"yoast_head":"<!-- This site is optimized with the Yoast SEO plugin v22.8 - https:\/\/yoast.com\/wordpress\/plugins\/seo\/ -->\n<title>Municipales 2026 : C\u00e9dric Van Styvendael repart avec une gauche engag\u00e9e - Lyon Bondy Blog<\/title>\n<meta name=\"robots\" content=\"index, follow, max-snippet:-1, max-image-preview:large, max-video-preview:-1\" \/>\n<link rel=\"canonical\" href=\"https:\/\/lyonbondyblog.fr\/LBB\/municipales-2026-cedric-van-styvendael-repart-avec-une-gauche-engagee\/\" \/>\n<meta property=\"og:locale\" content=\"fr_FR\" \/>\n<meta property=\"og:type\" content=\"article\" \/>\n<meta property=\"og:title\" content=\"Municipales 2026 : C\u00e9dric Van Styvendael repart avec une gauche engag\u00e9e - Lyon Bondy Blog\" \/>\n<meta property=\"og:description\" content=\"Aujourd\u2019hui, C\u00e9dric Van Styvendael entour\u00e9 de son \u00e9quipe de campagne, avec tous les partis de gauche engag\u00e9s \u00e0 ses c\u00f4t\u00e9s, ont pr\u00e9sent\u00e9 leurs diff\u00e9rents axes &hellip;\" \/>\n<meta property=\"og:url\" content=\"https:\/\/lyonbondyblog.fr\/LBB\/municipales-2026-cedric-van-styvendael-repart-avec-une-gauche-engagee\/\" \/>\n<meta property=\"og:site_name\" content=\"Lyon Bondy Blog\" \/>\n<meta property=\"article:publisher\" content=\"https:\/\/www.facebook.com\/lyonbondyblog\" \/>\n<meta property=\"article:author\" content=\"https:\/\/www.facebook.com\/lyonbondyblog\" \/>\n<meta property=\"article:published_time\" content=\"2025-12-12T13:32:58+00:00\" \/>\n<meta property=\"article:modified_time\" content=\"2025-12-13T15:15:59+00:00\" \/>\n<meta property=\"og:image\" content=\"https:\/\/lyonbondyblog.fr\/LBB\/wp-content\/uploads\/2025\/12\/IMG_0867-scaled.jpeg\" \/>\n\t<meta property=\"og:image:width\" content=\"2560\" \/>\n\t<meta property=\"og:image:height\" content=\"1457\" \/>\n\t<meta property=\"og:image:type\" content=\"image\/jpeg\" \/>\n<meta name=\"author\" content=\"La r\u00e9daction\" \/>\n<meta name=\"twitter:card\" content=\"summary_large_image\" \/>\n<meta name=\"twitter:creator\" content=\"@BondyBlogLyon\" \/>\n<meta name=\"twitter:site\" content=\"@bondybloglyon\" \/>\n<script type=\"application\/ld+json\" class=\"yoast-schema-graph\">{\"@context\":\"https:\/\/schema.org\",\"@graph\":[{\"@type\":\"Article\",\"@id\":\"https:\/\/lyonbondyblog.fr\/LBB\/municipales-2026-cedric-van-styvendael-repart-avec-une-gauche-engagee\/#article\",\"isPartOf\":{\"@id\":\"https:\/\/lyonbondyblog.fr\/LBB\/municipales-2026-cedric-van-styvendael-repart-avec-une-gauche-engagee\/\"},\"author\":{\"name\":\"La r\u00e9daction\",\"@id\":\"https:\/\/lyonbondyblog.fr\/LBB\/#\/schema\/person\/e45f8d27baac75072daa0be50c409b25\"},\"headline\":\"Municipales 2026 : C\u00e9dric Van Styvendael repart avec une gauche engag\u00e9e\",\"datePublished\":\"2025-12-12T13:32:58+00:00\",\"dateModified\":\"2025-12-13T15:15:59+00:00\",\"mainEntityOfPage\":{\"@id\":\"https:\/\/lyonbondyblog.fr\/LBB\/municipales-2026-cedric-van-styvendael-repart-avec-une-gauche-engagee\/\"},\"wordCount\":362,\"commentCount\":0,\"publisher\":{\"@id\":\"https:\/\/lyonbondyblog.fr\/LBB\/#organization\"},\"image\":{\"@id\":\"https:\/\/lyonbondyblog.fr\/LBB\/municipales-2026-cedric-van-styvendael-repart-avec-une-gauche-engagee\/#primaryimage\"},\"thumbnailUrl\":\"https:\/\/lyonbondyblog.fr\/LBB\/wp-content\/uploads\/2025\/12\/IMG_0867-scaled.jpeg\",\"articleSection\":[\"Municipales 2026\",\"Politique\",\"Villeurbanne\"],\"inLanguage\":\"fr-FR\",\"potentialAction\":[{\"@type\":\"CommentAction\",\"name\":\"Comment\",\"target\":[\"https:\/\/lyonbondyblog.fr\/LBB\/municipales-2026-cedric-van-styvendael-repart-avec-une-gauche-engagee\/#respond\"]}]},{\"@type\":\"WebPage\",\"@id\":\"https:\/\/lyonbondyblog.fr\/LBB\/municipales-2026-cedric-van-styvendael-repart-avec-une-gauche-engagee\/\",\"url\":\"https:\/\/lyonbondyblog.fr\/LBB\/municipales-2026-cedric-van-styvendael-repart-avec-une-gauche-engagee\/\",\"name\":\"Municipales 2026 : C\u00e9dric Van Styvendael repart avec une gauche engag\u00e9e - Lyon Bondy Blog\",\"isPartOf\":{\"@id\":\"https:\/\/lyonbondyblog.fr\/LBB\/#website\"},\"primaryImageOfPage\":{\"@id\":\"https:\/\/lyonbondyblog.fr\/LBB\/municipales-2026-cedric-van-styvendael-repart-avec-une-gauche-engagee\/#primaryimage\"},\"image\":{\"@id\":\"https:\/\/lyonbondyblog.fr\/LBB\/municipales-2026-cedric-van-styvendael-repart-avec-une-gauche-engagee\/#primaryimage\"},\"thumbnailUrl\":\"https:\/\/lyonbondyblog.fr\/LBB\/wp-content\/uploads\/2025\/12\/IMG_0867-scaled.jpeg\",\"datePublished\":\"2025-12-12T13:32:58+00:00\",\"dateModified\":\"2025-12-13T15:15:59+00:00\",\"inLanguage\":\"fr-FR\",\"potentialAction\":[{\"@type\":\"ReadAction\",\"target\":[\"https:\/\/lyonbondyblog.fr\/LBB\/municipales-2026-cedric-van-styvendael-repart-avec-une-gauche-engagee\/\"]}]},{\"@type\":\"ImageObject\",\"inLanguage\":\"fr-FR\",\"@id\":\"https:\/\/lyonbondyblog.fr\/LBB\/municipales-2026-cedric-van-styvendael-repart-avec-une-gauche-engagee\/#primaryimage\",\"url\":\"https:\/\/lyonbondyblog.fr\/LBB\/wp-content\/uploads\/2025\/12\/IMG_0867-scaled.jpeg\",\"contentUrl\":\"https:\/\/lyonbondyblog.fr\/LBB\/wp-content\/uploads\/2025\/12\/IMG_0867-scaled.jpeg\",\"width\":2560,\"height\":1457},{\"@type\":\"WebSite\",\"@id\":\"https:\/\/lyonbondyblog.fr\/LBB\/#website\",\"url\":\"https:\/\/lyonbondyblog.fr\/LBB\/\",\"name\":\"Lyon Bondy Blog\",\"description\":\"\",\"publisher\":{\"@id\":\"https:\/\/lyonbondyblog.fr\/LBB\/#organization\"},\"potentialAction\":[{\"@type\":\"SearchAction\",\"target\":{\"@type\":\"EntryPoint\",\"urlTemplate\":\"https:\/\/lyonbondyblog.fr\/LBB\/?s={search_term_string}\"},\"query-input\":\"required name=search_term_string\"}],\"inLanguage\":\"fr-FR\"},{\"@type\":\"Organization\",\"@id\":\"https:\/\/lyonbondyblog.fr\/LBB\/#organization\",\"name\":\"LYON BONDY BLOG\",\"url\":\"https:\/\/lyonbondyblog.fr\/LBB\/\",\"logo\":{\"@type\":\"ImageObject\",\"inLanguage\":\"fr-FR\",\"@id\":\"https:\/\/lyonbondyblog.fr\/LBB\/#\/schema\/logo\/image\/\",\"url\":\"http:\/\/lyonbondyblog.fr\/LBB\/wp-content\/uploads\/2014\/10\/logo-portable-144.png\",\"contentUrl\":\"http:\/\/lyonbondyblog.fr\/LBB\/wp-content\/uploads\/2014\/10\/logo-portable-144.png\",\"width\":144,\"height\":123,\"caption\":\"LYON BONDY BLOG\"},\"image\":{\"@id\":\"https:\/\/lyonbondyblog.fr\/LBB\/#\/schema\/logo\/image\/\"},\"sameAs\":[\"https:\/\/www.facebook.com\/lyonbondyblog\",\"https:\/\/x.com\/bondybloglyon\"]},{\"@type\":\"Person\",\"@id\":\"https:\/\/lyonbondyblog.fr\/LBB\/#\/schema\/person\/e45f8d27baac75072daa0be50c409b25\",\"name\":\"La r\u00e9daction\",\"description\":\"Cr\u00e9e en 2008, la r\u00e9daction du Lyon Bondy Blog s'applique \u00e0 proposer une information locale diff\u00e9rente et compl\u00e9mentaire des m\u00e9dias traditionnels.\",\"sameAs\":[\"https:\/\/www.facebook.com\/lyonbondyblog\",\"https:\/\/x.com\/BondyBlogLyon\"],\"url\":\"https:\/\/lyonbondyblog.fr\/LBB\/author\/admin\/\"}]}<\/script>\n<!-- \/ Yoast SEO plugin. -->","yoast_head_json":{"title":"Municipales 2026 : C\u00e9dric Van Styvendael repart avec une gauche engag\u00e9e - Lyon Bondy Blog","robots":{"index":"index","follow":"follow","max-snippet":"max-snippet:-1","max-image-preview":"max-image-preview:large","max-video-preview":"max-video-preview:-1"},"canonical":"https:\/\/lyonbondyblog.fr\/LBB\/municipales-2026-cedric-van-styvendael-repart-avec-une-gauche-engagee\/","og_locale":"fr_FR","og_type":"article","og_title":"Municipales 2026 : C\u00e9dric Van Styvendael repart avec une gauche engag\u00e9e - Lyon Bondy Blog","og_description":"Aujourd\u2019hui, C\u00e9dric Van Styvendael entour\u00e9 de son \u00e9quipe de campagne, avec tous les partis de gauche engag\u00e9s \u00e0 ses c\u00f4t\u00e9s, ont pr\u00e9sent\u00e9 leurs diff\u00e9rents axes &hellip;","og_url":"https:\/\/lyonbondyblog.fr\/LBB\/municipales-2026-cedric-van-styvendael-repart-avec-une-gauche-engagee\/","og_site_name":"Lyon Bondy Blog","article_publisher":"https:\/\/www.facebook.com\/lyonbondyblog","article_author":"https:\/\/www.facebook.com\/lyonbondyblog","article_published_time":"2025-12-12T13:32:58+00:00","article_modified_time":"2025-12-13T15:15:59+00:00","og_image":[{"width":2560,"height":1457,"url":"https:\/\/lyonbondyblog.fr\/LBB\/wp-content\/uploads\/2025\/12\/IMG_0867-scaled.jpeg","type":"image\/jpeg"}],"author":"La r\u00e9daction","twitter_card":"summary_large_image","twitter_creator":"@BondyBlogLyon","twitter_site":"@bondybloglyon","schema":{"@context":"https:\/\/schema.org","@graph":[{"@type":"Article","@id":"https:\/\/lyonbondyblog.fr\/LBB\/municipales-2026-cedric-van-styvendael-repart-avec-une-gauche-engagee\/#article","isPartOf":{"@id":"https:\/\/lyonbondyblog.fr\/LBB\/municipales-2026-cedric-van-styvendael-repart-avec-une-gauche-engagee\/"},"author":{"name":"La r\u00e9daction","@id":"https:\/\/lyonbondyblog.fr\/LBB\/#\/schema\/person\/e45f8d27baac75072daa0be50c409b25"},"headline":"Municipales 2026 : C\u00e9dric Van Styvendael repart avec une gauche engag\u00e9e","datePublished":"2025-12-12T13:32:58+00:00","dateModified":"2025-12-13T15:15:59+00:00","mainEntityOfPage":{"@id":"https:\/\/lyonbondyblog.fr\/LBB\/municipales-2026-cedric-van-styvendael-repart-avec-une-gauche-engagee\/"},"wordCount":362,"commentCount":0,"publisher":{"@id":"https:\/\/lyonbondyblog.fr\/LBB\/#organization"},"image":{"@id":"https:\/\/lyonbondyblog.fr\/LBB\/municipales-2026-cedric-van-styvendael-repart-avec-une-gauche-engagee\/#primaryimage"},"thumbnailUrl":"https:\/\/lyonbondyblog.fr\/LBB\/wp-content\/uploads\/2025\/12\/IMG_0867-scaled.jpeg","articleSection":["Municipales 2026","Politique","Villeurbanne"],"inLanguage":"fr-FR","potentialAction":[{"@type":"CommentAction","name":"Comment","target":["https:\/\/lyonbondyblog.fr\/LBB\/municipales-2026-cedric-van-styvendael-repart-avec-une-gauche-engagee\/#respond"]}]},{"@type":"WebPage","@id":"https:\/\/lyonbondyblog.fr\/LBB\/municipales-2026-cedric-van-styvendael-repart-avec-une-gauche-engagee\/","url":"https:\/\/lyonbondyblog.fr\/LBB\/municipales-2026-cedric-van-styvendael-repart-avec-une-gauche-engagee\/","name":"Municipales 2026 : C\u00e9dric Van Styvendael repart avec une gauche engag\u00e9e - Lyon Bondy Blog","isPartOf":{"@id":"https:\/\/lyonbondyblog.fr\/LBB\/#website"},"primaryImageOfPage":{"@id":"https:\/\/lyonbondyblog.fr\/LBB\/municipales-2026-cedric-van-styvendael-repart-avec-une-gauche-engagee\/#primaryimage"},"image":{"@id":"https:\/\/lyonbondyblog.fr\/LBB\/municipales-2026-cedric-van-styvendael-repart-avec-une-gauche-engagee\/#primaryimage"},"thumbnailUrl":"https:\/\/lyonbondyblog.fr\/LBB\/wp-content\/uploads\/2025\/12\/IMG_0867-scaled.jpeg","datePublished":"2025-12-12T13:32:58+00:00","dateModified":"2025-12-13T15:15:59+00:00","inLanguage":"fr-FR","potentialAction":[{"@type":"ReadAction","target":["https:\/\/lyonbondyblog.fr\/LBB\/municipales-2026-cedric-van-styvendael-repart-avec-une-gauche-engagee\/"]}]},{"@type":"ImageObject","inLanguage":"fr-FR","@id":"https:\/\/lyonbondyblog.fr\/LBB\/municipales-2026-cedric-van-styvendael-repart-avec-une-gauche-engagee\/#primaryimage","url":"https:\/\/lyonbondyblog.fr\/LBB\/wp-content\/uploads\/2025\/12\/IMG_0867-scaled.jpeg","contentUrl":"https:\/\/lyonbondyblog.fr\/LBB\/wp-content\/uploads\/2025\/12\/IMG_0867-scaled.jpeg","width":2560,"height":1457},{"@type":"WebSite","@id":"https:\/\/lyonbondyblog.fr\/LBB\/#website","url":"https:\/\/lyonbondyblog.fr\/LBB\/","name":"Lyon Bondy Blog","description":"","publisher":{"@id":"https:\/\/lyonbondyblog.fr\/LBB\/#organization"},"potentialAction":[{"@type":"SearchAction","target":{"@type":"EntryPoint","urlTemplate":"https:\/\/lyonbondyblog.fr\/LBB\/?s={search_term_string}"},"query-input":"required name=search_term_string"}],"inLanguage":"fr-FR"},{"@type":"Organization","@id":"https:\/\/lyonbondyblog.fr\/LBB\/#organization","name":"LYON BONDY BLOG","url":"https:\/\/lyonbondyblog.fr\/LBB\/","logo":{"@type":"ImageObject","inLanguage":"fr-FR","@id":"https:\/\/lyonbondyblog.fr\/LBB\/#\/schema\/logo\/image\/","url":"http:\/\/lyonbondyblog.fr\/LBB\/wp-content\/uploads\/2014\/10\/logo-portable-144.png","contentUrl":"http:\/\/lyonbondyblog.fr\/LBB\/wp-content\/uploads\/2014\/10\/logo-portable-144.png","width":144,"height":123,"caption":"LYON BONDY BLOG"},"image":{"@id":"https:\/\/lyonbondyblog.fr\/LBB\/#\/schema\/logo\/image\/"},"sameAs":["https:\/\/www.facebook.com\/lyonbondyblog","https:\/\/x.com\/bondybloglyon"]},{"@type":"Person","@id":"https:\/\/lyonbondyblog.fr\/LBB\/#\/schema\/person\/e45f8d27baac75072daa0be50c409b25","name":"La r\u00e9daction","description":"Cr\u00e9e en 2008, la r\u00e9daction du Lyon Bondy Blog s'applique \u00e0 proposer une information locale diff\u00e9rente et compl\u00e9mentaire des m\u00e9dias traditionnels.","sameAs":["https:\/\/www.facebook.com\/lyonbondyblog","https:\/\/x.com\/BondyBlogLyon"],"url":"https:\/\/lyonbondyblog.fr\/LBB\/author\/admin\/"}]}},"_links":{"self":[{"href":"https:\/\/lyonbondyblog.fr\/LBB\/wp-json\/wp\/v2\/posts\/37489","targetHints":{"allow":["GET"]}}],"collection":[{"href":"https:\/\/lyonbondyblog.fr\/LBB\/wp-json\/wp\/v2\/posts"}],"about":[{"href":"https:\/\/lyonbondyblog.fr\/LBB\/wp-json\/wp\/v2\/types\/post"}],"author":[{"embeddable":true,"href":"https:\/\/lyonbondyblog.fr\/LBB\/wp-json\/wp\/v2\/users\/1"}],"replies":[{"embeddable":true,"href":"https:\/\/lyonbondyblog.fr\/LBB\/wp-json\/wp\/v2\/comments?post=37489"}],"version-history":[{"count":4,"href":"https:\/\/lyonbondyblog.fr\/LBB\/wp-json\/wp\/v2\/posts\/37489\/revisions"}],"predecessor-version":[{"id":37517,"href":"https:\/\/lyonbondyblog.fr\/LBB\/wp-json\/wp\/v2\/posts\/37489\/revisions\/37517"}],"wp:featuredmedia":[{"embeddable":true,"href":"https:\/\/lyonbondyblog.fr\/LBB\/wp-json\/wp\/v2\/media\/37492"}],"wp:attachment":[{"href":"https:\/\/lyonbondyblog.fr\/LBB\/wp-json\/wp\/v2\/media?parent=37489"}],"wp:term":[{"taxonomy":"category","embeddable":true,"href":"https:\/\/lyonbondyblog.fr\/LBB\/wp-json\/wp\/v2\/categories?post=37489"},{"taxonomy":"post_tag","embeddable":true,"href":"https:\/\/lyonbondyblog.fr\/LBB\/wp-json\/wp\/v2\/tags?post=37489"}],"curies":[{"name":"wp","href":"https:\/\/api.w.org\/{rel}","templated":true}]}}