{"id":3740,"date":"2008-03-21T15:30:19","date_gmt":"2008-03-21T14:30:19","guid":{"rendered":"http:\/\/lyonbondyblog.fr\/LBB\/?p=3740"},"modified":"2013-08-06T15:30:58","modified_gmt":"2013-08-06T13:30:58","slug":"benzema-un-gone-en-or","status":"publish","type":"post","link":"https:\/\/lyonbondyblog.fr\/LBB\/benzema-un-gone-en-or\/","title":{"rendered":"Benzema, un gone en or"},"content":{"rendered":"<p><strong>Karim Benzema vient de signer \u00e0 20 ans une prolongation de contrat jusqu\u2019en 2013. C\u2019est le joueur le mieux pay\u00e9 de la ligue 1.<\/strong><\/p>\n<p align=\"justify\">La poign\u00e9e de main ferme entre le joueur Karim Benzema et le Pr\u00e9sident de l\u2019OL devant tous les m\u00e9dias du football fran\u00e7ais et \u00e9tranger au Centre d\u2019Entra\u00eenement de Tola-Vologe. C\u2019est l\u2019image forte que les supporters commentent longuement ainsi que les journalistes sp\u00e9cialis\u00e9s. Il est vrai que le Pr\u00e9sident de L\u2019OL, Jean-Michel Aulas malgr\u00e9 toutes les sir\u00e8nes de club tels le R\u00e9al Madrid, Chelsea, Arsenal ou le Milan AC, n\u2019a pas c\u00e9d\u00e9. Et pour cause, le jeune prodige form\u00e9 au club est une perle rare.<\/p>\n<p align=\"justify\">Disputant son premier match en ligue 1 et en Champions league \u00e0 18 ans seulement. Raymond Domenech, le s\u00e9lectionneur de l\u2019\u00e9quipe de France ne peut plus se passer du ph\u00e9nom\u00e8ne. Il a marqu\u00e9 27 buts cette saison. Avec sa simplicit\u00e9 et son sourire en coin, Karim Benzema n\u2019aspire qu\u2019\u00e0\u00a0<i>\u00ab\u00a0gagner des titres et gagner la Ligue des Champions\u00a0\u00bb.\u00a0<\/i>En prolongeant ainsi son contrat, Karim Benzema esp\u00e8re progresser\u00a0:\u00a0<i>\u00ab\u00a0j\u2019ai encore beaucoup de choses \u00e0 apprendre, de d\u00e9fauts \u00e0 gommer et je veux continuer \u00e0 progresser ici. Tout le Club me fait confiance et cela m\u2019a touch\u00e9\u00a0\u00bb<\/i>. Le joueur encore tr\u00e8s jeune vit chez ses parents mais d\u00e9gage une parfaite s\u00e9r\u00e9nit\u00e9. Cet \u00e9quilibre personnel a certainement jou\u00e9 dans sa prise de d\u00e9cision lorsque l\u2019on sait que de nombreux joueurs se sont br\u00fbl\u00e9s les ailes en voulant jouer d\u2019embl\u00e9e dans des grands clubs \u00e9trangers.<\/p>\n<p align=\"justify\">Avec Karim, rien de la sorte, la progression se fera naturellement pour le joueur qui va gagner entre 300\u00a0000 et 400\u00a0000 \u20ac par mois. Les objectifs pour lui sont clairs\u00a0: tout gagner\u00a0; championnat pour la septi\u00e8me ann\u00e9e cons\u00e9cutive et la coupe de France \u00e0 d\u00e9faut de la Champions League. Michel Platini, pr\u00e9sident de l\u2019UEFA ne tarit pas d\u2019\u00e9loges sur Karim Benzema que beaucoup d\u2019experts comparent \u00e0 Ronaldo. Platini quant \u00e0 lui trouve que le joueur\u00a0:\u00a0<i>\u00ab\u00a0marque davantage par son intelligence qu\u2019avec ses qualit\u00e9s physiques. Il a le talent et les qualit\u00e9s. Le talent, c\u2019est l\u2019intelligence; les qualit\u00e9s, c\u2019est la vitesse\u00a0\u00bb.\u00a0<\/i>Ne doutons pas qu\u2019avec ces propos, ce gone de 20 ans deviendra la star du football fran\u00e7ais comme Michel Platini et Zinedine Zidane. Le Championnat d\u2019Europe de juin prochain devrait confirmer la cons\u00e9cration de ce joueur d\u2019exception.<\/p>\n<p align=\"justify\"><span style=\"text-decoration: underline;\">Azedine Haffar\u00a0<\/span><\/p>\n<!-- AddThis Advanced Settings generic via filter on the_content --><!-- AddThis Share Buttons generic via filter on the_content -->","protected":false},"excerpt":{"rendered":"<p>Karim Benzema vient de signer \u00e0 20 ans une prolongation de contrat jusqu\u2019en 2013. C\u2019est le joueur le mieux pay\u00e9 de la ligue 1. La &hellip; <!-- AddThis Advanced Settings generic via filter on wp_trim_excerpt --><!-- AddThis Share Buttons generic via filter on wp_trim_excerpt --><\/p>\n","protected":false},"author":1,"featured_media":0,"comment_status":"open","ping_status":"open","sticky":false,"template":"","format":"standard","meta":{"_FSMCFIC_featured_image_caption":"","_FSMCFIC_featured_image_nocaption":"","_FSMCFIC_featured_image_hide":"","footnotes":""},"categories":[4],"tags":[],"class_list":["post-3740","post","type-post","status-publish","format-standard","hentry","category-lyon"],"yoast_head":"<!-- This site is optimized with the Yoast SEO plugin v22.8 - https:\/\/yoast.com\/wordpress\/plugins\/seo\/ -->\n<title>Benzema, un gone en or - Lyon Bondy Blog<\/title>\n<meta name=\"robots\" content=\"index, follow, max-snippet:-1, max-image-preview:large, max-video-preview:-1\" \/>\n<link rel=\"canonical\" href=\"https:\/\/lyonbondyblog.fr\/LBB\/benzema-un-gone-en-or\/\" \/>\n<meta property=\"og:locale\" content=\"fr_FR\" \/>\n<meta property=\"og:type\" content=\"article\" \/>\n<meta property=\"og:title\" content=\"Benzema, un gone en or - Lyon Bondy Blog\" \/>\n<meta property=\"og:description\" content=\"Karim Benzema vient de signer \u00e0 20 ans une prolongation de contrat jusqu\u2019en 2013. C\u2019est le joueur le mieux pay\u00e9 de la ligue 1. La &hellip;\" \/>\n<meta property=\"og:url\" content=\"https:\/\/lyonbondyblog.fr\/LBB\/benzema-un-gone-en-or\/\" \/>\n<meta property=\"og:site_name\" content=\"Lyon Bondy Blog\" \/>\n<meta property=\"article:publisher\" content=\"https:\/\/www.facebook.com\/lyonbondyblog\" \/>\n<meta property=\"article:author\" content=\"https:\/\/www.facebook.com\/lyonbondyblog\" \/>\n<meta property=\"article:published_time\" content=\"2008-03-21T14:30:19+00:00\" \/>\n<meta property=\"article:modified_time\" content=\"2013-08-06T13:30:58+00:00\" \/>\n<meta property=\"og:image\" content=\"https:\/\/lyonbondyblog.fr\/LBB\/wp-content\/uploads\/2014\/10\/Bandeau-Site-V2-011-2.jpg\" \/>\n\t<meta property=\"og:image:width\" content=\"851\" \/>\n\t<meta property=\"og:image:height\" content=\"200\" \/>\n\t<meta property=\"og:image:type\" content=\"image\/jpeg\" \/>\n<meta name=\"author\" content=\"La r\u00e9daction\" \/>\n<meta name=\"twitter:card\" content=\"summary_large_image\" \/>\n<meta name=\"twitter:creator\" content=\"@BondyBlogLyon\" \/>\n<meta name=\"twitter:site\" content=\"@bondybloglyon\" \/>\n<script type=\"application\/ld+json\" class=\"yoast-schema-graph\">{\"@context\":\"https:\/\/schema.org\",\"@graph\":[{\"@type\":\"Article\",\"@id\":\"https:\/\/lyonbondyblog.fr\/LBB\/benzema-un-gone-en-or\/#article\",\"isPartOf\":{\"@id\":\"https:\/\/lyonbondyblog.fr\/LBB\/benzema-un-gone-en-or\/\"},\"author\":{\"name\":\"La r\u00e9daction\",\"@id\":\"https:\/\/lyonbondyblog.fr\/LBB\/#\/schema\/person\/e45f8d27baac75072daa0be50c409b25\"},\"headline\":\"Benzema, un gone en or\",\"datePublished\":\"2008-03-21T14:30:19+00:00\",\"dateModified\":\"2013-08-06T13:30:58+00:00\",\"mainEntityOfPage\":{\"@id\":\"https:\/\/lyonbondyblog.fr\/LBB\/benzema-un-gone-en-or\/\"},\"wordCount\":433,\"commentCount\":0,\"publisher\":{\"@id\":\"https:\/\/lyonbondyblog.fr\/LBB\/#organization\"},\"articleSection\":[\"Lyon\"],\"inLanguage\":\"fr-FR\",\"potentialAction\":[{\"@type\":\"CommentAction\",\"name\":\"Comment\",\"target\":[\"https:\/\/lyonbondyblog.fr\/LBB\/benzema-un-gone-en-or\/#respond\"]}]},{\"@type\":\"WebPage\",\"@id\":\"https:\/\/lyonbondyblog.fr\/LBB\/benzema-un-gone-en-or\/\",\"url\":\"https:\/\/lyonbondyblog.fr\/LBB\/benzema-un-gone-en-or\/\",\"name\":\"Benzema, un gone en or - Lyon Bondy Blog\",\"isPartOf\":{\"@id\":\"https:\/\/lyonbondyblog.fr\/LBB\/#website\"},\"datePublished\":\"2008-03-21T14:30:19+00:00\",\"dateModified\":\"2013-08-06T13:30:58+00:00\",\"inLanguage\":\"fr-FR\",\"potentialAction\":[{\"@type\":\"ReadAction\",\"target\":[\"https:\/\/lyonbondyblog.fr\/LBB\/benzema-un-gone-en-or\/\"]}]},{\"@type\":\"WebSite\",\"@id\":\"https:\/\/lyonbondyblog.fr\/LBB\/#website\",\"url\":\"https:\/\/lyonbondyblog.fr\/LBB\/\",\"name\":\"Lyon Bondy Blog\",\"description\":\"\",\"publisher\":{\"@id\":\"https:\/\/lyonbondyblog.fr\/LBB\/#organization\"},\"potentialAction\":[{\"@type\":\"SearchAction\",\"target\":{\"@type\":\"EntryPoint\",\"urlTemplate\":\"https:\/\/lyonbondyblog.fr\/LBB\/?s={search_term_string}\"},\"query-input\":\"required name=search_term_string\"}],\"inLanguage\":\"fr-FR\"},{\"@type\":\"Organization\",\"@id\":\"https:\/\/lyonbondyblog.fr\/LBB\/#organization\",\"name\":\"LYON BONDY BLOG\",\"url\":\"https:\/\/lyonbondyblog.fr\/LBB\/\",\"logo\":{\"@type\":\"ImageObject\",\"inLanguage\":\"fr-FR\",\"@id\":\"https:\/\/lyonbondyblog.fr\/LBB\/#\/schema\/logo\/image\/\",\"url\":\"http:\/\/lyonbondyblog.fr\/LBB\/wp-content\/uploads\/2014\/10\/logo-portable-144.png\",\"contentUrl\":\"http:\/\/lyonbondyblog.fr\/LBB\/wp-content\/uploads\/2014\/10\/logo-portable-144.png\",\"width\":144,\"height\":123,\"caption\":\"LYON BONDY BLOG\"},\"image\":{\"@id\":\"https:\/\/lyonbondyblog.fr\/LBB\/#\/schema\/logo\/image\/\"},\"sameAs\":[\"https:\/\/www.facebook.com\/lyonbondyblog\",\"https:\/\/x.com\/bondybloglyon\"]},{\"@type\":\"Person\",\"@id\":\"https:\/\/lyonbondyblog.fr\/LBB\/#\/schema\/person\/e45f8d27baac75072daa0be50c409b25\",\"name\":\"La r\u00e9daction\",\"description\":\"Cr\u00e9e en 2008, la r\u00e9daction du Lyon Bondy Blog s'applique \u00e0 proposer une information locale diff\u00e9rente et compl\u00e9mentaire des m\u00e9dias traditionnels.\",\"sameAs\":[\"https:\/\/www.facebook.com\/lyonbondyblog\",\"https:\/\/x.com\/BondyBlogLyon\"],\"url\":\"https:\/\/lyonbondyblog.fr\/LBB\/author\/admin\/\"}]}<\/script>\n<!-- \/ Yoast SEO plugin. -->","yoast_head_json":{"title":"Benzema, un gone en or - Lyon Bondy Blog","robots":{"index":"index","follow":"follow","max-snippet":"max-snippet:-1","max-image-preview":"max-image-preview:large","max-video-preview":"max-video-preview:-1"},"canonical":"https:\/\/lyonbondyblog.fr\/LBB\/benzema-un-gone-en-or\/","og_locale":"fr_FR","og_type":"article","og_title":"Benzema, un gone en or - Lyon Bondy Blog","og_description":"Karim Benzema vient de signer \u00e0 20 ans une prolongation de contrat jusqu\u2019en 2013. C\u2019est le joueur le mieux pay\u00e9 de la ligue 1. La &hellip;","og_url":"https:\/\/lyonbondyblog.fr\/LBB\/benzema-un-gone-en-or\/","og_site_name":"Lyon Bondy Blog","article_publisher":"https:\/\/www.facebook.com\/lyonbondyblog","article_author":"https:\/\/www.facebook.com\/lyonbondyblog","article_published_time":"2008-03-21T14:30:19+00:00","article_modified_time":"2013-08-06T13:30:58+00:00","og_image":[{"width":851,"height":200,"url":"https:\/\/lyonbondyblog.fr\/LBB\/wp-content\/uploads\/2014\/10\/Bandeau-Site-V2-011-2.jpg","type":"image\/jpeg"}],"author":"La r\u00e9daction","twitter_card":"summary_large_image","twitter_creator":"@BondyBlogLyon","twitter_site":"@bondybloglyon","schema":{"@context":"https:\/\/schema.org","@graph":[{"@type":"Article","@id":"https:\/\/lyonbondyblog.fr\/LBB\/benzema-un-gone-en-or\/#article","isPartOf":{"@id":"https:\/\/lyonbondyblog.fr\/LBB\/benzema-un-gone-en-or\/"},"author":{"name":"La r\u00e9daction","@id":"https:\/\/lyonbondyblog.fr\/LBB\/#\/schema\/person\/e45f8d27baac75072daa0be50c409b25"},"headline":"Benzema, un gone en or","datePublished":"2008-03-21T14:30:19+00:00","dateModified":"2013-08-06T13:30:58+00:00","mainEntityOfPage":{"@id":"https:\/\/lyonbondyblog.fr\/LBB\/benzema-un-gone-en-or\/"},"wordCount":433,"commentCount":0,"publisher":{"@id":"https:\/\/lyonbondyblog.fr\/LBB\/#organization"},"articleSection":["Lyon"],"inLanguage":"fr-FR","potentialAction":[{"@type":"CommentAction","name":"Comment","target":["https:\/\/lyonbondyblog.fr\/LBB\/benzema-un-gone-en-or\/#respond"]}]},{"@type":"WebPage","@id":"https:\/\/lyonbondyblog.fr\/LBB\/benzema-un-gone-en-or\/","url":"https:\/\/lyonbondyblog.fr\/LBB\/benzema-un-gone-en-or\/","name":"Benzema, un gone en or - Lyon Bondy Blog","isPartOf":{"@id":"https:\/\/lyonbondyblog.fr\/LBB\/#website"},"datePublished":"2008-03-21T14:30:19+00:00","dateModified":"2013-08-06T13:30:58+00:00","inLanguage":"fr-FR","potentialAction":[{"@type":"ReadAction","target":["https:\/\/lyonbondyblog.fr\/LBB\/benzema-un-gone-en-or\/"]}]},{"@type":"WebSite","@id":"https:\/\/lyonbondyblog.fr\/LBB\/#website","url":"https:\/\/lyonbondyblog.fr\/LBB\/","name":"Lyon Bondy Blog","description":"","publisher":{"@id":"https:\/\/lyonbondyblog.fr\/LBB\/#organization"},"potentialAction":[{"@type":"SearchAction","target":{"@type":"EntryPoint","urlTemplate":"https:\/\/lyonbondyblog.fr\/LBB\/?s={search_term_string}"},"query-input":"required name=search_term_string"}],"inLanguage":"fr-FR"},{"@type":"Organization","@id":"https:\/\/lyonbondyblog.fr\/LBB\/#organization","name":"LYON BONDY BLOG","url":"https:\/\/lyonbondyblog.fr\/LBB\/","logo":{"@type":"ImageObject","inLanguage":"fr-FR","@id":"https:\/\/lyonbondyblog.fr\/LBB\/#\/schema\/logo\/image\/","url":"http:\/\/lyonbondyblog.fr\/LBB\/wp-content\/uploads\/2014\/10\/logo-portable-144.png","contentUrl":"http:\/\/lyonbondyblog.fr\/LBB\/wp-content\/uploads\/2014\/10\/logo-portable-144.png","width":144,"height":123,"caption":"LYON BONDY BLOG"},"image":{"@id":"https:\/\/lyonbondyblog.fr\/LBB\/#\/schema\/logo\/image\/"},"sameAs":["https:\/\/www.facebook.com\/lyonbondyblog","https:\/\/x.com\/bondybloglyon"]},{"@type":"Person","@id":"https:\/\/lyonbondyblog.fr\/LBB\/#\/schema\/person\/e45f8d27baac75072daa0be50c409b25","name":"La r\u00e9daction","description":"Cr\u00e9e en 2008, la r\u00e9daction du Lyon Bondy Blog s'applique \u00e0 proposer une information locale diff\u00e9rente et compl\u00e9mentaire des m\u00e9dias traditionnels.","sameAs":["https:\/\/www.facebook.com\/lyonbondyblog","https:\/\/x.com\/BondyBlogLyon"],"url":"https:\/\/lyonbondyblog.fr\/LBB\/author\/admin\/"}]}},"_links":{"self":[{"href":"https:\/\/lyonbondyblog.fr\/LBB\/wp-json\/wp\/v2\/posts\/3740","targetHints":{"allow":["GET"]}}],"collection":[{"href":"https:\/\/lyonbondyblog.fr\/LBB\/wp-json\/wp\/v2\/posts"}],"about":[{"href":"https:\/\/lyonbondyblog.fr\/LBB\/wp-json\/wp\/v2\/types\/post"}],"author":[{"embeddable":true,"href":"https:\/\/lyonbondyblog.fr\/LBB\/wp-json\/wp\/v2\/users\/1"}],"replies":[{"embeddable":true,"href":"https:\/\/lyonbondyblog.fr\/LBB\/wp-json\/wp\/v2\/comments?post=3740"}],"version-history":[{"count":0,"href":"https:\/\/lyonbondyblog.fr\/LBB\/wp-json\/wp\/v2\/posts\/3740\/revisions"}],"wp:attachment":[{"href":"https:\/\/lyonbondyblog.fr\/LBB\/wp-json\/wp\/v2\/media?parent=3740"}],"wp:term":[{"taxonomy":"category","embeddable":true,"href":"https:\/\/lyonbondyblog.fr\/LBB\/wp-json\/wp\/v2\/categories?post=3740"},{"taxonomy":"post_tag","embeddable":true,"href":"https:\/\/lyonbondyblog.fr\/LBB\/wp-json\/wp\/v2\/tags?post=3740"}],"curies":[{"name":"wp","href":"https:\/\/api.w.org\/{rel}","templated":true}]}}