{"id":37383,"date":"2025-11-22T10:00:00","date_gmt":"2025-11-22T09:00:00","guid":{"rendered":"https:\/\/lyonbondyblog.fr\/LBB\/?p=37383"},"modified":"2025-11-21T23:09:28","modified_gmt":"2025-11-21T22:09:28","slug":"politique-clash-of-clans-a-gauche","status":"publish","type":"post","link":"https:\/\/lyonbondyblog.fr\/LBB\/politique-clash-of-clans-a-gauche\/","title":{"rendered":"Politique : Clash of Clans \u00e0 gauche"},"content":{"rendered":"\n<p><strong>Depuis la rentr\u00e9e de septembre, les socialistes et les insoumis s\u2019affrontent sur tous les terrains pour garder le leadership \u00e0 gauche.<\/strong><\/p>\n\n\n\n<p>Depuis 2017, Olivier Faure et Jean-Luc M\u00e9lenchon s\u2019affrontent pour un combat d&rsquo;id\u00e9ologie notamment \u00e0 gauche et reprennent le contr\u00f4le d\u2019une gauche plus que moribonde. En effet, Emmanuel Macron qui \u00e9tait devenu pr\u00e9sident avait fragment\u00e9 le terrain politique. Pour rappel, le leader insoumis en 2017 \u00e9tait arriv\u00e9 en quatri\u00e8me position et le Parti socilaiste \u00e9tait au fond du trou avec un candidat n\u00e9ophyte Beno\u00eet Hamon, qui avait difficilement d\u00e9pass\u00e9 la barre des 6%.&nbsp;<\/p>\n\n\n\n<p>Depuis juin 2024, tout a chang\u00e9, les \u00e9pines du Parti Socialiste sont plus affin\u00e9es et tranchantes. C\u00f4t\u00e9 insoumis, on montre les muscles.&nbsp; Ils veulent se confronter \u00e0 leurs anciens alli\u00e9s de circonstances pour tester leur popularit\u00e9 en vue d\u2019une pr\u00e9sidentielle 2027 qui sent un peu la poudre. Retour sur quatre mois d\u2019affrontements verbaux et politiques entre ces deux partis.<\/p>\n\n\n\n<p><strong>Les municipales, deuxi\u00e8me round d\u2019affrontement<\/strong><\/p>\n\n\n\n<p>Le premier round a eu lieu le 9 juin 2024 pour les \u00e9lections europ\u00e9ennes. Rapha\u00ebl Glucksmann avait un peu \u00e9teint la voix insoumise arrivant en troisi\u00e8me position avec quatre points d\u2019avance sur Manon Aubry. <a href=\"https:\/\/lyonbondyblog.fr\/LBB\/legislatives-2024-the-final-countdown\/\">Apr\u00e8s la dissolution annonc\u00e9e par le pr\u00e9sident de la R\u00e9publique Emmanuel Macron, la gauche faisait encore une alliance de circonstance le Nouveau Front Populaire<\/a>. J<a href=\"https:\/\/lyonbondyblog.fr\/LBB\/le-nouveau-front-populaire-devoile-son-programme\/\">ean-Luc M\u00e9lenchon avec ces quatres points de retard avait d\u00fb d\u00e9j\u00e0 laiss\u00e9 cent circonscriptions \u00e0 ses anciens camarades<\/a>. Depuis cet \u00e9pisode, le leader insoumis pestif\u00e8re la rose socialiste, en envoyant ses meilleurs soldats sur les terres socialistes o\u00f9 \u00e9galement sur des terres socialo-\u00e9cologistes comme \u00e0 Paris, Marseille, Lyon, Lille entre autres. La strat\u00e9gie du leader insoumis n\u2019est pas forc\u00e9ment de gagner mais plut\u00f4t de se tester pour l&rsquo;\u00e9lection pr\u00e9sidentielle qui le souhaite triomphalement.<\/p>\n\n\n\n<p><strong>La suspension de la loi retraites, M\u00e9lenchon vote contre<\/strong><\/p>\n\n\n\n<p>Le Parti Socialiste commence petit \u00e0 petit \u00e0 mieux naviguer avec de grandes vagues insoumises. Tous les jours, Jean-Luc M\u00e9lenchon surprend son petit monde ou pas. Tout ce que vote ou n\u00e9gocie le parti socilaiste, M\u00e9lenchon et ses girls and boys votent contre, notamment la suspension de la loi retraites. Depuis cette temporalit\u00e9, le leader insoumis profitant des sondages qui lui sont propices, d\u00e9ploie ses g\u00e9n\u00e9raux dans les grandes villes comme S\u00e9bastien Delogu qui voudra prendre les r\u00eanes d\u2019une ville comme Marseille. Il ne faut pas oublier le premier jet insoumis \u00e0 Villeneuve-la-Garenne avec la d\u00e9faite de Louis Boyard au deuxi\u00e8me tour alors qu\u2019il \u00e9tait arriv\u00e9 premier au premier tour.<\/p>\n\n\n\n<p>Une course \u00e0 l\u2019\u00e9chalote se met en place entre les partis de gauche pour app\u00e2ter le chaland. <a href=\"https:\/\/lyonbondyblog.fr\/LBB\/elections-du-premier-secretaire-du-ps-faure-a-babord-toute\/\">Olivier Faure commence difficilement \u00e0 grignoter son retard face \u00e0 son ancien camarade socilaiste.<\/a> Les \u00e9lections municipales seront une premi\u00e8re signification et une clarification des \u00e9lecteurs de gauche. R\u00e9ponse le 15 mars prochain.<\/p>\n<!-- AddThis Advanced Settings generic via filter on the_content --><!-- AddThis Share Buttons generic via filter on the_content -->","protected":false},"excerpt":{"rendered":"<p>Depuis la rentr\u00e9e de septembre, les socialistes et les insoumis s\u2019affrontent sur tous les terrains pour garder le leadership \u00e0 gauche. Depuis 2017, Olivier Faure &hellip; <!-- AddThis Advanced Settings generic via filter on wp_trim_excerpt --><!-- AddThis Share Buttons generic via filter on wp_trim_excerpt --><\/p>\n","protected":false},"author":1,"featured_media":37384,"comment_status":"open","ping_status":"open","sticky":true,"template":"","format":"standard","meta":{"_FSMCFIC_featured_image_caption":"","_FSMCFIC_featured_image_nocaption":"","_FSMCFIC_featured_image_hide":"","footnotes":""},"categories":[1084,28441,6],"tags":[],"class_list":["post-37383","post","type-post","status-publish","format-standard","has-post-thumbnail","hentry","category-dessin-de-presse","category-municipales-2026","category-politique"],"yoast_head":"<!-- This site is optimized with the Yoast SEO plugin v22.8 - https:\/\/yoast.com\/wordpress\/plugins\/seo\/ -->\n<title>Politique : Clash of Clans \u00e0 gauche - Lyon Bondy Blog<\/title>\n<meta name=\"robots\" content=\"index, follow, max-snippet:-1, max-image-preview:large, max-video-preview:-1\" \/>\n<link rel=\"canonical\" href=\"https:\/\/lyonbondyblog.fr\/LBB\/politique-clash-of-clans-a-gauche\/\" \/>\n<meta property=\"og:locale\" content=\"fr_FR\" \/>\n<meta property=\"og:type\" content=\"article\" \/>\n<meta property=\"og:title\" content=\"Politique : Clash of Clans \u00e0 gauche - Lyon Bondy Blog\" \/>\n<meta property=\"og:description\" content=\"Depuis la rentr\u00e9e de septembre, les socialistes et les insoumis s\u2019affrontent sur tous les terrains pour garder le leadership \u00e0 gauche. Depuis 2017, Olivier Faure &hellip;\" \/>\n<meta property=\"og:url\" content=\"https:\/\/lyonbondyblog.fr\/LBB\/politique-clash-of-clans-a-gauche\/\" \/>\n<meta property=\"og:site_name\" content=\"Lyon Bondy Blog\" \/>\n<meta property=\"article:publisher\" content=\"https:\/\/www.facebook.com\/lyonbondyblog\" \/>\n<meta property=\"article:author\" content=\"https:\/\/www.facebook.com\/lyonbondyblog\" \/>\n<meta property=\"article:published_time\" content=\"2025-11-22T09:00:00+00:00\" \/>\n<meta property=\"article:modified_time\" content=\"2025-11-21T22:09:28+00:00\" \/>\n<meta property=\"og:image\" content=\"https:\/\/lyonbondyblog.fr\/LBB\/wp-content\/uploads\/2025\/11\/8E4A0DBC-0677-4E29-9253-70EA0661F678.jpeg\" \/>\n\t<meta property=\"og:image:width\" content=\"686\" \/>\n\t<meta property=\"og:image:height\" content=\"728\" \/>\n\t<meta property=\"og:image:type\" content=\"image\/jpeg\" \/>\n<meta name=\"author\" content=\"La r\u00e9daction\" \/>\n<meta name=\"twitter:card\" content=\"summary_large_image\" \/>\n<meta name=\"twitter:creator\" content=\"@BondyBlogLyon\" \/>\n<meta name=\"twitter:site\" content=\"@bondybloglyon\" \/>\n<script type=\"application\/ld+json\" class=\"yoast-schema-graph\">{\"@context\":\"https:\/\/schema.org\",\"@graph\":[{\"@type\":\"Article\",\"@id\":\"https:\/\/lyonbondyblog.fr\/LBB\/politique-clash-of-clans-a-gauche\/#article\",\"isPartOf\":{\"@id\":\"https:\/\/lyonbondyblog.fr\/LBB\/politique-clash-of-clans-a-gauche\/\"},\"author\":{\"name\":\"La r\u00e9daction\",\"@id\":\"https:\/\/lyonbondyblog.fr\/LBB\/#\/schema\/person\/e45f8d27baac75072daa0be50c409b25\"},\"headline\":\"Politique : Clash of Clans \u00e0 gauche\",\"datePublished\":\"2025-11-22T09:00:00+00:00\",\"dateModified\":\"2025-11-21T22:09:28+00:00\",\"mainEntityOfPage\":{\"@id\":\"https:\/\/lyonbondyblog.fr\/LBB\/politique-clash-of-clans-a-gauche\/\"},\"wordCount\":500,\"commentCount\":0,\"publisher\":{\"@id\":\"https:\/\/lyonbondyblog.fr\/LBB\/#organization\"},\"image\":{\"@id\":\"https:\/\/lyonbondyblog.fr\/LBB\/politique-clash-of-clans-a-gauche\/#primaryimage\"},\"thumbnailUrl\":\"https:\/\/lyonbondyblog.fr\/LBB\/wp-content\/uploads\/2025\/11\/8E4A0DBC-0677-4E29-9253-70EA0661F678.jpeg\",\"articleSection\":[\"Dessin de presse\",\"Municipales 2026\",\"Politique\"],\"inLanguage\":\"fr-FR\",\"potentialAction\":[{\"@type\":\"CommentAction\",\"name\":\"Comment\",\"target\":[\"https:\/\/lyonbondyblog.fr\/LBB\/politique-clash-of-clans-a-gauche\/#respond\"]}]},{\"@type\":\"WebPage\",\"@id\":\"https:\/\/lyonbondyblog.fr\/LBB\/politique-clash-of-clans-a-gauche\/\",\"url\":\"https:\/\/lyonbondyblog.fr\/LBB\/politique-clash-of-clans-a-gauche\/\",\"name\":\"Politique : Clash of Clans \u00e0 gauche - Lyon Bondy Blog\",\"isPartOf\":{\"@id\":\"https:\/\/lyonbondyblog.fr\/LBB\/#website\"},\"primaryImageOfPage\":{\"@id\":\"https:\/\/lyonbondyblog.fr\/LBB\/politique-clash-of-clans-a-gauche\/#primaryimage\"},\"image\":{\"@id\":\"https:\/\/lyonbondyblog.fr\/LBB\/politique-clash-of-clans-a-gauche\/#primaryimage\"},\"thumbnailUrl\":\"https:\/\/lyonbondyblog.fr\/LBB\/wp-content\/uploads\/2025\/11\/8E4A0DBC-0677-4E29-9253-70EA0661F678.jpeg\",\"datePublished\":\"2025-11-22T09:00:00+00:00\",\"dateModified\":\"2025-11-21T22:09:28+00:00\",\"inLanguage\":\"fr-FR\",\"potentialAction\":[{\"@type\":\"ReadAction\",\"target\":[\"https:\/\/lyonbondyblog.fr\/LBB\/politique-clash-of-clans-a-gauche\/\"]}]},{\"@type\":\"ImageObject\",\"inLanguage\":\"fr-FR\",\"@id\":\"https:\/\/lyonbondyblog.fr\/LBB\/politique-clash-of-clans-a-gauche\/#primaryimage\",\"url\":\"https:\/\/lyonbondyblog.fr\/LBB\/wp-content\/uploads\/2025\/11\/8E4A0DBC-0677-4E29-9253-70EA0661F678.jpeg\",\"contentUrl\":\"https:\/\/lyonbondyblog.fr\/LBB\/wp-content\/uploads\/2025\/11\/8E4A0DBC-0677-4E29-9253-70EA0661F678.jpeg\",\"width\":686,\"height\":728},{\"@type\":\"WebSite\",\"@id\":\"https:\/\/lyonbondyblog.fr\/LBB\/#website\",\"url\":\"https:\/\/lyonbondyblog.fr\/LBB\/\",\"name\":\"Lyon Bondy Blog\",\"description\":\"\",\"publisher\":{\"@id\":\"https:\/\/lyonbondyblog.fr\/LBB\/#organization\"},\"potentialAction\":[{\"@type\":\"SearchAction\",\"target\":{\"@type\":\"EntryPoint\",\"urlTemplate\":\"https:\/\/lyonbondyblog.fr\/LBB\/?s={search_term_string}\"},\"query-input\":\"required name=search_term_string\"}],\"inLanguage\":\"fr-FR\"},{\"@type\":\"Organization\",\"@id\":\"https:\/\/lyonbondyblog.fr\/LBB\/#organization\",\"name\":\"LYON BONDY BLOG\",\"url\":\"https:\/\/lyonbondyblog.fr\/LBB\/\",\"logo\":{\"@type\":\"ImageObject\",\"inLanguage\":\"fr-FR\",\"@id\":\"https:\/\/lyonbondyblog.fr\/LBB\/#\/schema\/logo\/image\/\",\"url\":\"http:\/\/lyonbondyblog.fr\/LBB\/wp-content\/uploads\/2014\/10\/logo-portable-144.png\",\"contentUrl\":\"http:\/\/lyonbondyblog.fr\/LBB\/wp-content\/uploads\/2014\/10\/logo-portable-144.png\",\"width\":144,\"height\":123,\"caption\":\"LYON BONDY BLOG\"},\"image\":{\"@id\":\"https:\/\/lyonbondyblog.fr\/LBB\/#\/schema\/logo\/image\/\"},\"sameAs\":[\"https:\/\/www.facebook.com\/lyonbondyblog\",\"https:\/\/x.com\/bondybloglyon\"]},{\"@type\":\"Person\",\"@id\":\"https:\/\/lyonbondyblog.fr\/LBB\/#\/schema\/person\/e45f8d27baac75072daa0be50c409b25\",\"name\":\"La r\u00e9daction\",\"description\":\"Cr\u00e9e en 2008, la r\u00e9daction du Lyon Bondy Blog s'applique \u00e0 proposer une information locale diff\u00e9rente et compl\u00e9mentaire des m\u00e9dias traditionnels.\",\"sameAs\":[\"https:\/\/www.facebook.com\/lyonbondyblog\",\"https:\/\/x.com\/BondyBlogLyon\"],\"url\":\"https:\/\/lyonbondyblog.fr\/LBB\/author\/admin\/\"}]}<\/script>\n<!-- \/ Yoast SEO plugin. -->","yoast_head_json":{"title":"Politique : Clash of Clans \u00e0 gauche - Lyon Bondy Blog","robots":{"index":"index","follow":"follow","max-snippet":"max-snippet:-1","max-image-preview":"max-image-preview:large","max-video-preview":"max-video-preview:-1"},"canonical":"https:\/\/lyonbondyblog.fr\/LBB\/politique-clash-of-clans-a-gauche\/","og_locale":"fr_FR","og_type":"article","og_title":"Politique : Clash of Clans \u00e0 gauche - Lyon Bondy Blog","og_description":"Depuis la rentr\u00e9e de septembre, les socialistes et les insoumis s\u2019affrontent sur tous les terrains pour garder le leadership \u00e0 gauche. Depuis 2017, Olivier Faure &hellip;","og_url":"https:\/\/lyonbondyblog.fr\/LBB\/politique-clash-of-clans-a-gauche\/","og_site_name":"Lyon Bondy Blog","article_publisher":"https:\/\/www.facebook.com\/lyonbondyblog","article_author":"https:\/\/www.facebook.com\/lyonbondyblog","article_published_time":"2025-11-22T09:00:00+00:00","article_modified_time":"2025-11-21T22:09:28+00:00","og_image":[{"width":686,"height":728,"url":"https:\/\/lyonbondyblog.fr\/LBB\/wp-content\/uploads\/2025\/11\/8E4A0DBC-0677-4E29-9253-70EA0661F678.jpeg","type":"image\/jpeg"}],"author":"La r\u00e9daction","twitter_card":"summary_large_image","twitter_creator":"@BondyBlogLyon","twitter_site":"@bondybloglyon","schema":{"@context":"https:\/\/schema.org","@graph":[{"@type":"Article","@id":"https:\/\/lyonbondyblog.fr\/LBB\/politique-clash-of-clans-a-gauche\/#article","isPartOf":{"@id":"https:\/\/lyonbondyblog.fr\/LBB\/politique-clash-of-clans-a-gauche\/"},"author":{"name":"La r\u00e9daction","@id":"https:\/\/lyonbondyblog.fr\/LBB\/#\/schema\/person\/e45f8d27baac75072daa0be50c409b25"},"headline":"Politique : Clash of Clans \u00e0 gauche","datePublished":"2025-11-22T09:00:00+00:00","dateModified":"2025-11-21T22:09:28+00:00","mainEntityOfPage":{"@id":"https:\/\/lyonbondyblog.fr\/LBB\/politique-clash-of-clans-a-gauche\/"},"wordCount":500,"commentCount":0,"publisher":{"@id":"https:\/\/lyonbondyblog.fr\/LBB\/#organization"},"image":{"@id":"https:\/\/lyonbondyblog.fr\/LBB\/politique-clash-of-clans-a-gauche\/#primaryimage"},"thumbnailUrl":"https:\/\/lyonbondyblog.fr\/LBB\/wp-content\/uploads\/2025\/11\/8E4A0DBC-0677-4E29-9253-70EA0661F678.jpeg","articleSection":["Dessin de presse","Municipales 2026","Politique"],"inLanguage":"fr-FR","potentialAction":[{"@type":"CommentAction","name":"Comment","target":["https:\/\/lyonbondyblog.fr\/LBB\/politique-clash-of-clans-a-gauche\/#respond"]}]},{"@type":"WebPage","@id":"https:\/\/lyonbondyblog.fr\/LBB\/politique-clash-of-clans-a-gauche\/","url":"https:\/\/lyonbondyblog.fr\/LBB\/politique-clash-of-clans-a-gauche\/","name":"Politique : Clash of Clans \u00e0 gauche - Lyon Bondy Blog","isPartOf":{"@id":"https:\/\/lyonbondyblog.fr\/LBB\/#website"},"primaryImageOfPage":{"@id":"https:\/\/lyonbondyblog.fr\/LBB\/politique-clash-of-clans-a-gauche\/#primaryimage"},"image":{"@id":"https:\/\/lyonbondyblog.fr\/LBB\/politique-clash-of-clans-a-gauche\/#primaryimage"},"thumbnailUrl":"https:\/\/lyonbondyblog.fr\/LBB\/wp-content\/uploads\/2025\/11\/8E4A0DBC-0677-4E29-9253-70EA0661F678.jpeg","datePublished":"2025-11-22T09:00:00+00:00","dateModified":"2025-11-21T22:09:28+00:00","inLanguage":"fr-FR","potentialAction":[{"@type":"ReadAction","target":["https:\/\/lyonbondyblog.fr\/LBB\/politique-clash-of-clans-a-gauche\/"]}]},{"@type":"ImageObject","inLanguage":"fr-FR","@id":"https:\/\/lyonbondyblog.fr\/LBB\/politique-clash-of-clans-a-gauche\/#primaryimage","url":"https:\/\/lyonbondyblog.fr\/LBB\/wp-content\/uploads\/2025\/11\/8E4A0DBC-0677-4E29-9253-70EA0661F678.jpeg","contentUrl":"https:\/\/lyonbondyblog.fr\/LBB\/wp-content\/uploads\/2025\/11\/8E4A0DBC-0677-4E29-9253-70EA0661F678.jpeg","width":686,"height":728},{"@type":"WebSite","@id":"https:\/\/lyonbondyblog.fr\/LBB\/#website","url":"https:\/\/lyonbondyblog.fr\/LBB\/","name":"Lyon Bondy Blog","description":"","publisher":{"@id":"https:\/\/lyonbondyblog.fr\/LBB\/#organization"},"potentialAction":[{"@type":"SearchAction","target":{"@type":"EntryPoint","urlTemplate":"https:\/\/lyonbondyblog.fr\/LBB\/?s={search_term_string}"},"query-input":"required name=search_term_string"}],"inLanguage":"fr-FR"},{"@type":"Organization","@id":"https:\/\/lyonbondyblog.fr\/LBB\/#organization","name":"LYON BONDY BLOG","url":"https:\/\/lyonbondyblog.fr\/LBB\/","logo":{"@type":"ImageObject","inLanguage":"fr-FR","@id":"https:\/\/lyonbondyblog.fr\/LBB\/#\/schema\/logo\/image\/","url":"http:\/\/lyonbondyblog.fr\/LBB\/wp-content\/uploads\/2014\/10\/logo-portable-144.png","contentUrl":"http:\/\/lyonbondyblog.fr\/LBB\/wp-content\/uploads\/2014\/10\/logo-portable-144.png","width":144,"height":123,"caption":"LYON BONDY BLOG"},"image":{"@id":"https:\/\/lyonbondyblog.fr\/LBB\/#\/schema\/logo\/image\/"},"sameAs":["https:\/\/www.facebook.com\/lyonbondyblog","https:\/\/x.com\/bondybloglyon"]},{"@type":"Person","@id":"https:\/\/lyonbondyblog.fr\/LBB\/#\/schema\/person\/e45f8d27baac75072daa0be50c409b25","name":"La r\u00e9daction","description":"Cr\u00e9e en 2008, la r\u00e9daction du Lyon Bondy Blog s'applique \u00e0 proposer une information locale diff\u00e9rente et compl\u00e9mentaire des m\u00e9dias traditionnels.","sameAs":["https:\/\/www.facebook.com\/lyonbondyblog","https:\/\/x.com\/BondyBlogLyon"],"url":"https:\/\/lyonbondyblog.fr\/LBB\/author\/admin\/"}]}},"_links":{"self":[{"href":"https:\/\/lyonbondyblog.fr\/LBB\/wp-json\/wp\/v2\/posts\/37383","targetHints":{"allow":["GET"]}}],"collection":[{"href":"https:\/\/lyonbondyblog.fr\/LBB\/wp-json\/wp\/v2\/posts"}],"about":[{"href":"https:\/\/lyonbondyblog.fr\/LBB\/wp-json\/wp\/v2\/types\/post"}],"author":[{"embeddable":true,"href":"https:\/\/lyonbondyblog.fr\/LBB\/wp-json\/wp\/v2\/users\/1"}],"replies":[{"embeddable":true,"href":"https:\/\/lyonbondyblog.fr\/LBB\/wp-json\/wp\/v2\/comments?post=37383"}],"version-history":[{"count":2,"href":"https:\/\/lyonbondyblog.fr\/LBB\/wp-json\/wp\/v2\/posts\/37383\/revisions"}],"predecessor-version":[{"id":37386,"href":"https:\/\/lyonbondyblog.fr\/LBB\/wp-json\/wp\/v2\/posts\/37383\/revisions\/37386"}],"wp:featuredmedia":[{"embeddable":true,"href":"https:\/\/lyonbondyblog.fr\/LBB\/wp-json\/wp\/v2\/media\/37384"}],"wp:attachment":[{"href":"https:\/\/lyonbondyblog.fr\/LBB\/wp-json\/wp\/v2\/media?parent=37383"}],"wp:term":[{"taxonomy":"category","embeddable":true,"href":"https:\/\/lyonbondyblog.fr\/LBB\/wp-json\/wp\/v2\/categories?post=37383"},{"taxonomy":"post_tag","embeddable":true,"href":"https:\/\/lyonbondyblog.fr\/LBB\/wp-json\/wp\/v2\/tags?post=37383"}],"curies":[{"name":"wp","href":"https:\/\/api.w.org\/{rel}","templated":true}]}}