{"id":3730,"date":"2008-04-11T15:26:35","date_gmt":"2008-04-11T13:26:35","guid":{"rendered":"http:\/\/lyonbondyblog.fr\/LBB\/?p=3730"},"modified":"2013-08-06T15:27:25","modified_gmt":"2013-08-06T13:27:25","slug":"les-boat-people-de-la-mer-mediterranee","status":"publish","type":"post","link":"https:\/\/lyonbondyblog.fr\/LBB\/les-boat-people-de-la-mer-mediterranee\/","title":{"rendered":"Les boat-people de la mer m\u00e9diterran\u00e9e"},"content":{"rendered":"<p><strong>Artiste peintre, Farid Chaachoua d\u00e9nonce avec v\u00e9h\u00e9mence\u00a0l\u2019attitude\u00a0des pouvoirs publics en mati\u00e8re d\u2019immigration dans l\u2019exposition \u00ab\u00a0Traversee\u00a0\u00bb<\/strong><\/p>\n<p align=\"justify\">Farid Chaachoua vient d\u2019Alg\u00e9rie, et est install\u00e9 en France depuis 1996. Apr\u00e8s l\u2019obtention d\u2019un dipl\u00f4me de professorat d\u2019arts plastiques, il enseigna dans divers coll\u00e8ges. Encourag\u00e9 par des artistes de Batna, il r\u00e9alisa entre 1984 et 1995 plusieurs expositions personnelles et d\u2019autres expositions collectives en Alg\u00e9rie et \u00e0 l\u2019\u00e9tranger. Depuis 1998, il habite et travaille \u00e0 Lyon.<\/p>\n<p align=\"justify\">Ses toiles sont l\u2019expression des \u00e9v\u00e9nements qui se sont grav\u00e9s en lui. Elles essaient de traduire les visions qui le hantent profond\u00e9ment. Elles expriment aussi la d\u00e9tresse, le d\u00e9sespoir, et les pr\u00e9occupations quotidiennes de tous ceux qui traversent des moments difficiles dans leur vie. Une pr\u00e9c\u00e9dente exposition en 2006 rendait hommage aux victimes de la \u00abbarbarie int\u00e9griste\u00a0\u00bb en Alg\u00e9rie.<\/p>\n<p align=\"justify\">Rue Saint Michel \u00e0 Lyon, je me rends avec une amie bloggeuse au \u00ab\u00a06\u00e8me continent\u00a0\u00bb, lieu o\u00f9 se tient l\u2019exposition de Farid Chaachoua. Nous le croisons sur notre chemin, non loin de l\u2019entr\u00e9e, et il nous invite \u00e0 le suivre. Pendant qu\u2019il s\u2019affaire \u00e0 r\u00e9gler les derniers d\u00e9tails de l\u2019exposition, j\u2019en profite pour faire le tour des toiles. D\u2019un format cons\u00e9quent, elles retiennent mon attention\u00a0: petites couleurs claires, telles des lueurs au milieu d\u2019une immense et profonde grisaille\u00a0; gris mortuaire dans lequel sont blottis des \u00eatres, serr\u00e9s les uns contre les autres affrontant ensemble la mer. Grand d\u00e9nuement, d\u00e9sarroi, et\u2026 la mort est l\u00e0 parmi eux.<\/p>\n<p align=\"justify\">\u00ab\u00a0Traversee\u00a0\u00bb, le peintre explique\u00a0:\u00a0<i>\u00a0\u00bb je veux dire cette trag\u00e9die qui se passe aux portes de l\u2019Europe dans une ignoble indiff\u00e9rence de la part des pouvoirs \u00e9conomiques et politiques\u00a0; et par ailleurs, d\u00e9noncer avec v\u00e9h\u00e9mence cette attitude envers ces femmes et ces hommes, que la d\u00e9tresse pousse \u00e0 partir au p\u00e9ril de leur vie, acceptant de courir des risques affreux. Ces hommes chez qui l\u2019instinct de vie c\u00e8de la place \u00e0 la volont\u00e9 de la mort, et qui se retrouvent d\u00e9positaires d\u2019une d\u00e9termination plus forte que tout \u00ab\u00a0<\/i>. En effet, nombreux sont les migrants subsahariens et du Maghreb qui tentent leur\u00a0\u00ab\u00a0chance\u00a0\u00bb pour atteindre les rives europ\u00e9ennes. Et beaucoup viennent \u00e9chouer aux pieds de la forteresse Europe. Les politiques migratoires europ\u00e9ennes se durcissant, la trag\u00e9die devrait se poursuivre et s\u2019amplifier si rien n\u2019est fait.<\/p>\n<p align=\"justify\"><span style=\"text-decoration: underline;\">Fouzia Othman<\/span><\/p>\n<p><i>Exposition \u00ab\u00a0Traversee\u00a0\u00bb jusqu\u2018au 28 avril. 6\u00e8me Continent &#8211; 51 rue St Michel 69007 Lyon.<br \/>\n<\/i><\/p>\n<!-- AddThis Advanced Settings generic via filter on the_content --><!-- AddThis Share Buttons generic via filter on the_content -->","protected":false},"excerpt":{"rendered":"<p>Artiste peintre, Farid Chaachoua d\u00e9nonce avec v\u00e9h\u00e9mence\u00a0l\u2019attitude\u00a0des pouvoirs publics en mati\u00e8re d\u2019immigration dans l\u2019exposition \u00ab\u00a0Traversee\u00a0\u00bb Farid Chaachoua vient d\u2019Alg\u00e9rie, et est install\u00e9 en France depuis &hellip; <!-- AddThis Advanced Settings generic via filter on wp_trim_excerpt --><!-- AddThis Share Buttons generic via filter on wp_trim_excerpt --><\/p>\n","protected":false},"author":1,"featured_media":0,"comment_status":"open","ping_status":"open","sticky":false,"template":"","format":"standard","meta":{"_FSMCFIC_featured_image_caption":"","_FSMCFIC_featured_image_nocaption":"","_FSMCFIC_featured_image_hide":"","footnotes":""},"categories":[4],"tags":[],"class_list":["post-3730","post","type-post","status-publish","format-standard","hentry","category-lyon"],"yoast_head":"<!-- This site is optimized with the Yoast SEO plugin v22.8 - https:\/\/yoast.com\/wordpress\/plugins\/seo\/ -->\n<title>Les boat-people de la mer m\u00e9diterran\u00e9e - Lyon Bondy Blog<\/title>\n<meta name=\"robots\" content=\"index, follow, max-snippet:-1, max-image-preview:large, max-video-preview:-1\" \/>\n<link rel=\"canonical\" href=\"https:\/\/lyonbondyblog.fr\/LBB\/les-boat-people-de-la-mer-mediterranee\/\" \/>\n<meta property=\"og:locale\" content=\"fr_FR\" \/>\n<meta property=\"og:type\" content=\"article\" \/>\n<meta property=\"og:title\" content=\"Les boat-people de la mer m\u00e9diterran\u00e9e - Lyon Bondy Blog\" \/>\n<meta property=\"og:description\" content=\"Artiste peintre, Farid Chaachoua d\u00e9nonce avec v\u00e9h\u00e9mence\u00a0l\u2019attitude\u00a0des pouvoirs publics en mati\u00e8re d\u2019immigration dans l\u2019exposition \u00ab\u00a0Traversee\u00a0\u00bb Farid Chaachoua vient d\u2019Alg\u00e9rie, et est install\u00e9 en France depuis &hellip;\" \/>\n<meta property=\"og:url\" content=\"https:\/\/lyonbondyblog.fr\/LBB\/les-boat-people-de-la-mer-mediterranee\/\" \/>\n<meta property=\"og:site_name\" content=\"Lyon Bondy Blog\" \/>\n<meta property=\"article:publisher\" content=\"https:\/\/www.facebook.com\/lyonbondyblog\" \/>\n<meta property=\"article:author\" content=\"https:\/\/www.facebook.com\/lyonbondyblog\" \/>\n<meta property=\"article:published_time\" content=\"2008-04-11T13:26:35+00:00\" \/>\n<meta property=\"article:modified_time\" content=\"2013-08-06T13:27:25+00:00\" \/>\n<meta property=\"og:image\" content=\"https:\/\/lyonbondyblog.fr\/LBB\/wp-content\/uploads\/2014\/10\/Bandeau-Site-V2-011-2.jpg\" \/>\n\t<meta property=\"og:image:width\" content=\"851\" \/>\n\t<meta property=\"og:image:height\" content=\"200\" \/>\n\t<meta property=\"og:image:type\" content=\"image\/jpeg\" \/>\n<meta name=\"author\" content=\"La r\u00e9daction\" \/>\n<meta name=\"twitter:card\" content=\"summary_large_image\" \/>\n<meta name=\"twitter:creator\" content=\"@BondyBlogLyon\" \/>\n<meta name=\"twitter:site\" content=\"@bondybloglyon\" \/>\n<script type=\"application\/ld+json\" class=\"yoast-schema-graph\">{\"@context\":\"https:\/\/schema.org\",\"@graph\":[{\"@type\":\"Article\",\"@id\":\"https:\/\/lyonbondyblog.fr\/LBB\/les-boat-people-de-la-mer-mediterranee\/#article\",\"isPartOf\":{\"@id\":\"https:\/\/lyonbondyblog.fr\/LBB\/les-boat-people-de-la-mer-mediterranee\/\"},\"author\":{\"name\":\"La r\u00e9daction\",\"@id\":\"https:\/\/lyonbondyblog.fr\/LBB\/#\/schema\/person\/e45f8d27baac75072daa0be50c409b25\"},\"headline\":\"Les boat-people de la mer m\u00e9diterran\u00e9e\",\"datePublished\":\"2008-04-11T13:26:35+00:00\",\"dateModified\":\"2013-08-06T13:27:25+00:00\",\"mainEntityOfPage\":{\"@id\":\"https:\/\/lyonbondyblog.fr\/LBB\/les-boat-people-de-la-mer-mediterranee\/\"},\"wordCount\":443,\"commentCount\":0,\"publisher\":{\"@id\":\"https:\/\/lyonbondyblog.fr\/LBB\/#organization\"},\"articleSection\":[\"Lyon\"],\"inLanguage\":\"fr-FR\",\"potentialAction\":[{\"@type\":\"CommentAction\",\"name\":\"Comment\",\"target\":[\"https:\/\/lyonbondyblog.fr\/LBB\/les-boat-people-de-la-mer-mediterranee\/#respond\"]}]},{\"@type\":\"WebPage\",\"@id\":\"https:\/\/lyonbondyblog.fr\/LBB\/les-boat-people-de-la-mer-mediterranee\/\",\"url\":\"https:\/\/lyonbondyblog.fr\/LBB\/les-boat-people-de-la-mer-mediterranee\/\",\"name\":\"Les boat-people de la mer m\u00e9diterran\u00e9e - Lyon Bondy Blog\",\"isPartOf\":{\"@id\":\"https:\/\/lyonbondyblog.fr\/LBB\/#website\"},\"datePublished\":\"2008-04-11T13:26:35+00:00\",\"dateModified\":\"2013-08-06T13:27:25+00:00\",\"inLanguage\":\"fr-FR\",\"potentialAction\":[{\"@type\":\"ReadAction\",\"target\":[\"https:\/\/lyonbondyblog.fr\/LBB\/les-boat-people-de-la-mer-mediterranee\/\"]}]},{\"@type\":\"WebSite\",\"@id\":\"https:\/\/lyonbondyblog.fr\/LBB\/#website\",\"url\":\"https:\/\/lyonbondyblog.fr\/LBB\/\",\"name\":\"Lyon Bondy Blog\",\"description\":\"\",\"publisher\":{\"@id\":\"https:\/\/lyonbondyblog.fr\/LBB\/#organization\"},\"potentialAction\":[{\"@type\":\"SearchAction\",\"target\":{\"@type\":\"EntryPoint\",\"urlTemplate\":\"https:\/\/lyonbondyblog.fr\/LBB\/?s={search_term_string}\"},\"query-input\":\"required name=search_term_string\"}],\"inLanguage\":\"fr-FR\"},{\"@type\":\"Organization\",\"@id\":\"https:\/\/lyonbondyblog.fr\/LBB\/#organization\",\"name\":\"LYON BONDY BLOG\",\"url\":\"https:\/\/lyonbondyblog.fr\/LBB\/\",\"logo\":{\"@type\":\"ImageObject\",\"inLanguage\":\"fr-FR\",\"@id\":\"https:\/\/lyonbondyblog.fr\/LBB\/#\/schema\/logo\/image\/\",\"url\":\"http:\/\/lyonbondyblog.fr\/LBB\/wp-content\/uploads\/2014\/10\/logo-portable-144.png\",\"contentUrl\":\"http:\/\/lyonbondyblog.fr\/LBB\/wp-content\/uploads\/2014\/10\/logo-portable-144.png\",\"width\":144,\"height\":123,\"caption\":\"LYON BONDY BLOG\"},\"image\":{\"@id\":\"https:\/\/lyonbondyblog.fr\/LBB\/#\/schema\/logo\/image\/\"},\"sameAs\":[\"https:\/\/www.facebook.com\/lyonbondyblog\",\"https:\/\/x.com\/bondybloglyon\"]},{\"@type\":\"Person\",\"@id\":\"https:\/\/lyonbondyblog.fr\/LBB\/#\/schema\/person\/e45f8d27baac75072daa0be50c409b25\",\"name\":\"La r\u00e9daction\",\"description\":\"Cr\u00e9e en 2008, la r\u00e9daction du Lyon Bondy Blog s'applique \u00e0 proposer une information locale diff\u00e9rente et compl\u00e9mentaire des m\u00e9dias traditionnels.\",\"sameAs\":[\"https:\/\/www.facebook.com\/lyonbondyblog\",\"https:\/\/x.com\/BondyBlogLyon\"],\"url\":\"https:\/\/lyonbondyblog.fr\/LBB\/author\/admin\/\"}]}<\/script>\n<!-- \/ Yoast SEO plugin. -->","yoast_head_json":{"title":"Les boat-people de la mer m\u00e9diterran\u00e9e - Lyon Bondy Blog","robots":{"index":"index","follow":"follow","max-snippet":"max-snippet:-1","max-image-preview":"max-image-preview:large","max-video-preview":"max-video-preview:-1"},"canonical":"https:\/\/lyonbondyblog.fr\/LBB\/les-boat-people-de-la-mer-mediterranee\/","og_locale":"fr_FR","og_type":"article","og_title":"Les boat-people de la mer m\u00e9diterran\u00e9e - Lyon Bondy Blog","og_description":"Artiste peintre, Farid Chaachoua d\u00e9nonce avec v\u00e9h\u00e9mence\u00a0l\u2019attitude\u00a0des pouvoirs publics en mati\u00e8re d\u2019immigration dans l\u2019exposition \u00ab\u00a0Traversee\u00a0\u00bb Farid Chaachoua vient d\u2019Alg\u00e9rie, et est install\u00e9 en France depuis &hellip;","og_url":"https:\/\/lyonbondyblog.fr\/LBB\/les-boat-people-de-la-mer-mediterranee\/","og_site_name":"Lyon Bondy Blog","article_publisher":"https:\/\/www.facebook.com\/lyonbondyblog","article_author":"https:\/\/www.facebook.com\/lyonbondyblog","article_published_time":"2008-04-11T13:26:35+00:00","article_modified_time":"2013-08-06T13:27:25+00:00","og_image":[{"width":851,"height":200,"url":"https:\/\/lyonbondyblog.fr\/LBB\/wp-content\/uploads\/2014\/10\/Bandeau-Site-V2-011-2.jpg","type":"image\/jpeg"}],"author":"La r\u00e9daction","twitter_card":"summary_large_image","twitter_creator":"@BondyBlogLyon","twitter_site":"@bondybloglyon","schema":{"@context":"https:\/\/schema.org","@graph":[{"@type":"Article","@id":"https:\/\/lyonbondyblog.fr\/LBB\/les-boat-people-de-la-mer-mediterranee\/#article","isPartOf":{"@id":"https:\/\/lyonbondyblog.fr\/LBB\/les-boat-people-de-la-mer-mediterranee\/"},"author":{"name":"La r\u00e9daction","@id":"https:\/\/lyonbondyblog.fr\/LBB\/#\/schema\/person\/e45f8d27baac75072daa0be50c409b25"},"headline":"Les boat-people de la mer m\u00e9diterran\u00e9e","datePublished":"2008-04-11T13:26:35+00:00","dateModified":"2013-08-06T13:27:25+00:00","mainEntityOfPage":{"@id":"https:\/\/lyonbondyblog.fr\/LBB\/les-boat-people-de-la-mer-mediterranee\/"},"wordCount":443,"commentCount":0,"publisher":{"@id":"https:\/\/lyonbondyblog.fr\/LBB\/#organization"},"articleSection":["Lyon"],"inLanguage":"fr-FR","potentialAction":[{"@type":"CommentAction","name":"Comment","target":["https:\/\/lyonbondyblog.fr\/LBB\/les-boat-people-de-la-mer-mediterranee\/#respond"]}]},{"@type":"WebPage","@id":"https:\/\/lyonbondyblog.fr\/LBB\/les-boat-people-de-la-mer-mediterranee\/","url":"https:\/\/lyonbondyblog.fr\/LBB\/les-boat-people-de-la-mer-mediterranee\/","name":"Les boat-people de la mer m\u00e9diterran\u00e9e - Lyon Bondy Blog","isPartOf":{"@id":"https:\/\/lyonbondyblog.fr\/LBB\/#website"},"datePublished":"2008-04-11T13:26:35+00:00","dateModified":"2013-08-06T13:27:25+00:00","inLanguage":"fr-FR","potentialAction":[{"@type":"ReadAction","target":["https:\/\/lyonbondyblog.fr\/LBB\/les-boat-people-de-la-mer-mediterranee\/"]}]},{"@type":"WebSite","@id":"https:\/\/lyonbondyblog.fr\/LBB\/#website","url":"https:\/\/lyonbondyblog.fr\/LBB\/","name":"Lyon Bondy Blog","description":"","publisher":{"@id":"https:\/\/lyonbondyblog.fr\/LBB\/#organization"},"potentialAction":[{"@type":"SearchAction","target":{"@type":"EntryPoint","urlTemplate":"https:\/\/lyonbondyblog.fr\/LBB\/?s={search_term_string}"},"query-input":"required name=search_term_string"}],"inLanguage":"fr-FR"},{"@type":"Organization","@id":"https:\/\/lyonbondyblog.fr\/LBB\/#organization","name":"LYON BONDY BLOG","url":"https:\/\/lyonbondyblog.fr\/LBB\/","logo":{"@type":"ImageObject","inLanguage":"fr-FR","@id":"https:\/\/lyonbondyblog.fr\/LBB\/#\/schema\/logo\/image\/","url":"http:\/\/lyonbondyblog.fr\/LBB\/wp-content\/uploads\/2014\/10\/logo-portable-144.png","contentUrl":"http:\/\/lyonbondyblog.fr\/LBB\/wp-content\/uploads\/2014\/10\/logo-portable-144.png","width":144,"height":123,"caption":"LYON BONDY BLOG"},"image":{"@id":"https:\/\/lyonbondyblog.fr\/LBB\/#\/schema\/logo\/image\/"},"sameAs":["https:\/\/www.facebook.com\/lyonbondyblog","https:\/\/x.com\/bondybloglyon"]},{"@type":"Person","@id":"https:\/\/lyonbondyblog.fr\/LBB\/#\/schema\/person\/e45f8d27baac75072daa0be50c409b25","name":"La r\u00e9daction","description":"Cr\u00e9e en 2008, la r\u00e9daction du Lyon Bondy Blog s'applique \u00e0 proposer une information locale diff\u00e9rente et compl\u00e9mentaire des m\u00e9dias traditionnels.","sameAs":["https:\/\/www.facebook.com\/lyonbondyblog","https:\/\/x.com\/BondyBlogLyon"],"url":"https:\/\/lyonbondyblog.fr\/LBB\/author\/admin\/"}]}},"_links":{"self":[{"href":"https:\/\/lyonbondyblog.fr\/LBB\/wp-json\/wp\/v2\/posts\/3730","targetHints":{"allow":["GET"]}}],"collection":[{"href":"https:\/\/lyonbondyblog.fr\/LBB\/wp-json\/wp\/v2\/posts"}],"about":[{"href":"https:\/\/lyonbondyblog.fr\/LBB\/wp-json\/wp\/v2\/types\/post"}],"author":[{"embeddable":true,"href":"https:\/\/lyonbondyblog.fr\/LBB\/wp-json\/wp\/v2\/users\/1"}],"replies":[{"embeddable":true,"href":"https:\/\/lyonbondyblog.fr\/LBB\/wp-json\/wp\/v2\/comments?post=3730"}],"version-history":[{"count":0,"href":"https:\/\/lyonbondyblog.fr\/LBB\/wp-json\/wp\/v2\/posts\/3730\/revisions"}],"wp:attachment":[{"href":"https:\/\/lyonbondyblog.fr\/LBB\/wp-json\/wp\/v2\/media?parent=3730"}],"wp:term":[{"taxonomy":"category","embeddable":true,"href":"https:\/\/lyonbondyblog.fr\/LBB\/wp-json\/wp\/v2\/categories?post=3730"},{"taxonomy":"post_tag","embeddable":true,"href":"https:\/\/lyonbondyblog.fr\/LBB\/wp-json\/wp\/v2\/tags?post=3730"}],"curies":[{"name":"wp","href":"https:\/\/api.w.org\/{rel}","templated":true}]}}