{"id":37272,"date":"2025-10-30T17:46:11","date_gmt":"2025-10-30T16:46:11","guid":{"rendered":"https:\/\/lyonbondyblog.fr\/LBB\/?p=37272"},"modified":"2025-10-30T17:59:23","modified_gmt":"2025-10-30T16:59:23","slug":"asul-vaulx-en-velin-handball-un-club-feminin-engage","status":"publish","type":"post","link":"https:\/\/lyonbondyblog.fr\/LBB\/asul-vaulx-en-velin-handball-un-club-feminin-engage\/","title":{"rendered":"ASUL Vaulx-en-Velin Handball\u00a0: un club f\u00e9minin engag\u00e9"},"content":{"rendered":"\n<p><strong>Le club historique du handball f\u00e9minin lyonnais et vaudais entame la saison 2025-2026 avec un effectif renouvel\u00e9 et un nouvel entraineur. Le club poursuit ses projets sociaux et \u00e9ducatifs.<\/strong><\/p>\n\n\n\n<p><\/p>\n\n\n\n<p>L\u2019ASUL Vaulx-en-Velin Handball traverse une p\u00e9riode de transition apr\u00e8s le d\u00e9c\u00e8s, le 9 ao\u00fbt 2025, de sa pr\u00e9sidente historique <a href=\"https:\/\/www.asul.org\/post\/27d1571a\">\u00c9velyne Beccia<\/a>, figure embl\u00e9matique du handball lyonnais et vaudais. D\u00e9c\u00e9d\u00e9e \u00e0 74 ans, elle avait consacr\u00e9 plus de trente ans \u00e0 faire grandir le club, qu\u2019elle avait contribu\u00e9 \u00e0 hisser au plus haut niveau national. Dans le sillage de cette disparition, un profond renouvellement de l\u2019effectif a \u00e9t\u00e9 entrepris : pr\u00e8s de 80 % de l\u2019\u00e9quipe premi\u00e8re a \u00e9t\u00e9 reconstruite pour la saison 2025-2026, marquant un tournant et un nouveau souffle pour le club. Pour accompagner cette transition, <a href=\"https:\/\/www.asulvvhandball.com\/copie-de-focus-%C3%A9quipes-asso\">Geoffrey Terver<\/a> a \u00e9t\u00e9 nomm\u00e9 entra\u00eeneur de l\u2019\u00e9quipe D2F, reconnu pour son approche exigeante et sa connaissance du handball f\u00e9minin.<\/p>\n\n\n\n<p><strong>Un nouvel \u00e9lan sportif <\/strong><\/p>\n\n\n\n<p>Sur le plan sportif, l\u2019\u00e9quipe de D2F occupe actuellement la 5\u1d49 place du championnat. La saison pr\u00e9c\u00e9dente, elle avait termin\u00e9 8\u1d49 de sa poule avec 43 points. Le dernier match en date s\u2019est sold\u00e9 par une d\u00e9faite 25-21 face au Saint Gr\u00e9goire Rennes M\u00e9tropole Handball, et l\u2019\u00e9quipe affrontera l\u2019USAM N\u00eemes ce samedi 1er novembre \u00e0 20h au Palais des Sports Jean-Capi\u00e9vic. Les cat\u00e9gories jeunes montrent \u00e9galement de belles perspectives : <a href=\"https:\/\/scorenco.com\/hand\/clubs\/asul-vaulx-en-velin-2jj8\/1-u18-feminine-3dpg\">les -18 ans f\u00e9minines <\/a>sont actuellement 2\u1d49 de leur poule \u00ab\u202fDivision 1 AuRA \u2013 Poule 4\u202f\u00bb avec 6 points. Le co-pr\u00e9sident, Jalil Ziadi explique que l\u2019objectif est de \u00abatteindre le plus haut niveau et viser le haut du classement, principalement pour les \u00e9quipes -11, -13 et -15 ans\u202f\u00bb.<\/p>\n\n\n\n<p><strong>Une histoire enracin\u00e9e<\/strong><\/p>\n\n\n\n<p>L\u2019ASUL, ou Association Sportive Universitaire Lyonnaise, a \u00e9t\u00e9 cr\u00e9\u00e9e en 1935, avec la section handball qui voit le jour dix ans plus tard. Initialement mixte, le club s\u2019oriente progressivement vers le handball f\u00e9minin avant de devenir, \u00e0 la fin des ann\u00e9es 1980, une structure ind\u00e9pendante d\u00e9di\u00e9e aux femmes. Depuis, il est devenu un symbole du sport f\u00e9minin dans la r\u00e9gion lyonnaise, avec plus de quarante saisons au plus haut niveau national.<br>Le club repose sur un mod\u00e8le coop\u00e9ratif unique gr\u00e2ce \u00e0 sa Soci\u00e9t\u00e9 Coop\u00e9rative d\u2019Int\u00e9r\u00eat Collectif (SCIC) Esprit Sport Management, permettant d\u2019impliquer collectivit\u00e9s, entreprises locales, supporters et b\u00e9n\u00e9voles dans la gouvernance et la gestion du budget. \u00ab\u202fNous avons cr\u00e9\u00e9 cette structure pour d\u00e9velopper la partie commerciale, qui \u00e9tait assez limit\u00e9e sur l\u2019association. Cela nous a permis de passer d\u2019un budget de 400 000 \u20ac il y a 5-6 ans \u00e0 environ 700 000 \u20ac aujourd\u2019hui\u202f\u00bb, explique le co-pr\u00e9sident. Le club compte une quinzaine de b\u00e9n\u00e9voles et autant de salari\u00e9s, y compris les joueuses professionnelles, et totalise 220 licenci\u00e9es, exclusivement f\u00e9minines. Il demeure ainsi <strong>le seul club, f\u00e9minin ou masculin confondu \u00e0 \u00e9voluer \u00e0 un niveau national aussi \u00e9lev\u00e9 dans la r\u00e9gion lyonnaise<\/strong>.<\/p>\n\n\n\n<p><strong>Former, \u00e9duquer et ins\u00e9rer<\/strong><\/p>\n\n\n\n<p>Au-del\u00e0 du terrain, l\u2019ASUL revendique un r\u00f4le \u00e9ducatif et social fort. Le club accueille des joueuses d\u00e8s l\u2019\u00e2ge de six ans, et intervient \u00e9galement au coll\u00e8ge Pierre-Valdo, suivant les r\u00e9sultats scolaires et le comportement des jeunes filles licenci\u00e9es au club. Le co-pr\u00e9sident souligne : \u00ab\u202fNous portons clairement l\u2019identit\u00e9 Vaudaise, qui repr\u00e9sente notre club\u202f: inclusion, mixit\u00e9, tout le monde peut venir au club peu importe son origine, et tout le monde vient pour passer un bon moment, faire du sport et vivre des \u00e9motions ensemble\u202f\u00bb.<br>L\u2019association co-organise \u00e9galement, en partenariat avec France Travail, le projet <strong>\u00ab<\/strong><strong>\u202fDu stade vers l<\/strong><strong>\u2019emploi<\/strong><strong>\u202f<\/strong><strong>\u00bb<\/strong>, qui permet aux participants demandeur d\u2019emploi de rencontrer des recruteurs lors d\u2019une matin\u00e9e sportive ou chaque participant est anonymis\u00e9, suivie d\u2019un job dating. Plusieurs entreprises y participent, telles que Lidl, Keolis, Temporis ou encore Transport Besson, pour cr\u00e9er du lien entre recruteur et candidat dans un cadre diff\u00e9rent d\u2019un entretien classique. \u00ab\u202fC\u2019est une mani\u00e8re de valoriser les comp\u00e9tences autrement et de cr\u00e9er du lien social\u202f\u00bb, pr\u00e9cise le co-pr\u00e9sident.<\/p>\n\n\n\n<p>Bas\u00e9 au Palais des Sports Jean-Capi\u00e9vic, l\u2019ASUL Vaulx-en-Velin est profond\u00e9ment enracin\u00e9 dans la ville et se veut un symbole de coh\u00e9sion sociale. Dans une commune souvent confront\u00e9e \u00e0 des difficult\u00e9s, le club offre un espace de r\u00e9ussite, de partage et d\u2019\u00e9mancipation par le sport. L\u2019objectif de l\u2019\u00e9quipe D2F cette saison est de terminer dans la premi\u00e8re partie du tableau, au minimum \u00e0 la 5\u1d49 place.<\/p>\n\n\n\n<p><strong>Article sign\u00e9e par Hydaya Qadwimi.<\/strong><\/p>\n<!-- AddThis Advanced Settings generic via filter on the_content --><!-- AddThis Share Buttons generic via filter on the_content -->","protected":false},"excerpt":{"rendered":"<p>Le club historique du handball f\u00e9minin lyonnais et vaudais entame la saison 2025-2026 avec un effectif renouvel\u00e9 et un nouvel entraineur. Le club poursuit ses &hellip; <!-- AddThis Advanced Settings generic via filter on wp_trim_excerpt --><!-- AddThis Share Buttons generic via filter on wp_trim_excerpt --><\/p>\n","protected":false},"author":1,"featured_media":37273,"comment_status":"open","ping_status":"open","sticky":true,"template":"","format":"standard","meta":{"_FSMCFIC_featured_image_caption":"","_FSMCFIC_featured_image_nocaption":"","_FSMCFIC_featured_image_hide":"","footnotes":""},"categories":[3890,28434,2862,22674,3891],"tags":[2569,654,29,1424],"class_list":["post-37272","post","type-post","status-publish","format-standard","has-post-thumbnail","hentry","category-handball","category-jeunesse-ecologie","category-sport","category-sport-feminin","category-vaulx-en-velin","tag-asul-vaulx-en-velin","tag-handball","tag-sport","tag-sport-feminin"],"yoast_head":"<!-- This site is optimized with the Yoast SEO plugin v22.8 - https:\/\/yoast.com\/wordpress\/plugins\/seo\/ -->\n<title>ASUL Vaulx-en-Velin Handball\u00a0: un club f\u00e9minin engag\u00e9 - Lyon Bondy Blog<\/title>\n<meta name=\"robots\" content=\"index, follow, max-snippet:-1, max-image-preview:large, max-video-preview:-1\" \/>\n<link rel=\"canonical\" href=\"https:\/\/lyonbondyblog.fr\/LBB\/asul-vaulx-en-velin-handball-un-club-feminin-engage\/\" \/>\n<meta property=\"og:locale\" content=\"fr_FR\" \/>\n<meta property=\"og:type\" content=\"article\" \/>\n<meta property=\"og:title\" content=\"ASUL Vaulx-en-Velin Handball\u00a0: un club f\u00e9minin engag\u00e9 - Lyon Bondy Blog\" \/>\n<meta property=\"og:description\" content=\"Le club historique du handball f\u00e9minin lyonnais et vaudais entame la saison 2025-2026 avec un effectif renouvel\u00e9 et un nouvel entraineur. Le club poursuit ses &hellip;\" \/>\n<meta property=\"og:url\" content=\"https:\/\/lyonbondyblog.fr\/LBB\/asul-vaulx-en-velin-handball-un-club-feminin-engage\/\" \/>\n<meta property=\"og:site_name\" content=\"Lyon Bondy Blog\" \/>\n<meta property=\"article:publisher\" content=\"https:\/\/www.facebook.com\/lyonbondyblog\" \/>\n<meta property=\"article:author\" content=\"https:\/\/www.facebook.com\/lyonbondyblog\" \/>\n<meta property=\"article:published_time\" content=\"2025-10-30T16:46:11+00:00\" \/>\n<meta property=\"article:modified_time\" content=\"2025-10-30T16:59:23+00:00\" \/>\n<meta property=\"og:image\" content=\"https:\/\/lyonbondyblog.fr\/LBB\/wp-content\/uploads\/2025\/10\/Capture-decran_30-10-2025_172741_www.instagram.com_.jpeg\" \/>\n\t<meta property=\"og:image:width\" content=\"738\" \/>\n\t<meta property=\"og:image:height\" content=\"493\" \/>\n\t<meta property=\"og:image:type\" content=\"image\/jpeg\" \/>\n<meta name=\"author\" content=\"La r\u00e9daction\" \/>\n<meta name=\"twitter:card\" content=\"summary_large_image\" \/>\n<meta name=\"twitter:creator\" content=\"@BondyBlogLyon\" \/>\n<meta name=\"twitter:site\" content=\"@bondybloglyon\" \/>\n<script type=\"application\/ld+json\" class=\"yoast-schema-graph\">{\"@context\":\"https:\/\/schema.org\",\"@graph\":[{\"@type\":\"Article\",\"@id\":\"https:\/\/lyonbondyblog.fr\/LBB\/asul-vaulx-en-velin-handball-un-club-feminin-engage\/#article\",\"isPartOf\":{\"@id\":\"https:\/\/lyonbondyblog.fr\/LBB\/asul-vaulx-en-velin-handball-un-club-feminin-engage\/\"},\"author\":{\"name\":\"La r\u00e9daction\",\"@id\":\"https:\/\/lyonbondyblog.fr\/LBB\/#\/schema\/person\/e45f8d27baac75072daa0be50c409b25\"},\"headline\":\"ASUL Vaulx-en-Velin Handball\u00a0: un club f\u00e9minin engag\u00e9\",\"datePublished\":\"2025-10-30T16:46:11+00:00\",\"dateModified\":\"2025-10-30T16:59:23+00:00\",\"mainEntityOfPage\":{\"@id\":\"https:\/\/lyonbondyblog.fr\/LBB\/asul-vaulx-en-velin-handball-un-club-feminin-engage\/\"},\"wordCount\":786,\"commentCount\":0,\"publisher\":{\"@id\":\"https:\/\/lyonbondyblog.fr\/LBB\/#organization\"},\"image\":{\"@id\":\"https:\/\/lyonbondyblog.fr\/LBB\/asul-vaulx-en-velin-handball-un-club-feminin-engage\/#primaryimage\"},\"thumbnailUrl\":\"https:\/\/lyonbondyblog.fr\/LBB\/wp-content\/uploads\/2025\/10\/Capture-decran_30-10-2025_172741_www.instagram.com_.jpeg\",\"keywords\":[\"ASUL Vaulx-en-Velin\",\"handball\",\"sport\",\"Sport f\u00e9minin\"],\"articleSection\":[\"Handball\",\"Jeunesse\",\"Sport\",\"Sport f\u00e9minin\",\"Vaulx-en-Velin\"],\"inLanguage\":\"fr-FR\",\"potentialAction\":[{\"@type\":\"CommentAction\",\"name\":\"Comment\",\"target\":[\"https:\/\/lyonbondyblog.fr\/LBB\/asul-vaulx-en-velin-handball-un-club-feminin-engage\/#respond\"]}]},{\"@type\":\"WebPage\",\"@id\":\"https:\/\/lyonbondyblog.fr\/LBB\/asul-vaulx-en-velin-handball-un-club-feminin-engage\/\",\"url\":\"https:\/\/lyonbondyblog.fr\/LBB\/asul-vaulx-en-velin-handball-un-club-feminin-engage\/\",\"name\":\"ASUL Vaulx-en-Velin Handball\u00a0: un club f\u00e9minin engag\u00e9 - Lyon Bondy Blog\",\"isPartOf\":{\"@id\":\"https:\/\/lyonbondyblog.fr\/LBB\/#website\"},\"primaryImageOfPage\":{\"@id\":\"https:\/\/lyonbondyblog.fr\/LBB\/asul-vaulx-en-velin-handball-un-club-feminin-engage\/#primaryimage\"},\"image\":{\"@id\":\"https:\/\/lyonbondyblog.fr\/LBB\/asul-vaulx-en-velin-handball-un-club-feminin-engage\/#primaryimage\"},\"thumbnailUrl\":\"https:\/\/lyonbondyblog.fr\/LBB\/wp-content\/uploads\/2025\/10\/Capture-decran_30-10-2025_172741_www.instagram.com_.jpeg\",\"datePublished\":\"2025-10-30T16:46:11+00:00\",\"dateModified\":\"2025-10-30T16:59:23+00:00\",\"inLanguage\":\"fr-FR\",\"potentialAction\":[{\"@type\":\"ReadAction\",\"target\":[\"https:\/\/lyonbondyblog.fr\/LBB\/asul-vaulx-en-velin-handball-un-club-feminin-engage\/\"]}]},{\"@type\":\"ImageObject\",\"inLanguage\":\"fr-FR\",\"@id\":\"https:\/\/lyonbondyblog.fr\/LBB\/asul-vaulx-en-velin-handball-un-club-feminin-engage\/#primaryimage\",\"url\":\"https:\/\/lyonbondyblog.fr\/LBB\/wp-content\/uploads\/2025\/10\/Capture-decran_30-10-2025_172741_www.instagram.com_.jpeg\",\"contentUrl\":\"https:\/\/lyonbondyblog.fr\/LBB\/wp-content\/uploads\/2025\/10\/Capture-decran_30-10-2025_172741_www.instagram.com_.jpeg\",\"width\":738,\"height\":493},{\"@type\":\"WebSite\",\"@id\":\"https:\/\/lyonbondyblog.fr\/LBB\/#website\",\"url\":\"https:\/\/lyonbondyblog.fr\/LBB\/\",\"name\":\"Lyon Bondy Blog\",\"description\":\"\",\"publisher\":{\"@id\":\"https:\/\/lyonbondyblog.fr\/LBB\/#organization\"},\"potentialAction\":[{\"@type\":\"SearchAction\",\"target\":{\"@type\":\"EntryPoint\",\"urlTemplate\":\"https:\/\/lyonbondyblog.fr\/LBB\/?s={search_term_string}\"},\"query-input\":\"required name=search_term_string\"}],\"inLanguage\":\"fr-FR\"},{\"@type\":\"Organization\",\"@id\":\"https:\/\/lyonbondyblog.fr\/LBB\/#organization\",\"name\":\"LYON BONDY BLOG\",\"url\":\"https:\/\/lyonbondyblog.fr\/LBB\/\",\"logo\":{\"@type\":\"ImageObject\",\"inLanguage\":\"fr-FR\",\"@id\":\"https:\/\/lyonbondyblog.fr\/LBB\/#\/schema\/logo\/image\/\",\"url\":\"http:\/\/lyonbondyblog.fr\/LBB\/wp-content\/uploads\/2014\/10\/logo-portable-144.png\",\"contentUrl\":\"http:\/\/lyonbondyblog.fr\/LBB\/wp-content\/uploads\/2014\/10\/logo-portable-144.png\",\"width\":144,\"height\":123,\"caption\":\"LYON BONDY BLOG\"},\"image\":{\"@id\":\"https:\/\/lyonbondyblog.fr\/LBB\/#\/schema\/logo\/image\/\"},\"sameAs\":[\"https:\/\/www.facebook.com\/lyonbondyblog\",\"https:\/\/x.com\/bondybloglyon\"]},{\"@type\":\"Person\",\"@id\":\"https:\/\/lyonbondyblog.fr\/LBB\/#\/schema\/person\/e45f8d27baac75072daa0be50c409b25\",\"name\":\"La r\u00e9daction\",\"description\":\"Cr\u00e9e en 2008, la r\u00e9daction du Lyon Bondy Blog s'applique \u00e0 proposer une information locale diff\u00e9rente et compl\u00e9mentaire des m\u00e9dias traditionnels.\",\"sameAs\":[\"https:\/\/www.facebook.com\/lyonbondyblog\",\"https:\/\/x.com\/BondyBlogLyon\"],\"url\":\"https:\/\/lyonbondyblog.fr\/LBB\/author\/admin\/\"}]}<\/script>\n<!-- \/ Yoast SEO plugin. -->","yoast_head_json":{"title":"ASUL Vaulx-en-Velin Handball\u00a0: un club f\u00e9minin engag\u00e9 - Lyon Bondy Blog","robots":{"index":"index","follow":"follow","max-snippet":"max-snippet:-1","max-image-preview":"max-image-preview:large","max-video-preview":"max-video-preview:-1"},"canonical":"https:\/\/lyonbondyblog.fr\/LBB\/asul-vaulx-en-velin-handball-un-club-feminin-engage\/","og_locale":"fr_FR","og_type":"article","og_title":"ASUL Vaulx-en-Velin Handball\u00a0: un club f\u00e9minin engag\u00e9 - Lyon Bondy Blog","og_description":"Le club historique du handball f\u00e9minin lyonnais et vaudais entame la saison 2025-2026 avec un effectif renouvel\u00e9 et un nouvel entraineur. Le club poursuit ses &hellip;","og_url":"https:\/\/lyonbondyblog.fr\/LBB\/asul-vaulx-en-velin-handball-un-club-feminin-engage\/","og_site_name":"Lyon Bondy Blog","article_publisher":"https:\/\/www.facebook.com\/lyonbondyblog","article_author":"https:\/\/www.facebook.com\/lyonbondyblog","article_published_time":"2025-10-30T16:46:11+00:00","article_modified_time":"2025-10-30T16:59:23+00:00","og_image":[{"width":738,"height":493,"url":"https:\/\/lyonbondyblog.fr\/LBB\/wp-content\/uploads\/2025\/10\/Capture-decran_30-10-2025_172741_www.instagram.com_.jpeg","type":"image\/jpeg"}],"author":"La r\u00e9daction","twitter_card":"summary_large_image","twitter_creator":"@BondyBlogLyon","twitter_site":"@bondybloglyon","schema":{"@context":"https:\/\/schema.org","@graph":[{"@type":"Article","@id":"https:\/\/lyonbondyblog.fr\/LBB\/asul-vaulx-en-velin-handball-un-club-feminin-engage\/#article","isPartOf":{"@id":"https:\/\/lyonbondyblog.fr\/LBB\/asul-vaulx-en-velin-handball-un-club-feminin-engage\/"},"author":{"name":"La r\u00e9daction","@id":"https:\/\/lyonbondyblog.fr\/LBB\/#\/schema\/person\/e45f8d27baac75072daa0be50c409b25"},"headline":"ASUL Vaulx-en-Velin Handball\u00a0: un club f\u00e9minin engag\u00e9","datePublished":"2025-10-30T16:46:11+00:00","dateModified":"2025-10-30T16:59:23+00:00","mainEntityOfPage":{"@id":"https:\/\/lyonbondyblog.fr\/LBB\/asul-vaulx-en-velin-handball-un-club-feminin-engage\/"},"wordCount":786,"commentCount":0,"publisher":{"@id":"https:\/\/lyonbondyblog.fr\/LBB\/#organization"},"image":{"@id":"https:\/\/lyonbondyblog.fr\/LBB\/asul-vaulx-en-velin-handball-un-club-feminin-engage\/#primaryimage"},"thumbnailUrl":"https:\/\/lyonbondyblog.fr\/LBB\/wp-content\/uploads\/2025\/10\/Capture-decran_30-10-2025_172741_www.instagram.com_.jpeg","keywords":["ASUL Vaulx-en-Velin","handball","sport","Sport f\u00e9minin"],"articleSection":["Handball","Jeunesse","Sport","Sport f\u00e9minin","Vaulx-en-Velin"],"inLanguage":"fr-FR","potentialAction":[{"@type":"CommentAction","name":"Comment","target":["https:\/\/lyonbondyblog.fr\/LBB\/asul-vaulx-en-velin-handball-un-club-feminin-engage\/#respond"]}]},{"@type":"WebPage","@id":"https:\/\/lyonbondyblog.fr\/LBB\/asul-vaulx-en-velin-handball-un-club-feminin-engage\/","url":"https:\/\/lyonbondyblog.fr\/LBB\/asul-vaulx-en-velin-handball-un-club-feminin-engage\/","name":"ASUL Vaulx-en-Velin Handball\u00a0: un club f\u00e9minin engag\u00e9 - Lyon Bondy Blog","isPartOf":{"@id":"https:\/\/lyonbondyblog.fr\/LBB\/#website"},"primaryImageOfPage":{"@id":"https:\/\/lyonbondyblog.fr\/LBB\/asul-vaulx-en-velin-handball-un-club-feminin-engage\/#primaryimage"},"image":{"@id":"https:\/\/lyonbondyblog.fr\/LBB\/asul-vaulx-en-velin-handball-un-club-feminin-engage\/#primaryimage"},"thumbnailUrl":"https:\/\/lyonbondyblog.fr\/LBB\/wp-content\/uploads\/2025\/10\/Capture-decran_30-10-2025_172741_www.instagram.com_.jpeg","datePublished":"2025-10-30T16:46:11+00:00","dateModified":"2025-10-30T16:59:23+00:00","inLanguage":"fr-FR","potentialAction":[{"@type":"ReadAction","target":["https:\/\/lyonbondyblog.fr\/LBB\/asul-vaulx-en-velin-handball-un-club-feminin-engage\/"]}]},{"@type":"ImageObject","inLanguage":"fr-FR","@id":"https:\/\/lyonbondyblog.fr\/LBB\/asul-vaulx-en-velin-handball-un-club-feminin-engage\/#primaryimage","url":"https:\/\/lyonbondyblog.fr\/LBB\/wp-content\/uploads\/2025\/10\/Capture-decran_30-10-2025_172741_www.instagram.com_.jpeg","contentUrl":"https:\/\/lyonbondyblog.fr\/LBB\/wp-content\/uploads\/2025\/10\/Capture-decran_30-10-2025_172741_www.instagram.com_.jpeg","width":738,"height":493},{"@type":"WebSite","@id":"https:\/\/lyonbondyblog.fr\/LBB\/#website","url":"https:\/\/lyonbondyblog.fr\/LBB\/","name":"Lyon Bondy Blog","description":"","publisher":{"@id":"https:\/\/lyonbondyblog.fr\/LBB\/#organization"},"potentialAction":[{"@type":"SearchAction","target":{"@type":"EntryPoint","urlTemplate":"https:\/\/lyonbondyblog.fr\/LBB\/?s={search_term_string}"},"query-input":"required name=search_term_string"}],"inLanguage":"fr-FR"},{"@type":"Organization","@id":"https:\/\/lyonbondyblog.fr\/LBB\/#organization","name":"LYON BONDY BLOG","url":"https:\/\/lyonbondyblog.fr\/LBB\/","logo":{"@type":"ImageObject","inLanguage":"fr-FR","@id":"https:\/\/lyonbondyblog.fr\/LBB\/#\/schema\/logo\/image\/","url":"http:\/\/lyonbondyblog.fr\/LBB\/wp-content\/uploads\/2014\/10\/logo-portable-144.png","contentUrl":"http:\/\/lyonbondyblog.fr\/LBB\/wp-content\/uploads\/2014\/10\/logo-portable-144.png","width":144,"height":123,"caption":"LYON BONDY BLOG"},"image":{"@id":"https:\/\/lyonbondyblog.fr\/LBB\/#\/schema\/logo\/image\/"},"sameAs":["https:\/\/www.facebook.com\/lyonbondyblog","https:\/\/x.com\/bondybloglyon"]},{"@type":"Person","@id":"https:\/\/lyonbondyblog.fr\/LBB\/#\/schema\/person\/e45f8d27baac75072daa0be50c409b25","name":"La r\u00e9daction","description":"Cr\u00e9e en 2008, la r\u00e9daction du Lyon Bondy Blog s'applique \u00e0 proposer une information locale diff\u00e9rente et compl\u00e9mentaire des m\u00e9dias traditionnels.","sameAs":["https:\/\/www.facebook.com\/lyonbondyblog","https:\/\/x.com\/BondyBlogLyon"],"url":"https:\/\/lyonbondyblog.fr\/LBB\/author\/admin\/"}]}},"_links":{"self":[{"href":"https:\/\/lyonbondyblog.fr\/LBB\/wp-json\/wp\/v2\/posts\/37272","targetHints":{"allow":["GET"]}}],"collection":[{"href":"https:\/\/lyonbondyblog.fr\/LBB\/wp-json\/wp\/v2\/posts"}],"about":[{"href":"https:\/\/lyonbondyblog.fr\/LBB\/wp-json\/wp\/v2\/types\/post"}],"author":[{"embeddable":true,"href":"https:\/\/lyonbondyblog.fr\/LBB\/wp-json\/wp\/v2\/users\/1"}],"replies":[{"embeddable":true,"href":"https:\/\/lyonbondyblog.fr\/LBB\/wp-json\/wp\/v2\/comments?post=37272"}],"version-history":[{"count":4,"href":"https:\/\/lyonbondyblog.fr\/LBB\/wp-json\/wp\/v2\/posts\/37272\/revisions"}],"predecessor-version":[{"id":37278,"href":"https:\/\/lyonbondyblog.fr\/LBB\/wp-json\/wp\/v2\/posts\/37272\/revisions\/37278"}],"wp:featuredmedia":[{"embeddable":true,"href":"https:\/\/lyonbondyblog.fr\/LBB\/wp-json\/wp\/v2\/media\/37273"}],"wp:attachment":[{"href":"https:\/\/lyonbondyblog.fr\/LBB\/wp-json\/wp\/v2\/media?parent=37272"}],"wp:term":[{"taxonomy":"category","embeddable":true,"href":"https:\/\/lyonbondyblog.fr\/LBB\/wp-json\/wp\/v2\/categories?post=37272"},{"taxonomy":"post_tag","embeddable":true,"href":"https:\/\/lyonbondyblog.fr\/LBB\/wp-json\/wp\/v2\/tags?post=37272"}],"curies":[{"name":"wp","href":"https:\/\/api.w.org\/{rel}","templated":true}]}}