{"id":37264,"date":"2025-10-29T15:06:22","date_gmt":"2025-10-29T14:06:22","guid":{"rendered":"https:\/\/lyonbondyblog.fr\/LBB\/?p=37264"},"modified":"2025-10-29T15:15:50","modified_gmt":"2025-10-29T14:15:50","slug":"les-jeunes-ados-du-centre-social-louis-braille-developpent-une-application","status":"publish","type":"post","link":"https:\/\/lyonbondyblog.fr\/LBB\/les-jeunes-ados-du-centre-social-louis-braille-developpent-une-application\/","title":{"rendered":"Les jeunes ados du centre social Louis Braille d\u00e9veloppent une application"},"content":{"rendered":"\n<p><strong>Durant trois jours, le Lyon Bondy Blog est intervenu au centre social Louis Braille pour d\u00e9velopper et trouver des partenaires pour faire \u00e9voluer leur application. Petit rappel du travail.<\/strong><\/p>\n\n\n\n<p>Lundi matin, nous avons fait un travail oral pour d\u00e9marcher les entreprises. L\u2019atelier \u00e9tait de s&rsquo;entra\u00eener \u00e0 \u00e9crire un speech pour convaincre les entreprises \u00e0 devenir partenaire de l\u2019application. Les ados ont cr\u00e9\u00e9 une liste d\u2019entreprises san-priotes \u00e0 d\u00e9marcher comme les collectivit\u00e9s locales comme la Mairie, le Th\u00e9\u00e2tre, la mission locale et diff\u00e9rentes entreprises comme les opticiens, fleuristes ou d\u2019autres commerces pr\u00e9sents sur la ville de Saint-Priest, pour qu\u2019ils adh\u00e8rent au projet.<\/p>\n\n\n\n<p>Mardi matin, nous avons fait un travail directement sur le terrain pour qu\u2019on communique notre projet aux entreprises pour qu\u2019il adh\u00e8re \u00e0 notre projet en tant que partenaire.<\/p>\n\n\n\n<p>Certaines entreprises prennent des stagiaires donc on esp\u00e8re qu\u2019ils jouent le jeu en se mettant sur l\u2019application en tant que partenaire.<\/p>\n\n\n\n<p>Pour conclure ces trois jours les jeunes on fait un travail pour envoyer les mails aux entreprises qu\u2019ils n\u2019ont pas pu rencontrer mardi pour qu\u2019ils adh\u00e8rent \u00e0 l\u2019application et faire une vid\u00e9o pour expliquer l&rsquo; utilit\u00e9 de l\u2019application.<\/p>\n\n\n\n<p>La finalit\u00e9 de ces jours de travail est que les entreprises locales de Saint-Priest prennent part au projet du centre social Louis Braille. Nous recherchons activement des partenaires sur Saint-Priest, pour simplement aider des jeunes \u00e0 trouver un stage.<\/p>\n\n\n\n<p><strong>Article sign\u00e9 par Fran\u00e7oise Fouda jeune du centre social Louis Braille<\/strong>.<\/p>\n\n\n\n<p><\/p>\n<!-- AddThis Advanced Settings generic via filter on the_content --><!-- AddThis Share Buttons generic via filter on the_content -->","protected":false},"excerpt":{"rendered":"<p>Durant trois jours, le Lyon Bondy Blog est intervenu au centre social Louis Braille pour d\u00e9velopper et trouver des partenaires pour faire \u00e9voluer leur application. &hellip; <!-- AddThis Advanced Settings generic via filter on wp_trim_excerpt --><!-- AddThis Share Buttons generic via filter on wp_trim_excerpt --><\/p>\n","protected":false},"author":1,"featured_media":37265,"comment_status":"open","ping_status":"open","sticky":true,"template":"","format":"standard","meta":{"_FSMCFIC_featured_image_caption":"","_FSMCFIC_featured_image_nocaption":"","_FSMCFIC_featured_image_hide":"","footnotes":""},"categories":[3517,28434,27059,13014],"tags":[28635,522,589,28296,10423],"class_list":["post-37264","post","type-post","status-publish","format-standard","has-post-thumbnail","hentry","category-education","category-jeunesse-ecologie","category-numerique","category-saint-priest","tag-application","tag-jeunesse","tag-numerique","tag-saint-priest-2","tag-stage"],"yoast_head":"<!-- This site is optimized with the Yoast SEO plugin v22.8 - https:\/\/yoast.com\/wordpress\/plugins\/seo\/ -->\n<title>Les jeunes ados du centre social Louis Braille d\u00e9veloppent une application - Lyon Bondy Blog<\/title>\n<meta name=\"robots\" content=\"index, follow, max-snippet:-1, max-image-preview:large, max-video-preview:-1\" \/>\n<link rel=\"canonical\" href=\"https:\/\/lyonbondyblog.fr\/LBB\/les-jeunes-ados-du-centre-social-louis-braille-developpent-une-application\/\" \/>\n<meta property=\"og:locale\" content=\"fr_FR\" \/>\n<meta property=\"og:type\" content=\"article\" \/>\n<meta property=\"og:title\" content=\"Les jeunes ados du centre social Louis Braille d\u00e9veloppent une application - Lyon Bondy Blog\" \/>\n<meta property=\"og:description\" content=\"Durant trois jours, le Lyon Bondy Blog est intervenu au centre social Louis Braille pour d\u00e9velopper et trouver des partenaires pour faire \u00e9voluer leur application. &hellip;\" \/>\n<meta property=\"og:url\" content=\"https:\/\/lyonbondyblog.fr\/LBB\/les-jeunes-ados-du-centre-social-louis-braille-developpent-une-application\/\" \/>\n<meta property=\"og:site_name\" content=\"Lyon Bondy Blog\" \/>\n<meta property=\"article:publisher\" content=\"https:\/\/www.facebook.com\/lyonbondyblog\" \/>\n<meta property=\"article:author\" content=\"https:\/\/www.facebook.com\/lyonbondyblog\" \/>\n<meta property=\"article:published_time\" content=\"2025-10-29T14:06:22+00:00\" \/>\n<meta property=\"article:modified_time\" content=\"2025-10-29T14:15:50+00:00\" \/>\n<meta property=\"og:image\" content=\"https:\/\/lyonbondyblog.fr\/LBB\/wp-content\/uploads\/2014\/10\/Bandeau-Site-V2-011-2.jpg\" \/>\n\t<meta property=\"og:image:width\" content=\"851\" \/>\n\t<meta property=\"og:image:height\" content=\"200\" \/>\n\t<meta property=\"og:image:type\" content=\"image\/jpeg\" \/>\n<meta name=\"author\" content=\"La r\u00e9daction\" \/>\n<meta name=\"twitter:card\" content=\"summary_large_image\" \/>\n<meta name=\"twitter:creator\" content=\"@BondyBlogLyon\" \/>\n<meta name=\"twitter:site\" content=\"@bondybloglyon\" \/>\n<script type=\"application\/ld+json\" class=\"yoast-schema-graph\">{\"@context\":\"https:\/\/schema.org\",\"@graph\":[{\"@type\":\"Article\",\"@id\":\"https:\/\/lyonbondyblog.fr\/LBB\/les-jeunes-ados-du-centre-social-louis-braille-developpent-une-application\/#article\",\"isPartOf\":{\"@id\":\"https:\/\/lyonbondyblog.fr\/LBB\/les-jeunes-ados-du-centre-social-louis-braille-developpent-une-application\/\"},\"author\":{\"name\":\"La r\u00e9daction\",\"@id\":\"https:\/\/lyonbondyblog.fr\/LBB\/#\/schema\/person\/e45f8d27baac75072daa0be50c409b25\"},\"headline\":\"Les jeunes ados du centre social Louis Braille d\u00e9veloppent une application\",\"datePublished\":\"2025-10-29T14:06:22+00:00\",\"dateModified\":\"2025-10-29T14:15:50+00:00\",\"mainEntityOfPage\":{\"@id\":\"https:\/\/lyonbondyblog.fr\/LBB\/les-jeunes-ados-du-centre-social-louis-braille-developpent-une-application\/\"},\"wordCount\":272,\"commentCount\":0,\"publisher\":{\"@id\":\"https:\/\/lyonbondyblog.fr\/LBB\/#organization\"},\"image\":{\"@id\":\"https:\/\/lyonbondyblog.fr\/LBB\/les-jeunes-ados-du-centre-social-louis-braille-developpent-une-application\/#primaryimage\"},\"thumbnailUrl\":\"https:\/\/lyonbondyblog.fr\/LBB\/wp-content\/uploads\/2025\/10\/trouve-ton-stage-pdf.jpg\",\"keywords\":[\"application\",\"jeunesse\",\"num\u00e9rique\",\"saint priest\",\"Stage\"],\"articleSection\":[\"Education\",\"Jeunesse\",\"Num\u00e9rique\",\"Saint Priest\"],\"inLanguage\":\"fr-FR\",\"potentialAction\":[{\"@type\":\"CommentAction\",\"name\":\"Comment\",\"target\":[\"https:\/\/lyonbondyblog.fr\/LBB\/les-jeunes-ados-du-centre-social-louis-braille-developpent-une-application\/#respond\"]}]},{\"@type\":\"WebPage\",\"@id\":\"https:\/\/lyonbondyblog.fr\/LBB\/les-jeunes-ados-du-centre-social-louis-braille-developpent-une-application\/\",\"url\":\"https:\/\/lyonbondyblog.fr\/LBB\/les-jeunes-ados-du-centre-social-louis-braille-developpent-une-application\/\",\"name\":\"Les jeunes ados du centre social Louis Braille d\u00e9veloppent une application - Lyon Bondy Blog\",\"isPartOf\":{\"@id\":\"https:\/\/lyonbondyblog.fr\/LBB\/#website\"},\"primaryImageOfPage\":{\"@id\":\"https:\/\/lyonbondyblog.fr\/LBB\/les-jeunes-ados-du-centre-social-louis-braille-developpent-une-application\/#primaryimage\"},\"image\":{\"@id\":\"https:\/\/lyonbondyblog.fr\/LBB\/les-jeunes-ados-du-centre-social-louis-braille-developpent-une-application\/#primaryimage\"},\"thumbnailUrl\":\"https:\/\/lyonbondyblog.fr\/LBB\/wp-content\/uploads\/2025\/10\/trouve-ton-stage-pdf.jpg\",\"datePublished\":\"2025-10-29T14:06:22+00:00\",\"dateModified\":\"2025-10-29T14:15:50+00:00\",\"inLanguage\":\"fr-FR\",\"potentialAction\":[{\"@type\":\"ReadAction\",\"target\":[\"https:\/\/lyonbondyblog.fr\/LBB\/les-jeunes-ados-du-centre-social-louis-braille-developpent-une-application\/\"]}]},{\"@type\":\"ImageObject\",\"inLanguage\":\"fr-FR\",\"@id\":\"https:\/\/lyonbondyblog.fr\/LBB\/les-jeunes-ados-du-centre-social-louis-braille-developpent-une-application\/#primaryimage\",\"url\":\"https:\/\/lyonbondyblog.fr\/LBB\/wp-content\/uploads\/2025\/10\/trouve-ton-stage-pdf.jpg\",\"contentUrl\":\"https:\/\/lyonbondyblog.fr\/LBB\/wp-content\/uploads\/2025\/10\/trouve-ton-stage-pdf.jpg\"},{\"@type\":\"WebSite\",\"@id\":\"https:\/\/lyonbondyblog.fr\/LBB\/#website\",\"url\":\"https:\/\/lyonbondyblog.fr\/LBB\/\",\"name\":\"Lyon Bondy Blog\",\"description\":\"\",\"publisher\":{\"@id\":\"https:\/\/lyonbondyblog.fr\/LBB\/#organization\"},\"potentialAction\":[{\"@type\":\"SearchAction\",\"target\":{\"@type\":\"EntryPoint\",\"urlTemplate\":\"https:\/\/lyonbondyblog.fr\/LBB\/?s={search_term_string}\"},\"query-input\":\"required name=search_term_string\"}],\"inLanguage\":\"fr-FR\"},{\"@type\":\"Organization\",\"@id\":\"https:\/\/lyonbondyblog.fr\/LBB\/#organization\",\"name\":\"LYON BONDY BLOG\",\"url\":\"https:\/\/lyonbondyblog.fr\/LBB\/\",\"logo\":{\"@type\":\"ImageObject\",\"inLanguage\":\"fr-FR\",\"@id\":\"https:\/\/lyonbondyblog.fr\/LBB\/#\/schema\/logo\/image\/\",\"url\":\"http:\/\/lyonbondyblog.fr\/LBB\/wp-content\/uploads\/2014\/10\/logo-portable-144.png\",\"contentUrl\":\"http:\/\/lyonbondyblog.fr\/LBB\/wp-content\/uploads\/2014\/10\/logo-portable-144.png\",\"width\":144,\"height\":123,\"caption\":\"LYON BONDY BLOG\"},\"image\":{\"@id\":\"https:\/\/lyonbondyblog.fr\/LBB\/#\/schema\/logo\/image\/\"},\"sameAs\":[\"https:\/\/www.facebook.com\/lyonbondyblog\",\"https:\/\/x.com\/bondybloglyon\"]},{\"@type\":\"Person\",\"@id\":\"https:\/\/lyonbondyblog.fr\/LBB\/#\/schema\/person\/e45f8d27baac75072daa0be50c409b25\",\"name\":\"La r\u00e9daction\",\"description\":\"Cr\u00e9e en 2008, la r\u00e9daction du Lyon Bondy Blog s'applique \u00e0 proposer une information locale diff\u00e9rente et compl\u00e9mentaire des m\u00e9dias traditionnels.\",\"sameAs\":[\"https:\/\/www.facebook.com\/lyonbondyblog\",\"https:\/\/x.com\/BondyBlogLyon\"],\"url\":\"https:\/\/lyonbondyblog.fr\/LBB\/author\/admin\/\"}]}<\/script>\n<!-- \/ Yoast SEO plugin. -->","yoast_head_json":{"title":"Les jeunes ados du centre social Louis Braille d\u00e9veloppent une application - Lyon Bondy Blog","robots":{"index":"index","follow":"follow","max-snippet":"max-snippet:-1","max-image-preview":"max-image-preview:large","max-video-preview":"max-video-preview:-1"},"canonical":"https:\/\/lyonbondyblog.fr\/LBB\/les-jeunes-ados-du-centre-social-louis-braille-developpent-une-application\/","og_locale":"fr_FR","og_type":"article","og_title":"Les jeunes ados du centre social Louis Braille d\u00e9veloppent une application - Lyon Bondy Blog","og_description":"Durant trois jours, le Lyon Bondy Blog est intervenu au centre social Louis Braille pour d\u00e9velopper et trouver des partenaires pour faire \u00e9voluer leur application. &hellip;","og_url":"https:\/\/lyonbondyblog.fr\/LBB\/les-jeunes-ados-du-centre-social-louis-braille-developpent-une-application\/","og_site_name":"Lyon Bondy Blog","article_publisher":"https:\/\/www.facebook.com\/lyonbondyblog","article_author":"https:\/\/www.facebook.com\/lyonbondyblog","article_published_time":"2025-10-29T14:06:22+00:00","article_modified_time":"2025-10-29T14:15:50+00:00","og_image":[{"width":851,"height":200,"url":"https:\/\/lyonbondyblog.fr\/LBB\/wp-content\/uploads\/2014\/10\/Bandeau-Site-V2-011-2.jpg","type":"image\/jpeg"}],"author":"La r\u00e9daction","twitter_card":"summary_large_image","twitter_creator":"@BondyBlogLyon","twitter_site":"@bondybloglyon","schema":{"@context":"https:\/\/schema.org","@graph":[{"@type":"Article","@id":"https:\/\/lyonbondyblog.fr\/LBB\/les-jeunes-ados-du-centre-social-louis-braille-developpent-une-application\/#article","isPartOf":{"@id":"https:\/\/lyonbondyblog.fr\/LBB\/les-jeunes-ados-du-centre-social-louis-braille-developpent-une-application\/"},"author":{"name":"La r\u00e9daction","@id":"https:\/\/lyonbondyblog.fr\/LBB\/#\/schema\/person\/e45f8d27baac75072daa0be50c409b25"},"headline":"Les jeunes ados du centre social Louis Braille d\u00e9veloppent une application","datePublished":"2025-10-29T14:06:22+00:00","dateModified":"2025-10-29T14:15:50+00:00","mainEntityOfPage":{"@id":"https:\/\/lyonbondyblog.fr\/LBB\/les-jeunes-ados-du-centre-social-louis-braille-developpent-une-application\/"},"wordCount":272,"commentCount":0,"publisher":{"@id":"https:\/\/lyonbondyblog.fr\/LBB\/#organization"},"image":{"@id":"https:\/\/lyonbondyblog.fr\/LBB\/les-jeunes-ados-du-centre-social-louis-braille-developpent-une-application\/#primaryimage"},"thumbnailUrl":"https:\/\/lyonbondyblog.fr\/LBB\/wp-content\/uploads\/2025\/10\/trouve-ton-stage-pdf.jpg","keywords":["application","jeunesse","num\u00e9rique","saint priest","Stage"],"articleSection":["Education","Jeunesse","Num\u00e9rique","Saint Priest"],"inLanguage":"fr-FR","potentialAction":[{"@type":"CommentAction","name":"Comment","target":["https:\/\/lyonbondyblog.fr\/LBB\/les-jeunes-ados-du-centre-social-louis-braille-developpent-une-application\/#respond"]}]},{"@type":"WebPage","@id":"https:\/\/lyonbondyblog.fr\/LBB\/les-jeunes-ados-du-centre-social-louis-braille-developpent-une-application\/","url":"https:\/\/lyonbondyblog.fr\/LBB\/les-jeunes-ados-du-centre-social-louis-braille-developpent-une-application\/","name":"Les jeunes ados du centre social Louis Braille d\u00e9veloppent une application - Lyon Bondy Blog","isPartOf":{"@id":"https:\/\/lyonbondyblog.fr\/LBB\/#website"},"primaryImageOfPage":{"@id":"https:\/\/lyonbondyblog.fr\/LBB\/les-jeunes-ados-du-centre-social-louis-braille-developpent-une-application\/#primaryimage"},"image":{"@id":"https:\/\/lyonbondyblog.fr\/LBB\/les-jeunes-ados-du-centre-social-louis-braille-developpent-une-application\/#primaryimage"},"thumbnailUrl":"https:\/\/lyonbondyblog.fr\/LBB\/wp-content\/uploads\/2025\/10\/trouve-ton-stage-pdf.jpg","datePublished":"2025-10-29T14:06:22+00:00","dateModified":"2025-10-29T14:15:50+00:00","inLanguage":"fr-FR","potentialAction":[{"@type":"ReadAction","target":["https:\/\/lyonbondyblog.fr\/LBB\/les-jeunes-ados-du-centre-social-louis-braille-developpent-une-application\/"]}]},{"@type":"ImageObject","inLanguage":"fr-FR","@id":"https:\/\/lyonbondyblog.fr\/LBB\/les-jeunes-ados-du-centre-social-louis-braille-developpent-une-application\/#primaryimage","url":"https:\/\/lyonbondyblog.fr\/LBB\/wp-content\/uploads\/2025\/10\/trouve-ton-stage-pdf.jpg","contentUrl":"https:\/\/lyonbondyblog.fr\/LBB\/wp-content\/uploads\/2025\/10\/trouve-ton-stage-pdf.jpg"},{"@type":"WebSite","@id":"https:\/\/lyonbondyblog.fr\/LBB\/#website","url":"https:\/\/lyonbondyblog.fr\/LBB\/","name":"Lyon Bondy Blog","description":"","publisher":{"@id":"https:\/\/lyonbondyblog.fr\/LBB\/#organization"},"potentialAction":[{"@type":"SearchAction","target":{"@type":"EntryPoint","urlTemplate":"https:\/\/lyonbondyblog.fr\/LBB\/?s={search_term_string}"},"query-input":"required name=search_term_string"}],"inLanguage":"fr-FR"},{"@type":"Organization","@id":"https:\/\/lyonbondyblog.fr\/LBB\/#organization","name":"LYON BONDY BLOG","url":"https:\/\/lyonbondyblog.fr\/LBB\/","logo":{"@type":"ImageObject","inLanguage":"fr-FR","@id":"https:\/\/lyonbondyblog.fr\/LBB\/#\/schema\/logo\/image\/","url":"http:\/\/lyonbondyblog.fr\/LBB\/wp-content\/uploads\/2014\/10\/logo-portable-144.png","contentUrl":"http:\/\/lyonbondyblog.fr\/LBB\/wp-content\/uploads\/2014\/10\/logo-portable-144.png","width":144,"height":123,"caption":"LYON BONDY BLOG"},"image":{"@id":"https:\/\/lyonbondyblog.fr\/LBB\/#\/schema\/logo\/image\/"},"sameAs":["https:\/\/www.facebook.com\/lyonbondyblog","https:\/\/x.com\/bondybloglyon"]},{"@type":"Person","@id":"https:\/\/lyonbondyblog.fr\/LBB\/#\/schema\/person\/e45f8d27baac75072daa0be50c409b25","name":"La r\u00e9daction","description":"Cr\u00e9e en 2008, la r\u00e9daction du Lyon Bondy Blog s'applique \u00e0 proposer une information locale diff\u00e9rente et compl\u00e9mentaire des m\u00e9dias traditionnels.","sameAs":["https:\/\/www.facebook.com\/lyonbondyblog","https:\/\/x.com\/BondyBlogLyon"],"url":"https:\/\/lyonbondyblog.fr\/LBB\/author\/admin\/"}]}},"_links":{"self":[{"href":"https:\/\/lyonbondyblog.fr\/LBB\/wp-json\/wp\/v2\/posts\/37264","targetHints":{"allow":["GET"]}}],"collection":[{"href":"https:\/\/lyonbondyblog.fr\/LBB\/wp-json\/wp\/v2\/posts"}],"about":[{"href":"https:\/\/lyonbondyblog.fr\/LBB\/wp-json\/wp\/v2\/types\/post"}],"author":[{"embeddable":true,"href":"https:\/\/lyonbondyblog.fr\/LBB\/wp-json\/wp\/v2\/users\/1"}],"replies":[{"embeddable":true,"href":"https:\/\/lyonbondyblog.fr\/LBB\/wp-json\/wp\/v2\/comments?post=37264"}],"version-history":[{"count":2,"href":"https:\/\/lyonbondyblog.fr\/LBB\/wp-json\/wp\/v2\/posts\/37264\/revisions"}],"predecessor-version":[{"id":37267,"href":"https:\/\/lyonbondyblog.fr\/LBB\/wp-json\/wp\/v2\/posts\/37264\/revisions\/37267"}],"wp:featuredmedia":[{"embeddable":true,"href":"https:\/\/lyonbondyblog.fr\/LBB\/wp-json\/wp\/v2\/media\/37265"}],"wp:attachment":[{"href":"https:\/\/lyonbondyblog.fr\/LBB\/wp-json\/wp\/v2\/media?parent=37264"}],"wp:term":[{"taxonomy":"category","embeddable":true,"href":"https:\/\/lyonbondyblog.fr\/LBB\/wp-json\/wp\/v2\/categories?post=37264"},{"taxonomy":"post_tag","embeddable":true,"href":"https:\/\/lyonbondyblog.fr\/LBB\/wp-json\/wp\/v2\/tags?post=37264"}],"curies":[{"name":"wp","href":"https:\/\/api.w.org\/{rel}","templated":true}]}}