{"id":37259,"date":"2025-10-29T09:55:01","date_gmt":"2025-10-29T08:55:01","guid":{"rendered":"https:\/\/lyonbondyblog.fr\/LBB\/?p=37259"},"modified":"2025-10-29T09:59:18","modified_gmt":"2025-10-29T08:59:18","slug":"perrache-evacuation-dun-campement-a-quelques-semaines-du-marche-de-noel","status":"publish","type":"post","link":"https:\/\/lyonbondyblog.fr\/LBB\/perrache-evacuation-dun-campement-a-quelques-semaines-du-marche-de-noel\/","title":{"rendered":"Perrache : \u00e9vacuation d\u2019un campement \u00e0 quelques semaines du march\u00e9 de No\u00ebl"},"content":{"rendered":"\n<p><strong>Les forces de l\u2019ordre ont proc\u00e9d\u00e9 ce mardi 21 octobre 2025 \u00e0 l\u2019\u00e9vacuation d\u2019un campement de fortune install\u00e9 sous les vo\u00fbtes de la gare de Lyon-Perrache (2\u1d49 arr.), \u00e0 la demande de la M\u00e9tropole de Lyon. Un \u00e9v\u00e8nement qui t\u00e9moigne d\u2019une dure r\u00e9alit\u00e9 sociale.<\/strong><\/p>\n\n\n\n<p>Le site abritait environ 25 personnes, principalement des hommes, vivant dans tentes et abris de fortune. Cinq occupants, \u00e2g\u00e9s de 20 \u00e0 41 ans et de nationalit\u00e9s alg\u00e9rienne, marocaine, tunisienne et \u00e9gyptienne, ont \u00e9t\u00e9 identifi\u00e9s en situation irr\u00e9guli\u00e8re et remis \u00e0 la Police aux fronti\u00e8res (PAF).<\/p>\n\n\n\n<p>Les autres occupants ont \u00e9t\u00e9 pris en charge en vue d\u2019une solution de relogement. La M\u00e9tropole pr\u00e9voit d\u2019installer des dispositifs de protection pour emp\u00eacher <a href=\"https:\/\/actu.fr\/auvergne-rhone-alpes\/lyon_69123\/lyon-un-campement-de-sdf-evacue-pour-le-marche-de-noel-un-scandale-monte-de-toute-piece_61905211.html\">toute r\u00e9installation \u00e0 cet emplacement.<\/a><\/p>\n\n\n\n<p><strong>Chaque ann\u00e9e, le m\u00eame constat : les plus pr\u00e9caires d\u00e9plac\u00e9s<\/strong><\/p>\n\n\n\n<p>L\u2019ann\u00e9e pr\u00e9c\u00e9dente, le 21 novembre 2024, un campement de personnes sans-abri avait d\u00e9j\u00e0 \u00e9t\u00e9 \u00e9vacu\u00e9 \u00e0 Lyon en amont du march\u00e9 de No\u00ebl, signe d\u2019un sch\u00e9ma d\u2019intervention r\u00e9current. \u00c0 Lyon, les op\u00e9rations d\u2019\u00e9vacuation de campements pr\u00e9caires co\u00efncident r\u00e9guli\u00e8rement avec l\u2019installation du march\u00e9 de No\u00ebl sur la place Carnot, qui d\u00e9bute cette ann\u00e9e le 29 novembre. Il est situ\u00e9 \u00e0 quelques m\u00e8tres seulement des vo\u00fbtes de Perrache, sur la place Carnot dans le 2<sup>\u00e8me<\/sup> arrondissement. Chaque automne, \u00e0 l\u2019approche de cet \u00e9v\u00e9nement embl\u00e9matique qui attire des milliers de visiteurs, les autorit\u00e9s proc\u00e8dent \u00e0 des \u00ab remises en ordre \u00bb de l\u2019espace public.<br>Si la M\u00e9tropole et la pr\u00e9fecture justifient ces interventions par des raisons de s\u00e9curit\u00e9 et de salubrit\u00e9, leur calendrier interroge, tandis que la place Carnot s\u2019illuminera pour c\u00e9l\u00e9brer la magie de No\u00ebl, la question sociale, elle, reste dans l\u2019ombre.<\/p>\n\n\n\n<p><strong>Des chiffres qui t\u00e9moignent d\u2019une pr\u00e9carit\u00e9 persistante<\/strong><\/p>\n\n\n\n<p>Les \u00e9vacuations r\u00e9p\u00e9t\u00e9es de campements de fortune \u00e0 Lyon ne sont pas des faits isol\u00e9s : elles refl\u00e8tent une r\u00e9alit\u00e9 sociale profonde. Selon <a href=\"https:\/\/www.insee.fr\/fr\/statistiques\/1281024\">l\u2019INSEE,<\/a> 3,5 millions de personnes en France sont mal log\u00e9es ou sans domicile fixe. Cette pr\u00e9carit\u00e9 touche aussi les personnes sous Obligation de quitter le territoire fran\u00e7ais (OQTF).<a href=\"https:\/\/www.ifrap.org\/etat-et-collectivites\/retours-force-la-frontiere-et-oqtf-le-bilan-chiffre?utm_source=chatgpt.com\"> En 2022<\/a>, 134\u202f280 OQTF ont \u00e9t\u00e9 prononc\u00e9es, mais seules 6,8\u202f% ont abouti \u00e0 une mesure effective d\u2019\u00e9loignement, laissant un grand nombre d\u2019individus dans une situation administrative et sociale tr\u00e8s fragile, souvent sans acc\u00e8s au logement.<\/p>\n\n\n\n<p>\u00c0 Lyon, ces chiffres prennent une dimension concr\u00e8te : les campements de fortune, comme celui \u00e9vacu\u00e9 sous les vo\u00fbtes de la gare Perrache, ou bien celui situ\u00e9 sous le pont de la gare Jean Mac\u00e9 qui abritais 40 tentes et 50 \u00e0 150 personnes, sont le reflet visible de cette crise structurelle du logement. Le manque d\u2019alternatives conduit des centaines de personnes \u00e0 vivre dans des conditions pr\u00e9caires, parfois \u00e0 proximit\u00e9 des grands \u00e9v\u00e9nements festifs ou touristiques de la ville.<\/p>\n\n\n\n<p><strong>Une mobilisation face \u00e0 ces situations d\u2019urgence<\/strong><\/p>\n\n\n\n<p>Plusieurs association et collectif m\u00e8nent ainsi des actions pour lutter contre ces \u00e9v\u00e8nements et proposer des solutions viables pour les personnes sans-abri et plus largement les personnes en situation de pr\u00e9carit\u00e9. \u00c0 Lyon, l\u2019association Alynea, Samu social se mobilisent et en 2024, elle a accompagn\u00e9 quelque 9 700 personnes, dont 5 000 sans-abris, et assur\u00e9 chaque nuit l\u2019h\u00e9bergement d\u2019environ 900 individus.<\/p>\n\n\n\n<p><strong>Article sign\u00e9e par Hydaya Qadwimi <\/strong><\/p>\n\n\n\n<p><\/p>\n<!-- AddThis Advanced Settings generic via filter on the_content --><!-- AddThis Share Buttons generic via filter on the_content -->","protected":false},"excerpt":{"rendered":"<p>Les forces de l\u2019ordre ont proc\u00e9d\u00e9 ce mardi 21 octobre 2025 \u00e0 l\u2019\u00e9vacuation d\u2019un campement de fortune install\u00e9 sous les vo\u00fbtes de la gare de &hellip; <!-- AddThis Advanced Settings generic via filter on wp_trim_excerpt --><!-- AddThis Share Buttons generic via filter on wp_trim_excerpt --><\/p>\n","protected":false},"author":1,"featured_media":37261,"comment_status":"open","ping_status":"open","sticky":true,"template":"","format":"standard","meta":{"_FSMCFIC_featured_image_caption":"","_FSMCFIC_featured_image_nocaption":"","_FSMCFIC_featured_image_hide":"","footnotes":""},"categories":[23076,23073,28432,22015,6442,6189,18153,6506],"tags":[435,10,3883,28634,1102,1081,373],"class_list":["post-37259","post","type-post","status-publish","format-standard","has-post-thumbnail","hentry","category-logement","category-logement-durgence","category-lyon-handicap","category-metropole","category-migrants","category-sans-abris","category-social","category-solidarite","tag-association","tag-lyon-2","tag-migrant","tag-perrache","tag-sans-abris","tag-social","tag-solidarite"],"yoast_head":"<!-- This site is optimized with the Yoast SEO plugin v22.8 - https:\/\/yoast.com\/wordpress\/plugins\/seo\/ -->\n<title>Perrache : \u00e9vacuation d\u2019un campement \u00e0 quelques semaines du march\u00e9 de No\u00ebl - Lyon Bondy Blog<\/title>\n<meta name=\"robots\" content=\"index, follow, max-snippet:-1, max-image-preview:large, max-video-preview:-1\" \/>\n<link rel=\"canonical\" href=\"https:\/\/lyonbondyblog.fr\/LBB\/perrache-evacuation-dun-campement-a-quelques-semaines-du-marche-de-noel\/\" \/>\n<meta property=\"og:locale\" content=\"fr_FR\" \/>\n<meta property=\"og:type\" content=\"article\" \/>\n<meta property=\"og:title\" content=\"Perrache : \u00e9vacuation d\u2019un campement \u00e0 quelques semaines du march\u00e9 de No\u00ebl - Lyon Bondy Blog\" \/>\n<meta property=\"og:description\" content=\"Les forces de l\u2019ordre ont proc\u00e9d\u00e9 ce mardi 21 octobre 2025 \u00e0 l\u2019\u00e9vacuation d\u2019un campement de fortune install\u00e9 sous les vo\u00fbtes de la gare de &hellip;\" \/>\n<meta property=\"og:url\" content=\"https:\/\/lyonbondyblog.fr\/LBB\/perrache-evacuation-dun-campement-a-quelques-semaines-du-marche-de-noel\/\" \/>\n<meta property=\"og:site_name\" content=\"Lyon Bondy Blog\" \/>\n<meta property=\"article:publisher\" content=\"https:\/\/www.facebook.com\/lyonbondyblog\" \/>\n<meta property=\"article:author\" content=\"https:\/\/www.facebook.com\/lyonbondyblog\" \/>\n<meta property=\"article:published_time\" content=\"2025-10-29T08:55:01+00:00\" \/>\n<meta property=\"article:modified_time\" content=\"2025-10-29T08:59:18+00:00\" \/>\n<meta property=\"og:image\" content=\"https:\/\/lyonbondyblog.fr\/LBB\/wp-content\/uploads\/2025\/10\/Capture-decran_29-10-2025_9519_www.istockphoto.com_.jpeg\" \/>\n\t<meta property=\"og:image:width\" content=\"533\" \/>\n\t<meta property=\"og:image:height\" content=\"362\" \/>\n\t<meta property=\"og:image:type\" content=\"image\/jpeg\" \/>\n<meta name=\"author\" content=\"La r\u00e9daction\" \/>\n<meta name=\"twitter:card\" content=\"summary_large_image\" \/>\n<meta name=\"twitter:creator\" content=\"@BondyBlogLyon\" \/>\n<meta name=\"twitter:site\" content=\"@bondybloglyon\" \/>\n<script type=\"application\/ld+json\" class=\"yoast-schema-graph\">{\"@context\":\"https:\/\/schema.org\",\"@graph\":[{\"@type\":\"Article\",\"@id\":\"https:\/\/lyonbondyblog.fr\/LBB\/perrache-evacuation-dun-campement-a-quelques-semaines-du-marche-de-noel\/#article\",\"isPartOf\":{\"@id\":\"https:\/\/lyonbondyblog.fr\/LBB\/perrache-evacuation-dun-campement-a-quelques-semaines-du-marche-de-noel\/\"},\"author\":{\"name\":\"La r\u00e9daction\",\"@id\":\"https:\/\/lyonbondyblog.fr\/LBB\/#\/schema\/person\/e45f8d27baac75072daa0be50c409b25\"},\"headline\":\"Perrache : \u00e9vacuation d\u2019un campement \u00e0 quelques semaines du march\u00e9 de No\u00ebl\",\"datePublished\":\"2025-10-29T08:55:01+00:00\",\"dateModified\":\"2025-10-29T08:59:18+00:00\",\"mainEntityOfPage\":{\"@id\":\"https:\/\/lyonbondyblog.fr\/LBB\/perrache-evacuation-dun-campement-a-quelques-semaines-du-marche-de-noel\/\"},\"wordCount\":578,\"commentCount\":0,\"publisher\":{\"@id\":\"https:\/\/lyonbondyblog.fr\/LBB\/#organization\"},\"image\":{\"@id\":\"https:\/\/lyonbondyblog.fr\/LBB\/perrache-evacuation-dun-campement-a-quelques-semaines-du-marche-de-noel\/#primaryimage\"},\"thumbnailUrl\":\"https:\/\/lyonbondyblog.fr\/LBB\/wp-content\/uploads\/2025\/10\/Capture-decran_29-10-2025_9519_www.istockphoto.com_.jpeg\",\"keywords\":[\"association\",\"lyon\",\"Migrant\",\"perrache\",\"Sans-abris\",\"social\",\"solidarit\u00e9\"],\"articleSection\":[\"Logement\",\"Logement d\u2019urgence\",\"Lyon\",\"M\u00e9tropole\",\"Migrants\",\"Sans-abris\",\"Social\",\"Solidarit\u00e9\"],\"inLanguage\":\"fr-FR\",\"potentialAction\":[{\"@type\":\"CommentAction\",\"name\":\"Comment\",\"target\":[\"https:\/\/lyonbondyblog.fr\/LBB\/perrache-evacuation-dun-campement-a-quelques-semaines-du-marche-de-noel\/#respond\"]}]},{\"@type\":\"WebPage\",\"@id\":\"https:\/\/lyonbondyblog.fr\/LBB\/perrache-evacuation-dun-campement-a-quelques-semaines-du-marche-de-noel\/\",\"url\":\"https:\/\/lyonbondyblog.fr\/LBB\/perrache-evacuation-dun-campement-a-quelques-semaines-du-marche-de-noel\/\",\"name\":\"Perrache : \u00e9vacuation d\u2019un campement \u00e0 quelques semaines du march\u00e9 de No\u00ebl - Lyon Bondy Blog\",\"isPartOf\":{\"@id\":\"https:\/\/lyonbondyblog.fr\/LBB\/#website\"},\"primaryImageOfPage\":{\"@id\":\"https:\/\/lyonbondyblog.fr\/LBB\/perrache-evacuation-dun-campement-a-quelques-semaines-du-marche-de-noel\/#primaryimage\"},\"image\":{\"@id\":\"https:\/\/lyonbondyblog.fr\/LBB\/perrache-evacuation-dun-campement-a-quelques-semaines-du-marche-de-noel\/#primaryimage\"},\"thumbnailUrl\":\"https:\/\/lyonbondyblog.fr\/LBB\/wp-content\/uploads\/2025\/10\/Capture-decran_29-10-2025_9519_www.istockphoto.com_.jpeg\",\"datePublished\":\"2025-10-29T08:55:01+00:00\",\"dateModified\":\"2025-10-29T08:59:18+00:00\",\"inLanguage\":\"fr-FR\",\"potentialAction\":[{\"@type\":\"ReadAction\",\"target\":[\"https:\/\/lyonbondyblog.fr\/LBB\/perrache-evacuation-dun-campement-a-quelques-semaines-du-marche-de-noel\/\"]}]},{\"@type\":\"ImageObject\",\"inLanguage\":\"fr-FR\",\"@id\":\"https:\/\/lyonbondyblog.fr\/LBB\/perrache-evacuation-dun-campement-a-quelques-semaines-du-marche-de-noel\/#primaryimage\",\"url\":\"https:\/\/lyonbondyblog.fr\/LBB\/wp-content\/uploads\/2025\/10\/Capture-decran_29-10-2025_9519_www.istockphoto.com_.jpeg\",\"contentUrl\":\"https:\/\/lyonbondyblog.fr\/LBB\/wp-content\/uploads\/2025\/10\/Capture-decran_29-10-2025_9519_www.istockphoto.com_.jpeg\",\"width\":533,\"height\":362},{\"@type\":\"WebSite\",\"@id\":\"https:\/\/lyonbondyblog.fr\/LBB\/#website\",\"url\":\"https:\/\/lyonbondyblog.fr\/LBB\/\",\"name\":\"Lyon Bondy Blog\",\"description\":\"\",\"publisher\":{\"@id\":\"https:\/\/lyonbondyblog.fr\/LBB\/#organization\"},\"potentialAction\":[{\"@type\":\"SearchAction\",\"target\":{\"@type\":\"EntryPoint\",\"urlTemplate\":\"https:\/\/lyonbondyblog.fr\/LBB\/?s={search_term_string}\"},\"query-input\":\"required name=search_term_string\"}],\"inLanguage\":\"fr-FR\"},{\"@type\":\"Organization\",\"@id\":\"https:\/\/lyonbondyblog.fr\/LBB\/#organization\",\"name\":\"LYON BONDY BLOG\",\"url\":\"https:\/\/lyonbondyblog.fr\/LBB\/\",\"logo\":{\"@type\":\"ImageObject\",\"inLanguage\":\"fr-FR\",\"@id\":\"https:\/\/lyonbondyblog.fr\/LBB\/#\/schema\/logo\/image\/\",\"url\":\"http:\/\/lyonbondyblog.fr\/LBB\/wp-content\/uploads\/2014\/10\/logo-portable-144.png\",\"contentUrl\":\"http:\/\/lyonbondyblog.fr\/LBB\/wp-content\/uploads\/2014\/10\/logo-portable-144.png\",\"width\":144,\"height\":123,\"caption\":\"LYON BONDY BLOG\"},\"image\":{\"@id\":\"https:\/\/lyonbondyblog.fr\/LBB\/#\/schema\/logo\/image\/\"},\"sameAs\":[\"https:\/\/www.facebook.com\/lyonbondyblog\",\"https:\/\/x.com\/bondybloglyon\"]},{\"@type\":\"Person\",\"@id\":\"https:\/\/lyonbondyblog.fr\/LBB\/#\/schema\/person\/e45f8d27baac75072daa0be50c409b25\",\"name\":\"La r\u00e9daction\",\"description\":\"Cr\u00e9e en 2008, la r\u00e9daction du Lyon Bondy Blog s'applique \u00e0 proposer une information locale diff\u00e9rente et compl\u00e9mentaire des m\u00e9dias traditionnels.\",\"sameAs\":[\"https:\/\/www.facebook.com\/lyonbondyblog\",\"https:\/\/x.com\/BondyBlogLyon\"],\"url\":\"https:\/\/lyonbondyblog.fr\/LBB\/author\/admin\/\"}]}<\/script>\n<!-- \/ Yoast SEO plugin. -->","yoast_head_json":{"title":"Perrache : \u00e9vacuation d\u2019un campement \u00e0 quelques semaines du march\u00e9 de No\u00ebl - Lyon Bondy Blog","robots":{"index":"index","follow":"follow","max-snippet":"max-snippet:-1","max-image-preview":"max-image-preview:large","max-video-preview":"max-video-preview:-1"},"canonical":"https:\/\/lyonbondyblog.fr\/LBB\/perrache-evacuation-dun-campement-a-quelques-semaines-du-marche-de-noel\/","og_locale":"fr_FR","og_type":"article","og_title":"Perrache : \u00e9vacuation d\u2019un campement \u00e0 quelques semaines du march\u00e9 de No\u00ebl - Lyon Bondy Blog","og_description":"Les forces de l\u2019ordre ont proc\u00e9d\u00e9 ce mardi 21 octobre 2025 \u00e0 l\u2019\u00e9vacuation d\u2019un campement de fortune install\u00e9 sous les vo\u00fbtes de la gare de &hellip;","og_url":"https:\/\/lyonbondyblog.fr\/LBB\/perrache-evacuation-dun-campement-a-quelques-semaines-du-marche-de-noel\/","og_site_name":"Lyon Bondy Blog","article_publisher":"https:\/\/www.facebook.com\/lyonbondyblog","article_author":"https:\/\/www.facebook.com\/lyonbondyblog","article_published_time":"2025-10-29T08:55:01+00:00","article_modified_time":"2025-10-29T08:59:18+00:00","og_image":[{"width":533,"height":362,"url":"https:\/\/lyonbondyblog.fr\/LBB\/wp-content\/uploads\/2025\/10\/Capture-decran_29-10-2025_9519_www.istockphoto.com_.jpeg","type":"image\/jpeg"}],"author":"La r\u00e9daction","twitter_card":"summary_large_image","twitter_creator":"@BondyBlogLyon","twitter_site":"@bondybloglyon","schema":{"@context":"https:\/\/schema.org","@graph":[{"@type":"Article","@id":"https:\/\/lyonbondyblog.fr\/LBB\/perrache-evacuation-dun-campement-a-quelques-semaines-du-marche-de-noel\/#article","isPartOf":{"@id":"https:\/\/lyonbondyblog.fr\/LBB\/perrache-evacuation-dun-campement-a-quelques-semaines-du-marche-de-noel\/"},"author":{"name":"La r\u00e9daction","@id":"https:\/\/lyonbondyblog.fr\/LBB\/#\/schema\/person\/e45f8d27baac75072daa0be50c409b25"},"headline":"Perrache : \u00e9vacuation d\u2019un campement \u00e0 quelques semaines du march\u00e9 de No\u00ebl","datePublished":"2025-10-29T08:55:01+00:00","dateModified":"2025-10-29T08:59:18+00:00","mainEntityOfPage":{"@id":"https:\/\/lyonbondyblog.fr\/LBB\/perrache-evacuation-dun-campement-a-quelques-semaines-du-marche-de-noel\/"},"wordCount":578,"commentCount":0,"publisher":{"@id":"https:\/\/lyonbondyblog.fr\/LBB\/#organization"},"image":{"@id":"https:\/\/lyonbondyblog.fr\/LBB\/perrache-evacuation-dun-campement-a-quelques-semaines-du-marche-de-noel\/#primaryimage"},"thumbnailUrl":"https:\/\/lyonbondyblog.fr\/LBB\/wp-content\/uploads\/2025\/10\/Capture-decran_29-10-2025_9519_www.istockphoto.com_.jpeg","keywords":["association","lyon","Migrant","perrache","Sans-abris","social","solidarit\u00e9"],"articleSection":["Logement","Logement d\u2019urgence","Lyon","M\u00e9tropole","Migrants","Sans-abris","Social","Solidarit\u00e9"],"inLanguage":"fr-FR","potentialAction":[{"@type":"CommentAction","name":"Comment","target":["https:\/\/lyonbondyblog.fr\/LBB\/perrache-evacuation-dun-campement-a-quelques-semaines-du-marche-de-noel\/#respond"]}]},{"@type":"WebPage","@id":"https:\/\/lyonbondyblog.fr\/LBB\/perrache-evacuation-dun-campement-a-quelques-semaines-du-marche-de-noel\/","url":"https:\/\/lyonbondyblog.fr\/LBB\/perrache-evacuation-dun-campement-a-quelques-semaines-du-marche-de-noel\/","name":"Perrache : \u00e9vacuation d\u2019un campement \u00e0 quelques semaines du march\u00e9 de No\u00ebl - Lyon Bondy Blog","isPartOf":{"@id":"https:\/\/lyonbondyblog.fr\/LBB\/#website"},"primaryImageOfPage":{"@id":"https:\/\/lyonbondyblog.fr\/LBB\/perrache-evacuation-dun-campement-a-quelques-semaines-du-marche-de-noel\/#primaryimage"},"image":{"@id":"https:\/\/lyonbondyblog.fr\/LBB\/perrache-evacuation-dun-campement-a-quelques-semaines-du-marche-de-noel\/#primaryimage"},"thumbnailUrl":"https:\/\/lyonbondyblog.fr\/LBB\/wp-content\/uploads\/2025\/10\/Capture-decran_29-10-2025_9519_www.istockphoto.com_.jpeg","datePublished":"2025-10-29T08:55:01+00:00","dateModified":"2025-10-29T08:59:18+00:00","inLanguage":"fr-FR","potentialAction":[{"@type":"ReadAction","target":["https:\/\/lyonbondyblog.fr\/LBB\/perrache-evacuation-dun-campement-a-quelques-semaines-du-marche-de-noel\/"]}]},{"@type":"ImageObject","inLanguage":"fr-FR","@id":"https:\/\/lyonbondyblog.fr\/LBB\/perrache-evacuation-dun-campement-a-quelques-semaines-du-marche-de-noel\/#primaryimage","url":"https:\/\/lyonbondyblog.fr\/LBB\/wp-content\/uploads\/2025\/10\/Capture-decran_29-10-2025_9519_www.istockphoto.com_.jpeg","contentUrl":"https:\/\/lyonbondyblog.fr\/LBB\/wp-content\/uploads\/2025\/10\/Capture-decran_29-10-2025_9519_www.istockphoto.com_.jpeg","width":533,"height":362},{"@type":"WebSite","@id":"https:\/\/lyonbondyblog.fr\/LBB\/#website","url":"https:\/\/lyonbondyblog.fr\/LBB\/","name":"Lyon Bondy Blog","description":"","publisher":{"@id":"https:\/\/lyonbondyblog.fr\/LBB\/#organization"},"potentialAction":[{"@type":"SearchAction","target":{"@type":"EntryPoint","urlTemplate":"https:\/\/lyonbondyblog.fr\/LBB\/?s={search_term_string}"},"query-input":"required name=search_term_string"}],"inLanguage":"fr-FR"},{"@type":"Organization","@id":"https:\/\/lyonbondyblog.fr\/LBB\/#organization","name":"LYON BONDY BLOG","url":"https:\/\/lyonbondyblog.fr\/LBB\/","logo":{"@type":"ImageObject","inLanguage":"fr-FR","@id":"https:\/\/lyonbondyblog.fr\/LBB\/#\/schema\/logo\/image\/","url":"http:\/\/lyonbondyblog.fr\/LBB\/wp-content\/uploads\/2014\/10\/logo-portable-144.png","contentUrl":"http:\/\/lyonbondyblog.fr\/LBB\/wp-content\/uploads\/2014\/10\/logo-portable-144.png","width":144,"height":123,"caption":"LYON BONDY BLOG"},"image":{"@id":"https:\/\/lyonbondyblog.fr\/LBB\/#\/schema\/logo\/image\/"},"sameAs":["https:\/\/www.facebook.com\/lyonbondyblog","https:\/\/x.com\/bondybloglyon"]},{"@type":"Person","@id":"https:\/\/lyonbondyblog.fr\/LBB\/#\/schema\/person\/e45f8d27baac75072daa0be50c409b25","name":"La r\u00e9daction","description":"Cr\u00e9e en 2008, la r\u00e9daction du Lyon Bondy Blog s'applique \u00e0 proposer une information locale diff\u00e9rente et compl\u00e9mentaire des m\u00e9dias traditionnels.","sameAs":["https:\/\/www.facebook.com\/lyonbondyblog","https:\/\/x.com\/BondyBlogLyon"],"url":"https:\/\/lyonbondyblog.fr\/LBB\/author\/admin\/"}]}},"_links":{"self":[{"href":"https:\/\/lyonbondyblog.fr\/LBB\/wp-json\/wp\/v2\/posts\/37259","targetHints":{"allow":["GET"]}}],"collection":[{"href":"https:\/\/lyonbondyblog.fr\/LBB\/wp-json\/wp\/v2\/posts"}],"about":[{"href":"https:\/\/lyonbondyblog.fr\/LBB\/wp-json\/wp\/v2\/types\/post"}],"author":[{"embeddable":true,"href":"https:\/\/lyonbondyblog.fr\/LBB\/wp-json\/wp\/v2\/users\/1"}],"replies":[{"embeddable":true,"href":"https:\/\/lyonbondyblog.fr\/LBB\/wp-json\/wp\/v2\/comments?post=37259"}],"version-history":[{"count":2,"href":"https:\/\/lyonbondyblog.fr\/LBB\/wp-json\/wp\/v2\/posts\/37259\/revisions"}],"predecessor-version":[{"id":37263,"href":"https:\/\/lyonbondyblog.fr\/LBB\/wp-json\/wp\/v2\/posts\/37259\/revisions\/37263"}],"wp:featuredmedia":[{"embeddable":true,"href":"https:\/\/lyonbondyblog.fr\/LBB\/wp-json\/wp\/v2\/media\/37261"}],"wp:attachment":[{"href":"https:\/\/lyonbondyblog.fr\/LBB\/wp-json\/wp\/v2\/media?parent=37259"}],"wp:term":[{"taxonomy":"category","embeddable":true,"href":"https:\/\/lyonbondyblog.fr\/LBB\/wp-json\/wp\/v2\/categories?post=37259"},{"taxonomy":"post_tag","embeddable":true,"href":"https:\/\/lyonbondyblog.fr\/LBB\/wp-json\/wp\/v2\/tags?post=37259"}],"curies":[{"name":"wp","href":"https:\/\/api.w.org\/{rel}","templated":true}]}}