{"id":37252,"date":"2025-10-28T12:01:33","date_gmt":"2025-10-28T11:01:33","guid":{"rendered":"https:\/\/lyonbondyblog.fr\/LBB\/?p=37252"},"modified":"2025-10-29T09:30:37","modified_gmt":"2025-10-29T08:30:37","slug":"le-parti-socialiste-relance-la-taxe-zucman-dans-un-budget-2026-sous-tension","status":"publish","type":"post","link":"https:\/\/lyonbondyblog.fr\/LBB\/le-parti-socialiste-relance-la-taxe-zucman-dans-un-budget-2026-sous-tension\/","title":{"rendered":"Le Parti socialiste relance la taxe Zucman dans un budget 2026 sous tension"},"content":{"rendered":"\n<p><strong>La taxe Zucman, nomm\u00e9e d\u2019apr\u00e8s l\u2019\u00e9conomiste <a href=\"https:\/\/www.ladepeche.fr\/2025\/10\/27\/decryptage-une-taxe-zucman-light-pourquoi-la-version-proposee-par-le-ps-fait-polemique-13017338.php\">Gabriel Zucman, propose un imp\u00f4t plancher sur les tr\u00e8s hauts patrimoines pour \u00ab r\u00e9tablir l\u2019\u00e9galit\u00e9 devant l\u2019imp\u00f4t \u00bb<\/a>. Initialement, <a href=\"https:\/\/www.lexpress.fr\/politique\/ps\/budget-2026-le-ps-maintient-la-pression-sur-lexecutif-autour-de-la-taxe-zucman-OGRTVVXZJBHIHLH4F2WDHXONAY\/?cmp_redirect=true\">le projet visait un taux de 2 % sur les fortunes<\/a> sup\u00e9rieures \u00e0 <a href=\"https:\/\/www.lemonde.fr\/politique\/article\/2025\/10\/26\/budget-2026-a-l-assemblee-nationale-les-debats-s-eternisent-reportant-l-examen-d-une-eventuelle-taxe-zucman_6649645_823448.html\">100 millions d\u2019euros. <\/a><\/strong><\/p>\n\n\n\n<p><\/p>\n\n\n\n<p><br>Apr\u00e8s son rejet par le S\u00e9nat en juin 2025, le Parti socialiste a relanc\u00e9 une version all\u00e9g\u00e9e : un rendement vis\u00e9 d\u2019environ 15 milliards d\u2019euros selon le PS, tout en restant ouverts \u00e0 un \u00ab \u00e9crin diff\u00e9rent \u00bb que celui de Zucman lui-m\u00eame. Le PS inscrit cette mesure dans ses revendications pour le budget 2026, la positionnant comme une condition de son soutien ou d\u2019un compromis budg\u00e9taire. La nouvelle version viserait les patrimoines d\u00e9passant les 10 millions d\u2019euros, avec un taux d\u2019imposition fix\u00e9 \u00e0 3 %.<br>Elle \u00e9pargnerait toutefois les entreprises familiales et innovantes, jug\u00e9es essentielles pour l\u2019\u00e9conomie nationale. D\u2019apr\u00e8s les estimations du Parti socialiste, cette mesure pourrait g\u00e9n\u00e9rer entre 5 et 7 milliards d\u2019euros de recettes.<\/p>\n\n\n\n<p><strong>Une proposition qui divise<\/strong><\/p>\n\n\n\n<p>Au sein de la gauche, la proposition de la taxe Zucman suscite des divisions profondes. Bien que le Parti socialiste (PS), La France insoumise (LFI), les \u00c9cologistes et le Parti communiste fran\u00e7ais (PCF) soutiennent l&rsquo;id\u00e9e d&rsquo;un imp\u00f4t minimum sur les tr\u00e8s hauts patrimoines, des divergences apparaissent quant \u00e0 sa mise en \u0153uvre. Certains estiment que la version all\u00e9g\u00e9e propos\u00e9e par le PS est insuffisante pour r\u00e9pondre aux enjeux de justice fiscale. D&rsquo;autres, comme LFI, consid\u00e8rent cette version comme un compromis trop faible. &nbsp;Sur le plateau du Grand Jury sur RTL, Mathilde Panot, d\u00e9put\u00e9e LFI a ainsi fustig\u00e9 samedi dernier l\u2019invention d\u2019une \u00ab\u00a0taxe Zucman hom\u00e9opathique, dilu\u00e9e au point qu\u2019elle ne servira plus \u00e0 rien\u00a0\u00bb.<\/p>\n\n\n\n<p>Au sein de la droite, les r\u00e9actions \u00e0 la taxe Zucman sont partag\u00e9es. Le Rassemblement national (RN) rejette fermement la version propos\u00e9e, estimant qu&rsquo;elle p\u00e9naliserait les entrepreneurs et risquerait de nuire \u00e0 l&rsquo;investissement. Marine Le Pen, a d\u00e9clar\u00e9 sur France Inter le 15\/10\/2025 qu&rsquo;elle \u00ab&nbsp;votera \u00e9videmment contre&nbsp;\u00bb cette proposition.&nbsp; En revanche, certains membres des R\u00e9publicains (LR) expriment des pr\u00e9occupations similaires, soulignant les risques d&rsquo;impact n\u00e9gatif sur l&rsquo;\u00e9conomie.<\/p>\n\n\n\n<p><strong>O\u00f9 en est le Projet de loi de finances 2026 (PLF 2026) ?<\/strong><\/p>\n\n\n\n<p>Le budget 2026 est d\u00e9sormais au c\u0153ur des d\u00e9bats. Plusieurs mesures de fond ont \u00e9t\u00e9 annonc\u00e9es voire adopt\u00e9es en commission. Le Premier ministre S\u00e9bastien Lecornu a annonc\u00e9 le 14 octobre 2025, la suspension de la r\u00e9forme des retraites jusqu\u2019\u00e0 l\u2019\u00e9lection pr\u00e9sidentielle de 2027. Cette d\u00e9cision, confirm\u00e9e dans le projet de loi de financement de la S\u00e9curit\u00e9 sociale (PLFSS) pour 2026, implique le gel de l\u2019\u00e2ge l\u00e9gal de d\u00e9part \u00e0 la retraite \u00e0 62 ans et 9 mois, ainsi que le maintien de la dur\u00e9e de cotisation \u00e0 170 trimestres jusqu\u2019en janvier 2028. Cette mesure, qui devrait co\u00fbter 100 millions d\u2019euros en 2026 et 1,4 milliard d\u2019euros en 2027. Toutefois, cette suspension suscite des critiques concernant son financement, jug\u00e9 in\u00e9quitable, notamment par les syndicats et les oppositions politiques. &nbsp;<\/p>\n\n\n\n<p><strong>S\u00e9curit\u00e9 sociale : d\u00e9ficit et mesures d\u2019\u00e9quilibre<\/strong><\/p>\n\n\n\n<p>Le projet de loi de financement de la S\u00e9curit\u00e9 sociale pour 2026 vise \u00e0 r\u00e9duire le d\u00e9ficit \u00e0 17,5 milliards d\u2019euros, avec un objectif d\u2019\u00e9quilibre en 2029. Pour y parvenir, le gouvernement pr\u00e9voit des \u00e9conomies sur les branches vieillesse et maladie, notamment par le gel des pensions de retraite et la non-revalorisation des prestations sociales en 2026.<\/p>\n\n\n\n<p><strong>APL : suppression pour les \u00e9tudiants \u00e9trangers non boursiers<\/strong><\/p>\n\n\n\n<p>Le projet de loi de finances pour 2026 pr\u00e9voit la suppression des Aides personnalis\u00e9es au logement (APL) pour les \u00e9tudiants \u00e9trangers hors Union europ\u00e9enne non boursiers. Cette mesure, confirm\u00e9e par le gouvernement, concerne environ 300 000 \u00e9tudiants et vise \u00e0 r\u00e9aliser des \u00e9conomies budg\u00e9taires. Toutefois, elle est vivement critiqu\u00e9e par les associations \u00e9tudiantes et de d\u00e9fense des droits humains, qui d\u00e9noncent une discrimination et un risque d\u2019aggravation de la pr\u00e9carit\u00e9 pour ces \u00e9tudiants, souvent d\u00e9j\u00e0 en situation difficile.<\/p>\n\n\n\n<p><strong>Article sign\u00e9e par Hydaya Qadwimi<\/strong><\/p>\n\n\n\n<p><\/p>\n<!-- AddThis Advanced Settings generic via filter on the_content --><!-- AddThis Share Buttons generic via filter on the_content -->","protected":false},"excerpt":{"rendered":"<p>La taxe Zucman, nomm\u00e9e d\u2019apr\u00e8s l\u2019\u00e9conomiste Gabriel Zucman, propose un imp\u00f4t plancher sur les tr\u00e8s hauts patrimoines pour \u00ab r\u00e9tablir l\u2019\u00e9galit\u00e9 devant l\u2019imp\u00f4t \u00bb. Initialement, &hellip; <!-- AddThis Advanced Settings generic via filter on wp_trim_excerpt --><!-- AddThis Share Buttons generic via filter on wp_trim_excerpt --><\/p>\n","protected":false},"author":33,"featured_media":37253,"comment_status":"open","ping_status":"open","sticky":true,"template":"","format":"standard","meta":{"_FSMCFIC_featured_image_caption":"","_FSMCFIC_featured_image_nocaption":"","_FSMCFIC_featured_image_hide":"","footnotes":""},"categories":[22675,6,6495],"tags":[1396,31,11,165,28292],"class_list":["post-37252","post","type-post","status-publish","format-standard","has-post-thumbnail","hentry","category-economie","category-politique","category-retraite","tag-budget","tag-economie","tag-france-2","tag-politique-2","tag-retraite"],"yoast_head":"<!-- This site is optimized with the Yoast SEO plugin v22.8 - https:\/\/yoast.com\/wordpress\/plugins\/seo\/ -->\n<title>Le Parti socialiste relance la taxe Zucman dans un budget 2026 sous tension - Lyon Bondy Blog<\/title>\n<meta name=\"robots\" content=\"index, follow, max-snippet:-1, max-image-preview:large, max-video-preview:-1\" \/>\n<link rel=\"canonical\" href=\"https:\/\/lyonbondyblog.fr\/LBB\/le-parti-socialiste-relance-la-taxe-zucman-dans-un-budget-2026-sous-tension\/\" \/>\n<meta property=\"og:locale\" content=\"fr_FR\" \/>\n<meta property=\"og:type\" content=\"article\" \/>\n<meta property=\"og:title\" content=\"Le Parti socialiste relance la taxe Zucman dans un budget 2026 sous tension - Lyon Bondy Blog\" \/>\n<meta property=\"og:description\" content=\"La taxe Zucman, nomm\u00e9e d\u2019apr\u00e8s l\u2019\u00e9conomiste Gabriel Zucman, propose un imp\u00f4t plancher sur les tr\u00e8s hauts patrimoines pour \u00ab r\u00e9tablir l\u2019\u00e9galit\u00e9 devant l\u2019imp\u00f4t \u00bb. Initialement, &hellip;\" \/>\n<meta property=\"og:url\" content=\"https:\/\/lyonbondyblog.fr\/LBB\/le-parti-socialiste-relance-la-taxe-zucman-dans-un-budget-2026-sous-tension\/\" \/>\n<meta property=\"og:site_name\" content=\"Lyon Bondy Blog\" \/>\n<meta property=\"article:publisher\" content=\"https:\/\/www.facebook.com\/lyonbondyblog\" \/>\n<meta property=\"article:published_time\" content=\"2025-10-28T11:01:33+00:00\" \/>\n<meta property=\"article:modified_time\" content=\"2025-10-29T08:30:37+00:00\" \/>\n<meta property=\"og:image\" content=\"https:\/\/lyonbondyblog.fr\/LBB\/wp-content\/uploads\/2025\/10\/article-e1761649679546.jpeg\" \/>\n\t<meta property=\"og:image:width\" content=\"1170\" \/>\n\t<meta property=\"og:image:height\" content=\"1853\" \/>\n\t<meta property=\"og:image:type\" content=\"image\/jpeg\" \/>\n<meta name=\"author\" content=\"Etienne Aazzab\" \/>\n<meta name=\"twitter:card\" content=\"summary_large_image\" \/>\n<meta name=\"twitter:creator\" content=\"@AazzabEtienne\" \/>\n<meta name=\"twitter:site\" content=\"@bondybloglyon\" \/>\n<script type=\"application\/ld+json\" class=\"yoast-schema-graph\">{\"@context\":\"https:\/\/schema.org\",\"@graph\":[{\"@type\":\"Article\",\"@id\":\"https:\/\/lyonbondyblog.fr\/LBB\/le-parti-socialiste-relance-la-taxe-zucman-dans-un-budget-2026-sous-tension\/#article\",\"isPartOf\":{\"@id\":\"https:\/\/lyonbondyblog.fr\/LBB\/le-parti-socialiste-relance-la-taxe-zucman-dans-un-budget-2026-sous-tension\/\"},\"author\":{\"name\":\"Etienne Aazzab\",\"@id\":\"https:\/\/lyonbondyblog.fr\/LBB\/#\/schema\/person\/5e9904261c1f613c8e6ea22045b1353d\"},\"headline\":\"Le Parti socialiste relance la taxe Zucman dans un budget 2026 sous tension\",\"datePublished\":\"2025-10-28T11:01:33+00:00\",\"dateModified\":\"2025-10-29T08:30:37+00:00\",\"mainEntityOfPage\":{\"@id\":\"https:\/\/lyonbondyblog.fr\/LBB\/le-parti-socialiste-relance-la-taxe-zucman-dans-un-budget-2026-sous-tension\/\"},\"wordCount\":700,\"commentCount\":0,\"publisher\":{\"@id\":\"https:\/\/lyonbondyblog.fr\/LBB\/#organization\"},\"image\":{\"@id\":\"https:\/\/lyonbondyblog.fr\/LBB\/le-parti-socialiste-relance-la-taxe-zucman-dans-un-budget-2026-sous-tension\/#primaryimage\"},\"thumbnailUrl\":\"https:\/\/lyonbondyblog.fr\/LBB\/wp-content\/uploads\/2025\/10\/article-e1761649679546.jpeg\",\"keywords\":[\"Budget\",\"economie\",\"france\",\"politique\",\"retraite\"],\"articleSection\":[\"Economie\",\"Politique\",\"Retraite\"],\"inLanguage\":\"fr-FR\",\"potentialAction\":[{\"@type\":\"CommentAction\",\"name\":\"Comment\",\"target\":[\"https:\/\/lyonbondyblog.fr\/LBB\/le-parti-socialiste-relance-la-taxe-zucman-dans-un-budget-2026-sous-tension\/#respond\"]}]},{\"@type\":\"WebPage\",\"@id\":\"https:\/\/lyonbondyblog.fr\/LBB\/le-parti-socialiste-relance-la-taxe-zucman-dans-un-budget-2026-sous-tension\/\",\"url\":\"https:\/\/lyonbondyblog.fr\/LBB\/le-parti-socialiste-relance-la-taxe-zucman-dans-un-budget-2026-sous-tension\/\",\"name\":\"Le Parti socialiste relance la taxe Zucman dans un budget 2026 sous tension - Lyon Bondy Blog\",\"isPartOf\":{\"@id\":\"https:\/\/lyonbondyblog.fr\/LBB\/#website\"},\"primaryImageOfPage\":{\"@id\":\"https:\/\/lyonbondyblog.fr\/LBB\/le-parti-socialiste-relance-la-taxe-zucman-dans-un-budget-2026-sous-tension\/#primaryimage\"},\"image\":{\"@id\":\"https:\/\/lyonbondyblog.fr\/LBB\/le-parti-socialiste-relance-la-taxe-zucman-dans-un-budget-2026-sous-tension\/#primaryimage\"},\"thumbnailUrl\":\"https:\/\/lyonbondyblog.fr\/LBB\/wp-content\/uploads\/2025\/10\/article-e1761649679546.jpeg\",\"datePublished\":\"2025-10-28T11:01:33+00:00\",\"dateModified\":\"2025-10-29T08:30:37+00:00\",\"inLanguage\":\"fr-FR\",\"potentialAction\":[{\"@type\":\"ReadAction\",\"target\":[\"https:\/\/lyonbondyblog.fr\/LBB\/le-parti-socialiste-relance-la-taxe-zucman-dans-un-budget-2026-sous-tension\/\"]}]},{\"@type\":\"ImageObject\",\"inLanguage\":\"fr-FR\",\"@id\":\"https:\/\/lyonbondyblog.fr\/LBB\/le-parti-socialiste-relance-la-taxe-zucman-dans-un-budget-2026-sous-tension\/#primaryimage\",\"url\":\"https:\/\/lyonbondyblog.fr\/LBB\/wp-content\/uploads\/2025\/10\/article-e1761649679546.jpeg\",\"contentUrl\":\"https:\/\/lyonbondyblog.fr\/LBB\/wp-content\/uploads\/2025\/10\/article-e1761649679546.jpeg\",\"width\":1170,\"height\":1853},{\"@type\":\"WebSite\",\"@id\":\"https:\/\/lyonbondyblog.fr\/LBB\/#website\",\"url\":\"https:\/\/lyonbondyblog.fr\/LBB\/\",\"name\":\"Lyon Bondy Blog\",\"description\":\"\",\"publisher\":{\"@id\":\"https:\/\/lyonbondyblog.fr\/LBB\/#organization\"},\"potentialAction\":[{\"@type\":\"SearchAction\",\"target\":{\"@type\":\"EntryPoint\",\"urlTemplate\":\"https:\/\/lyonbondyblog.fr\/LBB\/?s={search_term_string}\"},\"query-input\":\"required name=search_term_string\"}],\"inLanguage\":\"fr-FR\"},{\"@type\":\"Organization\",\"@id\":\"https:\/\/lyonbondyblog.fr\/LBB\/#organization\",\"name\":\"LYON BONDY BLOG\",\"url\":\"https:\/\/lyonbondyblog.fr\/LBB\/\",\"logo\":{\"@type\":\"ImageObject\",\"inLanguage\":\"fr-FR\",\"@id\":\"https:\/\/lyonbondyblog.fr\/LBB\/#\/schema\/logo\/image\/\",\"url\":\"http:\/\/lyonbondyblog.fr\/LBB\/wp-content\/uploads\/2014\/10\/logo-portable-144.png\",\"contentUrl\":\"http:\/\/lyonbondyblog.fr\/LBB\/wp-content\/uploads\/2014\/10\/logo-portable-144.png\",\"width\":144,\"height\":123,\"caption\":\"LYON BONDY BLOG\"},\"image\":{\"@id\":\"https:\/\/lyonbondyblog.fr\/LBB\/#\/schema\/logo\/image\/\"},\"sameAs\":[\"https:\/\/www.facebook.com\/lyonbondyblog\",\"https:\/\/x.com\/bondybloglyon\"]},{\"@type\":\"Person\",\"@id\":\"https:\/\/lyonbondyblog.fr\/LBB\/#\/schema\/person\/5e9904261c1f613c8e6ea22045b1353d\",\"name\":\"Etienne Aazzab\",\"description\":\"Etienne a contribu\u00e9 depuis 2 ans dans le journal satirique FOUTOU\u2019ART. Il a int\u00e9gr\u00e9 l\u2019\u00e9quipe du \u00ab clic 2014 \u00bb : Collectif local d\u2019informations citoyennes \u00e0 partir de novembre 2013. Il rejoint le Lyon Bondy Blog \u00e0 partir de janvier 2014. Twitter : @AazzabEtienne Ses sujets de pr\u00e9dilection : #Politique #Soci\u00e9t\u00e9 #Sport\",\"sameAs\":[\"https:\/\/x.com\/AazzabEtienne\"],\"url\":\"https:\/\/lyonbondyblog.fr\/LBB\/author\/etienne\/\"}]}<\/script>\n<!-- \/ Yoast SEO plugin. -->","yoast_head_json":{"title":"Le Parti socialiste relance la taxe Zucman dans un budget 2026 sous tension - Lyon Bondy Blog","robots":{"index":"index","follow":"follow","max-snippet":"max-snippet:-1","max-image-preview":"max-image-preview:large","max-video-preview":"max-video-preview:-1"},"canonical":"https:\/\/lyonbondyblog.fr\/LBB\/le-parti-socialiste-relance-la-taxe-zucman-dans-un-budget-2026-sous-tension\/","og_locale":"fr_FR","og_type":"article","og_title":"Le Parti socialiste relance la taxe Zucman dans un budget 2026 sous tension - Lyon Bondy Blog","og_description":"La taxe Zucman, nomm\u00e9e d\u2019apr\u00e8s l\u2019\u00e9conomiste Gabriel Zucman, propose un imp\u00f4t plancher sur les tr\u00e8s hauts patrimoines pour \u00ab r\u00e9tablir l\u2019\u00e9galit\u00e9 devant l\u2019imp\u00f4t \u00bb. Initialement, &hellip;","og_url":"https:\/\/lyonbondyblog.fr\/LBB\/le-parti-socialiste-relance-la-taxe-zucman-dans-un-budget-2026-sous-tension\/","og_site_name":"Lyon Bondy Blog","article_publisher":"https:\/\/www.facebook.com\/lyonbondyblog","article_published_time":"2025-10-28T11:01:33+00:00","article_modified_time":"2025-10-29T08:30:37+00:00","og_image":[{"width":1170,"height":1853,"url":"https:\/\/lyonbondyblog.fr\/LBB\/wp-content\/uploads\/2025\/10\/article-e1761649679546.jpeg","type":"image\/jpeg"}],"author":"Etienne Aazzab","twitter_card":"summary_large_image","twitter_creator":"@AazzabEtienne","twitter_site":"@bondybloglyon","schema":{"@context":"https:\/\/schema.org","@graph":[{"@type":"Article","@id":"https:\/\/lyonbondyblog.fr\/LBB\/le-parti-socialiste-relance-la-taxe-zucman-dans-un-budget-2026-sous-tension\/#article","isPartOf":{"@id":"https:\/\/lyonbondyblog.fr\/LBB\/le-parti-socialiste-relance-la-taxe-zucman-dans-un-budget-2026-sous-tension\/"},"author":{"name":"Etienne Aazzab","@id":"https:\/\/lyonbondyblog.fr\/LBB\/#\/schema\/person\/5e9904261c1f613c8e6ea22045b1353d"},"headline":"Le Parti socialiste relance la taxe Zucman dans un budget 2026 sous tension","datePublished":"2025-10-28T11:01:33+00:00","dateModified":"2025-10-29T08:30:37+00:00","mainEntityOfPage":{"@id":"https:\/\/lyonbondyblog.fr\/LBB\/le-parti-socialiste-relance-la-taxe-zucman-dans-un-budget-2026-sous-tension\/"},"wordCount":700,"commentCount":0,"publisher":{"@id":"https:\/\/lyonbondyblog.fr\/LBB\/#organization"},"image":{"@id":"https:\/\/lyonbondyblog.fr\/LBB\/le-parti-socialiste-relance-la-taxe-zucman-dans-un-budget-2026-sous-tension\/#primaryimage"},"thumbnailUrl":"https:\/\/lyonbondyblog.fr\/LBB\/wp-content\/uploads\/2025\/10\/article-e1761649679546.jpeg","keywords":["Budget","economie","france","politique","retraite"],"articleSection":["Economie","Politique","Retraite"],"inLanguage":"fr-FR","potentialAction":[{"@type":"CommentAction","name":"Comment","target":["https:\/\/lyonbondyblog.fr\/LBB\/le-parti-socialiste-relance-la-taxe-zucman-dans-un-budget-2026-sous-tension\/#respond"]}]},{"@type":"WebPage","@id":"https:\/\/lyonbondyblog.fr\/LBB\/le-parti-socialiste-relance-la-taxe-zucman-dans-un-budget-2026-sous-tension\/","url":"https:\/\/lyonbondyblog.fr\/LBB\/le-parti-socialiste-relance-la-taxe-zucman-dans-un-budget-2026-sous-tension\/","name":"Le Parti socialiste relance la taxe Zucman dans un budget 2026 sous tension - Lyon Bondy Blog","isPartOf":{"@id":"https:\/\/lyonbondyblog.fr\/LBB\/#website"},"primaryImageOfPage":{"@id":"https:\/\/lyonbondyblog.fr\/LBB\/le-parti-socialiste-relance-la-taxe-zucman-dans-un-budget-2026-sous-tension\/#primaryimage"},"image":{"@id":"https:\/\/lyonbondyblog.fr\/LBB\/le-parti-socialiste-relance-la-taxe-zucman-dans-un-budget-2026-sous-tension\/#primaryimage"},"thumbnailUrl":"https:\/\/lyonbondyblog.fr\/LBB\/wp-content\/uploads\/2025\/10\/article-e1761649679546.jpeg","datePublished":"2025-10-28T11:01:33+00:00","dateModified":"2025-10-29T08:30:37+00:00","inLanguage":"fr-FR","potentialAction":[{"@type":"ReadAction","target":["https:\/\/lyonbondyblog.fr\/LBB\/le-parti-socialiste-relance-la-taxe-zucman-dans-un-budget-2026-sous-tension\/"]}]},{"@type":"ImageObject","inLanguage":"fr-FR","@id":"https:\/\/lyonbondyblog.fr\/LBB\/le-parti-socialiste-relance-la-taxe-zucman-dans-un-budget-2026-sous-tension\/#primaryimage","url":"https:\/\/lyonbondyblog.fr\/LBB\/wp-content\/uploads\/2025\/10\/article-e1761649679546.jpeg","contentUrl":"https:\/\/lyonbondyblog.fr\/LBB\/wp-content\/uploads\/2025\/10\/article-e1761649679546.jpeg","width":1170,"height":1853},{"@type":"WebSite","@id":"https:\/\/lyonbondyblog.fr\/LBB\/#website","url":"https:\/\/lyonbondyblog.fr\/LBB\/","name":"Lyon Bondy Blog","description":"","publisher":{"@id":"https:\/\/lyonbondyblog.fr\/LBB\/#organization"},"potentialAction":[{"@type":"SearchAction","target":{"@type":"EntryPoint","urlTemplate":"https:\/\/lyonbondyblog.fr\/LBB\/?s={search_term_string}"},"query-input":"required name=search_term_string"}],"inLanguage":"fr-FR"},{"@type":"Organization","@id":"https:\/\/lyonbondyblog.fr\/LBB\/#organization","name":"LYON BONDY BLOG","url":"https:\/\/lyonbondyblog.fr\/LBB\/","logo":{"@type":"ImageObject","inLanguage":"fr-FR","@id":"https:\/\/lyonbondyblog.fr\/LBB\/#\/schema\/logo\/image\/","url":"http:\/\/lyonbondyblog.fr\/LBB\/wp-content\/uploads\/2014\/10\/logo-portable-144.png","contentUrl":"http:\/\/lyonbondyblog.fr\/LBB\/wp-content\/uploads\/2014\/10\/logo-portable-144.png","width":144,"height":123,"caption":"LYON BONDY BLOG"},"image":{"@id":"https:\/\/lyonbondyblog.fr\/LBB\/#\/schema\/logo\/image\/"},"sameAs":["https:\/\/www.facebook.com\/lyonbondyblog","https:\/\/x.com\/bondybloglyon"]},{"@type":"Person","@id":"https:\/\/lyonbondyblog.fr\/LBB\/#\/schema\/person\/5e9904261c1f613c8e6ea22045b1353d","name":"Etienne Aazzab","description":"Etienne a contribu\u00e9 depuis 2 ans dans le journal satirique FOUTOU\u2019ART. Il a int\u00e9gr\u00e9 l\u2019\u00e9quipe du \u00ab clic 2014 \u00bb : Collectif local d\u2019informations citoyennes \u00e0 partir de novembre 2013. Il rejoint le Lyon Bondy Blog \u00e0 partir de janvier 2014. Twitter : @AazzabEtienne Ses sujets de pr\u00e9dilection : #Politique #Soci\u00e9t\u00e9 #Sport","sameAs":["https:\/\/x.com\/AazzabEtienne"],"url":"https:\/\/lyonbondyblog.fr\/LBB\/author\/etienne\/"}]}},"_links":{"self":[{"href":"https:\/\/lyonbondyblog.fr\/LBB\/wp-json\/wp\/v2\/posts\/37252","targetHints":{"allow":["GET"]}}],"collection":[{"href":"https:\/\/lyonbondyblog.fr\/LBB\/wp-json\/wp\/v2\/posts"}],"about":[{"href":"https:\/\/lyonbondyblog.fr\/LBB\/wp-json\/wp\/v2\/types\/post"}],"author":[{"embeddable":true,"href":"https:\/\/lyonbondyblog.fr\/LBB\/wp-json\/wp\/v2\/users\/33"}],"replies":[{"embeddable":true,"href":"https:\/\/lyonbondyblog.fr\/LBB\/wp-json\/wp\/v2\/comments?post=37252"}],"version-history":[{"count":3,"href":"https:\/\/lyonbondyblog.fr\/LBB\/wp-json\/wp\/v2\/posts\/37252\/revisions"}],"predecessor-version":[{"id":37257,"href":"https:\/\/lyonbondyblog.fr\/LBB\/wp-json\/wp\/v2\/posts\/37252\/revisions\/37257"}],"wp:featuredmedia":[{"embeddable":true,"href":"https:\/\/lyonbondyblog.fr\/LBB\/wp-json\/wp\/v2\/media\/37253"}],"wp:attachment":[{"href":"https:\/\/lyonbondyblog.fr\/LBB\/wp-json\/wp\/v2\/media?parent=37252"}],"wp:term":[{"taxonomy":"category","embeddable":true,"href":"https:\/\/lyonbondyblog.fr\/LBB\/wp-json\/wp\/v2\/categories?post=37252"},{"taxonomy":"post_tag","embeddable":true,"href":"https:\/\/lyonbondyblog.fr\/LBB\/wp-json\/wp\/v2\/tags?post=37252"}],"curies":[{"name":"wp","href":"https:\/\/api.w.org\/{rel}","templated":true}]}}