{"id":37225,"date":"2025-10-27T17:30:44","date_gmt":"2025-10-27T16:30:44","guid":{"rendered":"https:\/\/lyonbondyblog.fr\/LBB\/?p=37225"},"modified":"2025-10-27T17:35:11","modified_gmt":"2025-10-27T16:35:11","slug":"de-paris-a-lyon-studhelp-etend-son-reseau-pour-lutter-contre-la-precarite-etudiante","status":"publish","type":"post","link":"https:\/\/lyonbondyblog.fr\/LBB\/de-paris-a-lyon-studhelp-etend-son-reseau-pour-lutter-contre-la-precarite-etudiante\/","title":{"rendered":"De Paris \u00e0 Lyon, StudHelp \u00e9tend son r\u00e9seau pour lutter contre la pr\u00e9carit\u00e9 \u00e9tudiante."},"content":{"rendered":"\n<p><strong>La pr\u00e9carit\u00e9 \u00e9tudiante reste une r\u00e9alit\u00e9 inqui\u00e9tante en France, selon les chiffres de l\u2019INSEE\u00a020%\u00a0des \u00e9tudiants vivent sous le seuil de pauvret\u00e9.<a href=\"https:\/\/www.insee.fr\/fr\/statistiques\/6466177?utm_source=chatgpt.com\"> En 2020, les ressources mensuelles moyennes des \u00e9tudiants s\u2019\u00e9levaient \u00e0\u00a0919\u20ac\u00a0<\/a>selon le minist\u00e8re de l\u2019enseignement sup\u00e9rieur.\u00a0C\u2019est dans ce contexte que l\u2019association Studhelp voit le jour.<\/strong><\/p>\n\n\n\n<p>StudHelp, une association cr\u00e9\u00e9e en 2021 \u00e0 Paris, ouvre officiellement son antenne lyonnaise fin octobre 2025. La structure met en relation des \u00e9tudiants dans le besoin et donateurs particuliers. Elle organise des distributions alimentaires ainsi que des sorties culturelle et sportive.<\/p>\n\n\n\n<p>Au-del\u00e0 de l\u2019aide alimentaire, StudHelp met un point d\u2019honneur \u00e0 retisser le lien entre les \u00e9tudiants et la soci\u00e9t\u00e9, \u00e0 travers divers ateliers. L\u2019association organise une soir\u00e9e de lancement \u00e0 Lyon le 28 octobre, suivie d\u2019une premi\u00e8re action concr\u00e8te d\u00e8s le mercredi 30 octobre.<\/p>\n\n\n\n<figure class=\"wp-block-image size-large\"><img loading=\"lazy\" decoding=\"async\" width=\"1920\" height=\"1280\" src=\"https:\/\/lyonbondyblog.fr\/LBB\/wp-content\/uploads\/2021\/01\/DSC08527-1920x1280.jpg\" alt=\"\" class=\"wp-image-21705\" srcset=\"https:\/\/lyonbondyblog.fr\/LBB\/wp-content\/uploads\/2021\/01\/DSC08527-1920x1280.jpg 1920w, https:\/\/lyonbondyblog.fr\/LBB\/wp-content\/uploads\/2021\/01\/DSC08527-1200x800.jpg 1200w, https:\/\/lyonbondyblog.fr\/LBB\/wp-content\/uploads\/2021\/01\/DSC08527-768x512.jpg 768w, https:\/\/lyonbondyblog.fr\/LBB\/wp-content\/uploads\/2021\/01\/DSC08527-272x182.jpg 272w\" sizes=\"auto, (max-width: 1920px) 100vw, 1920px\" \/><figcaption class=\"wp-element-caption\">La manifestation \u00e9tudiante du 21 janvier \/ Source : L\u00e9a Dornier<\/figcaption><\/figure>\n\n\n\n<p><strong>Une aide pr\u00e9cieuse pour les \u00e9tudiants<\/strong><\/p>\n\n\n\n<p>L\u2019association fait face \u00e0 une demande nationale importante,Florian Rippert,<a href=\"https:\/\/www.studhelp.fr\/\"> co-fondateur de StudHelp,<\/a> se souvient : \u00ab Lors du lancement, on a re\u00e7u plus de 400 demandes d\u2019\u00e9tudiants de toute la France alors qu\u2019au d\u00e9part, on \u00e9tait situ\u00e9s uniquement sur Paris. \u00bb Aujourd\u2019hui, l\u2019association accompagne plus de\u00a0<strong>20\u202f000 \u00e9tudiants<\/strong>, avec l\u2019aide de\u00a0<strong>9\u202f500<\/strong>\u00a0donateurs particuliers.<\/p>\n\n\n\n<p><a href=\"https:\/\/www.letudiant.fr\/lifestyle\/Sante-mutuelle-et-assurance\/selon-love-la-precarite-touche-davantage-les-femmes-les-etudiants-etrangers-et-les-boursiers.html?utm_source=chatgpt.com\">Selon l\u2019Observatoire national de la vie \u00e9tudiante (OVE),<\/a> \u00ab\u00a0<strong>trois \u00e9tudiants sur dix<\/strong>\u00a0estiment ne pas avoir assez d\u2019argent pour couvrir leurs besoins mensuels \u00bb et\u00a0<a href=\"https:\/\/www.insee.fr\/fr\/statistiques\/3565856\"><strong>26\u202f%<\/strong>\u00a0des \u00e9tudiants \u00e9prouvent des fins de mois difficiles ou tr\u00e8s difficiles. <\/a>Dans ce contexte, StudHelp appara\u00eet comme une r\u00e9ponse directe aux besoins des \u00e9tudiants, particuli\u00e8rement ceux \u00e9loign\u00e9s de leur famille ou non \u00e9ligibles aux aides de l\u2019\u00c9tat.<\/p>\n\n\n\n<p><strong>Un mod\u00e8le participatif : b\u00e9n\u00e9voles et b\u00e9n\u00e9ficiaires main dans la main<\/strong><\/p>\n\n\n\n<p>\u00c0 Lyon, ville \u00e9tudiante majeure, la demande se fait particuli\u00e8rement ressentir. L\u2019antenne locale sera pilot\u00e9e par Sawab et Jean-Baptiste, un bin\u00f4me compos\u00e9 d\u2019un \u00e9tudiant et d\u2019un donateur, form\u00e9s pour g\u00e9rer toutes les actions sur le terrain. La premi\u00e8re distribution alimentaire est pr\u00e9vue le mercredi 30 octobre au FIVE OL \u00e0 L\u2019OLVall\u00e9e, partenaire de l\u2019association. \u00ab Beaucoup de b\u00e9n\u00e9voles sont eux-m\u00eames des b\u00e9n\u00e9ficiaires ou donateurs, et deviennent ensuite correspondants d\u2019antenne \u00bb, explique Florian Rippert. Ce mod\u00e8le de franchise associative permet \u00e0 chaque antenne de fonctionner de mani\u00e8re autonome tout en b\u00e9n\u00e9ficiant des outils et du soutien national.<\/p>\n\n\n\n<p><strong>Des actions concr\u00e8tes et vari\u00e9es pour soutenir les \u00e9tudiants<\/strong><\/p>\n\n\n\n<p>StudHelp ne se limite pas \u00e0 la distribution alimentaire et m\u00e8ne des actions concr\u00e8tes et diversifi\u00e9es. Des sorties sportives et culturelles sont organis\u00e9es pour rompre l\u2019isolement des \u00e9tudiants. L\u2019association propose \u00e9galement \u00e0 des donateurs d\u2019accueillir chez eux des \u00e9tudiants \u00e9tant loin de leurs familles lors des f\u00eates de fin d\u2019ann\u00e9e via sa plateforme LesRepasSolidaires. Enfin, un accompagnement professionnel avec des conseils dans la pr\u00e9paration de CV et lettres de motivation est propos\u00e9, pour pouvoir permettre aux \u00e9tudiants d\u2019acc\u00e9der plus facilement au monde du travail.<\/p>\n\n\n\n<p>Avec l\u2019ouverture de l\u2019antenne lyonnaise, StudHelp entend r\u00e9pondre aux besoins concrets des \u00e9tudiants locaux tout en s\u2019inscrivant dans un mouvement national de solidarit\u00e9. La soir\u00e9e de lancement du 28 octobre sera l\u2019occasion de pr\u00e9senter l\u2019association aux Lyonnais et de mobiliser de nouveaux b\u00e9n\u00e9voles et donateurs.<\/p>\n\n\n\n<p><strong>Article sign\u00e9e par Hydaya Qadwimi<\/strong><\/p>\n<!-- AddThis Advanced Settings generic via filter on the_content --><!-- AddThis Share Buttons generic via filter on the_content -->","protected":false},"excerpt":{"rendered":"<p>La pr\u00e9carit\u00e9 \u00e9tudiante reste une r\u00e9alit\u00e9 inqui\u00e9tante en France, selon les chiffres de l\u2019INSEE\u00a020%\u00a0des \u00e9tudiants vivent sous le seuil de pauvret\u00e9. En 2020, les ressources &hellip; <!-- AddThis Advanced Settings generic via filter on wp_trim_excerpt --><!-- AddThis Share Buttons generic via filter on wp_trim_excerpt --><\/p>\n","protected":false},"author":1,"featured_media":37226,"comment_status":"open","ping_status":"open","sticky":true,"template":"","format":"standard","meta":{"_FSMCFIC_featured_image_caption":"","_FSMCFIC_featured_image_nocaption":"","_FSMCFIC_featured_image_hide":"","footnotes":""},"categories":[28432,4097,18153,6506],"tags":[],"class_list":["post-37225","post","type-post","status-publish","format-standard","has-post-thumbnail","hentry","category-lyon-handicap","category-rencontre","category-social","category-solidarite"],"yoast_head":"<!-- This site is optimized with the Yoast SEO plugin v22.8 - https:\/\/yoast.com\/wordpress\/plugins\/seo\/ -->\n<title>De Paris \u00e0 Lyon, StudHelp \u00e9tend son r\u00e9seau pour lutter contre la pr\u00e9carit\u00e9 \u00e9tudiante. - Lyon Bondy Blog<\/title>\n<meta name=\"robots\" content=\"index, follow, max-snippet:-1, max-image-preview:large, max-video-preview:-1\" \/>\n<link rel=\"canonical\" href=\"https:\/\/lyonbondyblog.fr\/LBB\/de-paris-a-lyon-studhelp-etend-son-reseau-pour-lutter-contre-la-precarite-etudiante\/\" \/>\n<meta property=\"og:locale\" content=\"fr_FR\" \/>\n<meta property=\"og:type\" content=\"article\" \/>\n<meta property=\"og:title\" content=\"De Paris \u00e0 Lyon, StudHelp \u00e9tend son r\u00e9seau pour lutter contre la pr\u00e9carit\u00e9 \u00e9tudiante. - Lyon Bondy Blog\" \/>\n<meta property=\"og:description\" content=\"La pr\u00e9carit\u00e9 \u00e9tudiante reste une r\u00e9alit\u00e9 inqui\u00e9tante en France, selon les chiffres de l\u2019INSEE\u00a020%\u00a0des \u00e9tudiants vivent sous le seuil de pauvret\u00e9. En 2020, les ressources &hellip;\" \/>\n<meta property=\"og:url\" content=\"https:\/\/lyonbondyblog.fr\/LBB\/de-paris-a-lyon-studhelp-etend-son-reseau-pour-lutter-contre-la-precarite-etudiante\/\" \/>\n<meta property=\"og:site_name\" content=\"Lyon Bondy Blog\" \/>\n<meta property=\"article:publisher\" content=\"https:\/\/www.facebook.com\/lyonbondyblog\" \/>\n<meta property=\"article:author\" content=\"https:\/\/www.facebook.com\/lyonbondyblog\" \/>\n<meta property=\"article:published_time\" content=\"2025-10-27T16:30:44+00:00\" \/>\n<meta property=\"article:modified_time\" content=\"2025-10-27T16:35:11+00:00\" \/>\n<meta property=\"og:image\" content=\"https:\/\/lyonbondyblog.fr\/LBB\/wp-content\/uploads\/2025\/10\/telechargement-11.jpeg\" \/>\n\t<meta property=\"og:image:width\" content=\"225\" \/>\n\t<meta property=\"og:image:height\" content=\"225\" \/>\n\t<meta property=\"og:image:type\" content=\"image\/jpeg\" \/>\n<meta name=\"author\" content=\"La r\u00e9daction\" \/>\n<meta name=\"twitter:card\" content=\"summary_large_image\" \/>\n<meta name=\"twitter:creator\" content=\"@BondyBlogLyon\" \/>\n<meta name=\"twitter:site\" content=\"@bondybloglyon\" \/>\n<script type=\"application\/ld+json\" class=\"yoast-schema-graph\">{\"@context\":\"https:\/\/schema.org\",\"@graph\":[{\"@type\":\"Article\",\"@id\":\"https:\/\/lyonbondyblog.fr\/LBB\/de-paris-a-lyon-studhelp-etend-son-reseau-pour-lutter-contre-la-precarite-etudiante\/#article\",\"isPartOf\":{\"@id\":\"https:\/\/lyonbondyblog.fr\/LBB\/de-paris-a-lyon-studhelp-etend-son-reseau-pour-lutter-contre-la-precarite-etudiante\/\"},\"author\":{\"name\":\"La r\u00e9daction\",\"@id\":\"https:\/\/lyonbondyblog.fr\/LBB\/#\/schema\/person\/e45f8d27baac75072daa0be50c409b25\"},\"headline\":\"De Paris \u00e0 Lyon, StudHelp \u00e9tend son r\u00e9seau pour lutter contre la pr\u00e9carit\u00e9 \u00e9tudiante.\",\"datePublished\":\"2025-10-27T16:30:44+00:00\",\"dateModified\":\"2025-10-27T16:35:11+00:00\",\"mainEntityOfPage\":{\"@id\":\"https:\/\/lyonbondyblog.fr\/LBB\/de-paris-a-lyon-studhelp-etend-son-reseau-pour-lutter-contre-la-precarite-etudiante\/\"},\"wordCount\":594,\"commentCount\":0,\"publisher\":{\"@id\":\"https:\/\/lyonbondyblog.fr\/LBB\/#organization\"},\"image\":{\"@id\":\"https:\/\/lyonbondyblog.fr\/LBB\/de-paris-a-lyon-studhelp-etend-son-reseau-pour-lutter-contre-la-precarite-etudiante\/#primaryimage\"},\"thumbnailUrl\":\"https:\/\/lyonbondyblog.fr\/LBB\/wp-content\/uploads\/2025\/10\/telechargement-11.jpeg\",\"articleSection\":[\"Lyon\",\"Rencontre\",\"Social\",\"Solidarit\u00e9\"],\"inLanguage\":\"fr-FR\",\"potentialAction\":[{\"@type\":\"CommentAction\",\"name\":\"Comment\",\"target\":[\"https:\/\/lyonbondyblog.fr\/LBB\/de-paris-a-lyon-studhelp-etend-son-reseau-pour-lutter-contre-la-precarite-etudiante\/#respond\"]}]},{\"@type\":\"WebPage\",\"@id\":\"https:\/\/lyonbondyblog.fr\/LBB\/de-paris-a-lyon-studhelp-etend-son-reseau-pour-lutter-contre-la-precarite-etudiante\/\",\"url\":\"https:\/\/lyonbondyblog.fr\/LBB\/de-paris-a-lyon-studhelp-etend-son-reseau-pour-lutter-contre-la-precarite-etudiante\/\",\"name\":\"De Paris \u00e0 Lyon, StudHelp \u00e9tend son r\u00e9seau pour lutter contre la pr\u00e9carit\u00e9 \u00e9tudiante. - Lyon Bondy Blog\",\"isPartOf\":{\"@id\":\"https:\/\/lyonbondyblog.fr\/LBB\/#website\"},\"primaryImageOfPage\":{\"@id\":\"https:\/\/lyonbondyblog.fr\/LBB\/de-paris-a-lyon-studhelp-etend-son-reseau-pour-lutter-contre-la-precarite-etudiante\/#primaryimage\"},\"image\":{\"@id\":\"https:\/\/lyonbondyblog.fr\/LBB\/de-paris-a-lyon-studhelp-etend-son-reseau-pour-lutter-contre-la-precarite-etudiante\/#primaryimage\"},\"thumbnailUrl\":\"https:\/\/lyonbondyblog.fr\/LBB\/wp-content\/uploads\/2025\/10\/telechargement-11.jpeg\",\"datePublished\":\"2025-10-27T16:30:44+00:00\",\"dateModified\":\"2025-10-27T16:35:11+00:00\",\"inLanguage\":\"fr-FR\",\"potentialAction\":[{\"@type\":\"ReadAction\",\"target\":[\"https:\/\/lyonbondyblog.fr\/LBB\/de-paris-a-lyon-studhelp-etend-son-reseau-pour-lutter-contre-la-precarite-etudiante\/\"]}]},{\"@type\":\"ImageObject\",\"inLanguage\":\"fr-FR\",\"@id\":\"https:\/\/lyonbondyblog.fr\/LBB\/de-paris-a-lyon-studhelp-etend-son-reseau-pour-lutter-contre-la-precarite-etudiante\/#primaryimage\",\"url\":\"https:\/\/lyonbondyblog.fr\/LBB\/wp-content\/uploads\/2025\/10\/telechargement-11.jpeg\",\"contentUrl\":\"https:\/\/lyonbondyblog.fr\/LBB\/wp-content\/uploads\/2025\/10\/telechargement-11.jpeg\",\"width\":225,\"height\":225},{\"@type\":\"WebSite\",\"@id\":\"https:\/\/lyonbondyblog.fr\/LBB\/#website\",\"url\":\"https:\/\/lyonbondyblog.fr\/LBB\/\",\"name\":\"Lyon Bondy Blog\",\"description\":\"\",\"publisher\":{\"@id\":\"https:\/\/lyonbondyblog.fr\/LBB\/#organization\"},\"potentialAction\":[{\"@type\":\"SearchAction\",\"target\":{\"@type\":\"EntryPoint\",\"urlTemplate\":\"https:\/\/lyonbondyblog.fr\/LBB\/?s={search_term_string}\"},\"query-input\":\"required name=search_term_string\"}],\"inLanguage\":\"fr-FR\"},{\"@type\":\"Organization\",\"@id\":\"https:\/\/lyonbondyblog.fr\/LBB\/#organization\",\"name\":\"LYON BONDY BLOG\",\"url\":\"https:\/\/lyonbondyblog.fr\/LBB\/\",\"logo\":{\"@type\":\"ImageObject\",\"inLanguage\":\"fr-FR\",\"@id\":\"https:\/\/lyonbondyblog.fr\/LBB\/#\/schema\/logo\/image\/\",\"url\":\"http:\/\/lyonbondyblog.fr\/LBB\/wp-content\/uploads\/2014\/10\/logo-portable-144.png\",\"contentUrl\":\"http:\/\/lyonbondyblog.fr\/LBB\/wp-content\/uploads\/2014\/10\/logo-portable-144.png\",\"width\":144,\"height\":123,\"caption\":\"LYON BONDY BLOG\"},\"image\":{\"@id\":\"https:\/\/lyonbondyblog.fr\/LBB\/#\/schema\/logo\/image\/\"},\"sameAs\":[\"https:\/\/www.facebook.com\/lyonbondyblog\",\"https:\/\/x.com\/bondybloglyon\"]},{\"@type\":\"Person\",\"@id\":\"https:\/\/lyonbondyblog.fr\/LBB\/#\/schema\/person\/e45f8d27baac75072daa0be50c409b25\",\"name\":\"La r\u00e9daction\",\"description\":\"Cr\u00e9e en 2008, la r\u00e9daction du Lyon Bondy Blog s'applique \u00e0 proposer une information locale diff\u00e9rente et compl\u00e9mentaire des m\u00e9dias traditionnels.\",\"sameAs\":[\"https:\/\/www.facebook.com\/lyonbondyblog\",\"https:\/\/x.com\/BondyBlogLyon\"],\"url\":\"https:\/\/lyonbondyblog.fr\/LBB\/author\/admin\/\"}]}<\/script>\n<!-- \/ Yoast SEO plugin. -->","yoast_head_json":{"title":"De Paris \u00e0 Lyon, StudHelp \u00e9tend son r\u00e9seau pour lutter contre la pr\u00e9carit\u00e9 \u00e9tudiante. - Lyon Bondy Blog","robots":{"index":"index","follow":"follow","max-snippet":"max-snippet:-1","max-image-preview":"max-image-preview:large","max-video-preview":"max-video-preview:-1"},"canonical":"https:\/\/lyonbondyblog.fr\/LBB\/de-paris-a-lyon-studhelp-etend-son-reseau-pour-lutter-contre-la-precarite-etudiante\/","og_locale":"fr_FR","og_type":"article","og_title":"De Paris \u00e0 Lyon, StudHelp \u00e9tend son r\u00e9seau pour lutter contre la pr\u00e9carit\u00e9 \u00e9tudiante. - Lyon Bondy Blog","og_description":"La pr\u00e9carit\u00e9 \u00e9tudiante reste une r\u00e9alit\u00e9 inqui\u00e9tante en France, selon les chiffres de l\u2019INSEE\u00a020%\u00a0des \u00e9tudiants vivent sous le seuil de pauvret\u00e9. En 2020, les ressources &hellip;","og_url":"https:\/\/lyonbondyblog.fr\/LBB\/de-paris-a-lyon-studhelp-etend-son-reseau-pour-lutter-contre-la-precarite-etudiante\/","og_site_name":"Lyon Bondy Blog","article_publisher":"https:\/\/www.facebook.com\/lyonbondyblog","article_author":"https:\/\/www.facebook.com\/lyonbondyblog","article_published_time":"2025-10-27T16:30:44+00:00","article_modified_time":"2025-10-27T16:35:11+00:00","og_image":[{"width":225,"height":225,"url":"https:\/\/lyonbondyblog.fr\/LBB\/wp-content\/uploads\/2025\/10\/telechargement-11.jpeg","type":"image\/jpeg"}],"author":"La r\u00e9daction","twitter_card":"summary_large_image","twitter_creator":"@BondyBlogLyon","twitter_site":"@bondybloglyon","schema":{"@context":"https:\/\/schema.org","@graph":[{"@type":"Article","@id":"https:\/\/lyonbondyblog.fr\/LBB\/de-paris-a-lyon-studhelp-etend-son-reseau-pour-lutter-contre-la-precarite-etudiante\/#article","isPartOf":{"@id":"https:\/\/lyonbondyblog.fr\/LBB\/de-paris-a-lyon-studhelp-etend-son-reseau-pour-lutter-contre-la-precarite-etudiante\/"},"author":{"name":"La r\u00e9daction","@id":"https:\/\/lyonbondyblog.fr\/LBB\/#\/schema\/person\/e45f8d27baac75072daa0be50c409b25"},"headline":"De Paris \u00e0 Lyon, StudHelp \u00e9tend son r\u00e9seau pour lutter contre la pr\u00e9carit\u00e9 \u00e9tudiante.","datePublished":"2025-10-27T16:30:44+00:00","dateModified":"2025-10-27T16:35:11+00:00","mainEntityOfPage":{"@id":"https:\/\/lyonbondyblog.fr\/LBB\/de-paris-a-lyon-studhelp-etend-son-reseau-pour-lutter-contre-la-precarite-etudiante\/"},"wordCount":594,"commentCount":0,"publisher":{"@id":"https:\/\/lyonbondyblog.fr\/LBB\/#organization"},"image":{"@id":"https:\/\/lyonbondyblog.fr\/LBB\/de-paris-a-lyon-studhelp-etend-son-reseau-pour-lutter-contre-la-precarite-etudiante\/#primaryimage"},"thumbnailUrl":"https:\/\/lyonbondyblog.fr\/LBB\/wp-content\/uploads\/2025\/10\/telechargement-11.jpeg","articleSection":["Lyon","Rencontre","Social","Solidarit\u00e9"],"inLanguage":"fr-FR","potentialAction":[{"@type":"CommentAction","name":"Comment","target":["https:\/\/lyonbondyblog.fr\/LBB\/de-paris-a-lyon-studhelp-etend-son-reseau-pour-lutter-contre-la-precarite-etudiante\/#respond"]}]},{"@type":"WebPage","@id":"https:\/\/lyonbondyblog.fr\/LBB\/de-paris-a-lyon-studhelp-etend-son-reseau-pour-lutter-contre-la-precarite-etudiante\/","url":"https:\/\/lyonbondyblog.fr\/LBB\/de-paris-a-lyon-studhelp-etend-son-reseau-pour-lutter-contre-la-precarite-etudiante\/","name":"De Paris \u00e0 Lyon, StudHelp \u00e9tend son r\u00e9seau pour lutter contre la pr\u00e9carit\u00e9 \u00e9tudiante. - Lyon Bondy Blog","isPartOf":{"@id":"https:\/\/lyonbondyblog.fr\/LBB\/#website"},"primaryImageOfPage":{"@id":"https:\/\/lyonbondyblog.fr\/LBB\/de-paris-a-lyon-studhelp-etend-son-reseau-pour-lutter-contre-la-precarite-etudiante\/#primaryimage"},"image":{"@id":"https:\/\/lyonbondyblog.fr\/LBB\/de-paris-a-lyon-studhelp-etend-son-reseau-pour-lutter-contre-la-precarite-etudiante\/#primaryimage"},"thumbnailUrl":"https:\/\/lyonbondyblog.fr\/LBB\/wp-content\/uploads\/2025\/10\/telechargement-11.jpeg","datePublished":"2025-10-27T16:30:44+00:00","dateModified":"2025-10-27T16:35:11+00:00","inLanguage":"fr-FR","potentialAction":[{"@type":"ReadAction","target":["https:\/\/lyonbondyblog.fr\/LBB\/de-paris-a-lyon-studhelp-etend-son-reseau-pour-lutter-contre-la-precarite-etudiante\/"]}]},{"@type":"ImageObject","inLanguage":"fr-FR","@id":"https:\/\/lyonbondyblog.fr\/LBB\/de-paris-a-lyon-studhelp-etend-son-reseau-pour-lutter-contre-la-precarite-etudiante\/#primaryimage","url":"https:\/\/lyonbondyblog.fr\/LBB\/wp-content\/uploads\/2025\/10\/telechargement-11.jpeg","contentUrl":"https:\/\/lyonbondyblog.fr\/LBB\/wp-content\/uploads\/2025\/10\/telechargement-11.jpeg","width":225,"height":225},{"@type":"WebSite","@id":"https:\/\/lyonbondyblog.fr\/LBB\/#website","url":"https:\/\/lyonbondyblog.fr\/LBB\/","name":"Lyon Bondy Blog","description":"","publisher":{"@id":"https:\/\/lyonbondyblog.fr\/LBB\/#organization"},"potentialAction":[{"@type":"SearchAction","target":{"@type":"EntryPoint","urlTemplate":"https:\/\/lyonbondyblog.fr\/LBB\/?s={search_term_string}"},"query-input":"required name=search_term_string"}],"inLanguage":"fr-FR"},{"@type":"Organization","@id":"https:\/\/lyonbondyblog.fr\/LBB\/#organization","name":"LYON BONDY BLOG","url":"https:\/\/lyonbondyblog.fr\/LBB\/","logo":{"@type":"ImageObject","inLanguage":"fr-FR","@id":"https:\/\/lyonbondyblog.fr\/LBB\/#\/schema\/logo\/image\/","url":"http:\/\/lyonbondyblog.fr\/LBB\/wp-content\/uploads\/2014\/10\/logo-portable-144.png","contentUrl":"http:\/\/lyonbondyblog.fr\/LBB\/wp-content\/uploads\/2014\/10\/logo-portable-144.png","width":144,"height":123,"caption":"LYON BONDY BLOG"},"image":{"@id":"https:\/\/lyonbondyblog.fr\/LBB\/#\/schema\/logo\/image\/"},"sameAs":["https:\/\/www.facebook.com\/lyonbondyblog","https:\/\/x.com\/bondybloglyon"]},{"@type":"Person","@id":"https:\/\/lyonbondyblog.fr\/LBB\/#\/schema\/person\/e45f8d27baac75072daa0be50c409b25","name":"La r\u00e9daction","description":"Cr\u00e9e en 2008, la r\u00e9daction du Lyon Bondy Blog s'applique \u00e0 proposer une information locale diff\u00e9rente et compl\u00e9mentaire des m\u00e9dias traditionnels.","sameAs":["https:\/\/www.facebook.com\/lyonbondyblog","https:\/\/x.com\/BondyBlogLyon"],"url":"https:\/\/lyonbondyblog.fr\/LBB\/author\/admin\/"}]}},"_links":{"self":[{"href":"https:\/\/lyonbondyblog.fr\/LBB\/wp-json\/wp\/v2\/posts\/37225","targetHints":{"allow":["GET"]}}],"collection":[{"href":"https:\/\/lyonbondyblog.fr\/LBB\/wp-json\/wp\/v2\/posts"}],"about":[{"href":"https:\/\/lyonbondyblog.fr\/LBB\/wp-json\/wp\/v2\/types\/post"}],"author":[{"embeddable":true,"href":"https:\/\/lyonbondyblog.fr\/LBB\/wp-json\/wp\/v2\/users\/1"}],"replies":[{"embeddable":true,"href":"https:\/\/lyonbondyblog.fr\/LBB\/wp-json\/wp\/v2\/comments?post=37225"}],"version-history":[{"count":2,"href":"https:\/\/lyonbondyblog.fr\/LBB\/wp-json\/wp\/v2\/posts\/37225\/revisions"}],"predecessor-version":[{"id":37228,"href":"https:\/\/lyonbondyblog.fr\/LBB\/wp-json\/wp\/v2\/posts\/37225\/revisions\/37228"}],"wp:featuredmedia":[{"embeddable":true,"href":"https:\/\/lyonbondyblog.fr\/LBB\/wp-json\/wp\/v2\/media\/37226"}],"wp:attachment":[{"href":"https:\/\/lyonbondyblog.fr\/LBB\/wp-json\/wp\/v2\/media?parent=37225"}],"wp:term":[{"taxonomy":"category","embeddable":true,"href":"https:\/\/lyonbondyblog.fr\/LBB\/wp-json\/wp\/v2\/categories?post=37225"},{"taxonomy":"post_tag","embeddable":true,"href":"https:\/\/lyonbondyblog.fr\/LBB\/wp-json\/wp\/v2\/tags?post=37225"}],"curies":[{"name":"wp","href":"https:\/\/api.w.org\/{rel}","templated":true}]}}