{"id":37195,"date":"2025-10-17T17:41:16","date_gmt":"2025-10-17T15:41:16","guid":{"rendered":"https:\/\/lyonbondyblog.fr\/LBB\/?p=37195"},"modified":"2025-10-17T18:00:03","modified_gmt":"2025-10-17T16:00:03","slug":"culture-un-deplacement-avec-des-choix-forts","status":"publish","type":"post","link":"https:\/\/lyonbondyblog.fr\/LBB\/culture-un-deplacement-avec-des-choix-forts\/","title":{"rendered":"Culture : Un d\u00e9placement avec des choix forts"},"content":{"rendered":"\n<p><strong>Aujourd\u2019hui, la ministre de la culture Rachida Dati est venue dans la m\u00e9tropole rhodanienne pour annoncer des choix forts.<\/strong><\/p>\n\n\n\n<p>Il est 10H15 ce matin au Th\u00e9\u00e2tre National Populaire, la presse est l\u00e0, en attendant la ministre de la culture. D\u00e8s son arriv\u00e9e, les m\u00e9dias sont invit\u00e9s \u00e0 la suivre pour une visite du Th\u00e9\u00e2tre National Populaire. Ce choix n\u2019est pas un hasard. Ce th\u00e9\u00e2tre construit dans les ann\u00e9es 1920, fait partie du patrimoine culturel comme le souligne la ministre.&nbsp;<\/p>\n\n\n\n<figure class=\"wp-block-image size-large\"><img loading=\"lazy\" decoding=\"async\" width=\"1920\" height=\"1440\" src=\"https:\/\/lyonbondyblog.fr\/LBB\/wp-content\/uploads\/2025\/10\/IMG_0062-1920x1440.jpeg\" alt=\"\" class=\"wp-image-37196\" srcset=\"https:\/\/lyonbondyblog.fr\/LBB\/wp-content\/uploads\/2025\/10\/IMG_0062-1920x1440.jpeg 1920w, https:\/\/lyonbondyblog.fr\/LBB\/wp-content\/uploads\/2025\/10\/IMG_0062-1200x900.jpeg 1200w, https:\/\/lyonbondyblog.fr\/LBB\/wp-content\/uploads\/2025\/10\/IMG_0062-768x576.jpeg 768w, https:\/\/lyonbondyblog.fr\/LBB\/wp-content\/uploads\/2025\/10\/IMG_0062-1536x1152.jpeg 1536w, https:\/\/lyonbondyblog.fr\/LBB\/wp-content\/uploads\/2025\/10\/IMG_0062-2048x1536.jpeg 2048w\" sizes=\"auto, (max-width: 1920px) 100vw, 1920px\" \/><\/figure>\n\n\n\n<p>Apr\u00e8s avoir fait quelques photos lors de sa visite, tout le monde est invit\u00e9 \u00e0 s\u2019asseoir dans une salle du th\u00e9\u00e2tre pour notamment \u00e9couter les discours du maire de Villeurbanne et du vice-pr\u00e9sident de la m\u00e9tropole de Lyon C\u00e9dric Van Styvendael. V\u00e9ronique Moreira \u00e9galement Vice-pr\u00e9sidente aux coll\u00e8ges prononce un discours relatant des bien fond\u00e9s de la culture. La ministre conclut ces \u00e9changes par un discours, mettant en exergue le TNP symbole de l\u2019\u00e9mancipation pour les classes populaires.<\/p>\n\n\n\n<figure class=\"wp-block-image size-large\"><img loading=\"lazy\" decoding=\"async\" width=\"1920\" height=\"1440\" src=\"https:\/\/lyonbondyblog.fr\/LBB\/wp-content\/uploads\/2025\/10\/IMG_0080-1920x1440.jpeg\" alt=\"\" class=\"wp-image-37197\" srcset=\"https:\/\/lyonbondyblog.fr\/LBB\/wp-content\/uploads\/2025\/10\/IMG_0080-1920x1440.jpeg 1920w, https:\/\/lyonbondyblog.fr\/LBB\/wp-content\/uploads\/2025\/10\/IMG_0080-1200x900.jpeg 1200w, https:\/\/lyonbondyblog.fr\/LBB\/wp-content\/uploads\/2025\/10\/IMG_0080-768x576.jpeg 768w, https:\/\/lyonbondyblog.fr\/LBB\/wp-content\/uploads\/2025\/10\/IMG_0080-1536x1152.jpeg 1536w, https:\/\/lyonbondyblog.fr\/LBB\/wp-content\/uploads\/2025\/10\/IMG_0080-2048x1536.jpeg 2048w\" sizes=\"auto, (max-width: 1920px) 100vw, 1920px\" \/><\/figure>\n\n\n\n<p>Tout cela se finissant par un signature en tri-partie d\u2019une convention de territoire entre le minist\u00e8re de la culture, Villeurbanne et la m\u00e9tropole du Rh\u00f4ne : <\/p>\n\n\n\n<p>Un micro tendu s\u2019est mis en place entre la ministre Rachida Dati, C\u00e9dric Van Styvendael maire de Villeurbanne et les journalistes : <\/p>\n\n\n\n<figure class=\"wp-block-image size-large\"><img loading=\"lazy\" decoding=\"async\" width=\"1920\" height=\"1440\" src=\"https:\/\/lyonbondyblog.fr\/LBB\/wp-content\/uploads\/2025\/10\/IMG_0082-1920x1440.jpeg\" alt=\"\" class=\"wp-image-37199\" srcset=\"https:\/\/lyonbondyblog.fr\/LBB\/wp-content\/uploads\/2025\/10\/IMG_0082-1920x1440.jpeg 1920w, https:\/\/lyonbondyblog.fr\/LBB\/wp-content\/uploads\/2025\/10\/IMG_0082-1200x900.jpeg 1200w, https:\/\/lyonbondyblog.fr\/LBB\/wp-content\/uploads\/2025\/10\/IMG_0082-768x576.jpeg 768w, https:\/\/lyonbondyblog.fr\/LBB\/wp-content\/uploads\/2025\/10\/IMG_0082-1536x1152.jpeg 1536w, https:\/\/lyonbondyblog.fr\/LBB\/wp-content\/uploads\/2025\/10\/IMG_0082-2048x1536.jpeg 2048w\" sizes=\"auto, (max-width: 1920px) 100vw, 1920px\" \/><\/figure>\n\n\n\n<figure class=\"wp-block-audio\"><audio controls src=\"https:\/\/lyonbondyblog.fr\/LBB\/wp-content\/uploads\/2025\/10\/Nouvel-enregistrement-81.m4a\"><\/audio><\/figure>\n\n\n\n<p>La ministre de la culture a continu\u00e9 son p\u00e9riple lyonnais en visitant la Cin\u00e9-Fabrique et en finissant par une visite de l\u2019\u00e9cole de cirque \u00e0 Lyon, les \u201cUtopistes\u201d<\/p>\n\n\n\n<p>La ministre de la culture Rachida Dati est venue dans le territoire rhodanien d\u00e9fendre plusieurs projets, avec son caract\u00e8re bien tremp\u00e9,qui la caract\u00e9rise. Rappelant \u00e9galement que malgr\u00e9 les diff\u00e9rences en politique, il faut travailler main dans la main, pour que les projets avancent. Aujourd\u2019hui, elle signe plusieurs conventions qui pourraient am\u00e9liorer les offres culturelles. Avec notamment la labellisation de la future cit\u00e9 du cirque, le choix est fait, un retour aux arts populaires, avec sa venue, la ministre de la culture fait des choix forts et ne s\u2019en d\u00e9mord pas.<\/p>\n<!-- AddThis Advanced Settings generic via filter on the_content --><!-- AddThis Share Buttons generic via filter on the_content -->","protected":false},"excerpt":{"rendered":"<p>Aujourd\u2019hui, la ministre de la culture Rachida Dati est venue dans la m\u00e9tropole rhodanienne pour annoncer des choix forts. Il est 10H15 ce matin au &hellip; <!-- AddThis Advanced Settings generic via filter on wp_trim_excerpt --><!-- AddThis Share Buttons generic via filter on wp_trim_excerpt --><\/p>\n","protected":false},"author":1,"featured_media":37200,"comment_status":"open","ping_status":"open","sticky":true,"template":"","format":"standard","meta":{"_FSMCFIC_featured_image_caption":"","_FSMCFIC_featured_image_nocaption":"","_FSMCFIC_featured_image_hide":"","footnotes":""},"categories":[3,22015,13697,28430,10388],"tags":[],"class_list":["post-37195","post","type-post","status-publish","format-standard","has-post-thumbnail","hentry","category-culture","category-metropole","category-spectacle","category-theatre","category-villeurbanne"],"yoast_head":"<!-- This site is optimized with the Yoast SEO plugin v22.8 - https:\/\/yoast.com\/wordpress\/plugins\/seo\/ -->\n<title>Culture : Un d\u00e9placement avec des choix forts - Lyon Bondy Blog<\/title>\n<meta name=\"robots\" content=\"index, follow, max-snippet:-1, max-image-preview:large, max-video-preview:-1\" \/>\n<link rel=\"canonical\" href=\"https:\/\/lyonbondyblog.fr\/LBB\/culture-un-deplacement-avec-des-choix-forts\/\" \/>\n<meta property=\"og:locale\" content=\"fr_FR\" \/>\n<meta property=\"og:type\" content=\"article\" \/>\n<meta property=\"og:title\" content=\"Culture : Un d\u00e9placement avec des choix forts - Lyon Bondy Blog\" \/>\n<meta property=\"og:description\" content=\"Aujourd\u2019hui, la ministre de la culture Rachida Dati est venue dans la m\u00e9tropole rhodanienne pour annoncer des choix forts. Il est 10H15 ce matin au &hellip;\" \/>\n<meta property=\"og:url\" content=\"https:\/\/lyonbondyblog.fr\/LBB\/culture-un-deplacement-avec-des-choix-forts\/\" \/>\n<meta property=\"og:site_name\" content=\"Lyon Bondy Blog\" \/>\n<meta property=\"article:publisher\" content=\"https:\/\/www.facebook.com\/lyonbondyblog\" \/>\n<meta property=\"article:author\" content=\"https:\/\/www.facebook.com\/lyonbondyblog\" \/>\n<meta property=\"article:published_time\" content=\"2025-10-17T15:41:16+00:00\" \/>\n<meta property=\"article:modified_time\" content=\"2025-10-17T16:00:03+00:00\" \/>\n<meta property=\"og:image\" content=\"https:\/\/lyonbondyblog.fr\/LBB\/wp-content\/uploads\/2025\/10\/IMG_0075-scaled.jpeg\" \/>\n\t<meta property=\"og:image:width\" content=\"2560\" \/>\n\t<meta property=\"og:image:height\" content=\"1920\" \/>\n\t<meta property=\"og:image:type\" content=\"image\/jpeg\" \/>\n<meta name=\"author\" content=\"La r\u00e9daction\" \/>\n<meta name=\"twitter:card\" content=\"summary_large_image\" \/>\n<meta name=\"twitter:creator\" content=\"@BondyBlogLyon\" \/>\n<meta name=\"twitter:site\" content=\"@bondybloglyon\" \/>\n<script type=\"application\/ld+json\" class=\"yoast-schema-graph\">{\"@context\":\"https:\/\/schema.org\",\"@graph\":[{\"@type\":\"Article\",\"@id\":\"https:\/\/lyonbondyblog.fr\/LBB\/culture-un-deplacement-avec-des-choix-forts\/#article\",\"isPartOf\":{\"@id\":\"https:\/\/lyonbondyblog.fr\/LBB\/culture-un-deplacement-avec-des-choix-forts\/\"},\"author\":{\"name\":\"La r\u00e9daction\",\"@id\":\"https:\/\/lyonbondyblog.fr\/LBB\/#\/schema\/person\/e45f8d27baac75072daa0be50c409b25\"},\"headline\":\"Culture : Un d\u00e9placement avec des choix forts\",\"datePublished\":\"2025-10-17T15:41:16+00:00\",\"dateModified\":\"2025-10-17T16:00:03+00:00\",\"mainEntityOfPage\":{\"@id\":\"https:\/\/lyonbondyblog.fr\/LBB\/culture-un-deplacement-avec-des-choix-forts\/\"},\"wordCount\":365,\"commentCount\":0,\"publisher\":{\"@id\":\"https:\/\/lyonbondyblog.fr\/LBB\/#organization\"},\"image\":{\"@id\":\"https:\/\/lyonbondyblog.fr\/LBB\/culture-un-deplacement-avec-des-choix-forts\/#primaryimage\"},\"thumbnailUrl\":\"https:\/\/lyonbondyblog.fr\/LBB\/wp-content\/uploads\/2025\/10\/IMG_0075-scaled.jpeg\",\"articleSection\":[\"Culture\",\"M\u00e9tropole\",\"Spectacle\",\"Theatre\",\"Villeurbanne\"],\"inLanguage\":\"fr-FR\",\"potentialAction\":[{\"@type\":\"CommentAction\",\"name\":\"Comment\",\"target\":[\"https:\/\/lyonbondyblog.fr\/LBB\/culture-un-deplacement-avec-des-choix-forts\/#respond\"]}]},{\"@type\":\"WebPage\",\"@id\":\"https:\/\/lyonbondyblog.fr\/LBB\/culture-un-deplacement-avec-des-choix-forts\/\",\"url\":\"https:\/\/lyonbondyblog.fr\/LBB\/culture-un-deplacement-avec-des-choix-forts\/\",\"name\":\"Culture : Un d\u00e9placement avec des choix forts - Lyon Bondy Blog\",\"isPartOf\":{\"@id\":\"https:\/\/lyonbondyblog.fr\/LBB\/#website\"},\"primaryImageOfPage\":{\"@id\":\"https:\/\/lyonbondyblog.fr\/LBB\/culture-un-deplacement-avec-des-choix-forts\/#primaryimage\"},\"image\":{\"@id\":\"https:\/\/lyonbondyblog.fr\/LBB\/culture-un-deplacement-avec-des-choix-forts\/#primaryimage\"},\"thumbnailUrl\":\"https:\/\/lyonbondyblog.fr\/LBB\/wp-content\/uploads\/2025\/10\/IMG_0075-scaled.jpeg\",\"datePublished\":\"2025-10-17T15:41:16+00:00\",\"dateModified\":\"2025-10-17T16:00:03+00:00\",\"inLanguage\":\"fr-FR\",\"potentialAction\":[{\"@type\":\"ReadAction\",\"target\":[\"https:\/\/lyonbondyblog.fr\/LBB\/culture-un-deplacement-avec-des-choix-forts\/\"]}]},{\"@type\":\"ImageObject\",\"inLanguage\":\"fr-FR\",\"@id\":\"https:\/\/lyonbondyblog.fr\/LBB\/culture-un-deplacement-avec-des-choix-forts\/#primaryimage\",\"url\":\"https:\/\/lyonbondyblog.fr\/LBB\/wp-content\/uploads\/2025\/10\/IMG_0075-scaled.jpeg\",\"contentUrl\":\"https:\/\/lyonbondyblog.fr\/LBB\/wp-content\/uploads\/2025\/10\/IMG_0075-scaled.jpeg\",\"width\":2560,\"height\":1920},{\"@type\":\"WebSite\",\"@id\":\"https:\/\/lyonbondyblog.fr\/LBB\/#website\",\"url\":\"https:\/\/lyonbondyblog.fr\/LBB\/\",\"name\":\"Lyon Bondy Blog\",\"description\":\"\",\"publisher\":{\"@id\":\"https:\/\/lyonbondyblog.fr\/LBB\/#organization\"},\"potentialAction\":[{\"@type\":\"SearchAction\",\"target\":{\"@type\":\"EntryPoint\",\"urlTemplate\":\"https:\/\/lyonbondyblog.fr\/LBB\/?s={search_term_string}\"},\"query-input\":\"required name=search_term_string\"}],\"inLanguage\":\"fr-FR\"},{\"@type\":\"Organization\",\"@id\":\"https:\/\/lyonbondyblog.fr\/LBB\/#organization\",\"name\":\"LYON BONDY BLOG\",\"url\":\"https:\/\/lyonbondyblog.fr\/LBB\/\",\"logo\":{\"@type\":\"ImageObject\",\"inLanguage\":\"fr-FR\",\"@id\":\"https:\/\/lyonbondyblog.fr\/LBB\/#\/schema\/logo\/image\/\",\"url\":\"http:\/\/lyonbondyblog.fr\/LBB\/wp-content\/uploads\/2014\/10\/logo-portable-144.png\",\"contentUrl\":\"http:\/\/lyonbondyblog.fr\/LBB\/wp-content\/uploads\/2014\/10\/logo-portable-144.png\",\"width\":144,\"height\":123,\"caption\":\"LYON BONDY BLOG\"},\"image\":{\"@id\":\"https:\/\/lyonbondyblog.fr\/LBB\/#\/schema\/logo\/image\/\"},\"sameAs\":[\"https:\/\/www.facebook.com\/lyonbondyblog\",\"https:\/\/x.com\/bondybloglyon\"]},{\"@type\":\"Person\",\"@id\":\"https:\/\/lyonbondyblog.fr\/LBB\/#\/schema\/person\/e45f8d27baac75072daa0be50c409b25\",\"name\":\"La r\u00e9daction\",\"description\":\"Cr\u00e9e en 2008, la r\u00e9daction du Lyon Bondy Blog s'applique \u00e0 proposer une information locale diff\u00e9rente et compl\u00e9mentaire des m\u00e9dias traditionnels.\",\"sameAs\":[\"https:\/\/www.facebook.com\/lyonbondyblog\",\"https:\/\/x.com\/BondyBlogLyon\"],\"url\":\"https:\/\/lyonbondyblog.fr\/LBB\/author\/admin\/\"}]}<\/script>\n<!-- \/ Yoast SEO plugin. -->","yoast_head_json":{"title":"Culture : Un d\u00e9placement avec des choix forts - Lyon Bondy Blog","robots":{"index":"index","follow":"follow","max-snippet":"max-snippet:-1","max-image-preview":"max-image-preview:large","max-video-preview":"max-video-preview:-1"},"canonical":"https:\/\/lyonbondyblog.fr\/LBB\/culture-un-deplacement-avec-des-choix-forts\/","og_locale":"fr_FR","og_type":"article","og_title":"Culture : Un d\u00e9placement avec des choix forts - Lyon Bondy Blog","og_description":"Aujourd\u2019hui, la ministre de la culture Rachida Dati est venue dans la m\u00e9tropole rhodanienne pour annoncer des choix forts. Il est 10H15 ce matin au &hellip;","og_url":"https:\/\/lyonbondyblog.fr\/LBB\/culture-un-deplacement-avec-des-choix-forts\/","og_site_name":"Lyon Bondy Blog","article_publisher":"https:\/\/www.facebook.com\/lyonbondyblog","article_author":"https:\/\/www.facebook.com\/lyonbondyblog","article_published_time":"2025-10-17T15:41:16+00:00","article_modified_time":"2025-10-17T16:00:03+00:00","og_image":[{"width":2560,"height":1920,"url":"https:\/\/lyonbondyblog.fr\/LBB\/wp-content\/uploads\/2025\/10\/IMG_0075-scaled.jpeg","type":"image\/jpeg"}],"author":"La r\u00e9daction","twitter_card":"summary_large_image","twitter_creator":"@BondyBlogLyon","twitter_site":"@bondybloglyon","schema":{"@context":"https:\/\/schema.org","@graph":[{"@type":"Article","@id":"https:\/\/lyonbondyblog.fr\/LBB\/culture-un-deplacement-avec-des-choix-forts\/#article","isPartOf":{"@id":"https:\/\/lyonbondyblog.fr\/LBB\/culture-un-deplacement-avec-des-choix-forts\/"},"author":{"name":"La r\u00e9daction","@id":"https:\/\/lyonbondyblog.fr\/LBB\/#\/schema\/person\/e45f8d27baac75072daa0be50c409b25"},"headline":"Culture : Un d\u00e9placement avec des choix forts","datePublished":"2025-10-17T15:41:16+00:00","dateModified":"2025-10-17T16:00:03+00:00","mainEntityOfPage":{"@id":"https:\/\/lyonbondyblog.fr\/LBB\/culture-un-deplacement-avec-des-choix-forts\/"},"wordCount":365,"commentCount":0,"publisher":{"@id":"https:\/\/lyonbondyblog.fr\/LBB\/#organization"},"image":{"@id":"https:\/\/lyonbondyblog.fr\/LBB\/culture-un-deplacement-avec-des-choix-forts\/#primaryimage"},"thumbnailUrl":"https:\/\/lyonbondyblog.fr\/LBB\/wp-content\/uploads\/2025\/10\/IMG_0075-scaled.jpeg","articleSection":["Culture","M\u00e9tropole","Spectacle","Theatre","Villeurbanne"],"inLanguage":"fr-FR","potentialAction":[{"@type":"CommentAction","name":"Comment","target":["https:\/\/lyonbondyblog.fr\/LBB\/culture-un-deplacement-avec-des-choix-forts\/#respond"]}]},{"@type":"WebPage","@id":"https:\/\/lyonbondyblog.fr\/LBB\/culture-un-deplacement-avec-des-choix-forts\/","url":"https:\/\/lyonbondyblog.fr\/LBB\/culture-un-deplacement-avec-des-choix-forts\/","name":"Culture : Un d\u00e9placement avec des choix forts - Lyon Bondy Blog","isPartOf":{"@id":"https:\/\/lyonbondyblog.fr\/LBB\/#website"},"primaryImageOfPage":{"@id":"https:\/\/lyonbondyblog.fr\/LBB\/culture-un-deplacement-avec-des-choix-forts\/#primaryimage"},"image":{"@id":"https:\/\/lyonbondyblog.fr\/LBB\/culture-un-deplacement-avec-des-choix-forts\/#primaryimage"},"thumbnailUrl":"https:\/\/lyonbondyblog.fr\/LBB\/wp-content\/uploads\/2025\/10\/IMG_0075-scaled.jpeg","datePublished":"2025-10-17T15:41:16+00:00","dateModified":"2025-10-17T16:00:03+00:00","inLanguage":"fr-FR","potentialAction":[{"@type":"ReadAction","target":["https:\/\/lyonbondyblog.fr\/LBB\/culture-un-deplacement-avec-des-choix-forts\/"]}]},{"@type":"ImageObject","inLanguage":"fr-FR","@id":"https:\/\/lyonbondyblog.fr\/LBB\/culture-un-deplacement-avec-des-choix-forts\/#primaryimage","url":"https:\/\/lyonbondyblog.fr\/LBB\/wp-content\/uploads\/2025\/10\/IMG_0075-scaled.jpeg","contentUrl":"https:\/\/lyonbondyblog.fr\/LBB\/wp-content\/uploads\/2025\/10\/IMG_0075-scaled.jpeg","width":2560,"height":1920},{"@type":"WebSite","@id":"https:\/\/lyonbondyblog.fr\/LBB\/#website","url":"https:\/\/lyonbondyblog.fr\/LBB\/","name":"Lyon Bondy Blog","description":"","publisher":{"@id":"https:\/\/lyonbondyblog.fr\/LBB\/#organization"},"potentialAction":[{"@type":"SearchAction","target":{"@type":"EntryPoint","urlTemplate":"https:\/\/lyonbondyblog.fr\/LBB\/?s={search_term_string}"},"query-input":"required name=search_term_string"}],"inLanguage":"fr-FR"},{"@type":"Organization","@id":"https:\/\/lyonbondyblog.fr\/LBB\/#organization","name":"LYON BONDY BLOG","url":"https:\/\/lyonbondyblog.fr\/LBB\/","logo":{"@type":"ImageObject","inLanguage":"fr-FR","@id":"https:\/\/lyonbondyblog.fr\/LBB\/#\/schema\/logo\/image\/","url":"http:\/\/lyonbondyblog.fr\/LBB\/wp-content\/uploads\/2014\/10\/logo-portable-144.png","contentUrl":"http:\/\/lyonbondyblog.fr\/LBB\/wp-content\/uploads\/2014\/10\/logo-portable-144.png","width":144,"height":123,"caption":"LYON BONDY BLOG"},"image":{"@id":"https:\/\/lyonbondyblog.fr\/LBB\/#\/schema\/logo\/image\/"},"sameAs":["https:\/\/www.facebook.com\/lyonbondyblog","https:\/\/x.com\/bondybloglyon"]},{"@type":"Person","@id":"https:\/\/lyonbondyblog.fr\/LBB\/#\/schema\/person\/e45f8d27baac75072daa0be50c409b25","name":"La r\u00e9daction","description":"Cr\u00e9e en 2008, la r\u00e9daction du Lyon Bondy Blog s'applique \u00e0 proposer une information locale diff\u00e9rente et compl\u00e9mentaire des m\u00e9dias traditionnels.","sameAs":["https:\/\/www.facebook.com\/lyonbondyblog","https:\/\/x.com\/BondyBlogLyon"],"url":"https:\/\/lyonbondyblog.fr\/LBB\/author\/admin\/"}]}},"_links":{"self":[{"href":"https:\/\/lyonbondyblog.fr\/LBB\/wp-json\/wp\/v2\/posts\/37195","targetHints":{"allow":["GET"]}}],"collection":[{"href":"https:\/\/lyonbondyblog.fr\/LBB\/wp-json\/wp\/v2\/posts"}],"about":[{"href":"https:\/\/lyonbondyblog.fr\/LBB\/wp-json\/wp\/v2\/types\/post"}],"author":[{"embeddable":true,"href":"https:\/\/lyonbondyblog.fr\/LBB\/wp-json\/wp\/v2\/users\/1"}],"replies":[{"embeddable":true,"href":"https:\/\/lyonbondyblog.fr\/LBB\/wp-json\/wp\/v2\/comments?post=37195"}],"version-history":[{"count":2,"href":"https:\/\/lyonbondyblog.fr\/LBB\/wp-json\/wp\/v2\/posts\/37195\/revisions"}],"predecessor-version":[{"id":37202,"href":"https:\/\/lyonbondyblog.fr\/LBB\/wp-json\/wp\/v2\/posts\/37195\/revisions\/37202"}],"wp:featuredmedia":[{"embeddable":true,"href":"https:\/\/lyonbondyblog.fr\/LBB\/wp-json\/wp\/v2\/media\/37200"}],"wp:attachment":[{"href":"https:\/\/lyonbondyblog.fr\/LBB\/wp-json\/wp\/v2\/media?parent=37195"}],"wp:term":[{"taxonomy":"category","embeddable":true,"href":"https:\/\/lyonbondyblog.fr\/LBB\/wp-json\/wp\/v2\/categories?post=37195"},{"taxonomy":"post_tag","embeddable":true,"href":"https:\/\/lyonbondyblog.fr\/LBB\/wp-json\/wp\/v2\/tags?post=37195"}],"curies":[{"name":"wp","href":"https:\/\/api.w.org\/{rel}","templated":true}]}}