{"id":3712,"date":"2008-05-21T15:16:54","date_gmt":"2008-05-21T13:16:54","guid":{"rendered":"http:\/\/lyonbondyblog.fr\/LBB\/?p=3712"},"modified":"2013-08-06T15:19:09","modified_gmt":"2013-08-06T13:19:09","slug":"des-lyceennes-mobilisees-contre-lexpulsion-des-eleves-sans-papiers","status":"publish","type":"post","link":"https:\/\/lyonbondyblog.fr\/LBB\/des-lyceennes-mobilisees-contre-lexpulsion-des-eleves-sans-papiers\/","title":{"rendered":"Des lyc\u00e9ennes mobilis\u00e9es contre l\u2019expulsion des \u00e9l\u00e8ves sans-papiers"},"content":{"rendered":"<p><strong>Face aux menaces qui p\u00e8sent sur leurs camarades de classe sans-papiers, Adeline et Barbara, deux lyc\u00e9ennes de Vaulx-en-Velin, membres de RESF, se sont engag\u00e9es dans la lutte contre l\u2019expulsion. Portraits<\/strong>.<\/p>\n<div><\/div>\n<div><\/div>\n<p align=\"justify\">Adeline Bingue et Barbara Bacoup n\u2019ont que 17 ans. Elles sont en terminale Bio services au lyc\u00e9e professionnel Les Canuts \u00e0 Vaulx-en-Velin. Depuis janvier, elles se soul\u00e8vent contre les expulsions des \u00e9l\u00e8ves sans-papier, un investissement qui demande beaucoup d\u2019\u00e9nergie. A quelques semaines de passer le baccalaur\u00e9at, je les ai rencontr\u00e9 entre deux r\u00e9visions, sur le terrain des revendications.<\/p>\n<p align=\"justify\">Quand je les ai aper\u00e7ues la premi\u00e8re fois, elles me sont apparues comme deux jeunes filles sages, loin des probl\u00e8mes de notre soci\u00e9t\u00e9. Puis quand je les ai entendues parler de lutte contre les expulsions des \u00e9l\u00e8ves sans-papier, j\u2019ai su que je m\u2019\u00e9tais grossi\u00e8rement tromp\u00e9e. Adeline et Barbara ma\u00eetrisent parfaitement leur sujet. D\u2019ailleurs, elles sont m\u00eame membres de RESF (R\u00e9seau \u00c9ducation Sans Fronti\u00e8res) depuis cinq mois.<\/p>\n<p align=\"justify\"><i>\u00ab\u00a0\u00c7a a commenc\u00e9 quand la police des fronti\u00e8res est venue interpeller chez elle Alarimia, une amie du lyc\u00e9e d\u2019origine comorienne. Heureusement, la police ne l\u2019a pas trouv\u00e9e, <\/i>commencent les deux jeunes<i>. On ne comprend pas, toute sa famille \u00e0 la nationalit\u00e9 fran\u00e7aise. Elle est la seule \u00e0 \u00eatre n\u00e9e aux Comores. Alors la police lui a demand\u00e9 de retourner dans son pays natal pour effectuer un test ADN et prouver qu\u2019elle est bien la fille de sa m\u00e8re.\u00a0\u00bb<\/i> D\u2019ailleurs, cette affaire fera m\u00eame l\u2019objet d\u2019une gr\u00e8ve des professeurs dans leur lyc\u00e9e en janvier. Par la m\u00eame occasion, les deux \u00e9l\u00e8ves apprennent que leur amie comorienne n\u2019est pas la seule sans-papier de l\u2019\u00e9cole. Touch\u00e9es par cette nouvelle, Adeline et Barbara entrent dans la lutte contre les expulsions des \u00e9l\u00e8ves sans-papier.<\/p>\n<p align=\"justify\">Elles se mobilisent alors contre l\u2019arrestation de Dato Makaratze, \u00e9l\u00e8ve de 24 ans d\u2019un autre \u00e9tablissement de la Croix-Rousse [ndlr\u00a0: IVe arr. de Lyon]. <i>\u00ab\u00a0Il a \u00e9t\u00e9 contr\u00f4l\u00e9 dans le m\u00e9tro avec une fausse carte d\u2019identit\u00e9 puis a fait presque quatre mois de prison. A la fin de sa peine, les policiers l\u2019ont escort\u00e9 directement au centre de r\u00e9tention de Saint-Exup\u00e9ry, pr\u00e8s de l\u2019a\u00e9roport, <\/i>me raconte Adeline<i>. On est d\u00e9j\u00e0 all\u00e9es manifester devant le centre, il y a des barreaux aux fen\u00eatres et un grand grillage de fil barbel\u00e9. Des petits bras nous faisaient coucou par les fen\u00eatres\u00a0\u00bb<\/i>, se souviennent-elles.<\/p>\n<p align=\"justify\"><i>\u00ab\u00a0On a des tas d\u2019amis et de camarades du lyc\u00e9e dans cette situation. Je me dis que s\u2019ils ont quitt\u00e9 leurs pays, c\u2019est qu\u2019ils avaient des difficult\u00e9s, <\/i>lance Barbara.<i>\u00a0La police pense que Dato porte un faux nom. Quand il a \u00e9t\u00e9 interpel\u00e9, il a racont\u00e9 aux autorit\u00e9s qu\u2019il venait d\u2019Ukraine puis ensuite de G\u00e9orgie. Il est rest\u00e9 deux semaines au centre de r\u00e9tention puis ils ont du le rel\u00e2cher car l\u2019Ukraine lui a refus\u00e9 l\u2019autorisation de laisser passer. Tout le monde suspecte qu\u2019il vient d\u2019Isra\u00ebl, <\/i>ajoutent les deux filles. <i>C\u2019est un pays en guerre, une zone rouge. Ils ne peuvent pas l\u2019envoyer l\u00e0-bas, c\u2019est trop dangereux\u00a0\u00bb, <\/i>croit savoir Barbara. Adeline n\u2019est pas du m\u00eame avis. <i>\u00ab\u00a0Moi, je crois que si les autorit\u00e9s fran\u00e7aises veulent s\u2019en d\u00e9barrasser, ils tiendront pas en compte ce facteur.\u00a0\u00bb<\/i><\/p>\n<p align=\"justify\">Aujourd\u2019hui, les filles s\u2019inqui\u00e8tent du sort qui sera r\u00e9serv\u00e9 aux \u00e9l\u00e8ves sans-papiers quand l\u2019\u00e9cole sera finie. Alors, d\u00e8s que possible, elles assistent aux r\u00e9unions de RESF pour se tenir \u00e0 l\u2019heure des prochaines actions.<\/p>\n<p align=\"justify\">\n<p style=\"text-align: right;\"><span style=\"text-decoration: underline;\">Naima Daira<\/span><\/p>\n<!-- AddThis Advanced Settings generic via filter on the_content --><!-- AddThis Share Buttons generic via filter on the_content -->","protected":false},"excerpt":{"rendered":"<p>Face aux menaces qui p\u00e8sent sur leurs camarades de classe sans-papiers, Adeline et Barbara, deux lyc\u00e9ennes de Vaulx-en-Velin, membres de RESF, se sont engag\u00e9es dans &hellip; <!-- AddThis Advanced Settings generic via filter on wp_trim_excerpt --><!-- AddThis Share Buttons generic via filter on wp_trim_excerpt --><\/p>\n","protected":false},"author":1,"featured_media":0,"comment_status":"open","ping_status":"open","sticky":false,"template":"","format":"standard","meta":{"_FSMCFIC_featured_image_caption":"","_FSMCFIC_featured_image_nocaption":"","_FSMCFIC_featured_image_hide":"","footnotes":""},"categories":[4],"tags":[10,112],"class_list":["post-3712","post","type-post","status-publish","format-standard","hentry","category-lyon","tag-lyon-2","tag-lyon-bondy-blog"],"yoast_head":"<!-- This site is optimized with the Yoast SEO plugin v22.8 - https:\/\/yoast.com\/wordpress\/plugins\/seo\/ -->\n<title>Des lyc\u00e9ennes mobilis\u00e9es contre l\u2019expulsion des \u00e9l\u00e8ves sans-papiers - Lyon Bondy Blog<\/title>\n<meta name=\"robots\" content=\"index, follow, max-snippet:-1, max-image-preview:large, max-video-preview:-1\" \/>\n<link rel=\"canonical\" href=\"https:\/\/lyonbondyblog.fr\/LBB\/des-lyceennes-mobilisees-contre-lexpulsion-des-eleves-sans-papiers\/\" \/>\n<meta property=\"og:locale\" content=\"fr_FR\" \/>\n<meta property=\"og:type\" content=\"article\" \/>\n<meta property=\"og:title\" content=\"Des lyc\u00e9ennes mobilis\u00e9es contre l\u2019expulsion des \u00e9l\u00e8ves sans-papiers - Lyon Bondy Blog\" \/>\n<meta property=\"og:description\" content=\"Face aux menaces qui p\u00e8sent sur leurs camarades de classe sans-papiers, Adeline et Barbara, deux lyc\u00e9ennes de Vaulx-en-Velin, membres de RESF, se sont engag\u00e9es dans &hellip;\" \/>\n<meta property=\"og:url\" content=\"https:\/\/lyonbondyblog.fr\/LBB\/des-lyceennes-mobilisees-contre-lexpulsion-des-eleves-sans-papiers\/\" \/>\n<meta property=\"og:site_name\" content=\"Lyon Bondy Blog\" \/>\n<meta property=\"article:publisher\" content=\"https:\/\/www.facebook.com\/lyonbondyblog\" \/>\n<meta property=\"article:author\" content=\"https:\/\/www.facebook.com\/lyonbondyblog\" \/>\n<meta property=\"article:published_time\" content=\"2008-05-21T13:16:54+00:00\" \/>\n<meta property=\"article:modified_time\" content=\"2013-08-06T13:19:09+00:00\" \/>\n<meta property=\"og:image\" content=\"https:\/\/lyonbondyblog.fr\/LBB\/wp-content\/uploads\/2014\/10\/Bandeau-Site-V2-011-2.jpg\" \/>\n\t<meta property=\"og:image:width\" content=\"851\" \/>\n\t<meta property=\"og:image:height\" content=\"200\" \/>\n\t<meta property=\"og:image:type\" content=\"image\/jpeg\" \/>\n<meta name=\"author\" content=\"La r\u00e9daction\" \/>\n<meta name=\"twitter:card\" content=\"summary_large_image\" \/>\n<meta name=\"twitter:creator\" content=\"@BondyBlogLyon\" \/>\n<meta name=\"twitter:site\" content=\"@bondybloglyon\" \/>\n<script type=\"application\/ld+json\" class=\"yoast-schema-graph\">{\"@context\":\"https:\/\/schema.org\",\"@graph\":[{\"@type\":\"Article\",\"@id\":\"https:\/\/lyonbondyblog.fr\/LBB\/des-lyceennes-mobilisees-contre-lexpulsion-des-eleves-sans-papiers\/#article\",\"isPartOf\":{\"@id\":\"https:\/\/lyonbondyblog.fr\/LBB\/des-lyceennes-mobilisees-contre-lexpulsion-des-eleves-sans-papiers\/\"},\"author\":{\"name\":\"La r\u00e9daction\",\"@id\":\"https:\/\/lyonbondyblog.fr\/LBB\/#\/schema\/person\/e45f8d27baac75072daa0be50c409b25\"},\"headline\":\"Des lyc\u00e9ennes mobilis\u00e9es contre l\u2019expulsion des \u00e9l\u00e8ves sans-papiers\",\"datePublished\":\"2008-05-21T13:16:54+00:00\",\"dateModified\":\"2013-08-06T13:19:09+00:00\",\"mainEntityOfPage\":{\"@id\":\"https:\/\/lyonbondyblog.fr\/LBB\/des-lyceennes-mobilisees-contre-lexpulsion-des-eleves-sans-papiers\/\"},\"wordCount\":657,\"commentCount\":0,\"publisher\":{\"@id\":\"https:\/\/lyonbondyblog.fr\/LBB\/#organization\"},\"keywords\":[\"lyon\",\"Lyon Bondy Blog\"],\"articleSection\":[\"Lyon\"],\"inLanguage\":\"fr-FR\",\"potentialAction\":[{\"@type\":\"CommentAction\",\"name\":\"Comment\",\"target\":[\"https:\/\/lyonbondyblog.fr\/LBB\/des-lyceennes-mobilisees-contre-lexpulsion-des-eleves-sans-papiers\/#respond\"]}]},{\"@type\":\"WebPage\",\"@id\":\"https:\/\/lyonbondyblog.fr\/LBB\/des-lyceennes-mobilisees-contre-lexpulsion-des-eleves-sans-papiers\/\",\"url\":\"https:\/\/lyonbondyblog.fr\/LBB\/des-lyceennes-mobilisees-contre-lexpulsion-des-eleves-sans-papiers\/\",\"name\":\"Des lyc\u00e9ennes mobilis\u00e9es contre l\u2019expulsion des \u00e9l\u00e8ves sans-papiers - Lyon Bondy Blog\",\"isPartOf\":{\"@id\":\"https:\/\/lyonbondyblog.fr\/LBB\/#website\"},\"datePublished\":\"2008-05-21T13:16:54+00:00\",\"dateModified\":\"2013-08-06T13:19:09+00:00\",\"inLanguage\":\"fr-FR\",\"potentialAction\":[{\"@type\":\"ReadAction\",\"target\":[\"https:\/\/lyonbondyblog.fr\/LBB\/des-lyceennes-mobilisees-contre-lexpulsion-des-eleves-sans-papiers\/\"]}]},{\"@type\":\"WebSite\",\"@id\":\"https:\/\/lyonbondyblog.fr\/LBB\/#website\",\"url\":\"https:\/\/lyonbondyblog.fr\/LBB\/\",\"name\":\"Lyon Bondy Blog\",\"description\":\"\",\"publisher\":{\"@id\":\"https:\/\/lyonbondyblog.fr\/LBB\/#organization\"},\"potentialAction\":[{\"@type\":\"SearchAction\",\"target\":{\"@type\":\"EntryPoint\",\"urlTemplate\":\"https:\/\/lyonbondyblog.fr\/LBB\/?s={search_term_string}\"},\"query-input\":\"required name=search_term_string\"}],\"inLanguage\":\"fr-FR\"},{\"@type\":\"Organization\",\"@id\":\"https:\/\/lyonbondyblog.fr\/LBB\/#organization\",\"name\":\"LYON BONDY BLOG\",\"url\":\"https:\/\/lyonbondyblog.fr\/LBB\/\",\"logo\":{\"@type\":\"ImageObject\",\"inLanguage\":\"fr-FR\",\"@id\":\"https:\/\/lyonbondyblog.fr\/LBB\/#\/schema\/logo\/image\/\",\"url\":\"http:\/\/lyonbondyblog.fr\/LBB\/wp-content\/uploads\/2014\/10\/logo-portable-144.png\",\"contentUrl\":\"http:\/\/lyonbondyblog.fr\/LBB\/wp-content\/uploads\/2014\/10\/logo-portable-144.png\",\"width\":144,\"height\":123,\"caption\":\"LYON BONDY BLOG\"},\"image\":{\"@id\":\"https:\/\/lyonbondyblog.fr\/LBB\/#\/schema\/logo\/image\/\"},\"sameAs\":[\"https:\/\/www.facebook.com\/lyonbondyblog\",\"https:\/\/x.com\/bondybloglyon\"]},{\"@type\":\"Person\",\"@id\":\"https:\/\/lyonbondyblog.fr\/LBB\/#\/schema\/person\/e45f8d27baac75072daa0be50c409b25\",\"name\":\"La r\u00e9daction\",\"description\":\"Cr\u00e9e en 2008, la r\u00e9daction du Lyon Bondy Blog s'applique \u00e0 proposer une information locale diff\u00e9rente et compl\u00e9mentaire des m\u00e9dias traditionnels.\",\"sameAs\":[\"https:\/\/www.facebook.com\/lyonbondyblog\",\"https:\/\/x.com\/BondyBlogLyon\"],\"url\":\"https:\/\/lyonbondyblog.fr\/LBB\/author\/admin\/\"}]}<\/script>\n<!-- \/ Yoast SEO plugin. -->","yoast_head_json":{"title":"Des lyc\u00e9ennes mobilis\u00e9es contre l\u2019expulsion des \u00e9l\u00e8ves sans-papiers - Lyon Bondy Blog","robots":{"index":"index","follow":"follow","max-snippet":"max-snippet:-1","max-image-preview":"max-image-preview:large","max-video-preview":"max-video-preview:-1"},"canonical":"https:\/\/lyonbondyblog.fr\/LBB\/des-lyceennes-mobilisees-contre-lexpulsion-des-eleves-sans-papiers\/","og_locale":"fr_FR","og_type":"article","og_title":"Des lyc\u00e9ennes mobilis\u00e9es contre l\u2019expulsion des \u00e9l\u00e8ves sans-papiers - Lyon Bondy Blog","og_description":"Face aux menaces qui p\u00e8sent sur leurs camarades de classe sans-papiers, Adeline et Barbara, deux lyc\u00e9ennes de Vaulx-en-Velin, membres de RESF, se sont engag\u00e9es dans &hellip;","og_url":"https:\/\/lyonbondyblog.fr\/LBB\/des-lyceennes-mobilisees-contre-lexpulsion-des-eleves-sans-papiers\/","og_site_name":"Lyon Bondy Blog","article_publisher":"https:\/\/www.facebook.com\/lyonbondyblog","article_author":"https:\/\/www.facebook.com\/lyonbondyblog","article_published_time":"2008-05-21T13:16:54+00:00","article_modified_time":"2013-08-06T13:19:09+00:00","og_image":[{"width":851,"height":200,"url":"https:\/\/lyonbondyblog.fr\/LBB\/wp-content\/uploads\/2014\/10\/Bandeau-Site-V2-011-2.jpg","type":"image\/jpeg"}],"author":"La r\u00e9daction","twitter_card":"summary_large_image","twitter_creator":"@BondyBlogLyon","twitter_site":"@bondybloglyon","schema":{"@context":"https:\/\/schema.org","@graph":[{"@type":"Article","@id":"https:\/\/lyonbondyblog.fr\/LBB\/des-lyceennes-mobilisees-contre-lexpulsion-des-eleves-sans-papiers\/#article","isPartOf":{"@id":"https:\/\/lyonbondyblog.fr\/LBB\/des-lyceennes-mobilisees-contre-lexpulsion-des-eleves-sans-papiers\/"},"author":{"name":"La r\u00e9daction","@id":"https:\/\/lyonbondyblog.fr\/LBB\/#\/schema\/person\/e45f8d27baac75072daa0be50c409b25"},"headline":"Des lyc\u00e9ennes mobilis\u00e9es contre l\u2019expulsion des \u00e9l\u00e8ves sans-papiers","datePublished":"2008-05-21T13:16:54+00:00","dateModified":"2013-08-06T13:19:09+00:00","mainEntityOfPage":{"@id":"https:\/\/lyonbondyblog.fr\/LBB\/des-lyceennes-mobilisees-contre-lexpulsion-des-eleves-sans-papiers\/"},"wordCount":657,"commentCount":0,"publisher":{"@id":"https:\/\/lyonbondyblog.fr\/LBB\/#organization"},"keywords":["lyon","Lyon Bondy Blog"],"articleSection":["Lyon"],"inLanguage":"fr-FR","potentialAction":[{"@type":"CommentAction","name":"Comment","target":["https:\/\/lyonbondyblog.fr\/LBB\/des-lyceennes-mobilisees-contre-lexpulsion-des-eleves-sans-papiers\/#respond"]}]},{"@type":"WebPage","@id":"https:\/\/lyonbondyblog.fr\/LBB\/des-lyceennes-mobilisees-contre-lexpulsion-des-eleves-sans-papiers\/","url":"https:\/\/lyonbondyblog.fr\/LBB\/des-lyceennes-mobilisees-contre-lexpulsion-des-eleves-sans-papiers\/","name":"Des lyc\u00e9ennes mobilis\u00e9es contre l\u2019expulsion des \u00e9l\u00e8ves sans-papiers - Lyon Bondy Blog","isPartOf":{"@id":"https:\/\/lyonbondyblog.fr\/LBB\/#website"},"datePublished":"2008-05-21T13:16:54+00:00","dateModified":"2013-08-06T13:19:09+00:00","inLanguage":"fr-FR","potentialAction":[{"@type":"ReadAction","target":["https:\/\/lyonbondyblog.fr\/LBB\/des-lyceennes-mobilisees-contre-lexpulsion-des-eleves-sans-papiers\/"]}]},{"@type":"WebSite","@id":"https:\/\/lyonbondyblog.fr\/LBB\/#website","url":"https:\/\/lyonbondyblog.fr\/LBB\/","name":"Lyon Bondy Blog","description":"","publisher":{"@id":"https:\/\/lyonbondyblog.fr\/LBB\/#organization"},"potentialAction":[{"@type":"SearchAction","target":{"@type":"EntryPoint","urlTemplate":"https:\/\/lyonbondyblog.fr\/LBB\/?s={search_term_string}"},"query-input":"required name=search_term_string"}],"inLanguage":"fr-FR"},{"@type":"Organization","@id":"https:\/\/lyonbondyblog.fr\/LBB\/#organization","name":"LYON BONDY BLOG","url":"https:\/\/lyonbondyblog.fr\/LBB\/","logo":{"@type":"ImageObject","inLanguage":"fr-FR","@id":"https:\/\/lyonbondyblog.fr\/LBB\/#\/schema\/logo\/image\/","url":"http:\/\/lyonbondyblog.fr\/LBB\/wp-content\/uploads\/2014\/10\/logo-portable-144.png","contentUrl":"http:\/\/lyonbondyblog.fr\/LBB\/wp-content\/uploads\/2014\/10\/logo-portable-144.png","width":144,"height":123,"caption":"LYON BONDY BLOG"},"image":{"@id":"https:\/\/lyonbondyblog.fr\/LBB\/#\/schema\/logo\/image\/"},"sameAs":["https:\/\/www.facebook.com\/lyonbondyblog","https:\/\/x.com\/bondybloglyon"]},{"@type":"Person","@id":"https:\/\/lyonbondyblog.fr\/LBB\/#\/schema\/person\/e45f8d27baac75072daa0be50c409b25","name":"La r\u00e9daction","description":"Cr\u00e9e en 2008, la r\u00e9daction du Lyon Bondy Blog s'applique \u00e0 proposer une information locale diff\u00e9rente et compl\u00e9mentaire des m\u00e9dias traditionnels.","sameAs":["https:\/\/www.facebook.com\/lyonbondyblog","https:\/\/x.com\/BondyBlogLyon"],"url":"https:\/\/lyonbondyblog.fr\/LBB\/author\/admin\/"}]}},"_links":{"self":[{"href":"https:\/\/lyonbondyblog.fr\/LBB\/wp-json\/wp\/v2\/posts\/3712","targetHints":{"allow":["GET"]}}],"collection":[{"href":"https:\/\/lyonbondyblog.fr\/LBB\/wp-json\/wp\/v2\/posts"}],"about":[{"href":"https:\/\/lyonbondyblog.fr\/LBB\/wp-json\/wp\/v2\/types\/post"}],"author":[{"embeddable":true,"href":"https:\/\/lyonbondyblog.fr\/LBB\/wp-json\/wp\/v2\/users\/1"}],"replies":[{"embeddable":true,"href":"https:\/\/lyonbondyblog.fr\/LBB\/wp-json\/wp\/v2\/comments?post=3712"}],"version-history":[{"count":0,"href":"https:\/\/lyonbondyblog.fr\/LBB\/wp-json\/wp\/v2\/posts\/3712\/revisions"}],"wp:attachment":[{"href":"https:\/\/lyonbondyblog.fr\/LBB\/wp-json\/wp\/v2\/media?parent=3712"}],"wp:term":[{"taxonomy":"category","embeddable":true,"href":"https:\/\/lyonbondyblog.fr\/LBB\/wp-json\/wp\/v2\/categories?post=3712"},{"taxonomy":"post_tag","embeddable":true,"href":"https:\/\/lyonbondyblog.fr\/LBB\/wp-json\/wp\/v2\/tags?post=3712"}],"curies":[{"name":"wp","href":"https:\/\/api.w.org\/{rel}","templated":true}]}}