{"id":37001,"date":"2025-09-17T17:47:02","date_gmt":"2025-09-17T15:47:02","guid":{"rendered":"https:\/\/lyonbondyblog.fr\/LBB\/?p=37001"},"modified":"2025-09-17T17:48:58","modified_gmt":"2025-09-17T15:48:58","slug":"politique-sebastien-lecornu-cherche-sa-team","status":"publish","type":"post","link":"https:\/\/lyonbondyblog.fr\/LBB\/politique-sebastien-lecornu-cherche-sa-team\/","title":{"rendered":"Politique : S\u00e9bastien Lecornu cherche sa team"},"content":{"rendered":"\n<p><strong>Depuis mardi dernier avec sa nomination, suivant la destitution de Fran\u00e7ois Bayrou du 8 septembre 2025, le cinqui\u00e8me premier ministre du mandat d\u2019Emmanuel Macron, S\u00e9bastien Lecornu cherche son onze id\u00e9al.<\/strong><\/p>\n\n\n\n<p>Depuis mardi dernier, la France conna\u00eet en moins de trois ans, cinq premiers ministres, un record, on pourrait se croire dans une saison de Ligue 1 ou dans une s\u00e9rie Netflix.&nbsp;Et comme \u00e0 l\u2019Olympique de Marseille dont le chef de l&rsquo;\u00c9tat est fan chaque d\u00e9mission ou destitution s&rsquo;accompagne de son lot de transferts&nbsp;, peut-\u00eatre que Pablo Longoria pourrait assurer l\u2019int\u00e9rim. Arr\u00eatons de blaguer, voyons comment chaque force politique tente d\u2019avoir le plus d\u2019influence pour chiper une place de ministre dans un gouvernement normalement de coalition. De toute fa\u00e7on, c\u2019est S\u00e9bastien Lecornu qui tranchera avec l\u2019aide certaine d\u2019un pr\u00e9sident de la r\u00e9publique plus que tanc\u00e9.<\/p>\n\n\n\n<p><strong>A gauche, les socialistes se lassent des insoumis en vue des municipales<\/strong><\/p>\n\n\n\n<p>Les socialistes \u00e9taient les premiers \u00e0 pr\u00e9senter leur dossier au premier&nbsp;ministre. Olivier&nbsp;Faure premier secr\u00e9taire du PS, Patrick Kanner pr\u00e9sident du groupe PS au S\u00e9nat, Boris Vallaud pr\u00e9sident PS \u00e0 l&rsquo;Assembl\u00e9e Nationale et Johanna Rolland maire de Nantes et pr\u00e9sidente de France Urbaines viennent discuter avec le nouveau Premier Ministre en tentant de s&rsquo;\u00e9manciper de leur ancien camarade Jean-Luc M\u00e9lenchon. Depuis son d\u00e9part&nbsp;du P.S, le leader de la France Insoumise&nbsp;essaye&nbsp;de d\u00e9truire la maison socialiste pour devenir le leader incontest\u00e9 \u00e0 gauche. Mais un probl\u00e8me se pose, les \u00e9lections municipales. Les socialistes ont \u00e0 peu pr\u00e8s toutes les grandes villes de France et les insoumis essaient par tous les moyens de savonner la planche notamment dans les villes&nbsp;peripheriques&nbsp;des grandes m\u00e9tropoles comme Paris, Lyon et Marseille.&nbsp;Une histoire d&rsquo;amour vache comme la gauche en ait coutumi\u00e8re.<\/p>\n\n\n\n<p><strong>On parle de la gauche mais le socle commun,comment va-t-il?<\/strong><\/p>\n\n\n\n<p>Pour rappel, le socle commun est un triptyque : Renaissance, Modem et LR. Depuis septembre dernier tout le monde r\u00eave d\u2019\u00eatre calife \u00e0 la place du calife, comme Gabriel Attal ou un certain Bruno Retailleau. Laurent Wauquiez&nbsp;quant \u00e0 lui&nbsp;essaie par tous les moyens de monter des alliances pour ravir les mairies, mais pour l\u2019instant, il est plus rattrap\u00e9 par ses d\u00eeners payants. Nos confr\u00e8res de m\u00e9dia-cit\u00e9s l&rsquo;ont fait un peu trembler.&nbsp;Ils essaient tous&nbsp;de&nbsp;se placer&nbsp;en vue des municipales comme Rachida Dati avec la Mairie de Paris. Michel Barnier n\u2019est pas en reste avec la l\u00e9gislative dans la 2\u00e8me circonscription de Paris. Tout le monde du socle commun cherche une porte de secours. Pour finir, un meeting de la derni\u00e8re&nbsp;chance&nbsp;pour Renaissance avec Gabriel Attal et Agn\u00e8s Pannier-Runacher comme t\u00eate de gondole.<\/p>\n\n\n\n<p><strong>L\u2019extr\u00eame droite, Bardella ou Le Pen ?<\/strong><\/p>\n\n\n\n<p>Fin janvier 2026, l\u2019avenir de Marine Le Pen devrait \u00eatre scell\u00e9 en appel. Jordan Bardella, accompagn\u00e9 de son plus fid\u00e8le lieutenant, son paquet Haribo, pense&nbsp;\u00eatre&nbsp;le candidat l\u00e9gitime. Apr\u00e8s sa campagne l\u00e9gislative rat\u00e9e en 2024, le temps est plut\u00f4t maussade mais les sondages restent fort pour le rassemblement national avec un socle qui oscille entre 20 et 25%. Ils devraient porter des candidats dans les villes du Sud-Est \u00e0 Toulon avec Laure Valette et soutenir Eric Ciotti \u00c0 Nice.<\/p>\n\n\n\n<p>Vous \u00eates toujours en France, en 2025 et vous ne r\u00eavez plus. Demain 18 septembre, premier temps fort pour une rentr\u00e9e mouvement\u00e9e. On a l\u2019impression que S\u00e9bastien Lecornu prend ses rendez-vous sur Doctolib pour ces consultations.&nbsp;Normal, le pr\u00e9sident Emmanuel Macron a ub\u00e9ris\u00e9 la France.<\/p>\n<!-- AddThis Advanced Settings generic via filter on the_content --><!-- AddThis Share Buttons generic via filter on the_content -->","protected":false},"excerpt":{"rendered":"<p>Depuis mardi dernier avec sa nomination, suivant la destitution de Fran\u00e7ois Bayrou du 8 septembre 2025, le cinqui\u00e8me premier ministre du mandat d\u2019Emmanuel Macron, S\u00e9bastien &hellip; <!-- AddThis Advanced Settings generic via filter on wp_trim_excerpt --><!-- AddThis Share Buttons generic via filter on wp_trim_excerpt --><\/p>\n","protected":false},"author":1,"featured_media":37002,"comment_status":"open","ping_status":"open","sticky":true,"template":"","format":"standard","meta":{"_FSMCFIC_featured_image_caption":"","_FSMCFIC_featured_image_nocaption":"","_FSMCFIC_featured_image_hide":"","footnotes":""},"categories":[27830,1084,8,6],"tags":[],"class_list":["post-37001","post","type-post","status-publish","format-standard","has-post-thumbnail","hentry","category-democratie","category-dessin-de-presse","category-france","category-politique"],"yoast_head":"<!-- This site is optimized with the Yoast SEO plugin v22.8 - https:\/\/yoast.com\/wordpress\/plugins\/seo\/ -->\n<title>Politique : S\u00e9bastien Lecornu cherche sa team - Lyon Bondy Blog<\/title>\n<meta name=\"robots\" content=\"index, follow, max-snippet:-1, max-image-preview:large, max-video-preview:-1\" \/>\n<link rel=\"canonical\" href=\"https:\/\/lyonbondyblog.fr\/LBB\/politique-sebastien-lecornu-cherche-sa-team\/\" \/>\n<meta property=\"og:locale\" content=\"fr_FR\" \/>\n<meta property=\"og:type\" content=\"article\" \/>\n<meta property=\"og:title\" content=\"Politique : S\u00e9bastien Lecornu cherche sa team - Lyon Bondy Blog\" \/>\n<meta property=\"og:description\" content=\"Depuis mardi dernier avec sa nomination, suivant la destitution de Fran\u00e7ois Bayrou du 8 septembre 2025, le cinqui\u00e8me premier ministre du mandat d\u2019Emmanuel Macron, S\u00e9bastien &hellip;\" \/>\n<meta property=\"og:url\" content=\"https:\/\/lyonbondyblog.fr\/LBB\/politique-sebastien-lecornu-cherche-sa-team\/\" \/>\n<meta property=\"og:site_name\" content=\"Lyon Bondy Blog\" \/>\n<meta property=\"article:publisher\" content=\"https:\/\/www.facebook.com\/lyonbondyblog\" \/>\n<meta property=\"article:author\" content=\"https:\/\/www.facebook.com\/lyonbondyblog\" \/>\n<meta property=\"article:published_time\" content=\"2025-09-17T15:47:02+00:00\" \/>\n<meta property=\"article:modified_time\" content=\"2025-09-17T15:48:58+00:00\" \/>\n<meta property=\"og:image\" content=\"https:\/\/lyonbondyblog.fr\/LBB\/wp-content\/uploads\/2025\/09\/1FF38844-1136-4D14-A573-E23ECAC3B068.jpeg\" \/>\n\t<meta property=\"og:image:width\" content=\"618\" \/>\n\t<meta property=\"og:image:height\" content=\"529\" \/>\n\t<meta property=\"og:image:type\" content=\"image\/jpeg\" \/>\n<meta name=\"author\" content=\"La r\u00e9daction\" \/>\n<meta name=\"twitter:card\" content=\"summary_large_image\" \/>\n<meta name=\"twitter:creator\" content=\"@BondyBlogLyon\" \/>\n<meta name=\"twitter:site\" content=\"@bondybloglyon\" \/>\n<script type=\"application\/ld+json\" class=\"yoast-schema-graph\">{\"@context\":\"https:\/\/schema.org\",\"@graph\":[{\"@type\":\"Article\",\"@id\":\"https:\/\/lyonbondyblog.fr\/LBB\/politique-sebastien-lecornu-cherche-sa-team\/#article\",\"isPartOf\":{\"@id\":\"https:\/\/lyonbondyblog.fr\/LBB\/politique-sebastien-lecornu-cherche-sa-team\/\"},\"author\":{\"name\":\"La r\u00e9daction\",\"@id\":\"https:\/\/lyonbondyblog.fr\/LBB\/#\/schema\/person\/e45f8d27baac75072daa0be50c409b25\"},\"headline\":\"Politique : S\u00e9bastien Lecornu cherche sa team\",\"datePublished\":\"2025-09-17T15:47:02+00:00\",\"dateModified\":\"2025-09-17T15:48:58+00:00\",\"mainEntityOfPage\":{\"@id\":\"https:\/\/lyonbondyblog.fr\/LBB\/politique-sebastien-lecornu-cherche-sa-team\/\"},\"wordCount\":642,\"commentCount\":0,\"publisher\":{\"@id\":\"https:\/\/lyonbondyblog.fr\/LBB\/#organization\"},\"image\":{\"@id\":\"https:\/\/lyonbondyblog.fr\/LBB\/politique-sebastien-lecornu-cherche-sa-team\/#primaryimage\"},\"thumbnailUrl\":\"https:\/\/lyonbondyblog.fr\/LBB\/wp-content\/uploads\/2025\/09\/1FF38844-1136-4D14-A573-E23ECAC3B068.jpeg\",\"articleSection\":[\"D\u00e9mocratie\",\"Dessin de presse\",\"France\",\"Politique\"],\"inLanguage\":\"fr-FR\",\"potentialAction\":[{\"@type\":\"CommentAction\",\"name\":\"Comment\",\"target\":[\"https:\/\/lyonbondyblog.fr\/LBB\/politique-sebastien-lecornu-cherche-sa-team\/#respond\"]}]},{\"@type\":\"WebPage\",\"@id\":\"https:\/\/lyonbondyblog.fr\/LBB\/politique-sebastien-lecornu-cherche-sa-team\/\",\"url\":\"https:\/\/lyonbondyblog.fr\/LBB\/politique-sebastien-lecornu-cherche-sa-team\/\",\"name\":\"Politique : S\u00e9bastien Lecornu cherche sa team - Lyon Bondy Blog\",\"isPartOf\":{\"@id\":\"https:\/\/lyonbondyblog.fr\/LBB\/#website\"},\"primaryImageOfPage\":{\"@id\":\"https:\/\/lyonbondyblog.fr\/LBB\/politique-sebastien-lecornu-cherche-sa-team\/#primaryimage\"},\"image\":{\"@id\":\"https:\/\/lyonbondyblog.fr\/LBB\/politique-sebastien-lecornu-cherche-sa-team\/#primaryimage\"},\"thumbnailUrl\":\"https:\/\/lyonbondyblog.fr\/LBB\/wp-content\/uploads\/2025\/09\/1FF38844-1136-4D14-A573-E23ECAC3B068.jpeg\",\"datePublished\":\"2025-09-17T15:47:02+00:00\",\"dateModified\":\"2025-09-17T15:48:58+00:00\",\"inLanguage\":\"fr-FR\",\"potentialAction\":[{\"@type\":\"ReadAction\",\"target\":[\"https:\/\/lyonbondyblog.fr\/LBB\/politique-sebastien-lecornu-cherche-sa-team\/\"]}]},{\"@type\":\"ImageObject\",\"inLanguage\":\"fr-FR\",\"@id\":\"https:\/\/lyonbondyblog.fr\/LBB\/politique-sebastien-lecornu-cherche-sa-team\/#primaryimage\",\"url\":\"https:\/\/lyonbondyblog.fr\/LBB\/wp-content\/uploads\/2025\/09\/1FF38844-1136-4D14-A573-E23ECAC3B068.jpeg\",\"contentUrl\":\"https:\/\/lyonbondyblog.fr\/LBB\/wp-content\/uploads\/2025\/09\/1FF38844-1136-4D14-A573-E23ECAC3B068.jpeg\",\"width\":618,\"height\":529},{\"@type\":\"WebSite\",\"@id\":\"https:\/\/lyonbondyblog.fr\/LBB\/#website\",\"url\":\"https:\/\/lyonbondyblog.fr\/LBB\/\",\"name\":\"Lyon Bondy Blog\",\"description\":\"\",\"publisher\":{\"@id\":\"https:\/\/lyonbondyblog.fr\/LBB\/#organization\"},\"potentialAction\":[{\"@type\":\"SearchAction\",\"target\":{\"@type\":\"EntryPoint\",\"urlTemplate\":\"https:\/\/lyonbondyblog.fr\/LBB\/?s={search_term_string}\"},\"query-input\":\"required name=search_term_string\"}],\"inLanguage\":\"fr-FR\"},{\"@type\":\"Organization\",\"@id\":\"https:\/\/lyonbondyblog.fr\/LBB\/#organization\",\"name\":\"LYON BONDY BLOG\",\"url\":\"https:\/\/lyonbondyblog.fr\/LBB\/\",\"logo\":{\"@type\":\"ImageObject\",\"inLanguage\":\"fr-FR\",\"@id\":\"https:\/\/lyonbondyblog.fr\/LBB\/#\/schema\/logo\/image\/\",\"url\":\"http:\/\/lyonbondyblog.fr\/LBB\/wp-content\/uploads\/2014\/10\/logo-portable-144.png\",\"contentUrl\":\"http:\/\/lyonbondyblog.fr\/LBB\/wp-content\/uploads\/2014\/10\/logo-portable-144.png\",\"width\":144,\"height\":123,\"caption\":\"LYON BONDY BLOG\"},\"image\":{\"@id\":\"https:\/\/lyonbondyblog.fr\/LBB\/#\/schema\/logo\/image\/\"},\"sameAs\":[\"https:\/\/www.facebook.com\/lyonbondyblog\",\"https:\/\/x.com\/bondybloglyon\"]},{\"@type\":\"Person\",\"@id\":\"https:\/\/lyonbondyblog.fr\/LBB\/#\/schema\/person\/e45f8d27baac75072daa0be50c409b25\",\"name\":\"La r\u00e9daction\",\"description\":\"Cr\u00e9e en 2008, la r\u00e9daction du Lyon Bondy Blog s'applique \u00e0 proposer une information locale diff\u00e9rente et compl\u00e9mentaire des m\u00e9dias traditionnels.\",\"sameAs\":[\"https:\/\/www.facebook.com\/lyonbondyblog\",\"https:\/\/x.com\/BondyBlogLyon\"],\"url\":\"https:\/\/lyonbondyblog.fr\/LBB\/author\/admin\/\"}]}<\/script>\n<!-- \/ Yoast SEO plugin. -->","yoast_head_json":{"title":"Politique : S\u00e9bastien Lecornu cherche sa team - Lyon Bondy Blog","robots":{"index":"index","follow":"follow","max-snippet":"max-snippet:-1","max-image-preview":"max-image-preview:large","max-video-preview":"max-video-preview:-1"},"canonical":"https:\/\/lyonbondyblog.fr\/LBB\/politique-sebastien-lecornu-cherche-sa-team\/","og_locale":"fr_FR","og_type":"article","og_title":"Politique : S\u00e9bastien Lecornu cherche sa team - Lyon Bondy Blog","og_description":"Depuis mardi dernier avec sa nomination, suivant la destitution de Fran\u00e7ois Bayrou du 8 septembre 2025, le cinqui\u00e8me premier ministre du mandat d\u2019Emmanuel Macron, S\u00e9bastien &hellip;","og_url":"https:\/\/lyonbondyblog.fr\/LBB\/politique-sebastien-lecornu-cherche-sa-team\/","og_site_name":"Lyon Bondy Blog","article_publisher":"https:\/\/www.facebook.com\/lyonbondyblog","article_author":"https:\/\/www.facebook.com\/lyonbondyblog","article_published_time":"2025-09-17T15:47:02+00:00","article_modified_time":"2025-09-17T15:48:58+00:00","og_image":[{"width":618,"height":529,"url":"https:\/\/lyonbondyblog.fr\/LBB\/wp-content\/uploads\/2025\/09\/1FF38844-1136-4D14-A573-E23ECAC3B068.jpeg","type":"image\/jpeg"}],"author":"La r\u00e9daction","twitter_card":"summary_large_image","twitter_creator":"@BondyBlogLyon","twitter_site":"@bondybloglyon","schema":{"@context":"https:\/\/schema.org","@graph":[{"@type":"Article","@id":"https:\/\/lyonbondyblog.fr\/LBB\/politique-sebastien-lecornu-cherche-sa-team\/#article","isPartOf":{"@id":"https:\/\/lyonbondyblog.fr\/LBB\/politique-sebastien-lecornu-cherche-sa-team\/"},"author":{"name":"La r\u00e9daction","@id":"https:\/\/lyonbondyblog.fr\/LBB\/#\/schema\/person\/e45f8d27baac75072daa0be50c409b25"},"headline":"Politique : S\u00e9bastien Lecornu cherche sa team","datePublished":"2025-09-17T15:47:02+00:00","dateModified":"2025-09-17T15:48:58+00:00","mainEntityOfPage":{"@id":"https:\/\/lyonbondyblog.fr\/LBB\/politique-sebastien-lecornu-cherche-sa-team\/"},"wordCount":642,"commentCount":0,"publisher":{"@id":"https:\/\/lyonbondyblog.fr\/LBB\/#organization"},"image":{"@id":"https:\/\/lyonbondyblog.fr\/LBB\/politique-sebastien-lecornu-cherche-sa-team\/#primaryimage"},"thumbnailUrl":"https:\/\/lyonbondyblog.fr\/LBB\/wp-content\/uploads\/2025\/09\/1FF38844-1136-4D14-A573-E23ECAC3B068.jpeg","articleSection":["D\u00e9mocratie","Dessin de presse","France","Politique"],"inLanguage":"fr-FR","potentialAction":[{"@type":"CommentAction","name":"Comment","target":["https:\/\/lyonbondyblog.fr\/LBB\/politique-sebastien-lecornu-cherche-sa-team\/#respond"]}]},{"@type":"WebPage","@id":"https:\/\/lyonbondyblog.fr\/LBB\/politique-sebastien-lecornu-cherche-sa-team\/","url":"https:\/\/lyonbondyblog.fr\/LBB\/politique-sebastien-lecornu-cherche-sa-team\/","name":"Politique : S\u00e9bastien Lecornu cherche sa team - Lyon Bondy Blog","isPartOf":{"@id":"https:\/\/lyonbondyblog.fr\/LBB\/#website"},"primaryImageOfPage":{"@id":"https:\/\/lyonbondyblog.fr\/LBB\/politique-sebastien-lecornu-cherche-sa-team\/#primaryimage"},"image":{"@id":"https:\/\/lyonbondyblog.fr\/LBB\/politique-sebastien-lecornu-cherche-sa-team\/#primaryimage"},"thumbnailUrl":"https:\/\/lyonbondyblog.fr\/LBB\/wp-content\/uploads\/2025\/09\/1FF38844-1136-4D14-A573-E23ECAC3B068.jpeg","datePublished":"2025-09-17T15:47:02+00:00","dateModified":"2025-09-17T15:48:58+00:00","inLanguage":"fr-FR","potentialAction":[{"@type":"ReadAction","target":["https:\/\/lyonbondyblog.fr\/LBB\/politique-sebastien-lecornu-cherche-sa-team\/"]}]},{"@type":"ImageObject","inLanguage":"fr-FR","@id":"https:\/\/lyonbondyblog.fr\/LBB\/politique-sebastien-lecornu-cherche-sa-team\/#primaryimage","url":"https:\/\/lyonbondyblog.fr\/LBB\/wp-content\/uploads\/2025\/09\/1FF38844-1136-4D14-A573-E23ECAC3B068.jpeg","contentUrl":"https:\/\/lyonbondyblog.fr\/LBB\/wp-content\/uploads\/2025\/09\/1FF38844-1136-4D14-A573-E23ECAC3B068.jpeg","width":618,"height":529},{"@type":"WebSite","@id":"https:\/\/lyonbondyblog.fr\/LBB\/#website","url":"https:\/\/lyonbondyblog.fr\/LBB\/","name":"Lyon Bondy Blog","description":"","publisher":{"@id":"https:\/\/lyonbondyblog.fr\/LBB\/#organization"},"potentialAction":[{"@type":"SearchAction","target":{"@type":"EntryPoint","urlTemplate":"https:\/\/lyonbondyblog.fr\/LBB\/?s={search_term_string}"},"query-input":"required name=search_term_string"}],"inLanguage":"fr-FR"},{"@type":"Organization","@id":"https:\/\/lyonbondyblog.fr\/LBB\/#organization","name":"LYON BONDY BLOG","url":"https:\/\/lyonbondyblog.fr\/LBB\/","logo":{"@type":"ImageObject","inLanguage":"fr-FR","@id":"https:\/\/lyonbondyblog.fr\/LBB\/#\/schema\/logo\/image\/","url":"http:\/\/lyonbondyblog.fr\/LBB\/wp-content\/uploads\/2014\/10\/logo-portable-144.png","contentUrl":"http:\/\/lyonbondyblog.fr\/LBB\/wp-content\/uploads\/2014\/10\/logo-portable-144.png","width":144,"height":123,"caption":"LYON BONDY BLOG"},"image":{"@id":"https:\/\/lyonbondyblog.fr\/LBB\/#\/schema\/logo\/image\/"},"sameAs":["https:\/\/www.facebook.com\/lyonbondyblog","https:\/\/x.com\/bondybloglyon"]},{"@type":"Person","@id":"https:\/\/lyonbondyblog.fr\/LBB\/#\/schema\/person\/e45f8d27baac75072daa0be50c409b25","name":"La r\u00e9daction","description":"Cr\u00e9e en 2008, la r\u00e9daction du Lyon Bondy Blog s'applique \u00e0 proposer une information locale diff\u00e9rente et compl\u00e9mentaire des m\u00e9dias traditionnels.","sameAs":["https:\/\/www.facebook.com\/lyonbondyblog","https:\/\/x.com\/BondyBlogLyon"],"url":"https:\/\/lyonbondyblog.fr\/LBB\/author\/admin\/"}]}},"_links":{"self":[{"href":"https:\/\/lyonbondyblog.fr\/LBB\/wp-json\/wp\/v2\/posts\/37001","targetHints":{"allow":["GET"]}}],"collection":[{"href":"https:\/\/lyonbondyblog.fr\/LBB\/wp-json\/wp\/v2\/posts"}],"about":[{"href":"https:\/\/lyonbondyblog.fr\/LBB\/wp-json\/wp\/v2\/types\/post"}],"author":[{"embeddable":true,"href":"https:\/\/lyonbondyblog.fr\/LBB\/wp-json\/wp\/v2\/users\/1"}],"replies":[{"embeddable":true,"href":"https:\/\/lyonbondyblog.fr\/LBB\/wp-json\/wp\/v2\/comments?post=37001"}],"version-history":[{"count":1,"href":"https:\/\/lyonbondyblog.fr\/LBB\/wp-json\/wp\/v2\/posts\/37001\/revisions"}],"predecessor-version":[{"id":37003,"href":"https:\/\/lyonbondyblog.fr\/LBB\/wp-json\/wp\/v2\/posts\/37001\/revisions\/37003"}],"wp:featuredmedia":[{"embeddable":true,"href":"https:\/\/lyonbondyblog.fr\/LBB\/wp-json\/wp\/v2\/media\/37002"}],"wp:attachment":[{"href":"https:\/\/lyonbondyblog.fr\/LBB\/wp-json\/wp\/v2\/media?parent=37001"}],"wp:term":[{"taxonomy":"category","embeddable":true,"href":"https:\/\/lyonbondyblog.fr\/LBB\/wp-json\/wp\/v2\/categories?post=37001"},{"taxonomy":"post_tag","embeddable":true,"href":"https:\/\/lyonbondyblog.fr\/LBB\/wp-json\/wp\/v2\/tags?post=37001"}],"curies":[{"name":"wp","href":"https:\/\/api.w.org\/{rel}","templated":true}]}}