{"id":36995,"date":"2025-09-16T18:47:29","date_gmt":"2025-09-16T16:47:29","guid":{"rendered":"https:\/\/lyonbondyblog.fr\/LBB\/?p=36995"},"modified":"2025-09-16T18:58:57","modified_gmt":"2025-09-16T16:58:57","slug":"bienvenue-au-theatre-le-tng-vous-ouvre-ses-portes","status":"publish","type":"post","link":"https:\/\/lyonbondyblog.fr\/LBB\/bienvenue-au-theatre-le-tng-vous-ouvre-ses-portes\/","title":{"rendered":"Bienvenue au th\u00e9\u00e2tre, le TNG vous ouvre ses portes"},"content":{"rendered":"\n<p><strong>Ce mardi matin, Odile Grosset-Grange la nouvelle directrice arriv\u00e9e en juillet dernier et son \u00e9quipe ont pr\u00e9sent\u00e9 \u00e0 la presse la saison 25-26 du TNG\u00a0situ\u00e9 au 23 rue de Bourgogne, dans le 9\u00e8me arrondissement de Lyon.<\/strong><\/p>\n\n\n\n<p>Sur la sc\u00e8ne du TNG, tout le monde est au rendez-vous du lancement de saison 25-26\u00a0du\u00a0th\u00e9\u00e2tre, Odile Grosset-Grange et son \u00e9quipe discutent avec les journalistes culturels lyonnais, autour d\u2019un caf\u00e9. Pour sa premi\u00e8re rentr\u00e9e en tant que\u00a0directrice du TNG, Odile Grosset-Grange souhaite que tous les protagonistes se pr\u00e9sentent, tant les journalistes que les acteurs du TNG en oubliant pas toutes les petites mains qui font vivre ce th\u00e9\u00e2tre lyonnais.<\/p>\n\n\n\n<p>Interview Odile Grosset-Grange directrice du TNG : <\/p>\n\n\n\n<figure class=\"wp-block-audio\"><audio controls src=\"https:\/\/lyonbondyblog.fr\/LBB\/wp-content\/uploads\/2025\/09\/Nouvel-enregistrement-51.m4a\"><\/audio><\/figure>\n\n\n\n<p><strong>Une pr\u00e9sentation de programme interg\u00e9n\u00e9rationnel<\/strong><\/p>\n\n\n\n<figure class=\"wp-block-image size-large\"><img loading=\"lazy\" decoding=\"async\" width=\"1920\" height=\"1440\" src=\"https:\/\/lyonbondyblog.fr\/LBB\/wp-content\/uploads\/2025\/09\/IMG_0431-1920x1440.jpeg\" alt=\"\" class=\"wp-image-36997\" srcset=\"https:\/\/lyonbondyblog.fr\/LBB\/wp-content\/uploads\/2025\/09\/IMG_0431-1920x1440.jpeg 1920w, https:\/\/lyonbondyblog.fr\/LBB\/wp-content\/uploads\/2025\/09\/IMG_0431-1200x900.jpeg 1200w, https:\/\/lyonbondyblog.fr\/LBB\/wp-content\/uploads\/2025\/09\/IMG_0431-768x576.jpeg 768w, https:\/\/lyonbondyblog.fr\/LBB\/wp-content\/uploads\/2025\/09\/IMG_0431-1536x1152.jpeg 1536w, https:\/\/lyonbondyblog.fr\/LBB\/wp-content\/uploads\/2025\/09\/IMG_0431-2048x1536.jpeg 2048w\" sizes=\"auto, (max-width: 1920px) 100vw, 1920px\" \/><\/figure>\n\n\n\n<p>Puis viens la pr\u00e9sentation du programme de la saison, qui met&nbsp;notamment l\u2019accent sur le&nbsp;jeune public. Pour les journ\u00e9es du patrimoine qui auront lieu du 19 au 21 septembre 2025 l&rsquo;equipe du TNG souhaite accueillir un public familial pour leur faire d\u00e9couvrir les diff\u00e9rentes activit\u00e9s th\u00e9\u00e2trales du TNG.<\/p>\n\n\n\n<p>La premi\u00e8re partie de la saison qui aura lieu du mois d\u2019octobre au mois de d\u00e9cembre 2025 proposera plusieurs pi\u00e8ces destin\u00e9es aux enfants notamment avec une cr\u00e9ation qui sera jou\u00e9e du c\u00f4t\u00e9 de Grenoble du 5 au 7 novembre 2025 : <a href=\"https:\/\/www.tng-lyon.fr\/production\/boule-de-neige\/\">Boule de Neige<\/a> est une pi\u00e8ce qui revient sur le pouvoir de la v\u00e9rit\u00e9. Puis viendra <a href=\"https:\/\/www.tng-lyon.fr\/production\/leventail-de-fer\/\">la pi\u00e8ce Eventail de Fer\u201d de Nicolas Boudier et Joris Mathieu (ancien directeur du TNG)<\/a>, d\u2019apr\u00e8s un r\u00e9cit initiatique chinois destin\u00e9 \u00e0 un public \u00e0 partir de huit ans, <a href=\"https:\/\/collectifinvivo.com\/\">Invivo du 19 au 21 novembre<\/a> et un projet le 12 d\u00e9cembre en partenariat avec l\u2019op\u00e9ra de Lyon.<\/p>\n\n\n\n<p>Au d\u00e9but de l\u2019ann\u00e9e prochaine, en 2026 donc, il y aura un premier temps fort, les 24 et 25 janvier avec le blockbuster du th\u00e9\u00e2tre lyonnais : Cartoon, destin\u00e9 \u00e0 un public familial. Jusqu\u2019en juin 2026, plusieurs compagnies et plusieurs pi\u00e8ces vont se succ\u00e9der tout au long de ces six mois, comme : <\/p>\n\n\n\n<figure class=\"wp-block-embed is-type-video is-provider-vimeo wp-block-embed-vimeo\"><div class=\"wp-block-embed__wrapper\">\n<iframe loading=\"lazy\" title=\"Teaser sept 25 &gt; janv 26\" src=\"https:\/\/player.vimeo.com\/video\/1096544381?dnt=1&amp;app_id=122963\" width=\"1200\" height=\"629\" frameborder=\"0\" allow=\"autoplay; fullscreen; picture-in-picture; clipboard-write; encrypted-media; web-share\" referrerpolicy=\"strict-origin-when-cross-origin\"><\/iframe>\n<\/div><\/figure>\n\n\n\n<p><a href=\"https:\/\/www.tng-lyon.fr\/\">Toutes les gammes de prix et le programme est \u00e0 retrouver sur le site du TNG.<\/a><\/p>\n\n\n\n<p>Deux ans de travaux auront bloqu\u00e9 le TNG mais pas la cr\u00e9ativit\u00e9. Pleins de nouvelles productions arrivent, destin\u00e9es \u00e0 un jeune public et familial. De belles promesses qui raviront ce quartier et mettront \u00e0 l\u2019honneur son th\u00e9\u00e2tre de proximit\u00e9. Alors comme on dit en th\u00e9\u00e2tre, merde !<\/p>\n<!-- AddThis Advanced Settings generic via filter on the_content --><!-- AddThis Share Buttons generic via filter on the_content -->","protected":false},"excerpt":{"rendered":"<p>Ce mardi matin, Odile Grosset-Grange la nouvelle directrice arriv\u00e9e en juillet dernier et son \u00e9quipe ont pr\u00e9sent\u00e9 \u00e0 la presse la saison 25-26 du TNG\u00a0situ\u00e9 &hellip; <!-- AddThis Advanced Settings generic via filter on wp_trim_excerpt --><!-- AddThis Share Buttons generic via filter on wp_trim_excerpt --><\/p>\n","protected":false},"author":1,"featured_media":36998,"comment_status":"open","ping_status":"open","sticky":true,"template":"","format":"standard","meta":{"_FSMCFIC_featured_image_caption":"","_FSMCFIC_featured_image_nocaption":"","_FSMCFIC_featured_image_hide":"","footnotes":""},"categories":[3,4,22015,6440,28430],"tags":[],"class_list":["post-36995","post","type-post","status-publish","format-standard","has-post-thumbnail","hentry","category-culture","category-lyon","category-metropole","category-musique","category-theatre"],"yoast_head":"<!-- This site is optimized with the Yoast SEO plugin v22.8 - https:\/\/yoast.com\/wordpress\/plugins\/seo\/ -->\n<title>Bienvenue au th\u00e9\u00e2tre, le TNG vous ouvre ses portes - Lyon Bondy Blog<\/title>\n<meta name=\"robots\" content=\"index, follow, max-snippet:-1, max-image-preview:large, max-video-preview:-1\" \/>\n<link rel=\"canonical\" href=\"https:\/\/lyonbondyblog.fr\/LBB\/bienvenue-au-theatre-le-tng-vous-ouvre-ses-portes\/\" \/>\n<meta property=\"og:locale\" content=\"fr_FR\" \/>\n<meta property=\"og:type\" content=\"article\" \/>\n<meta property=\"og:title\" content=\"Bienvenue au th\u00e9\u00e2tre, le TNG vous ouvre ses portes - Lyon Bondy Blog\" \/>\n<meta property=\"og:description\" content=\"Ce mardi matin, Odile Grosset-Grange la nouvelle directrice arriv\u00e9e en juillet dernier et son \u00e9quipe ont pr\u00e9sent\u00e9 \u00e0 la presse la saison 25-26 du TNG\u00a0situ\u00e9 &hellip;\" \/>\n<meta property=\"og:url\" content=\"https:\/\/lyonbondyblog.fr\/LBB\/bienvenue-au-theatre-le-tng-vous-ouvre-ses-portes\/\" \/>\n<meta property=\"og:site_name\" content=\"Lyon Bondy Blog\" \/>\n<meta property=\"article:publisher\" content=\"https:\/\/www.facebook.com\/lyonbondyblog\" \/>\n<meta property=\"article:author\" content=\"https:\/\/www.facebook.com\/lyonbondyblog\" \/>\n<meta property=\"article:published_time\" content=\"2025-09-16T16:47:29+00:00\" \/>\n<meta property=\"article:modified_time\" content=\"2025-09-16T16:58:57+00:00\" \/>\n<meta property=\"og:image\" content=\"https:\/\/lyonbondyblog.fr\/LBB\/wp-content\/uploads\/2025\/09\/IMG_0435.jpg\" \/>\n\t<meta property=\"og:image:width\" content=\"2560\" \/>\n\t<meta property=\"og:image:height\" content=\"1440\" \/>\n\t<meta property=\"og:image:type\" content=\"image\/jpeg\" \/>\n<meta name=\"author\" content=\"La r\u00e9daction\" \/>\n<meta name=\"twitter:card\" content=\"summary_large_image\" \/>\n<meta name=\"twitter:creator\" content=\"@BondyBlogLyon\" \/>\n<meta name=\"twitter:site\" content=\"@bondybloglyon\" \/>\n<script type=\"application\/ld+json\" class=\"yoast-schema-graph\">{\"@context\":\"https:\/\/schema.org\",\"@graph\":[{\"@type\":\"Article\",\"@id\":\"https:\/\/lyonbondyblog.fr\/LBB\/bienvenue-au-theatre-le-tng-vous-ouvre-ses-portes\/#article\",\"isPartOf\":{\"@id\":\"https:\/\/lyonbondyblog.fr\/LBB\/bienvenue-au-theatre-le-tng-vous-ouvre-ses-portes\/\"},\"author\":{\"name\":\"La r\u00e9daction\",\"@id\":\"https:\/\/lyonbondyblog.fr\/LBB\/#\/schema\/person\/e45f8d27baac75072daa0be50c409b25\"},\"headline\":\"Bienvenue au th\u00e9\u00e2tre, le TNG vous ouvre ses portes\",\"datePublished\":\"2025-09-16T16:47:29+00:00\",\"dateModified\":\"2025-09-16T16:58:57+00:00\",\"mainEntityOfPage\":{\"@id\":\"https:\/\/lyonbondyblog.fr\/LBB\/bienvenue-au-theatre-le-tng-vous-ouvre-ses-portes\/\"},\"wordCount\":431,\"commentCount\":0,\"publisher\":{\"@id\":\"https:\/\/lyonbondyblog.fr\/LBB\/#organization\"},\"image\":{\"@id\":\"https:\/\/lyonbondyblog.fr\/LBB\/bienvenue-au-theatre-le-tng-vous-ouvre-ses-portes\/#primaryimage\"},\"thumbnailUrl\":\"https:\/\/lyonbondyblog.fr\/LBB\/wp-content\/uploads\/2025\/09\/IMG_0435.jpg\",\"articleSection\":[\"Culture\",\"Lyon\",\"M\u00e9tropole\",\"Musique\",\"Theatre\"],\"inLanguage\":\"fr-FR\",\"potentialAction\":[{\"@type\":\"CommentAction\",\"name\":\"Comment\",\"target\":[\"https:\/\/lyonbondyblog.fr\/LBB\/bienvenue-au-theatre-le-tng-vous-ouvre-ses-portes\/#respond\"]}]},{\"@type\":\"WebPage\",\"@id\":\"https:\/\/lyonbondyblog.fr\/LBB\/bienvenue-au-theatre-le-tng-vous-ouvre-ses-portes\/\",\"url\":\"https:\/\/lyonbondyblog.fr\/LBB\/bienvenue-au-theatre-le-tng-vous-ouvre-ses-portes\/\",\"name\":\"Bienvenue au th\u00e9\u00e2tre, le TNG vous ouvre ses portes - Lyon Bondy Blog\",\"isPartOf\":{\"@id\":\"https:\/\/lyonbondyblog.fr\/LBB\/#website\"},\"primaryImageOfPage\":{\"@id\":\"https:\/\/lyonbondyblog.fr\/LBB\/bienvenue-au-theatre-le-tng-vous-ouvre-ses-portes\/#primaryimage\"},\"image\":{\"@id\":\"https:\/\/lyonbondyblog.fr\/LBB\/bienvenue-au-theatre-le-tng-vous-ouvre-ses-portes\/#primaryimage\"},\"thumbnailUrl\":\"https:\/\/lyonbondyblog.fr\/LBB\/wp-content\/uploads\/2025\/09\/IMG_0435.jpg\",\"datePublished\":\"2025-09-16T16:47:29+00:00\",\"dateModified\":\"2025-09-16T16:58:57+00:00\",\"inLanguage\":\"fr-FR\",\"potentialAction\":[{\"@type\":\"ReadAction\",\"target\":[\"https:\/\/lyonbondyblog.fr\/LBB\/bienvenue-au-theatre-le-tng-vous-ouvre-ses-portes\/\"]}]},{\"@type\":\"ImageObject\",\"inLanguage\":\"fr-FR\",\"@id\":\"https:\/\/lyonbondyblog.fr\/LBB\/bienvenue-au-theatre-le-tng-vous-ouvre-ses-portes\/#primaryimage\",\"url\":\"https:\/\/lyonbondyblog.fr\/LBB\/wp-content\/uploads\/2025\/09\/IMG_0435.jpg\",\"contentUrl\":\"https:\/\/lyonbondyblog.fr\/LBB\/wp-content\/uploads\/2025\/09\/IMG_0435.jpg\",\"width\":2560,\"height\":1440},{\"@type\":\"WebSite\",\"@id\":\"https:\/\/lyonbondyblog.fr\/LBB\/#website\",\"url\":\"https:\/\/lyonbondyblog.fr\/LBB\/\",\"name\":\"Lyon Bondy Blog\",\"description\":\"\",\"publisher\":{\"@id\":\"https:\/\/lyonbondyblog.fr\/LBB\/#organization\"},\"potentialAction\":[{\"@type\":\"SearchAction\",\"target\":{\"@type\":\"EntryPoint\",\"urlTemplate\":\"https:\/\/lyonbondyblog.fr\/LBB\/?s={search_term_string}\"},\"query-input\":\"required name=search_term_string\"}],\"inLanguage\":\"fr-FR\"},{\"@type\":\"Organization\",\"@id\":\"https:\/\/lyonbondyblog.fr\/LBB\/#organization\",\"name\":\"LYON BONDY BLOG\",\"url\":\"https:\/\/lyonbondyblog.fr\/LBB\/\",\"logo\":{\"@type\":\"ImageObject\",\"inLanguage\":\"fr-FR\",\"@id\":\"https:\/\/lyonbondyblog.fr\/LBB\/#\/schema\/logo\/image\/\",\"url\":\"http:\/\/lyonbondyblog.fr\/LBB\/wp-content\/uploads\/2014\/10\/logo-portable-144.png\",\"contentUrl\":\"http:\/\/lyonbondyblog.fr\/LBB\/wp-content\/uploads\/2014\/10\/logo-portable-144.png\",\"width\":144,\"height\":123,\"caption\":\"LYON BONDY BLOG\"},\"image\":{\"@id\":\"https:\/\/lyonbondyblog.fr\/LBB\/#\/schema\/logo\/image\/\"},\"sameAs\":[\"https:\/\/www.facebook.com\/lyonbondyblog\",\"https:\/\/x.com\/bondybloglyon\"]},{\"@type\":\"Person\",\"@id\":\"https:\/\/lyonbondyblog.fr\/LBB\/#\/schema\/person\/e45f8d27baac75072daa0be50c409b25\",\"name\":\"La r\u00e9daction\",\"description\":\"Cr\u00e9e en 2008, la r\u00e9daction du Lyon Bondy Blog s'applique \u00e0 proposer une information locale diff\u00e9rente et compl\u00e9mentaire des m\u00e9dias traditionnels.\",\"sameAs\":[\"https:\/\/www.facebook.com\/lyonbondyblog\",\"https:\/\/x.com\/BondyBlogLyon\"],\"url\":\"https:\/\/lyonbondyblog.fr\/LBB\/author\/admin\/\"}]}<\/script>\n<!-- \/ Yoast SEO plugin. -->","yoast_head_json":{"title":"Bienvenue au th\u00e9\u00e2tre, le TNG vous ouvre ses portes - Lyon Bondy Blog","robots":{"index":"index","follow":"follow","max-snippet":"max-snippet:-1","max-image-preview":"max-image-preview:large","max-video-preview":"max-video-preview:-1"},"canonical":"https:\/\/lyonbondyblog.fr\/LBB\/bienvenue-au-theatre-le-tng-vous-ouvre-ses-portes\/","og_locale":"fr_FR","og_type":"article","og_title":"Bienvenue au th\u00e9\u00e2tre, le TNG vous ouvre ses portes - Lyon Bondy Blog","og_description":"Ce mardi matin, Odile Grosset-Grange la nouvelle directrice arriv\u00e9e en juillet dernier et son \u00e9quipe ont pr\u00e9sent\u00e9 \u00e0 la presse la saison 25-26 du TNG\u00a0situ\u00e9 &hellip;","og_url":"https:\/\/lyonbondyblog.fr\/LBB\/bienvenue-au-theatre-le-tng-vous-ouvre-ses-portes\/","og_site_name":"Lyon Bondy Blog","article_publisher":"https:\/\/www.facebook.com\/lyonbondyblog","article_author":"https:\/\/www.facebook.com\/lyonbondyblog","article_published_time":"2025-09-16T16:47:29+00:00","article_modified_time":"2025-09-16T16:58:57+00:00","og_image":[{"width":2560,"height":1440,"url":"https:\/\/lyonbondyblog.fr\/LBB\/wp-content\/uploads\/2025\/09\/IMG_0435.jpg","type":"image\/jpeg"}],"author":"La r\u00e9daction","twitter_card":"summary_large_image","twitter_creator":"@BondyBlogLyon","twitter_site":"@bondybloglyon","schema":{"@context":"https:\/\/schema.org","@graph":[{"@type":"Article","@id":"https:\/\/lyonbondyblog.fr\/LBB\/bienvenue-au-theatre-le-tng-vous-ouvre-ses-portes\/#article","isPartOf":{"@id":"https:\/\/lyonbondyblog.fr\/LBB\/bienvenue-au-theatre-le-tng-vous-ouvre-ses-portes\/"},"author":{"name":"La r\u00e9daction","@id":"https:\/\/lyonbondyblog.fr\/LBB\/#\/schema\/person\/e45f8d27baac75072daa0be50c409b25"},"headline":"Bienvenue au th\u00e9\u00e2tre, le TNG vous ouvre ses portes","datePublished":"2025-09-16T16:47:29+00:00","dateModified":"2025-09-16T16:58:57+00:00","mainEntityOfPage":{"@id":"https:\/\/lyonbondyblog.fr\/LBB\/bienvenue-au-theatre-le-tng-vous-ouvre-ses-portes\/"},"wordCount":431,"commentCount":0,"publisher":{"@id":"https:\/\/lyonbondyblog.fr\/LBB\/#organization"},"image":{"@id":"https:\/\/lyonbondyblog.fr\/LBB\/bienvenue-au-theatre-le-tng-vous-ouvre-ses-portes\/#primaryimage"},"thumbnailUrl":"https:\/\/lyonbondyblog.fr\/LBB\/wp-content\/uploads\/2025\/09\/IMG_0435.jpg","articleSection":["Culture","Lyon","M\u00e9tropole","Musique","Theatre"],"inLanguage":"fr-FR","potentialAction":[{"@type":"CommentAction","name":"Comment","target":["https:\/\/lyonbondyblog.fr\/LBB\/bienvenue-au-theatre-le-tng-vous-ouvre-ses-portes\/#respond"]}]},{"@type":"WebPage","@id":"https:\/\/lyonbondyblog.fr\/LBB\/bienvenue-au-theatre-le-tng-vous-ouvre-ses-portes\/","url":"https:\/\/lyonbondyblog.fr\/LBB\/bienvenue-au-theatre-le-tng-vous-ouvre-ses-portes\/","name":"Bienvenue au th\u00e9\u00e2tre, le TNG vous ouvre ses portes - Lyon Bondy Blog","isPartOf":{"@id":"https:\/\/lyonbondyblog.fr\/LBB\/#website"},"primaryImageOfPage":{"@id":"https:\/\/lyonbondyblog.fr\/LBB\/bienvenue-au-theatre-le-tng-vous-ouvre-ses-portes\/#primaryimage"},"image":{"@id":"https:\/\/lyonbondyblog.fr\/LBB\/bienvenue-au-theatre-le-tng-vous-ouvre-ses-portes\/#primaryimage"},"thumbnailUrl":"https:\/\/lyonbondyblog.fr\/LBB\/wp-content\/uploads\/2025\/09\/IMG_0435.jpg","datePublished":"2025-09-16T16:47:29+00:00","dateModified":"2025-09-16T16:58:57+00:00","inLanguage":"fr-FR","potentialAction":[{"@type":"ReadAction","target":["https:\/\/lyonbondyblog.fr\/LBB\/bienvenue-au-theatre-le-tng-vous-ouvre-ses-portes\/"]}]},{"@type":"ImageObject","inLanguage":"fr-FR","@id":"https:\/\/lyonbondyblog.fr\/LBB\/bienvenue-au-theatre-le-tng-vous-ouvre-ses-portes\/#primaryimage","url":"https:\/\/lyonbondyblog.fr\/LBB\/wp-content\/uploads\/2025\/09\/IMG_0435.jpg","contentUrl":"https:\/\/lyonbondyblog.fr\/LBB\/wp-content\/uploads\/2025\/09\/IMG_0435.jpg","width":2560,"height":1440},{"@type":"WebSite","@id":"https:\/\/lyonbondyblog.fr\/LBB\/#website","url":"https:\/\/lyonbondyblog.fr\/LBB\/","name":"Lyon Bondy Blog","description":"","publisher":{"@id":"https:\/\/lyonbondyblog.fr\/LBB\/#organization"},"potentialAction":[{"@type":"SearchAction","target":{"@type":"EntryPoint","urlTemplate":"https:\/\/lyonbondyblog.fr\/LBB\/?s={search_term_string}"},"query-input":"required name=search_term_string"}],"inLanguage":"fr-FR"},{"@type":"Organization","@id":"https:\/\/lyonbondyblog.fr\/LBB\/#organization","name":"LYON BONDY BLOG","url":"https:\/\/lyonbondyblog.fr\/LBB\/","logo":{"@type":"ImageObject","inLanguage":"fr-FR","@id":"https:\/\/lyonbondyblog.fr\/LBB\/#\/schema\/logo\/image\/","url":"http:\/\/lyonbondyblog.fr\/LBB\/wp-content\/uploads\/2014\/10\/logo-portable-144.png","contentUrl":"http:\/\/lyonbondyblog.fr\/LBB\/wp-content\/uploads\/2014\/10\/logo-portable-144.png","width":144,"height":123,"caption":"LYON BONDY BLOG"},"image":{"@id":"https:\/\/lyonbondyblog.fr\/LBB\/#\/schema\/logo\/image\/"},"sameAs":["https:\/\/www.facebook.com\/lyonbondyblog","https:\/\/x.com\/bondybloglyon"]},{"@type":"Person","@id":"https:\/\/lyonbondyblog.fr\/LBB\/#\/schema\/person\/e45f8d27baac75072daa0be50c409b25","name":"La r\u00e9daction","description":"Cr\u00e9e en 2008, la r\u00e9daction du Lyon Bondy Blog s'applique \u00e0 proposer une information locale diff\u00e9rente et compl\u00e9mentaire des m\u00e9dias traditionnels.","sameAs":["https:\/\/www.facebook.com\/lyonbondyblog","https:\/\/x.com\/BondyBlogLyon"],"url":"https:\/\/lyonbondyblog.fr\/LBB\/author\/admin\/"}]}},"_links":{"self":[{"href":"https:\/\/lyonbondyblog.fr\/LBB\/wp-json\/wp\/v2\/posts\/36995","targetHints":{"allow":["GET"]}}],"collection":[{"href":"https:\/\/lyonbondyblog.fr\/LBB\/wp-json\/wp\/v2\/posts"}],"about":[{"href":"https:\/\/lyonbondyblog.fr\/LBB\/wp-json\/wp\/v2\/types\/post"}],"author":[{"embeddable":true,"href":"https:\/\/lyonbondyblog.fr\/LBB\/wp-json\/wp\/v2\/users\/1"}],"replies":[{"embeddable":true,"href":"https:\/\/lyonbondyblog.fr\/LBB\/wp-json\/wp\/v2\/comments?post=36995"}],"version-history":[{"count":2,"href":"https:\/\/lyonbondyblog.fr\/LBB\/wp-json\/wp\/v2\/posts\/36995\/revisions"}],"predecessor-version":[{"id":37000,"href":"https:\/\/lyonbondyblog.fr\/LBB\/wp-json\/wp\/v2\/posts\/36995\/revisions\/37000"}],"wp:featuredmedia":[{"embeddable":true,"href":"https:\/\/lyonbondyblog.fr\/LBB\/wp-json\/wp\/v2\/media\/36998"}],"wp:attachment":[{"href":"https:\/\/lyonbondyblog.fr\/LBB\/wp-json\/wp\/v2\/media?parent=36995"}],"wp:term":[{"taxonomy":"category","embeddable":true,"href":"https:\/\/lyonbondyblog.fr\/LBB\/wp-json\/wp\/v2\/categories?post=36995"},{"taxonomy":"post_tag","embeddable":true,"href":"https:\/\/lyonbondyblog.fr\/LBB\/wp-json\/wp\/v2\/tags?post=36995"}],"curies":[{"name":"wp","href":"https:\/\/api.w.org\/{rel}","templated":true}]}}