{"id":36987,"date":"2025-09-14T11:40:36","date_gmt":"2025-09-14T09:40:36","guid":{"rendered":"https:\/\/lyonbondyblog.fr\/LBB\/?p=36987"},"modified":"2025-09-14T11:40:53","modified_gmt":"2025-09-14T09:40:53","slug":"francophonides-la-version-2025-un-bon-cru","status":"publish","type":"post","link":"https:\/\/lyonbondyblog.fr\/LBB\/francophonides-la-version-2025-un-bon-cru\/","title":{"rendered":"Francophonides : La version 2025, un bon cru"},"content":{"rendered":"\n<p><strong>Depuis 2021, le parc Jean de La Fontaine \u00e0 Oullins-Pierre B\u00e9nite accueille le festival Francophonides . Hier soir, 1er jour de festival de l\u2019\u00e9dition 2025, qui a eu lieu sur deux jours : le vendredi 12 et le samedi 13 septembre. Retour sur le deuxi\u00e8me jour de festival.<\/strong><\/p>\n\n\n\n<p>Il est 18h30, hier soir, le temps est maussade, la pluie vient de s\u2019arr\u00eater. Les portes s\u2019ouvrent doucement, et tout le public rentre tranquillement.&nbsp;<\/p>\n\n\n\n<figure class=\"wp-block-image size-large\"><img loading=\"lazy\" decoding=\"async\" width=\"1920\" height=\"1440\" src=\"https:\/\/lyonbondyblog.fr\/LBB\/wp-content\/uploads\/2025\/09\/IMG_0408-1920x1440.jpeg\" alt=\"\" class=\"wp-image-36989\" srcset=\"https:\/\/lyonbondyblog.fr\/LBB\/wp-content\/uploads\/2025\/09\/IMG_0408-1920x1440.jpeg 1920w, https:\/\/lyonbondyblog.fr\/LBB\/wp-content\/uploads\/2025\/09\/IMG_0408-1200x900.jpeg 1200w, https:\/\/lyonbondyblog.fr\/LBB\/wp-content\/uploads\/2025\/09\/IMG_0408-768x576.jpeg 768w, https:\/\/lyonbondyblog.fr\/LBB\/wp-content\/uploads\/2025\/09\/IMG_0408-1536x1152.jpeg 1536w, https:\/\/lyonbondyblog.fr\/LBB\/wp-content\/uploads\/2025\/09\/IMG_0408-2048x1536.jpeg 2048w\" sizes=\"auto, (max-width: 1920px) 100vw, 1920px\" \/><\/figure>\n\n\n\n<p>C\u2019est Trigones Plus qui ouvre le bal du festival, groupe de musique local, ils ne viennent pas de tr\u00e8s loin, ils viennent de Caluire. Au d\u00e9but de la soir\u00e9e, on est surpris par le nombre de spectateurs qui commencent \u00e0 occuper le parc Jean de La Fontaine, \u00e0 Pierre B\u00e9nite. Ce triptyque familial commence \u00e0 enflammer avec leur son \u201cFrench indie\u201d qui ressemble un peu au groupe Indochine.&nbsp;<\/p>\n\n\n\n<p>Nous avons eu la chance de les rencontrer, ils nous parlent de leur actualit\u00e9.<\/p>\n\n\n\n<figure class=\"wp-block-audio\"><audio controls src=\"https:\/\/lyonbondyblog.fr\/LBB\/wp-content\/uploads\/2025\/09\/Nouvel-enregistrement-49.m4a\"><\/audio><\/figure>\n\n\n\n<figure class=\"wp-block-image size-large\"><img loading=\"lazy\" decoding=\"async\" width=\"1920\" height=\"1440\" src=\"https:\/\/lyonbondyblog.fr\/LBB\/wp-content\/uploads\/2025\/09\/IMG_0412-1920x1440.jpeg\" alt=\"\" class=\"wp-image-36990\" srcset=\"https:\/\/lyonbondyblog.fr\/LBB\/wp-content\/uploads\/2025\/09\/IMG_0412-1920x1440.jpeg 1920w, https:\/\/lyonbondyblog.fr\/LBB\/wp-content\/uploads\/2025\/09\/IMG_0412-1200x900.jpeg 1200w, https:\/\/lyonbondyblog.fr\/LBB\/wp-content\/uploads\/2025\/09\/IMG_0412-768x576.jpeg 768w, https:\/\/lyonbondyblog.fr\/LBB\/wp-content\/uploads\/2025\/09\/IMG_0412-1536x1152.jpeg 1536w, https:\/\/lyonbondyblog.fr\/LBB\/wp-content\/uploads\/2025\/09\/IMG_0412-2048x1536.jpeg 2048w\" sizes=\"auto, (max-width: 1920px) 100vw, 1920px\" \/><\/figure>\n\n\n\n<p>Trois artistes se succ\u00e8dent comme hier soir. Apr\u00e8s cinquante minutes du premier groupe, la jeune artiste Satine prend le relais pour assurer la transition entre les artistes lyonnais du soir, Trigones Plus et Vitaa. Du haut de ses vingt ans (elle aura vingt-un dans deux jours), cette ancienne candidate \u201cThe Voice\u201d fait monter crescendo l\u2019ambiance au sein du parc avant l\u2019arriv\u00e9e de la lyonnaise\u2026. VItaa.<\/p>\n\n\n\n<p><strong>Comme Hatik, Vitaa fait vibrer le public<\/strong><\/p>\n\n\n\n<figure class=\"wp-block-image size-large\"><img loading=\"lazy\" decoding=\"async\" width=\"1920\" height=\"1440\" src=\"https:\/\/lyonbondyblog.fr\/LBB\/wp-content\/uploads\/2025\/09\/IMG_0415-1920x1440.jpeg\" alt=\"\" class=\"wp-image-36991\" srcset=\"https:\/\/lyonbondyblog.fr\/LBB\/wp-content\/uploads\/2025\/09\/IMG_0415-1920x1440.jpeg 1920w, https:\/\/lyonbondyblog.fr\/LBB\/wp-content\/uploads\/2025\/09\/IMG_0415-1200x900.jpeg 1200w, https:\/\/lyonbondyblog.fr\/LBB\/wp-content\/uploads\/2025\/09\/IMG_0415-768x576.jpeg 768w, https:\/\/lyonbondyblog.fr\/LBB\/wp-content\/uploads\/2025\/09\/IMG_0415-1536x1152.jpeg 1536w, https:\/\/lyonbondyblog.fr\/LBB\/wp-content\/uploads\/2025\/09\/IMG_0415-2048x1536.jpeg 2048w\" sizes=\"auto, (max-width: 1920px) 100vw, 1920px\" \/><\/figure>\n\n\n\n<p>Avec ses vingt ans de carri\u00e8re, l\u2019artiste lyonnaise sait tr\u00e8s bien faire pour monter de la temp\u00e9rature, d\u2019une soir\u00e9e l\u00e9g\u00e8rement froide. Cheveux aux vents, accompagn\u00e9 de quatre musiciens et de trois choristes, the show must go on. Pendant plus d\u2019une heure, elle reprend ses succ\u00e8s et ses nouvelles compositions, le public est l\u00e0 pr\u00eat \u00e0 chanter et \u00e0 danser. Motiv\u00e9s comme jamais, les gens restent jusqu&rsquo;\u00e0 la fin, sans en laisser une miette. Vitaa pourra repartir le c\u0153ur plein de souvenirs de sa terre natale et le sentiment du travail bien accompli.<\/p>\n\n\n\n<p>Ce festival n\u2019est pas encore tr\u00e8s bien identifi\u00e9 par le public, mais cela va vite se d\u00e9canter. Des jauges plut\u00f4t int\u00e9ressantes avec une moyenne de 1500 personnes sur deux jours. Comme le dit J\u00e9r\u00f4me Moroge, le maire d\u2019Oullins Pierre-B\u00e9nite : \u201cUne belle \u00e9dition, sans pluie, qui a permis que les familles viennent partager un bon moment\u201d. Le prochain Francophonides sera fera avec lui ou pas, les habitants d\u00e9cideront alors en mars.<\/p>\n\n\n\n<figure class=\"wp-block-image size-large\"><img loading=\"lazy\" decoding=\"async\" width=\"1920\" height=\"1440\" src=\"https:\/\/lyonbondyblog.fr\/LBB\/wp-content\/uploads\/2025\/09\/IMG_0424-1920x1440.jpeg\" alt=\"\" class=\"wp-image-36992\" srcset=\"https:\/\/lyonbondyblog.fr\/LBB\/wp-content\/uploads\/2025\/09\/IMG_0424-1920x1440.jpeg 1920w, https:\/\/lyonbondyblog.fr\/LBB\/wp-content\/uploads\/2025\/09\/IMG_0424-1200x900.jpeg 1200w, https:\/\/lyonbondyblog.fr\/LBB\/wp-content\/uploads\/2025\/09\/IMG_0424-768x576.jpeg 768w, https:\/\/lyonbondyblog.fr\/LBB\/wp-content\/uploads\/2025\/09\/IMG_0424-1536x1152.jpeg 1536w, https:\/\/lyonbondyblog.fr\/LBB\/wp-content\/uploads\/2025\/09\/IMG_0424-2048x1536.jpeg 2048w\" sizes=\"auto, (max-width: 1920px) 100vw, 1920px\" \/><\/figure>\n<!-- AddThis Advanced Settings generic via filter on the_content --><!-- AddThis Share Buttons generic via filter on the_content -->","protected":false},"excerpt":{"rendered":"<p>Depuis 2021, le parc Jean de La Fontaine \u00e0 Oullins-Pierre B\u00e9nite accueille le festival Francophonides . Hier soir, 1er jour de festival de l\u2019\u00e9dition 2025, &hellip; <!-- AddThis Advanced Settings generic via filter on wp_trim_excerpt --><!-- AddThis Share Buttons generic via filter on wp_trim_excerpt --><\/p>\n","protected":false},"author":1,"featured_media":36984,"comment_status":"open","ping_status":"open","sticky":true,"template":"","format":"standard","meta":{"_FSMCFIC_featured_image_caption":"","_FSMCFIC_featured_image_nocaption":"","_FSMCFIC_featured_image_hide":"","footnotes":""},"categories":[5,3,3792,6440,18126],"tags":[],"class_list":["post-36987","post","type-post","status-publish","format-standard","has-post-thumbnail","hentry","category-ambiance","category-culture","category-festival","category-musique","category-oullins"],"yoast_head":"<!-- This site is optimized with the Yoast SEO plugin v22.8 - https:\/\/yoast.com\/wordpress\/plugins\/seo\/ -->\n<title>Francophonides : La version 2025, un bon cru - Lyon Bondy Blog<\/title>\n<meta name=\"robots\" content=\"index, follow, max-snippet:-1, max-image-preview:large, max-video-preview:-1\" \/>\n<link rel=\"canonical\" href=\"https:\/\/lyonbondyblog.fr\/LBB\/francophonides-la-version-2025-un-bon-cru\/\" \/>\n<meta property=\"og:locale\" content=\"fr_FR\" \/>\n<meta property=\"og:type\" content=\"article\" \/>\n<meta property=\"og:title\" content=\"Francophonides : La version 2025, un bon cru - Lyon Bondy Blog\" \/>\n<meta property=\"og:description\" content=\"Depuis 2021, le parc Jean de La Fontaine \u00e0 Oullins-Pierre B\u00e9nite accueille le festival Francophonides . Hier soir, 1er jour de festival de l\u2019\u00e9dition 2025, &hellip;\" \/>\n<meta property=\"og:url\" content=\"https:\/\/lyonbondyblog.fr\/LBB\/francophonides-la-version-2025-un-bon-cru\/\" \/>\n<meta property=\"og:site_name\" content=\"Lyon Bondy Blog\" \/>\n<meta property=\"article:publisher\" content=\"https:\/\/www.facebook.com\/lyonbondyblog\" \/>\n<meta property=\"article:author\" content=\"https:\/\/www.facebook.com\/lyonbondyblog\" \/>\n<meta property=\"article:published_time\" content=\"2025-09-14T09:40:36+00:00\" \/>\n<meta property=\"article:modified_time\" content=\"2025-09-14T09:40:53+00:00\" \/>\n<meta property=\"og:image\" content=\"https:\/\/lyonbondyblog.fr\/LBB\/wp-content\/uploads\/2025\/09\/telechargement-36.jpeg\" \/>\n\t<meta property=\"og:image:width\" content=\"275\" \/>\n\t<meta property=\"og:image:height\" content=\"141\" \/>\n\t<meta property=\"og:image:type\" content=\"image\/jpeg\" \/>\n<meta name=\"author\" content=\"La r\u00e9daction\" \/>\n<meta name=\"twitter:card\" content=\"summary_large_image\" \/>\n<meta name=\"twitter:creator\" content=\"@BondyBlogLyon\" \/>\n<meta name=\"twitter:site\" content=\"@bondybloglyon\" \/>\n<script type=\"application\/ld+json\" class=\"yoast-schema-graph\">{\"@context\":\"https:\/\/schema.org\",\"@graph\":[{\"@type\":\"Article\",\"@id\":\"https:\/\/lyonbondyblog.fr\/LBB\/francophonides-la-version-2025-un-bon-cru\/#article\",\"isPartOf\":{\"@id\":\"https:\/\/lyonbondyblog.fr\/LBB\/francophonides-la-version-2025-un-bon-cru\/\"},\"author\":{\"name\":\"La r\u00e9daction\",\"@id\":\"https:\/\/lyonbondyblog.fr\/LBB\/#\/schema\/person\/e45f8d27baac75072daa0be50c409b25\"},\"headline\":\"Francophonides : La version 2025, un bon cru\",\"datePublished\":\"2025-09-14T09:40:36+00:00\",\"dateModified\":\"2025-09-14T09:40:53+00:00\",\"mainEntityOfPage\":{\"@id\":\"https:\/\/lyonbondyblog.fr\/LBB\/francophonides-la-version-2025-un-bon-cru\/\"},\"wordCount\":422,\"commentCount\":0,\"publisher\":{\"@id\":\"https:\/\/lyonbondyblog.fr\/LBB\/#organization\"},\"image\":{\"@id\":\"https:\/\/lyonbondyblog.fr\/LBB\/francophonides-la-version-2025-un-bon-cru\/#primaryimage\"},\"thumbnailUrl\":\"https:\/\/lyonbondyblog.fr\/LBB\/wp-content\/uploads\/2025\/09\/telechargement-36.jpeg\",\"articleSection\":[\"Ambiance\",\"Culture\",\"Festival\",\"Musique\",\"Oullins\"],\"inLanguage\":\"fr-FR\",\"potentialAction\":[{\"@type\":\"CommentAction\",\"name\":\"Comment\",\"target\":[\"https:\/\/lyonbondyblog.fr\/LBB\/francophonides-la-version-2025-un-bon-cru\/#respond\"]}]},{\"@type\":\"WebPage\",\"@id\":\"https:\/\/lyonbondyblog.fr\/LBB\/francophonides-la-version-2025-un-bon-cru\/\",\"url\":\"https:\/\/lyonbondyblog.fr\/LBB\/francophonides-la-version-2025-un-bon-cru\/\",\"name\":\"Francophonides : La version 2025, un bon cru - Lyon Bondy Blog\",\"isPartOf\":{\"@id\":\"https:\/\/lyonbondyblog.fr\/LBB\/#website\"},\"primaryImageOfPage\":{\"@id\":\"https:\/\/lyonbondyblog.fr\/LBB\/francophonides-la-version-2025-un-bon-cru\/#primaryimage\"},\"image\":{\"@id\":\"https:\/\/lyonbondyblog.fr\/LBB\/francophonides-la-version-2025-un-bon-cru\/#primaryimage\"},\"thumbnailUrl\":\"https:\/\/lyonbondyblog.fr\/LBB\/wp-content\/uploads\/2025\/09\/telechargement-36.jpeg\",\"datePublished\":\"2025-09-14T09:40:36+00:00\",\"dateModified\":\"2025-09-14T09:40:53+00:00\",\"inLanguage\":\"fr-FR\",\"potentialAction\":[{\"@type\":\"ReadAction\",\"target\":[\"https:\/\/lyonbondyblog.fr\/LBB\/francophonides-la-version-2025-un-bon-cru\/\"]}]},{\"@type\":\"ImageObject\",\"inLanguage\":\"fr-FR\",\"@id\":\"https:\/\/lyonbondyblog.fr\/LBB\/francophonides-la-version-2025-un-bon-cru\/#primaryimage\",\"url\":\"https:\/\/lyonbondyblog.fr\/LBB\/wp-content\/uploads\/2025\/09\/telechargement-36.jpeg\",\"contentUrl\":\"https:\/\/lyonbondyblog.fr\/LBB\/wp-content\/uploads\/2025\/09\/telechargement-36.jpeg\",\"width\":275,\"height\":141},{\"@type\":\"WebSite\",\"@id\":\"https:\/\/lyonbondyblog.fr\/LBB\/#website\",\"url\":\"https:\/\/lyonbondyblog.fr\/LBB\/\",\"name\":\"Lyon Bondy Blog\",\"description\":\"\",\"publisher\":{\"@id\":\"https:\/\/lyonbondyblog.fr\/LBB\/#organization\"},\"potentialAction\":[{\"@type\":\"SearchAction\",\"target\":{\"@type\":\"EntryPoint\",\"urlTemplate\":\"https:\/\/lyonbondyblog.fr\/LBB\/?s={search_term_string}\"},\"query-input\":\"required name=search_term_string\"}],\"inLanguage\":\"fr-FR\"},{\"@type\":\"Organization\",\"@id\":\"https:\/\/lyonbondyblog.fr\/LBB\/#organization\",\"name\":\"LYON BONDY BLOG\",\"url\":\"https:\/\/lyonbondyblog.fr\/LBB\/\",\"logo\":{\"@type\":\"ImageObject\",\"inLanguage\":\"fr-FR\",\"@id\":\"https:\/\/lyonbondyblog.fr\/LBB\/#\/schema\/logo\/image\/\",\"url\":\"http:\/\/lyonbondyblog.fr\/LBB\/wp-content\/uploads\/2014\/10\/logo-portable-144.png\",\"contentUrl\":\"http:\/\/lyonbondyblog.fr\/LBB\/wp-content\/uploads\/2014\/10\/logo-portable-144.png\",\"width\":144,\"height\":123,\"caption\":\"LYON BONDY BLOG\"},\"image\":{\"@id\":\"https:\/\/lyonbondyblog.fr\/LBB\/#\/schema\/logo\/image\/\"},\"sameAs\":[\"https:\/\/www.facebook.com\/lyonbondyblog\",\"https:\/\/x.com\/bondybloglyon\"]},{\"@type\":\"Person\",\"@id\":\"https:\/\/lyonbondyblog.fr\/LBB\/#\/schema\/person\/e45f8d27baac75072daa0be50c409b25\",\"name\":\"La r\u00e9daction\",\"description\":\"Cr\u00e9e en 2008, la r\u00e9daction du Lyon Bondy Blog s'applique \u00e0 proposer une information locale diff\u00e9rente et compl\u00e9mentaire des m\u00e9dias traditionnels.\",\"sameAs\":[\"https:\/\/www.facebook.com\/lyonbondyblog\",\"https:\/\/x.com\/BondyBlogLyon\"],\"url\":\"https:\/\/lyonbondyblog.fr\/LBB\/author\/admin\/\"}]}<\/script>\n<!-- \/ Yoast SEO plugin. -->","yoast_head_json":{"title":"Francophonides : La version 2025, un bon cru - Lyon Bondy Blog","robots":{"index":"index","follow":"follow","max-snippet":"max-snippet:-1","max-image-preview":"max-image-preview:large","max-video-preview":"max-video-preview:-1"},"canonical":"https:\/\/lyonbondyblog.fr\/LBB\/francophonides-la-version-2025-un-bon-cru\/","og_locale":"fr_FR","og_type":"article","og_title":"Francophonides : La version 2025, un bon cru - Lyon Bondy Blog","og_description":"Depuis 2021, le parc Jean de La Fontaine \u00e0 Oullins-Pierre B\u00e9nite accueille le festival Francophonides . Hier soir, 1er jour de festival de l\u2019\u00e9dition 2025, &hellip;","og_url":"https:\/\/lyonbondyblog.fr\/LBB\/francophonides-la-version-2025-un-bon-cru\/","og_site_name":"Lyon Bondy Blog","article_publisher":"https:\/\/www.facebook.com\/lyonbondyblog","article_author":"https:\/\/www.facebook.com\/lyonbondyblog","article_published_time":"2025-09-14T09:40:36+00:00","article_modified_time":"2025-09-14T09:40:53+00:00","og_image":[{"width":275,"height":141,"url":"https:\/\/lyonbondyblog.fr\/LBB\/wp-content\/uploads\/2025\/09\/telechargement-36.jpeg","type":"image\/jpeg"}],"author":"La r\u00e9daction","twitter_card":"summary_large_image","twitter_creator":"@BondyBlogLyon","twitter_site":"@bondybloglyon","schema":{"@context":"https:\/\/schema.org","@graph":[{"@type":"Article","@id":"https:\/\/lyonbondyblog.fr\/LBB\/francophonides-la-version-2025-un-bon-cru\/#article","isPartOf":{"@id":"https:\/\/lyonbondyblog.fr\/LBB\/francophonides-la-version-2025-un-bon-cru\/"},"author":{"name":"La r\u00e9daction","@id":"https:\/\/lyonbondyblog.fr\/LBB\/#\/schema\/person\/e45f8d27baac75072daa0be50c409b25"},"headline":"Francophonides : La version 2025, un bon cru","datePublished":"2025-09-14T09:40:36+00:00","dateModified":"2025-09-14T09:40:53+00:00","mainEntityOfPage":{"@id":"https:\/\/lyonbondyblog.fr\/LBB\/francophonides-la-version-2025-un-bon-cru\/"},"wordCount":422,"commentCount":0,"publisher":{"@id":"https:\/\/lyonbondyblog.fr\/LBB\/#organization"},"image":{"@id":"https:\/\/lyonbondyblog.fr\/LBB\/francophonides-la-version-2025-un-bon-cru\/#primaryimage"},"thumbnailUrl":"https:\/\/lyonbondyblog.fr\/LBB\/wp-content\/uploads\/2025\/09\/telechargement-36.jpeg","articleSection":["Ambiance","Culture","Festival","Musique","Oullins"],"inLanguage":"fr-FR","potentialAction":[{"@type":"CommentAction","name":"Comment","target":["https:\/\/lyonbondyblog.fr\/LBB\/francophonides-la-version-2025-un-bon-cru\/#respond"]}]},{"@type":"WebPage","@id":"https:\/\/lyonbondyblog.fr\/LBB\/francophonides-la-version-2025-un-bon-cru\/","url":"https:\/\/lyonbondyblog.fr\/LBB\/francophonides-la-version-2025-un-bon-cru\/","name":"Francophonides : La version 2025, un bon cru - Lyon Bondy Blog","isPartOf":{"@id":"https:\/\/lyonbondyblog.fr\/LBB\/#website"},"primaryImageOfPage":{"@id":"https:\/\/lyonbondyblog.fr\/LBB\/francophonides-la-version-2025-un-bon-cru\/#primaryimage"},"image":{"@id":"https:\/\/lyonbondyblog.fr\/LBB\/francophonides-la-version-2025-un-bon-cru\/#primaryimage"},"thumbnailUrl":"https:\/\/lyonbondyblog.fr\/LBB\/wp-content\/uploads\/2025\/09\/telechargement-36.jpeg","datePublished":"2025-09-14T09:40:36+00:00","dateModified":"2025-09-14T09:40:53+00:00","inLanguage":"fr-FR","potentialAction":[{"@type":"ReadAction","target":["https:\/\/lyonbondyblog.fr\/LBB\/francophonides-la-version-2025-un-bon-cru\/"]}]},{"@type":"ImageObject","inLanguage":"fr-FR","@id":"https:\/\/lyonbondyblog.fr\/LBB\/francophonides-la-version-2025-un-bon-cru\/#primaryimage","url":"https:\/\/lyonbondyblog.fr\/LBB\/wp-content\/uploads\/2025\/09\/telechargement-36.jpeg","contentUrl":"https:\/\/lyonbondyblog.fr\/LBB\/wp-content\/uploads\/2025\/09\/telechargement-36.jpeg","width":275,"height":141},{"@type":"WebSite","@id":"https:\/\/lyonbondyblog.fr\/LBB\/#website","url":"https:\/\/lyonbondyblog.fr\/LBB\/","name":"Lyon Bondy Blog","description":"","publisher":{"@id":"https:\/\/lyonbondyblog.fr\/LBB\/#organization"},"potentialAction":[{"@type":"SearchAction","target":{"@type":"EntryPoint","urlTemplate":"https:\/\/lyonbondyblog.fr\/LBB\/?s={search_term_string}"},"query-input":"required name=search_term_string"}],"inLanguage":"fr-FR"},{"@type":"Organization","@id":"https:\/\/lyonbondyblog.fr\/LBB\/#organization","name":"LYON BONDY BLOG","url":"https:\/\/lyonbondyblog.fr\/LBB\/","logo":{"@type":"ImageObject","inLanguage":"fr-FR","@id":"https:\/\/lyonbondyblog.fr\/LBB\/#\/schema\/logo\/image\/","url":"http:\/\/lyonbondyblog.fr\/LBB\/wp-content\/uploads\/2014\/10\/logo-portable-144.png","contentUrl":"http:\/\/lyonbondyblog.fr\/LBB\/wp-content\/uploads\/2014\/10\/logo-portable-144.png","width":144,"height":123,"caption":"LYON BONDY BLOG"},"image":{"@id":"https:\/\/lyonbondyblog.fr\/LBB\/#\/schema\/logo\/image\/"},"sameAs":["https:\/\/www.facebook.com\/lyonbondyblog","https:\/\/x.com\/bondybloglyon"]},{"@type":"Person","@id":"https:\/\/lyonbondyblog.fr\/LBB\/#\/schema\/person\/e45f8d27baac75072daa0be50c409b25","name":"La r\u00e9daction","description":"Cr\u00e9e en 2008, la r\u00e9daction du Lyon Bondy Blog s'applique \u00e0 proposer une information locale diff\u00e9rente et compl\u00e9mentaire des m\u00e9dias traditionnels.","sameAs":["https:\/\/www.facebook.com\/lyonbondyblog","https:\/\/x.com\/BondyBlogLyon"],"url":"https:\/\/lyonbondyblog.fr\/LBB\/author\/admin\/"}]}},"_links":{"self":[{"href":"https:\/\/lyonbondyblog.fr\/LBB\/wp-json\/wp\/v2\/posts\/36987","targetHints":{"allow":["GET"]}}],"collection":[{"href":"https:\/\/lyonbondyblog.fr\/LBB\/wp-json\/wp\/v2\/posts"}],"about":[{"href":"https:\/\/lyonbondyblog.fr\/LBB\/wp-json\/wp\/v2\/types\/post"}],"author":[{"embeddable":true,"href":"https:\/\/lyonbondyblog.fr\/LBB\/wp-json\/wp\/v2\/users\/1"}],"replies":[{"embeddable":true,"href":"https:\/\/lyonbondyblog.fr\/LBB\/wp-json\/wp\/v2\/comments?post=36987"}],"version-history":[{"count":2,"href":"https:\/\/lyonbondyblog.fr\/LBB\/wp-json\/wp\/v2\/posts\/36987\/revisions"}],"predecessor-version":[{"id":36994,"href":"https:\/\/lyonbondyblog.fr\/LBB\/wp-json\/wp\/v2\/posts\/36987\/revisions\/36994"}],"wp:featuredmedia":[{"embeddable":true,"href":"https:\/\/lyonbondyblog.fr\/LBB\/wp-json\/wp\/v2\/media\/36984"}],"wp:attachment":[{"href":"https:\/\/lyonbondyblog.fr\/LBB\/wp-json\/wp\/v2\/media?parent=36987"}],"wp:term":[{"taxonomy":"category","embeddable":true,"href":"https:\/\/lyonbondyblog.fr\/LBB\/wp-json\/wp\/v2\/categories?post=36987"},{"taxonomy":"post_tag","embeddable":true,"href":"https:\/\/lyonbondyblog.fr\/LBB\/wp-json\/wp\/v2\/tags?post=36987"}],"curies":[{"name":"wp","href":"https:\/\/api.w.org\/{rel}","templated":true}]}}