{"id":36978,"date":"2025-09-13T11:58:51","date_gmt":"2025-09-13T09:58:51","guid":{"rendered":"https:\/\/lyonbondyblog.fr\/LBB\/?p=36978"},"modified":"2025-09-13T12:09:18","modified_gmt":"2025-09-13T10:09:18","slug":"vendredi-tout-est-permis","status":"publish","type":"post","link":"https:\/\/lyonbondyblog.fr\/LBB\/vendredi-tout-est-permis\/","title":{"rendered":"Vendredi, tout est permis !"},"content":{"rendered":"\n<p><strong>Depuis 2021, le parc Jean de La Fontaine \u00e0 Oullins-Pierre B\u00e9nite accueille le festival Francophonides . Hier soir, 1er jour de festival de l\u2019\u00e9dition 2025, qui a lieu sur deux jours : le vendredi 12 et le samedi 13 septembre. Retour sur le premier jour de festival.<\/strong><\/p>\n\n\n\n<p>Il est 19 heures, ce vendredi. Juste apr\u00e8s avoir pos\u00e9 son costume de la semaine, c\u2019est le moment de la d\u00e9tente. Tout le monde vient tranquillement en couple, en famille ou entre amis pour passer une bonne soir\u00e9e.&nbsp;<\/p>\n\n\n\n<p>Avant que le show commence, les festivaliers se posent pour boire une bi\u00e8re ou manger une petite frite avant de retrouver la grande piste de danse que la Ruelle des m\u00f4mes commence \u00e0 chauffer avec leur rock festif et leur chanteur qui anime le d\u00e9but de soir\u00e9e avec son groupe. Le public est encore un peu timide, pr\u00e9f\u00e9rant pour le moment manger des frites, mais cela va se d\u00e9canter tr\u00e8s vite.&nbsp;<\/p>\n\n\n\n<figure class=\"wp-block-image size-large\"><img loading=\"lazy\" decoding=\"async\" width=\"1920\" height=\"1440\" src=\"https:\/\/lyonbondyblog.fr\/LBB\/wp-content\/uploads\/2025\/09\/IMG_0380-1920x1440.jpeg\" alt=\"\" class=\"wp-image-36980\" srcset=\"https:\/\/lyonbondyblog.fr\/LBB\/wp-content\/uploads\/2025\/09\/IMG_0380-1920x1440.jpeg 1920w, https:\/\/lyonbondyblog.fr\/LBB\/wp-content\/uploads\/2025\/09\/IMG_0380-1200x900.jpeg 1200w, https:\/\/lyonbondyblog.fr\/LBB\/wp-content\/uploads\/2025\/09\/IMG_0380-768x576.jpeg 768w, https:\/\/lyonbondyblog.fr\/LBB\/wp-content\/uploads\/2025\/09\/IMG_0380-1536x1152.jpeg 1536w, https:\/\/lyonbondyblog.fr\/LBB\/wp-content\/uploads\/2025\/09\/IMG_0380-2048x1536.jpeg 2048w\" sizes=\"auto, (max-width: 1920px) 100vw, 1920px\" \/><\/figure>\n\n\n\n<p>Apr\u00e8s le set du 1er groupe, Z\u00e9lie la chanteuse commence \u00e0 se rapprocher de la sc\u00e8ne. Nous en profitons pour aller poser quelques questions au groupe \u201cRuelle des M\u00f4mes\u201d :&nbsp;<\/p>\n\n\n\n<figure class=\"wp-block-audio\"><audio controls src=\"https:\/\/lyonbondyblog.fr\/LBB\/wp-content\/uploads\/2025\/09\/Nouvel-enregistrement-48.m4a\"><\/audio><\/figure>\n\n\n\n<figure class=\"wp-block-image size-large\"><img loading=\"lazy\" decoding=\"async\" width=\"1920\" height=\"1440\" src=\"https:\/\/lyonbondyblog.fr\/LBB\/wp-content\/uploads\/2025\/09\/IMG_0387-1920x1440.jpeg\" alt=\"\" class=\"wp-image-36981\" srcset=\"https:\/\/lyonbondyblog.fr\/LBB\/wp-content\/uploads\/2025\/09\/IMG_0387-1920x1440.jpeg 1920w, https:\/\/lyonbondyblog.fr\/LBB\/wp-content\/uploads\/2025\/09\/IMG_0387-1200x900.jpeg 1200w, https:\/\/lyonbondyblog.fr\/LBB\/wp-content\/uploads\/2025\/09\/IMG_0387-768x576.jpeg 768w, https:\/\/lyonbondyblog.fr\/LBB\/wp-content\/uploads\/2025\/09\/IMG_0387-1536x1152.jpeg 1536w, https:\/\/lyonbondyblog.fr\/LBB\/wp-content\/uploads\/2025\/09\/IMG_0387-2048x1536.jpeg 2048w\" sizes=\"auto, (max-width: 1920px) 100vw, 1920px\" \/><\/figure>\n\n\n\n<p>Z\u00e9lie arrive avec son groupe, ils sont quatre sur sc\u00e8ne. La chanteuse et ses trois musiciens commencent \u00e0 enflammer le festival. Tout le monde commence \u00e0 d\u00e9laisser les chaises de l\u2019ap\u00e9ro pour commencer \u00e0 s\u2019ambiancer, le public suit. Pendant quarante-cinq minutes, la chanteuse chauffe le public pour le laisser au guest du soir, un certain Hatik.<\/p>\n\n\n\n<p><strong>Hatik arriva\u2026.<\/strong><\/p>\n\n\n\n<figure class=\"wp-block-image size-large\"><img loading=\"lazy\" decoding=\"async\" width=\"1920\" height=\"1440\" src=\"https:\/\/lyonbondyblog.fr\/LBB\/wp-content\/uploads\/2025\/09\/IMG_0397-1920x1440.jpeg\" alt=\"\" class=\"wp-image-36982\" srcset=\"https:\/\/lyonbondyblog.fr\/LBB\/wp-content\/uploads\/2025\/09\/IMG_0397-1920x1440.jpeg 1920w, https:\/\/lyonbondyblog.fr\/LBB\/wp-content\/uploads\/2025\/09\/IMG_0397-1200x900.jpeg 1200w, https:\/\/lyonbondyblog.fr\/LBB\/wp-content\/uploads\/2025\/09\/IMG_0397-768x576.jpeg 768w, https:\/\/lyonbondyblog.fr\/LBB\/wp-content\/uploads\/2025\/09\/IMG_0397-1536x1152.jpeg 1536w, https:\/\/lyonbondyblog.fr\/LBB\/wp-content\/uploads\/2025\/09\/IMG_0397-2048x1536.jpeg 2048w\" sizes=\"auto, (max-width: 1920px) 100vw, 1920px\" \/><\/figure>\n\n\n\n<p>Le chanteur arrive sur sc\u00e8ne avec sa reprise \u201cAngela\u201d du groupe Saian Supa Crew. Plus personnes \u00e0 la buvette, tout le monde s\u2019ambiance, m\u00eame le maire d\u2019Oullins-Pierre B\u00e9nite commence \u00e0 danser tranquillement. Le public est venu sp\u00e9cialement pour lui et pour chanter ses chansons, l\u2019interaction est l\u00e0. Le rappeur Lover cr\u00e9e un \u00e9norme crush, entre lui et ses fans. On arrive bient\u00f4t \u00e0 la fin du set et Hatik demande \u00e0 des enfants de venir, mais pour la plupart, ce sont plut\u00f4t des ados avides de faire une photo avec leur chanteur pr\u00e9f\u00e9r\u00e9. La soir\u00e9e suit son cours et le rappeur parisien finit son set avec sa chanson de d\u00e9but de concert, Angela.<\/p>\n\n\n\n<figure class=\"wp-block-image size-large\"><img loading=\"lazy\" decoding=\"async\" width=\"1920\" height=\"1440\" src=\"https:\/\/lyonbondyblog.fr\/LBB\/wp-content\/uploads\/2025\/09\/IMG_0402-1-1920x1440.jpeg\" alt=\"\" class=\"wp-image-36983\" srcset=\"https:\/\/lyonbondyblog.fr\/LBB\/wp-content\/uploads\/2025\/09\/IMG_0402-1-1920x1440.jpeg 1920w, https:\/\/lyonbondyblog.fr\/LBB\/wp-content\/uploads\/2025\/09\/IMG_0402-1-1200x900.jpeg 1200w, https:\/\/lyonbondyblog.fr\/LBB\/wp-content\/uploads\/2025\/09\/IMG_0402-1-768x576.jpeg 768w, https:\/\/lyonbondyblog.fr\/LBB\/wp-content\/uploads\/2025\/09\/IMG_0402-1-1536x1152.jpeg 1536w, https:\/\/lyonbondyblog.fr\/LBB\/wp-content\/uploads\/2025\/09\/IMG_0402-1-2048x1536.jpeg 2048w\" sizes=\"auto, (max-width: 1920px) 100vw, 1920px\" \/><\/figure>\n\n\n\n<p>Pari r\u00e9ussi, pour ce premier soir. Le public est venu prendre du bon temps, et se d\u00e9connecter d\u2019une plan\u00e8te un peu compliqu\u00e9e. Pour le coup, on revient demain, on esp\u00e8re que cela sera encore mieux.<\/p>\n<!-- AddThis Advanced Settings generic via filter on the_content --><!-- AddThis Share Buttons generic via filter on the_content -->","protected":false},"excerpt":{"rendered":"<p>Depuis 2021, le parc Jean de La Fontaine \u00e0 Oullins-Pierre B\u00e9nite accueille le festival Francophonides . Hier soir, 1er jour de festival de l\u2019\u00e9dition 2025, &hellip; <!-- AddThis Advanced Settings generic via filter on wp_trim_excerpt --><!-- AddThis Share Buttons generic via filter on wp_trim_excerpt --><\/p>\n","protected":false},"author":1,"featured_media":36984,"comment_status":"open","ping_status":"open","sticky":true,"template":"","format":"standard","meta":{"_FSMCFIC_featured_image_caption":"","_FSMCFIC_featured_image_nocaption":"","_FSMCFIC_featured_image_hide":"","footnotes":""},"categories":[5,3,14140,18131,3792,18127,13732,13697],"tags":[],"class_list":["post-36978","post","type-post","status-publish","format-standard","has-post-thumbnail","hentry","category-ambiance","category-culture","category-danse","category-evenement","category-festival","category-oullins-lyon","category-rap","category-spectacle"],"yoast_head":"<!-- This site is optimized with the Yoast SEO plugin v22.8 - https:\/\/yoast.com\/wordpress\/plugins\/seo\/ -->\n<title>Vendredi, tout est permis ! - Lyon Bondy Blog<\/title>\n<meta name=\"robots\" content=\"index, follow, max-snippet:-1, max-image-preview:large, max-video-preview:-1\" \/>\n<link rel=\"canonical\" href=\"https:\/\/lyonbondyblog.fr\/LBB\/vendredi-tout-est-permis\/\" \/>\n<meta property=\"og:locale\" content=\"fr_FR\" \/>\n<meta property=\"og:type\" content=\"article\" \/>\n<meta property=\"og:title\" content=\"Vendredi, tout est permis ! - Lyon Bondy Blog\" \/>\n<meta property=\"og:description\" content=\"Depuis 2021, le parc Jean de La Fontaine \u00e0 Oullins-Pierre B\u00e9nite accueille le festival Francophonides . Hier soir, 1er jour de festival de l\u2019\u00e9dition 2025, &hellip;\" \/>\n<meta property=\"og:url\" content=\"https:\/\/lyonbondyblog.fr\/LBB\/vendredi-tout-est-permis\/\" \/>\n<meta property=\"og:site_name\" content=\"Lyon Bondy Blog\" \/>\n<meta property=\"article:publisher\" content=\"https:\/\/www.facebook.com\/lyonbondyblog\" \/>\n<meta property=\"article:author\" content=\"https:\/\/www.facebook.com\/lyonbondyblog\" \/>\n<meta property=\"article:published_time\" content=\"2025-09-13T09:58:51+00:00\" \/>\n<meta property=\"article:modified_time\" content=\"2025-09-13T10:09:18+00:00\" \/>\n<meta property=\"og:image\" content=\"https:\/\/lyonbondyblog.fr\/LBB\/wp-content\/uploads\/2025\/09\/telechargement-36.jpeg\" \/>\n\t<meta property=\"og:image:width\" content=\"275\" \/>\n\t<meta property=\"og:image:height\" content=\"141\" \/>\n\t<meta property=\"og:image:type\" content=\"image\/jpeg\" \/>\n<meta name=\"author\" content=\"La r\u00e9daction\" \/>\n<meta name=\"twitter:card\" content=\"summary_large_image\" \/>\n<meta name=\"twitter:creator\" content=\"@BondyBlogLyon\" \/>\n<meta name=\"twitter:site\" content=\"@bondybloglyon\" \/>\n<script type=\"application\/ld+json\" class=\"yoast-schema-graph\">{\"@context\":\"https:\/\/schema.org\",\"@graph\":[{\"@type\":\"Article\",\"@id\":\"https:\/\/lyonbondyblog.fr\/LBB\/vendredi-tout-est-permis\/#article\",\"isPartOf\":{\"@id\":\"https:\/\/lyonbondyblog.fr\/LBB\/vendredi-tout-est-permis\/\"},\"author\":{\"name\":\"La r\u00e9daction\",\"@id\":\"https:\/\/lyonbondyblog.fr\/LBB\/#\/schema\/person\/e45f8d27baac75072daa0be50c409b25\"},\"headline\":\"Vendredi, tout est permis !\",\"datePublished\":\"2025-09-13T09:58:51+00:00\",\"dateModified\":\"2025-09-13T10:09:18+00:00\",\"mainEntityOfPage\":{\"@id\":\"https:\/\/lyonbondyblog.fr\/LBB\/vendredi-tout-est-permis\/\"},\"wordCount\":425,\"commentCount\":0,\"publisher\":{\"@id\":\"https:\/\/lyonbondyblog.fr\/LBB\/#organization\"},\"image\":{\"@id\":\"https:\/\/lyonbondyblog.fr\/LBB\/vendredi-tout-est-permis\/#primaryimage\"},\"thumbnailUrl\":\"https:\/\/lyonbondyblog.fr\/LBB\/wp-content\/uploads\/2025\/09\/telechargement-36.jpeg\",\"articleSection\":[\"Ambiance\",\"Culture\",\"Danse\",\"Ev\u00e9nement\",\"Festival\",\"Oullins\",\"Rap\",\"Spectacle\"],\"inLanguage\":\"fr-FR\",\"potentialAction\":[{\"@type\":\"CommentAction\",\"name\":\"Comment\",\"target\":[\"https:\/\/lyonbondyblog.fr\/LBB\/vendredi-tout-est-permis\/#respond\"]}]},{\"@type\":\"WebPage\",\"@id\":\"https:\/\/lyonbondyblog.fr\/LBB\/vendredi-tout-est-permis\/\",\"url\":\"https:\/\/lyonbondyblog.fr\/LBB\/vendredi-tout-est-permis\/\",\"name\":\"Vendredi, tout est permis ! - Lyon Bondy Blog\",\"isPartOf\":{\"@id\":\"https:\/\/lyonbondyblog.fr\/LBB\/#website\"},\"primaryImageOfPage\":{\"@id\":\"https:\/\/lyonbondyblog.fr\/LBB\/vendredi-tout-est-permis\/#primaryimage\"},\"image\":{\"@id\":\"https:\/\/lyonbondyblog.fr\/LBB\/vendredi-tout-est-permis\/#primaryimage\"},\"thumbnailUrl\":\"https:\/\/lyonbondyblog.fr\/LBB\/wp-content\/uploads\/2025\/09\/telechargement-36.jpeg\",\"datePublished\":\"2025-09-13T09:58:51+00:00\",\"dateModified\":\"2025-09-13T10:09:18+00:00\",\"inLanguage\":\"fr-FR\",\"potentialAction\":[{\"@type\":\"ReadAction\",\"target\":[\"https:\/\/lyonbondyblog.fr\/LBB\/vendredi-tout-est-permis\/\"]}]},{\"@type\":\"ImageObject\",\"inLanguage\":\"fr-FR\",\"@id\":\"https:\/\/lyonbondyblog.fr\/LBB\/vendredi-tout-est-permis\/#primaryimage\",\"url\":\"https:\/\/lyonbondyblog.fr\/LBB\/wp-content\/uploads\/2025\/09\/telechargement-36.jpeg\",\"contentUrl\":\"https:\/\/lyonbondyblog.fr\/LBB\/wp-content\/uploads\/2025\/09\/telechargement-36.jpeg\",\"width\":275,\"height\":141},{\"@type\":\"WebSite\",\"@id\":\"https:\/\/lyonbondyblog.fr\/LBB\/#website\",\"url\":\"https:\/\/lyonbondyblog.fr\/LBB\/\",\"name\":\"Lyon Bondy Blog\",\"description\":\"\",\"publisher\":{\"@id\":\"https:\/\/lyonbondyblog.fr\/LBB\/#organization\"},\"potentialAction\":[{\"@type\":\"SearchAction\",\"target\":{\"@type\":\"EntryPoint\",\"urlTemplate\":\"https:\/\/lyonbondyblog.fr\/LBB\/?s={search_term_string}\"},\"query-input\":\"required name=search_term_string\"}],\"inLanguage\":\"fr-FR\"},{\"@type\":\"Organization\",\"@id\":\"https:\/\/lyonbondyblog.fr\/LBB\/#organization\",\"name\":\"LYON BONDY BLOG\",\"url\":\"https:\/\/lyonbondyblog.fr\/LBB\/\",\"logo\":{\"@type\":\"ImageObject\",\"inLanguage\":\"fr-FR\",\"@id\":\"https:\/\/lyonbondyblog.fr\/LBB\/#\/schema\/logo\/image\/\",\"url\":\"http:\/\/lyonbondyblog.fr\/LBB\/wp-content\/uploads\/2014\/10\/logo-portable-144.png\",\"contentUrl\":\"http:\/\/lyonbondyblog.fr\/LBB\/wp-content\/uploads\/2014\/10\/logo-portable-144.png\",\"width\":144,\"height\":123,\"caption\":\"LYON BONDY BLOG\"},\"image\":{\"@id\":\"https:\/\/lyonbondyblog.fr\/LBB\/#\/schema\/logo\/image\/\"},\"sameAs\":[\"https:\/\/www.facebook.com\/lyonbondyblog\",\"https:\/\/x.com\/bondybloglyon\"]},{\"@type\":\"Person\",\"@id\":\"https:\/\/lyonbondyblog.fr\/LBB\/#\/schema\/person\/e45f8d27baac75072daa0be50c409b25\",\"name\":\"La r\u00e9daction\",\"description\":\"Cr\u00e9e en 2008, la r\u00e9daction du Lyon Bondy Blog s'applique \u00e0 proposer une information locale diff\u00e9rente et compl\u00e9mentaire des m\u00e9dias traditionnels.\",\"sameAs\":[\"https:\/\/www.facebook.com\/lyonbondyblog\",\"https:\/\/x.com\/BondyBlogLyon\"],\"url\":\"https:\/\/lyonbondyblog.fr\/LBB\/author\/admin\/\"}]}<\/script>\n<!-- \/ Yoast SEO plugin. -->","yoast_head_json":{"title":"Vendredi, tout est permis ! - Lyon Bondy Blog","robots":{"index":"index","follow":"follow","max-snippet":"max-snippet:-1","max-image-preview":"max-image-preview:large","max-video-preview":"max-video-preview:-1"},"canonical":"https:\/\/lyonbondyblog.fr\/LBB\/vendredi-tout-est-permis\/","og_locale":"fr_FR","og_type":"article","og_title":"Vendredi, tout est permis ! - Lyon Bondy Blog","og_description":"Depuis 2021, le parc Jean de La Fontaine \u00e0 Oullins-Pierre B\u00e9nite accueille le festival Francophonides . Hier soir, 1er jour de festival de l\u2019\u00e9dition 2025, &hellip;","og_url":"https:\/\/lyonbondyblog.fr\/LBB\/vendredi-tout-est-permis\/","og_site_name":"Lyon Bondy Blog","article_publisher":"https:\/\/www.facebook.com\/lyonbondyblog","article_author":"https:\/\/www.facebook.com\/lyonbondyblog","article_published_time":"2025-09-13T09:58:51+00:00","article_modified_time":"2025-09-13T10:09:18+00:00","og_image":[{"width":275,"height":141,"url":"https:\/\/lyonbondyblog.fr\/LBB\/wp-content\/uploads\/2025\/09\/telechargement-36.jpeg","type":"image\/jpeg"}],"author":"La r\u00e9daction","twitter_card":"summary_large_image","twitter_creator":"@BondyBlogLyon","twitter_site":"@bondybloglyon","schema":{"@context":"https:\/\/schema.org","@graph":[{"@type":"Article","@id":"https:\/\/lyonbondyblog.fr\/LBB\/vendredi-tout-est-permis\/#article","isPartOf":{"@id":"https:\/\/lyonbondyblog.fr\/LBB\/vendredi-tout-est-permis\/"},"author":{"name":"La r\u00e9daction","@id":"https:\/\/lyonbondyblog.fr\/LBB\/#\/schema\/person\/e45f8d27baac75072daa0be50c409b25"},"headline":"Vendredi, tout est permis !","datePublished":"2025-09-13T09:58:51+00:00","dateModified":"2025-09-13T10:09:18+00:00","mainEntityOfPage":{"@id":"https:\/\/lyonbondyblog.fr\/LBB\/vendredi-tout-est-permis\/"},"wordCount":425,"commentCount":0,"publisher":{"@id":"https:\/\/lyonbondyblog.fr\/LBB\/#organization"},"image":{"@id":"https:\/\/lyonbondyblog.fr\/LBB\/vendredi-tout-est-permis\/#primaryimage"},"thumbnailUrl":"https:\/\/lyonbondyblog.fr\/LBB\/wp-content\/uploads\/2025\/09\/telechargement-36.jpeg","articleSection":["Ambiance","Culture","Danse","Ev\u00e9nement","Festival","Oullins","Rap","Spectacle"],"inLanguage":"fr-FR","potentialAction":[{"@type":"CommentAction","name":"Comment","target":["https:\/\/lyonbondyblog.fr\/LBB\/vendredi-tout-est-permis\/#respond"]}]},{"@type":"WebPage","@id":"https:\/\/lyonbondyblog.fr\/LBB\/vendredi-tout-est-permis\/","url":"https:\/\/lyonbondyblog.fr\/LBB\/vendredi-tout-est-permis\/","name":"Vendredi, tout est permis ! - Lyon Bondy Blog","isPartOf":{"@id":"https:\/\/lyonbondyblog.fr\/LBB\/#website"},"primaryImageOfPage":{"@id":"https:\/\/lyonbondyblog.fr\/LBB\/vendredi-tout-est-permis\/#primaryimage"},"image":{"@id":"https:\/\/lyonbondyblog.fr\/LBB\/vendredi-tout-est-permis\/#primaryimage"},"thumbnailUrl":"https:\/\/lyonbondyblog.fr\/LBB\/wp-content\/uploads\/2025\/09\/telechargement-36.jpeg","datePublished":"2025-09-13T09:58:51+00:00","dateModified":"2025-09-13T10:09:18+00:00","inLanguage":"fr-FR","potentialAction":[{"@type":"ReadAction","target":["https:\/\/lyonbondyblog.fr\/LBB\/vendredi-tout-est-permis\/"]}]},{"@type":"ImageObject","inLanguage":"fr-FR","@id":"https:\/\/lyonbondyblog.fr\/LBB\/vendredi-tout-est-permis\/#primaryimage","url":"https:\/\/lyonbondyblog.fr\/LBB\/wp-content\/uploads\/2025\/09\/telechargement-36.jpeg","contentUrl":"https:\/\/lyonbondyblog.fr\/LBB\/wp-content\/uploads\/2025\/09\/telechargement-36.jpeg","width":275,"height":141},{"@type":"WebSite","@id":"https:\/\/lyonbondyblog.fr\/LBB\/#website","url":"https:\/\/lyonbondyblog.fr\/LBB\/","name":"Lyon Bondy Blog","description":"","publisher":{"@id":"https:\/\/lyonbondyblog.fr\/LBB\/#organization"},"potentialAction":[{"@type":"SearchAction","target":{"@type":"EntryPoint","urlTemplate":"https:\/\/lyonbondyblog.fr\/LBB\/?s={search_term_string}"},"query-input":"required name=search_term_string"}],"inLanguage":"fr-FR"},{"@type":"Organization","@id":"https:\/\/lyonbondyblog.fr\/LBB\/#organization","name":"LYON BONDY BLOG","url":"https:\/\/lyonbondyblog.fr\/LBB\/","logo":{"@type":"ImageObject","inLanguage":"fr-FR","@id":"https:\/\/lyonbondyblog.fr\/LBB\/#\/schema\/logo\/image\/","url":"http:\/\/lyonbondyblog.fr\/LBB\/wp-content\/uploads\/2014\/10\/logo-portable-144.png","contentUrl":"http:\/\/lyonbondyblog.fr\/LBB\/wp-content\/uploads\/2014\/10\/logo-portable-144.png","width":144,"height":123,"caption":"LYON BONDY BLOG"},"image":{"@id":"https:\/\/lyonbondyblog.fr\/LBB\/#\/schema\/logo\/image\/"},"sameAs":["https:\/\/www.facebook.com\/lyonbondyblog","https:\/\/x.com\/bondybloglyon"]},{"@type":"Person","@id":"https:\/\/lyonbondyblog.fr\/LBB\/#\/schema\/person\/e45f8d27baac75072daa0be50c409b25","name":"La r\u00e9daction","description":"Cr\u00e9e en 2008, la r\u00e9daction du Lyon Bondy Blog s'applique \u00e0 proposer une information locale diff\u00e9rente et compl\u00e9mentaire des m\u00e9dias traditionnels.","sameAs":["https:\/\/www.facebook.com\/lyonbondyblog","https:\/\/x.com\/BondyBlogLyon"],"url":"https:\/\/lyonbondyblog.fr\/LBB\/author\/admin\/"}]}},"_links":{"self":[{"href":"https:\/\/lyonbondyblog.fr\/LBB\/wp-json\/wp\/v2\/posts\/36978","targetHints":{"allow":["GET"]}}],"collection":[{"href":"https:\/\/lyonbondyblog.fr\/LBB\/wp-json\/wp\/v2\/posts"}],"about":[{"href":"https:\/\/lyonbondyblog.fr\/LBB\/wp-json\/wp\/v2\/types\/post"}],"author":[{"embeddable":true,"href":"https:\/\/lyonbondyblog.fr\/LBB\/wp-json\/wp\/v2\/users\/1"}],"replies":[{"embeddable":true,"href":"https:\/\/lyonbondyblog.fr\/LBB\/wp-json\/wp\/v2\/comments?post=36978"}],"version-history":[{"count":2,"href":"https:\/\/lyonbondyblog.fr\/LBB\/wp-json\/wp\/v2\/posts\/36978\/revisions"}],"predecessor-version":[{"id":36986,"href":"https:\/\/lyonbondyblog.fr\/LBB\/wp-json\/wp\/v2\/posts\/36978\/revisions\/36986"}],"wp:featuredmedia":[{"embeddable":true,"href":"https:\/\/lyonbondyblog.fr\/LBB\/wp-json\/wp\/v2\/media\/36984"}],"wp:attachment":[{"href":"https:\/\/lyonbondyblog.fr\/LBB\/wp-json\/wp\/v2\/media?parent=36978"}],"wp:term":[{"taxonomy":"category","embeddable":true,"href":"https:\/\/lyonbondyblog.fr\/LBB\/wp-json\/wp\/v2\/categories?post=36978"},{"taxonomy":"post_tag","embeddable":true,"href":"https:\/\/lyonbondyblog.fr\/LBB\/wp-json\/wp\/v2\/tags?post=36978"}],"curies":[{"name":"wp","href":"https:\/\/api.w.org\/{rel}","templated":true}]}}