{"id":36875,"date":"2025-08-01T16:43:06","date_gmt":"2025-08-01T14:43:06","guid":{"rendered":"https:\/\/lyonbondyblog.fr\/LBB\/?p=36875"},"modified":"2025-08-01T16:43:45","modified_gmt":"2025-08-01T14:43:45","slug":"culture-une-parenthese-musicale","status":"publish","type":"post","link":"https:\/\/lyonbondyblog.fr\/LBB\/culture-une-parenthese-musicale\/","title":{"rendered":"Culture : Une parenth\u00e8se musicale"},"content":{"rendered":"\n<p><strong>Le festival Sa\u00f4n\u2019Automne aura lieu les 19 et 20 septembre 2025 \u00e0 Quincieux (Rh\u00f4ne) pour sa 10\u00e8me \u00e9dition.<\/strong><\/p>\n\n\n\n<p><a href=\"https:\/\/saonautomne.fr\/le-festival\/presentation\">Sa\u00f4n\u2019Automne a \u00e9t\u00e9 cr\u00e9\u00e9 en 2014 et fait fureur \u00e0 Quincieux depuis cette date.<\/a> Il s\u2019agit d\u2019un \u00e9v\u00e9nement GRATUIT donc accessible \u00e0 toutes et tous. Accessible en train, il faudra \u00e9ventuellement pr\u00e9voir du covoiturage pour le retour (attention \u00e0 l&rsquo;alcool). Sur deux jours, le vendredi 19 et le samedi 20 septembre, il y aura une programmation \u00e9clectique et pour tous les go\u00fbts. On ne va pas tout vous spoiler, il y a certains groupes sympas et il r\u00e9serve une place de choix pour des groupes r\u00e9gionaux restant un festival de proximit\u00e9.<br><\/p>\n\n\n\n<p>Allez faire un tour sur le site <a href=\"https:\/\/docs.google.com\/forms\/d\/e\/1FAIpQLSfJuhaiiAzPgnTdKrO2QuQz2T0QdjSJaQi0z1yZ5rrHIBoI4Q\/viewform\">pour devenir b\u00e9n\u00e9vole<\/a> en donnant un peu de votre temps ou <a href=\"https:\/\/www.helloasso.com\/associations\/comite-des-fetes-de-quincieux\/formulaires\/1\">encore faire un don au festival<\/a> \u00e0 travers une cagnotte pour pallier toutes d\u00e9penses. Cet \u00e9v\u00e9nement est \u00e9galement \u00e9cologiquement engag\u00e9 \u00e0 travers diverses op\u00e9rations lors de ce week-end de septembre.<\/p>\n\n\n\n<p>Si le 19 ou le 20 septembre, tu ne sais pas quoi faire avec ta dulcin\u00e9e ou avec tes potes, viens faire un tour \u00e0 Quincieux pour passer un moment plein de douceur. Alors \u00e0 vos sonotones les jeunes !<\/p>\n\n\n\n<p><br><\/p>\n<!-- AddThis Advanced Settings generic via filter on the_content --><!-- AddThis Share Buttons generic via filter on the_content -->","protected":false},"excerpt":{"rendered":"<p>Le festival Sa\u00f4n\u2019Automne aura lieu les 19 et 20 septembre 2025 \u00e0 Quincieux (Rh\u00f4ne) pour sa 10\u00e8me \u00e9dition. Sa\u00f4n\u2019Automne a \u00e9t\u00e9 cr\u00e9\u00e9 en 2014 et &hellip; <!-- AddThis Advanced Settings generic via filter on wp_trim_excerpt --><!-- AddThis Share Buttons generic via filter on wp_trim_excerpt --><\/p>\n","protected":false},"author":1,"featured_media":36871,"comment_status":"open","ping_status":"open","sticky":true,"template":"","format":"standard","meta":{"_FSMCFIC_featured_image_caption":"","_FSMCFIC_featured_image_nocaption":"","_FSMCFIC_featured_image_hide":"","footnotes":""},"categories":[5,14140,6446,18131,3792,22015],"tags":[],"class_list":["post-36875","post","type-post","status-publish","format-standard","has-post-thumbnail","hentry","category-ambiance","category-danse","category-ecologie","category-evenement","category-festival","category-metropole"],"yoast_head":"<!-- This site is optimized with the Yoast SEO plugin v22.8 - https:\/\/yoast.com\/wordpress\/plugins\/seo\/ -->\n<title>Culture : Une parenth\u00e8se musicale - Lyon Bondy Blog<\/title>\n<meta name=\"robots\" content=\"index, follow, max-snippet:-1, max-image-preview:large, max-video-preview:-1\" \/>\n<link rel=\"canonical\" href=\"https:\/\/lyonbondyblog.fr\/LBB\/culture-une-parenthese-musicale\/\" \/>\n<meta property=\"og:locale\" content=\"fr_FR\" \/>\n<meta property=\"og:type\" content=\"article\" \/>\n<meta property=\"og:title\" content=\"Culture : Une parenth\u00e8se musicale - Lyon Bondy Blog\" \/>\n<meta property=\"og:description\" content=\"Le festival Sa\u00f4n\u2019Automne aura lieu les 19 et 20 septembre 2025 \u00e0 Quincieux (Rh\u00f4ne) pour sa 10\u00e8me \u00e9dition. Sa\u00f4n\u2019Automne a \u00e9t\u00e9 cr\u00e9\u00e9 en 2014 et &hellip;\" \/>\n<meta property=\"og:url\" content=\"https:\/\/lyonbondyblog.fr\/LBB\/culture-une-parenthese-musicale\/\" \/>\n<meta property=\"og:site_name\" content=\"Lyon Bondy Blog\" \/>\n<meta property=\"article:publisher\" content=\"https:\/\/www.facebook.com\/lyonbondyblog\" \/>\n<meta property=\"article:author\" content=\"https:\/\/www.facebook.com\/lyonbondyblog\" \/>\n<meta property=\"article:published_time\" content=\"2025-08-01T14:43:06+00:00\" \/>\n<meta property=\"article:modified_time\" content=\"2025-08-01T14:43:45+00:00\" \/>\n<meta property=\"og:image\" content=\"https:\/\/lyonbondyblog.fr\/LBB\/wp-content\/uploads\/2025\/07\/IMG_0189.jpeg\" \/>\n\t<meta property=\"og:image:width\" content=\"595\" \/>\n\t<meta property=\"og:image:height\" content=\"595\" \/>\n\t<meta property=\"og:image:type\" content=\"image\/jpeg\" \/>\n<meta name=\"author\" content=\"La r\u00e9daction\" \/>\n<meta name=\"twitter:card\" content=\"summary_large_image\" \/>\n<meta name=\"twitter:creator\" content=\"@BondyBlogLyon\" \/>\n<meta name=\"twitter:site\" content=\"@bondybloglyon\" \/>\n<script type=\"application\/ld+json\" class=\"yoast-schema-graph\">{\"@context\":\"https:\/\/schema.org\",\"@graph\":[{\"@type\":\"Article\",\"@id\":\"https:\/\/lyonbondyblog.fr\/LBB\/culture-une-parenthese-musicale\/#article\",\"isPartOf\":{\"@id\":\"https:\/\/lyonbondyblog.fr\/LBB\/culture-une-parenthese-musicale\/\"},\"author\":{\"name\":\"La r\u00e9daction\",\"@id\":\"https:\/\/lyonbondyblog.fr\/LBB\/#\/schema\/person\/e45f8d27baac75072daa0be50c409b25\"},\"headline\":\"Culture : Une parenth\u00e8se musicale\",\"datePublished\":\"2025-08-01T14:43:06+00:00\",\"dateModified\":\"2025-08-01T14:43:45+00:00\",\"mainEntityOfPage\":{\"@id\":\"https:\/\/lyonbondyblog.fr\/LBB\/culture-une-parenthese-musicale\/\"},\"wordCount\":203,\"commentCount\":0,\"publisher\":{\"@id\":\"https:\/\/lyonbondyblog.fr\/LBB\/#organization\"},\"image\":{\"@id\":\"https:\/\/lyonbondyblog.fr\/LBB\/culture-une-parenthese-musicale\/#primaryimage\"},\"thumbnailUrl\":\"https:\/\/lyonbondyblog.fr\/LBB\/wp-content\/uploads\/2025\/07\/IMG_0189.jpeg\",\"articleSection\":[\"Ambiance\",\"Danse\",\"\u00c9cologie\",\"Ev\u00e9nement\",\"Festival\",\"M\u00e9tropole\"],\"inLanguage\":\"fr-FR\",\"potentialAction\":[{\"@type\":\"CommentAction\",\"name\":\"Comment\",\"target\":[\"https:\/\/lyonbondyblog.fr\/LBB\/culture-une-parenthese-musicale\/#respond\"]}]},{\"@type\":\"WebPage\",\"@id\":\"https:\/\/lyonbondyblog.fr\/LBB\/culture-une-parenthese-musicale\/\",\"url\":\"https:\/\/lyonbondyblog.fr\/LBB\/culture-une-parenthese-musicale\/\",\"name\":\"Culture : Une parenth\u00e8se musicale - Lyon Bondy Blog\",\"isPartOf\":{\"@id\":\"https:\/\/lyonbondyblog.fr\/LBB\/#website\"},\"primaryImageOfPage\":{\"@id\":\"https:\/\/lyonbondyblog.fr\/LBB\/culture-une-parenthese-musicale\/#primaryimage\"},\"image\":{\"@id\":\"https:\/\/lyonbondyblog.fr\/LBB\/culture-une-parenthese-musicale\/#primaryimage\"},\"thumbnailUrl\":\"https:\/\/lyonbondyblog.fr\/LBB\/wp-content\/uploads\/2025\/07\/IMG_0189.jpeg\",\"datePublished\":\"2025-08-01T14:43:06+00:00\",\"dateModified\":\"2025-08-01T14:43:45+00:00\",\"inLanguage\":\"fr-FR\",\"potentialAction\":[{\"@type\":\"ReadAction\",\"target\":[\"https:\/\/lyonbondyblog.fr\/LBB\/culture-une-parenthese-musicale\/\"]}]},{\"@type\":\"ImageObject\",\"inLanguage\":\"fr-FR\",\"@id\":\"https:\/\/lyonbondyblog.fr\/LBB\/culture-une-parenthese-musicale\/#primaryimage\",\"url\":\"https:\/\/lyonbondyblog.fr\/LBB\/wp-content\/uploads\/2025\/07\/IMG_0189.jpeg\",\"contentUrl\":\"https:\/\/lyonbondyblog.fr\/LBB\/wp-content\/uploads\/2025\/07\/IMG_0189.jpeg\",\"width\":595,\"height\":595},{\"@type\":\"WebSite\",\"@id\":\"https:\/\/lyonbondyblog.fr\/LBB\/#website\",\"url\":\"https:\/\/lyonbondyblog.fr\/LBB\/\",\"name\":\"Lyon Bondy Blog\",\"description\":\"\",\"publisher\":{\"@id\":\"https:\/\/lyonbondyblog.fr\/LBB\/#organization\"},\"potentialAction\":[{\"@type\":\"SearchAction\",\"target\":{\"@type\":\"EntryPoint\",\"urlTemplate\":\"https:\/\/lyonbondyblog.fr\/LBB\/?s={search_term_string}\"},\"query-input\":\"required name=search_term_string\"}],\"inLanguage\":\"fr-FR\"},{\"@type\":\"Organization\",\"@id\":\"https:\/\/lyonbondyblog.fr\/LBB\/#organization\",\"name\":\"LYON BONDY BLOG\",\"url\":\"https:\/\/lyonbondyblog.fr\/LBB\/\",\"logo\":{\"@type\":\"ImageObject\",\"inLanguage\":\"fr-FR\",\"@id\":\"https:\/\/lyonbondyblog.fr\/LBB\/#\/schema\/logo\/image\/\",\"url\":\"http:\/\/lyonbondyblog.fr\/LBB\/wp-content\/uploads\/2014\/10\/logo-portable-144.png\",\"contentUrl\":\"http:\/\/lyonbondyblog.fr\/LBB\/wp-content\/uploads\/2014\/10\/logo-portable-144.png\",\"width\":144,\"height\":123,\"caption\":\"LYON BONDY BLOG\"},\"image\":{\"@id\":\"https:\/\/lyonbondyblog.fr\/LBB\/#\/schema\/logo\/image\/\"},\"sameAs\":[\"https:\/\/www.facebook.com\/lyonbondyblog\",\"https:\/\/x.com\/bondybloglyon\"]},{\"@type\":\"Person\",\"@id\":\"https:\/\/lyonbondyblog.fr\/LBB\/#\/schema\/person\/e45f8d27baac75072daa0be50c409b25\",\"name\":\"La r\u00e9daction\",\"description\":\"Cr\u00e9e en 2008, la r\u00e9daction du Lyon Bondy Blog s'applique \u00e0 proposer une information locale diff\u00e9rente et compl\u00e9mentaire des m\u00e9dias traditionnels.\",\"sameAs\":[\"https:\/\/www.facebook.com\/lyonbondyblog\",\"https:\/\/x.com\/BondyBlogLyon\"],\"url\":\"https:\/\/lyonbondyblog.fr\/LBB\/author\/admin\/\"}]}<\/script>\n<!-- \/ Yoast SEO plugin. -->","yoast_head_json":{"title":"Culture : Une parenth\u00e8se musicale - Lyon Bondy Blog","robots":{"index":"index","follow":"follow","max-snippet":"max-snippet:-1","max-image-preview":"max-image-preview:large","max-video-preview":"max-video-preview:-1"},"canonical":"https:\/\/lyonbondyblog.fr\/LBB\/culture-une-parenthese-musicale\/","og_locale":"fr_FR","og_type":"article","og_title":"Culture : Une parenth\u00e8se musicale - Lyon Bondy Blog","og_description":"Le festival Sa\u00f4n\u2019Automne aura lieu les 19 et 20 septembre 2025 \u00e0 Quincieux (Rh\u00f4ne) pour sa 10\u00e8me \u00e9dition. Sa\u00f4n\u2019Automne a \u00e9t\u00e9 cr\u00e9\u00e9 en 2014 et &hellip;","og_url":"https:\/\/lyonbondyblog.fr\/LBB\/culture-une-parenthese-musicale\/","og_site_name":"Lyon Bondy Blog","article_publisher":"https:\/\/www.facebook.com\/lyonbondyblog","article_author":"https:\/\/www.facebook.com\/lyonbondyblog","article_published_time":"2025-08-01T14:43:06+00:00","article_modified_time":"2025-08-01T14:43:45+00:00","og_image":[{"width":595,"height":595,"url":"https:\/\/lyonbondyblog.fr\/LBB\/wp-content\/uploads\/2025\/07\/IMG_0189.jpeg","type":"image\/jpeg"}],"author":"La r\u00e9daction","twitter_card":"summary_large_image","twitter_creator":"@BondyBlogLyon","twitter_site":"@bondybloglyon","schema":{"@context":"https:\/\/schema.org","@graph":[{"@type":"Article","@id":"https:\/\/lyonbondyblog.fr\/LBB\/culture-une-parenthese-musicale\/#article","isPartOf":{"@id":"https:\/\/lyonbondyblog.fr\/LBB\/culture-une-parenthese-musicale\/"},"author":{"name":"La r\u00e9daction","@id":"https:\/\/lyonbondyblog.fr\/LBB\/#\/schema\/person\/e45f8d27baac75072daa0be50c409b25"},"headline":"Culture : Une parenth\u00e8se musicale","datePublished":"2025-08-01T14:43:06+00:00","dateModified":"2025-08-01T14:43:45+00:00","mainEntityOfPage":{"@id":"https:\/\/lyonbondyblog.fr\/LBB\/culture-une-parenthese-musicale\/"},"wordCount":203,"commentCount":0,"publisher":{"@id":"https:\/\/lyonbondyblog.fr\/LBB\/#organization"},"image":{"@id":"https:\/\/lyonbondyblog.fr\/LBB\/culture-une-parenthese-musicale\/#primaryimage"},"thumbnailUrl":"https:\/\/lyonbondyblog.fr\/LBB\/wp-content\/uploads\/2025\/07\/IMG_0189.jpeg","articleSection":["Ambiance","Danse","\u00c9cologie","Ev\u00e9nement","Festival","M\u00e9tropole"],"inLanguage":"fr-FR","potentialAction":[{"@type":"CommentAction","name":"Comment","target":["https:\/\/lyonbondyblog.fr\/LBB\/culture-une-parenthese-musicale\/#respond"]}]},{"@type":"WebPage","@id":"https:\/\/lyonbondyblog.fr\/LBB\/culture-une-parenthese-musicale\/","url":"https:\/\/lyonbondyblog.fr\/LBB\/culture-une-parenthese-musicale\/","name":"Culture : Une parenth\u00e8se musicale - Lyon Bondy Blog","isPartOf":{"@id":"https:\/\/lyonbondyblog.fr\/LBB\/#website"},"primaryImageOfPage":{"@id":"https:\/\/lyonbondyblog.fr\/LBB\/culture-une-parenthese-musicale\/#primaryimage"},"image":{"@id":"https:\/\/lyonbondyblog.fr\/LBB\/culture-une-parenthese-musicale\/#primaryimage"},"thumbnailUrl":"https:\/\/lyonbondyblog.fr\/LBB\/wp-content\/uploads\/2025\/07\/IMG_0189.jpeg","datePublished":"2025-08-01T14:43:06+00:00","dateModified":"2025-08-01T14:43:45+00:00","inLanguage":"fr-FR","potentialAction":[{"@type":"ReadAction","target":["https:\/\/lyonbondyblog.fr\/LBB\/culture-une-parenthese-musicale\/"]}]},{"@type":"ImageObject","inLanguage":"fr-FR","@id":"https:\/\/lyonbondyblog.fr\/LBB\/culture-une-parenthese-musicale\/#primaryimage","url":"https:\/\/lyonbondyblog.fr\/LBB\/wp-content\/uploads\/2025\/07\/IMG_0189.jpeg","contentUrl":"https:\/\/lyonbondyblog.fr\/LBB\/wp-content\/uploads\/2025\/07\/IMG_0189.jpeg","width":595,"height":595},{"@type":"WebSite","@id":"https:\/\/lyonbondyblog.fr\/LBB\/#website","url":"https:\/\/lyonbondyblog.fr\/LBB\/","name":"Lyon Bondy Blog","description":"","publisher":{"@id":"https:\/\/lyonbondyblog.fr\/LBB\/#organization"},"potentialAction":[{"@type":"SearchAction","target":{"@type":"EntryPoint","urlTemplate":"https:\/\/lyonbondyblog.fr\/LBB\/?s={search_term_string}"},"query-input":"required name=search_term_string"}],"inLanguage":"fr-FR"},{"@type":"Organization","@id":"https:\/\/lyonbondyblog.fr\/LBB\/#organization","name":"LYON BONDY BLOG","url":"https:\/\/lyonbondyblog.fr\/LBB\/","logo":{"@type":"ImageObject","inLanguage":"fr-FR","@id":"https:\/\/lyonbondyblog.fr\/LBB\/#\/schema\/logo\/image\/","url":"http:\/\/lyonbondyblog.fr\/LBB\/wp-content\/uploads\/2014\/10\/logo-portable-144.png","contentUrl":"http:\/\/lyonbondyblog.fr\/LBB\/wp-content\/uploads\/2014\/10\/logo-portable-144.png","width":144,"height":123,"caption":"LYON BONDY BLOG"},"image":{"@id":"https:\/\/lyonbondyblog.fr\/LBB\/#\/schema\/logo\/image\/"},"sameAs":["https:\/\/www.facebook.com\/lyonbondyblog","https:\/\/x.com\/bondybloglyon"]},{"@type":"Person","@id":"https:\/\/lyonbondyblog.fr\/LBB\/#\/schema\/person\/e45f8d27baac75072daa0be50c409b25","name":"La r\u00e9daction","description":"Cr\u00e9e en 2008, la r\u00e9daction du Lyon Bondy Blog s'applique \u00e0 proposer une information locale diff\u00e9rente et compl\u00e9mentaire des m\u00e9dias traditionnels.","sameAs":["https:\/\/www.facebook.com\/lyonbondyblog","https:\/\/x.com\/BondyBlogLyon"],"url":"https:\/\/lyonbondyblog.fr\/LBB\/author\/admin\/"}]}},"_links":{"self":[{"href":"https:\/\/lyonbondyblog.fr\/LBB\/wp-json\/wp\/v2\/posts\/36875","targetHints":{"allow":["GET"]}}],"collection":[{"href":"https:\/\/lyonbondyblog.fr\/LBB\/wp-json\/wp\/v2\/posts"}],"about":[{"href":"https:\/\/lyonbondyblog.fr\/LBB\/wp-json\/wp\/v2\/types\/post"}],"author":[{"embeddable":true,"href":"https:\/\/lyonbondyblog.fr\/LBB\/wp-json\/wp\/v2\/users\/1"}],"replies":[{"embeddable":true,"href":"https:\/\/lyonbondyblog.fr\/LBB\/wp-json\/wp\/v2\/comments?post=36875"}],"version-history":[{"count":2,"href":"https:\/\/lyonbondyblog.fr\/LBB\/wp-json\/wp\/v2\/posts\/36875\/revisions"}],"predecessor-version":[{"id":36877,"href":"https:\/\/lyonbondyblog.fr\/LBB\/wp-json\/wp\/v2\/posts\/36875\/revisions\/36877"}],"wp:featuredmedia":[{"embeddable":true,"href":"https:\/\/lyonbondyblog.fr\/LBB\/wp-json\/wp\/v2\/media\/36871"}],"wp:attachment":[{"href":"https:\/\/lyonbondyblog.fr\/LBB\/wp-json\/wp\/v2\/media?parent=36875"}],"wp:term":[{"taxonomy":"category","embeddable":true,"href":"https:\/\/lyonbondyblog.fr\/LBB\/wp-json\/wp\/v2\/categories?post=36875"},{"taxonomy":"post_tag","embeddable":true,"href":"https:\/\/lyonbondyblog.fr\/LBB\/wp-json\/wp\/v2\/tags?post=36875"}],"curies":[{"name":"wp","href":"https:\/\/api.w.org\/{rel}","templated":true}]}}