{"id":36867,"date":"2025-07-30T17:21:49","date_gmt":"2025-07-30T15:21:49","guid":{"rendered":"https:\/\/lyonbondyblog.fr\/LBB\/?p=36867"},"modified":"2025-07-30T17:22:13","modified_gmt":"2025-07-30T15:22:13","slug":"michelle-kang-patronne-du-foot-lyonnais","status":"publish","type":"post","link":"https:\/\/lyonbondyblog.fr\/LBB\/michelle-kang-patronne-du-foot-lyonnais\/","title":{"rendered":"Michelle Kang patronne du foot lyonnais"},"content":{"rendered":"\n<p><strong>Le 30 juin 2025, Michelle Kang devient pr\u00e9sidente de l\u2019Olympique Lyonnais masculin. Elle est la premi\u00e8re femme a devenir pr\u00e9sidente d\u2019un club de football masculin.<\/strong><\/p>\n\n\n\n<p>Le 24 juin, l\u2019heure est grave du c\u00f4t\u00e9 du Groupama stadium, le club lyonnais est r\u00e9trograd\u00e9 administrativement en Ligue 2 par la DNCG, gendarme financier du football fran\u00e7ais. Le monde du football fran\u00e7ais et europ\u00e9en est K.O debout. John Textor est sur la sellette. Suite \u00e0 une r\u00e9union en conseil d\u2019administration extraordinaire, Michelle Kang devient pr\u00e9sidente de l\u2019Olympique Lyonnais et sera en premi\u00e8re ligne le 9 juillet pour d\u00e9fendre son dossier au si\u00e8ge de la FFF. La tournure sera positive permettant au football Lyonnais de respirer et de repartir plus sereinement pour la saison 25-26 de Ligue 1. Retour sur cette pr\u00e9sidente aux grandes ambitions.<\/p>\n\n\n\n<p><strong>Une pr\u00e9sidente qui a de l\u2019ambition<\/strong><\/p>\n\n\n\n<p>Michelle Kang n\u2019est pas une inconnue pour tous les lyonnaises et lyonnais qui bien s\u00fbr aiment le football. Surtout, une relation professionnelle et sportive s\u2019est nou\u00e9e avec le maire de Lyon : Gr\u00e9gory Doucet. Ce dernier avait \u00e9t\u00e9 invit\u00e9 pour la finale de la ligue des champions f\u00e9minine \u00e0 Bilbao 2024 contre Barcelone. Apr\u00e8s ce match, le maire et son \u00e9quipe avaient re\u00e7u en grande pompe \u00e0 la mairie de Lyon Les Fenottes de l\u2019Olympique Lyonnais. Michelle Kang face \u00e0 un public acquis \u00e0 sa cause avait martel\u00e9 son propos concernant le d\u00e9veloppement du foot f\u00e9minin dans la cit\u00e9 rhodanienne, notamment avec la construction d\u2019un p\u00f4le f\u00e9minin de football \u00e0 Lyon. Depuis, pas trop d\u2019avanc\u00e9e mais le club f\u00e9minin reste toujours en haut de l\u2019affiche \u00e0 contrario de ses homologues masculins qui vivent des heures sombres plus en coulisses que sur le pr\u00e9 vert.<\/p>\n\n\n\n<p><strong>Il faudra se relever les manches pour avancer<\/strong><\/p>\n\n\n\n<p>Apr\u00e8s avoir sauv\u00e9 le club, Michelle Kang, nouvelle pr\u00e9sidente, va devoir d\u00e9graisser au niveau de l\u2019effectif lyonnais. L\u2019op\u00e9ration a d\u00e9j\u00e0 commenc\u00e9. Plusieurs joueurs avec des gros salaires ont d\u00e9j\u00e0 fait leurs valises comme Rayan Cherki, Lucas Perri et \u00e9galement le \u201cG\u00e9n\u00e9ral Lacazette\u201d. D\u2019autres joueurs devraient suivre le m\u00eame chemin mais les joueurs pourraient \u00e9galement rester en vue d\u2019une s\u00e9lection dans leur \u00e9quipe nationale, pour comme objectif la coupe du monde 2026 qui aura lieu en Am\u00e9rique du Nord (Canada, Etats-Unis et Mexique). L\u2019Olympique Lyonnais reste tout de m\u00eame un club attractif car il reste europ\u00e9en pour la saison \u00e0 venir.<\/p>\n\n\n\n<p>Michelle Kang aura beaucoup de pain sur la planche pour cette premi\u00e8re saison en tant que pr\u00e9sidente. Elle a \u00e9galement un soutien de poids au sein des instances : Jean-Michel Aulas. Celui-ci sera peut-\u00eatre candidat \u00e0 la mairie de Lyon . Cela suffira-t-il ? R\u00e9ponse en juin 2026, \u00e0 l\u2019aube d\u2019une saison r\u00e9ussie ou pas.<\/p>\n<!-- AddThis Advanced Settings generic via filter on the_content --><!-- AddThis Share Buttons generic via filter on the_content -->","protected":false},"excerpt":{"rendered":"<p>Le 30 juin 2025, Michelle Kang devient pr\u00e9sidente de l\u2019Olympique Lyonnais masculin. Elle est la premi\u00e8re femme a devenir pr\u00e9sidente d\u2019un club de football masculin. &hellip; <!-- AddThis Advanced Settings generic via filter on wp_trim_excerpt --><!-- AddThis Share Buttons generic via filter on wp_trim_excerpt --><\/p>\n","protected":false},"author":33,"featured_media":36868,"comment_status":"open","ping_status":"open","sticky":true,"template":"","format":"standard","meta":{"_FSMCFIC_featured_image_caption":"","_FSMCFIC_featured_image_nocaption":"","_FSMCFIC_featured_image_hide":"","footnotes":""},"categories":[1084,3888,4,3546,2862,22674],"tags":[11,10,29],"class_list":["post-36867","post","type-post","status-publish","format-standard","has-post-thumbnail","hentry","category-dessin-de-presse","category-football","category-lyon","category-ol","category-sport","category-sport-feminin","tag-france-2","tag-lyon-2","tag-sport"],"yoast_head":"<!-- This site is optimized with the Yoast SEO plugin v22.8 - https:\/\/yoast.com\/wordpress\/plugins\/seo\/ -->\n<title>Michelle Kang patronne du foot lyonnais - Lyon Bondy Blog<\/title>\n<meta name=\"robots\" content=\"index, follow, max-snippet:-1, max-image-preview:large, max-video-preview:-1\" \/>\n<link rel=\"canonical\" href=\"https:\/\/lyonbondyblog.fr\/LBB\/michelle-kang-patronne-du-foot-lyonnais\/\" \/>\n<meta property=\"og:locale\" content=\"fr_FR\" \/>\n<meta property=\"og:type\" content=\"article\" \/>\n<meta property=\"og:title\" content=\"Michelle Kang patronne du foot lyonnais - Lyon Bondy Blog\" \/>\n<meta property=\"og:description\" content=\"Le 30 juin 2025, Michelle Kang devient pr\u00e9sidente de l\u2019Olympique Lyonnais masculin. Elle est la premi\u00e8re femme a devenir pr\u00e9sidente d\u2019un club de football masculin. &hellip;\" \/>\n<meta property=\"og:url\" content=\"https:\/\/lyonbondyblog.fr\/LBB\/michelle-kang-patronne-du-foot-lyonnais\/\" \/>\n<meta property=\"og:site_name\" content=\"Lyon Bondy Blog\" \/>\n<meta property=\"article:publisher\" content=\"https:\/\/www.facebook.com\/lyonbondyblog\" \/>\n<meta property=\"article:published_time\" content=\"2025-07-30T15:21:49+00:00\" \/>\n<meta property=\"article:modified_time\" content=\"2025-07-30T15:22:13+00:00\" \/>\n<meta property=\"og:image\" content=\"https:\/\/lyonbondyblog.fr\/LBB\/wp-content\/uploads\/2025\/07\/523965809_2392486771145967_2941148801117528135_n.jpg\" \/>\n\t<meta property=\"og:image:width\" content=\"533\" \/>\n\t<meta property=\"og:image:height\" content=\"584\" \/>\n\t<meta property=\"og:image:type\" content=\"image\/jpeg\" \/>\n<meta name=\"author\" content=\"Etienne Aazzab\" \/>\n<meta name=\"twitter:card\" content=\"summary_large_image\" \/>\n<meta name=\"twitter:creator\" content=\"@AazzabEtienne\" \/>\n<meta name=\"twitter:site\" content=\"@bondybloglyon\" \/>\n<script type=\"application\/ld+json\" class=\"yoast-schema-graph\">{\"@context\":\"https:\/\/schema.org\",\"@graph\":[{\"@type\":\"Article\",\"@id\":\"https:\/\/lyonbondyblog.fr\/LBB\/michelle-kang-patronne-du-foot-lyonnais\/#article\",\"isPartOf\":{\"@id\":\"https:\/\/lyonbondyblog.fr\/LBB\/michelle-kang-patronne-du-foot-lyonnais\/\"},\"author\":{\"name\":\"Etienne Aazzab\",\"@id\":\"https:\/\/lyonbondyblog.fr\/LBB\/#\/schema\/person\/5e9904261c1f613c8e6ea22045b1353d\"},\"headline\":\"Michelle Kang patronne du foot lyonnais\",\"datePublished\":\"2025-07-30T15:21:49+00:00\",\"dateModified\":\"2025-07-30T15:22:13+00:00\",\"mainEntityOfPage\":{\"@id\":\"https:\/\/lyonbondyblog.fr\/LBB\/michelle-kang-patronne-du-foot-lyonnais\/\"},\"wordCount\":491,\"commentCount\":0,\"publisher\":{\"@id\":\"https:\/\/lyonbondyblog.fr\/LBB\/#organization\"},\"image\":{\"@id\":\"https:\/\/lyonbondyblog.fr\/LBB\/michelle-kang-patronne-du-foot-lyonnais\/#primaryimage\"},\"thumbnailUrl\":\"https:\/\/lyonbondyblog.fr\/LBB\/wp-content\/uploads\/2025\/07\/523965809_2392486771145967_2941148801117528135_n.jpg\",\"keywords\":[\"france\",\"lyon\",\"sport\"],\"articleSection\":[\"Dessin de presse\",\"Football\",\"Lyon\",\"OL\",\"Sport\",\"Sport f\u00e9minin\"],\"inLanguage\":\"fr-FR\",\"potentialAction\":[{\"@type\":\"CommentAction\",\"name\":\"Comment\",\"target\":[\"https:\/\/lyonbondyblog.fr\/LBB\/michelle-kang-patronne-du-foot-lyonnais\/#respond\"]}]},{\"@type\":\"WebPage\",\"@id\":\"https:\/\/lyonbondyblog.fr\/LBB\/michelle-kang-patronne-du-foot-lyonnais\/\",\"url\":\"https:\/\/lyonbondyblog.fr\/LBB\/michelle-kang-patronne-du-foot-lyonnais\/\",\"name\":\"Michelle Kang patronne du foot lyonnais - Lyon Bondy Blog\",\"isPartOf\":{\"@id\":\"https:\/\/lyonbondyblog.fr\/LBB\/#website\"},\"primaryImageOfPage\":{\"@id\":\"https:\/\/lyonbondyblog.fr\/LBB\/michelle-kang-patronne-du-foot-lyonnais\/#primaryimage\"},\"image\":{\"@id\":\"https:\/\/lyonbondyblog.fr\/LBB\/michelle-kang-patronne-du-foot-lyonnais\/#primaryimage\"},\"thumbnailUrl\":\"https:\/\/lyonbondyblog.fr\/LBB\/wp-content\/uploads\/2025\/07\/523965809_2392486771145967_2941148801117528135_n.jpg\",\"datePublished\":\"2025-07-30T15:21:49+00:00\",\"dateModified\":\"2025-07-30T15:22:13+00:00\",\"inLanguage\":\"fr-FR\",\"potentialAction\":[{\"@type\":\"ReadAction\",\"target\":[\"https:\/\/lyonbondyblog.fr\/LBB\/michelle-kang-patronne-du-foot-lyonnais\/\"]}]},{\"@type\":\"ImageObject\",\"inLanguage\":\"fr-FR\",\"@id\":\"https:\/\/lyonbondyblog.fr\/LBB\/michelle-kang-patronne-du-foot-lyonnais\/#primaryimage\",\"url\":\"https:\/\/lyonbondyblog.fr\/LBB\/wp-content\/uploads\/2025\/07\/523965809_2392486771145967_2941148801117528135_n.jpg\",\"contentUrl\":\"https:\/\/lyonbondyblog.fr\/LBB\/wp-content\/uploads\/2025\/07\/523965809_2392486771145967_2941148801117528135_n.jpg\",\"width\":533,\"height\":584},{\"@type\":\"WebSite\",\"@id\":\"https:\/\/lyonbondyblog.fr\/LBB\/#website\",\"url\":\"https:\/\/lyonbondyblog.fr\/LBB\/\",\"name\":\"Lyon Bondy Blog\",\"description\":\"\",\"publisher\":{\"@id\":\"https:\/\/lyonbondyblog.fr\/LBB\/#organization\"},\"potentialAction\":[{\"@type\":\"SearchAction\",\"target\":{\"@type\":\"EntryPoint\",\"urlTemplate\":\"https:\/\/lyonbondyblog.fr\/LBB\/?s={search_term_string}\"},\"query-input\":\"required name=search_term_string\"}],\"inLanguage\":\"fr-FR\"},{\"@type\":\"Organization\",\"@id\":\"https:\/\/lyonbondyblog.fr\/LBB\/#organization\",\"name\":\"LYON BONDY BLOG\",\"url\":\"https:\/\/lyonbondyblog.fr\/LBB\/\",\"logo\":{\"@type\":\"ImageObject\",\"inLanguage\":\"fr-FR\",\"@id\":\"https:\/\/lyonbondyblog.fr\/LBB\/#\/schema\/logo\/image\/\",\"url\":\"http:\/\/lyonbondyblog.fr\/LBB\/wp-content\/uploads\/2014\/10\/logo-portable-144.png\",\"contentUrl\":\"http:\/\/lyonbondyblog.fr\/LBB\/wp-content\/uploads\/2014\/10\/logo-portable-144.png\",\"width\":144,\"height\":123,\"caption\":\"LYON BONDY BLOG\"},\"image\":{\"@id\":\"https:\/\/lyonbondyblog.fr\/LBB\/#\/schema\/logo\/image\/\"},\"sameAs\":[\"https:\/\/www.facebook.com\/lyonbondyblog\",\"https:\/\/x.com\/bondybloglyon\"]},{\"@type\":\"Person\",\"@id\":\"https:\/\/lyonbondyblog.fr\/LBB\/#\/schema\/person\/5e9904261c1f613c8e6ea22045b1353d\",\"name\":\"Etienne Aazzab\",\"description\":\"Etienne a contribu\u00e9 depuis 2 ans dans le journal satirique FOUTOU\u2019ART. Il a int\u00e9gr\u00e9 l\u2019\u00e9quipe du \u00ab clic 2014 \u00bb : Collectif local d\u2019informations citoyennes \u00e0 partir de novembre 2013. Il rejoint le Lyon Bondy Blog \u00e0 partir de janvier 2014. Twitter : @AazzabEtienne Ses sujets de pr\u00e9dilection : #Politique #Soci\u00e9t\u00e9 #Sport\",\"sameAs\":[\"https:\/\/x.com\/AazzabEtienne\"],\"url\":\"https:\/\/lyonbondyblog.fr\/LBB\/author\/etienne\/\"}]}<\/script>\n<!-- \/ Yoast SEO plugin. -->","yoast_head_json":{"title":"Michelle Kang patronne du foot lyonnais - Lyon Bondy Blog","robots":{"index":"index","follow":"follow","max-snippet":"max-snippet:-1","max-image-preview":"max-image-preview:large","max-video-preview":"max-video-preview:-1"},"canonical":"https:\/\/lyonbondyblog.fr\/LBB\/michelle-kang-patronne-du-foot-lyonnais\/","og_locale":"fr_FR","og_type":"article","og_title":"Michelle Kang patronne du foot lyonnais - Lyon Bondy Blog","og_description":"Le 30 juin 2025, Michelle Kang devient pr\u00e9sidente de l\u2019Olympique Lyonnais masculin. Elle est la premi\u00e8re femme a devenir pr\u00e9sidente d\u2019un club de football masculin. &hellip;","og_url":"https:\/\/lyonbondyblog.fr\/LBB\/michelle-kang-patronne-du-foot-lyonnais\/","og_site_name":"Lyon Bondy Blog","article_publisher":"https:\/\/www.facebook.com\/lyonbondyblog","article_published_time":"2025-07-30T15:21:49+00:00","article_modified_time":"2025-07-30T15:22:13+00:00","og_image":[{"width":533,"height":584,"url":"https:\/\/lyonbondyblog.fr\/LBB\/wp-content\/uploads\/2025\/07\/523965809_2392486771145967_2941148801117528135_n.jpg","type":"image\/jpeg"}],"author":"Etienne Aazzab","twitter_card":"summary_large_image","twitter_creator":"@AazzabEtienne","twitter_site":"@bondybloglyon","schema":{"@context":"https:\/\/schema.org","@graph":[{"@type":"Article","@id":"https:\/\/lyonbondyblog.fr\/LBB\/michelle-kang-patronne-du-foot-lyonnais\/#article","isPartOf":{"@id":"https:\/\/lyonbondyblog.fr\/LBB\/michelle-kang-patronne-du-foot-lyonnais\/"},"author":{"name":"Etienne Aazzab","@id":"https:\/\/lyonbondyblog.fr\/LBB\/#\/schema\/person\/5e9904261c1f613c8e6ea22045b1353d"},"headline":"Michelle Kang patronne du foot lyonnais","datePublished":"2025-07-30T15:21:49+00:00","dateModified":"2025-07-30T15:22:13+00:00","mainEntityOfPage":{"@id":"https:\/\/lyonbondyblog.fr\/LBB\/michelle-kang-patronne-du-foot-lyonnais\/"},"wordCount":491,"commentCount":0,"publisher":{"@id":"https:\/\/lyonbondyblog.fr\/LBB\/#organization"},"image":{"@id":"https:\/\/lyonbondyblog.fr\/LBB\/michelle-kang-patronne-du-foot-lyonnais\/#primaryimage"},"thumbnailUrl":"https:\/\/lyonbondyblog.fr\/LBB\/wp-content\/uploads\/2025\/07\/523965809_2392486771145967_2941148801117528135_n.jpg","keywords":["france","lyon","sport"],"articleSection":["Dessin de presse","Football","Lyon","OL","Sport","Sport f\u00e9minin"],"inLanguage":"fr-FR","potentialAction":[{"@type":"CommentAction","name":"Comment","target":["https:\/\/lyonbondyblog.fr\/LBB\/michelle-kang-patronne-du-foot-lyonnais\/#respond"]}]},{"@type":"WebPage","@id":"https:\/\/lyonbondyblog.fr\/LBB\/michelle-kang-patronne-du-foot-lyonnais\/","url":"https:\/\/lyonbondyblog.fr\/LBB\/michelle-kang-patronne-du-foot-lyonnais\/","name":"Michelle Kang patronne du foot lyonnais - Lyon Bondy Blog","isPartOf":{"@id":"https:\/\/lyonbondyblog.fr\/LBB\/#website"},"primaryImageOfPage":{"@id":"https:\/\/lyonbondyblog.fr\/LBB\/michelle-kang-patronne-du-foot-lyonnais\/#primaryimage"},"image":{"@id":"https:\/\/lyonbondyblog.fr\/LBB\/michelle-kang-patronne-du-foot-lyonnais\/#primaryimage"},"thumbnailUrl":"https:\/\/lyonbondyblog.fr\/LBB\/wp-content\/uploads\/2025\/07\/523965809_2392486771145967_2941148801117528135_n.jpg","datePublished":"2025-07-30T15:21:49+00:00","dateModified":"2025-07-30T15:22:13+00:00","inLanguage":"fr-FR","potentialAction":[{"@type":"ReadAction","target":["https:\/\/lyonbondyblog.fr\/LBB\/michelle-kang-patronne-du-foot-lyonnais\/"]}]},{"@type":"ImageObject","inLanguage":"fr-FR","@id":"https:\/\/lyonbondyblog.fr\/LBB\/michelle-kang-patronne-du-foot-lyonnais\/#primaryimage","url":"https:\/\/lyonbondyblog.fr\/LBB\/wp-content\/uploads\/2025\/07\/523965809_2392486771145967_2941148801117528135_n.jpg","contentUrl":"https:\/\/lyonbondyblog.fr\/LBB\/wp-content\/uploads\/2025\/07\/523965809_2392486771145967_2941148801117528135_n.jpg","width":533,"height":584},{"@type":"WebSite","@id":"https:\/\/lyonbondyblog.fr\/LBB\/#website","url":"https:\/\/lyonbondyblog.fr\/LBB\/","name":"Lyon Bondy Blog","description":"","publisher":{"@id":"https:\/\/lyonbondyblog.fr\/LBB\/#organization"},"potentialAction":[{"@type":"SearchAction","target":{"@type":"EntryPoint","urlTemplate":"https:\/\/lyonbondyblog.fr\/LBB\/?s={search_term_string}"},"query-input":"required name=search_term_string"}],"inLanguage":"fr-FR"},{"@type":"Organization","@id":"https:\/\/lyonbondyblog.fr\/LBB\/#organization","name":"LYON BONDY BLOG","url":"https:\/\/lyonbondyblog.fr\/LBB\/","logo":{"@type":"ImageObject","inLanguage":"fr-FR","@id":"https:\/\/lyonbondyblog.fr\/LBB\/#\/schema\/logo\/image\/","url":"http:\/\/lyonbondyblog.fr\/LBB\/wp-content\/uploads\/2014\/10\/logo-portable-144.png","contentUrl":"http:\/\/lyonbondyblog.fr\/LBB\/wp-content\/uploads\/2014\/10\/logo-portable-144.png","width":144,"height":123,"caption":"LYON BONDY BLOG"},"image":{"@id":"https:\/\/lyonbondyblog.fr\/LBB\/#\/schema\/logo\/image\/"},"sameAs":["https:\/\/www.facebook.com\/lyonbondyblog","https:\/\/x.com\/bondybloglyon"]},{"@type":"Person","@id":"https:\/\/lyonbondyblog.fr\/LBB\/#\/schema\/person\/5e9904261c1f613c8e6ea22045b1353d","name":"Etienne Aazzab","description":"Etienne a contribu\u00e9 depuis 2 ans dans le journal satirique FOUTOU\u2019ART. Il a int\u00e9gr\u00e9 l\u2019\u00e9quipe du \u00ab clic 2014 \u00bb : Collectif local d\u2019informations citoyennes \u00e0 partir de novembre 2013. Il rejoint le Lyon Bondy Blog \u00e0 partir de janvier 2014. Twitter : @AazzabEtienne Ses sujets de pr\u00e9dilection : #Politique #Soci\u00e9t\u00e9 #Sport","sameAs":["https:\/\/x.com\/AazzabEtienne"],"url":"https:\/\/lyonbondyblog.fr\/LBB\/author\/etienne\/"}]}},"_links":{"self":[{"href":"https:\/\/lyonbondyblog.fr\/LBB\/wp-json\/wp\/v2\/posts\/36867","targetHints":{"allow":["GET"]}}],"collection":[{"href":"https:\/\/lyonbondyblog.fr\/LBB\/wp-json\/wp\/v2\/posts"}],"about":[{"href":"https:\/\/lyonbondyblog.fr\/LBB\/wp-json\/wp\/v2\/types\/post"}],"author":[{"embeddable":true,"href":"https:\/\/lyonbondyblog.fr\/LBB\/wp-json\/wp\/v2\/users\/33"}],"replies":[{"embeddable":true,"href":"https:\/\/lyonbondyblog.fr\/LBB\/wp-json\/wp\/v2\/comments?post=36867"}],"version-history":[{"count":2,"href":"https:\/\/lyonbondyblog.fr\/LBB\/wp-json\/wp\/v2\/posts\/36867\/revisions"}],"predecessor-version":[{"id":36870,"href":"https:\/\/lyonbondyblog.fr\/LBB\/wp-json\/wp\/v2\/posts\/36867\/revisions\/36870"}],"wp:featuredmedia":[{"embeddable":true,"href":"https:\/\/lyonbondyblog.fr\/LBB\/wp-json\/wp\/v2\/media\/36868"}],"wp:attachment":[{"href":"https:\/\/lyonbondyblog.fr\/LBB\/wp-json\/wp\/v2\/media?parent=36867"}],"wp:term":[{"taxonomy":"category","embeddable":true,"href":"https:\/\/lyonbondyblog.fr\/LBB\/wp-json\/wp\/v2\/categories?post=36867"},{"taxonomy":"post_tag","embeddable":true,"href":"https:\/\/lyonbondyblog.fr\/LBB\/wp-json\/wp\/v2\/tags?post=36867"}],"curies":[{"name":"wp","href":"https:\/\/api.w.org\/{rel}","templated":true}]}}