{"id":36809,"date":"2025-07-18T17:00:10","date_gmt":"2025-07-18T15:00:10","guid":{"rendered":"https:\/\/lyonbondyblog.fr\/LBB\/?p=36809"},"modified":"2025-07-18T17:00:40","modified_gmt":"2025-07-18T15:00:40","slug":"assemblee-nationale-bientot-la-quille-pour-les-deputees","status":"publish","type":"post","link":"https:\/\/lyonbondyblog.fr\/LBB\/assemblee-nationale-bientot-la-quille-pour-les-deputees\/","title":{"rendered":"Assembl\u00e9e nationale : Bient\u00f4t la quille pour les d\u00e9put\u00e9(e)s"},"content":{"rendered":"\n<p><strong>Alors que nos ch\u00e8res t\u00eates blondes sont en vacances depuis d\u00e9but juillet, nos d\u00e9put\u00e9(e)s sont encore au travail pour que le budget du gouvernement Bayrou soit valid\u00e9 \u00e0 la rentr\u00e9e de septembre 2025, quand les petites \u00e9coli\u00e8res et petits \u00e9coliers reprendront le chemin des classes.<\/strong><\/p>\n\n\n\n<p>Depuis le d\u00e9but de l\u2019ann\u00e9e 2025, Fran\u00e7ois Bayrou tente par tous les moyens d\u2019impressionner,\u00a0 en vain ! C\u2019est plut\u00f4t ses deux ministres qui se tirent la bourre : G\u00e9rald Darmanin (Garde des sceaux) et Bruno Retailleau (Ministre de l\u2019int\u00e9rieur), nouveau leader des R\u00e9publicains face aux d\u00e9put\u00e9s insoumis et aux d\u00e9put\u00e9s du Rassemblement National. Les socialistes essaient d\u2019exister mais c\u2019est une vaguelette rose pour le moment au sein du palais Bourbon. Retour sur un d\u00e9but d\u2019ann\u00e9e 2025, fort de caf\u00e9 ou de promesses.<\/p>\n\n\n\n<p><strong>Fran\u00e7ois Bayrou pense arriver en sauveur \u2026.<\/strong><\/p>\n\n\n\n<p>Il est midi le vendredi 13 d\u00e9cembre 2024, Fran\u00e7ois Bayrou ne tient plus en place dans le palais de l\u2019Elys\u00e9e. Emmanuel Macron parlemente avec son alli\u00e9, pour trouver une solution suite au vote de la censure du gouvernement Barnier. Le palois rumine et fait \u00e9clater sa col\u00e8re, face au chef de l&rsquo;\u00c9tat qui s\u2019amuse avec les m\u00e9dias. Finalement, Fran\u00e7ois Bayrou est nomm\u00e9 et en guise de cadeau de N\u00f6el, il nomme ses ministres, ce ne sont que des revenants comme Valls, Borne et d\u2019autres. L\u2019opposition fulmine avec un M\u00e9lenchon chaud bouillant qui esp\u00e8re avoir le graal en faisant encore une fois un gouvernement n\u2019ayant aucune l\u00e9gitimit\u00e9. Pour l\u2019ancien socialiste, c\u2019est lui le vainqueur, mais Macron lui a pour l\u2019instant coup\u00e9 l\u2019herbe sous le pied. Pour l\u2019instant, le gouvernement ne brille pas par son leader mais plus par ses ministres d\u2019\u00e9tat qui voguent de phrases chocs en phrases chocs. Le leader du Modem a du mal \u00e0 exister. En bafouillant son latin, il ne trouve pour l\u2019instant aucune ordonnance magique ni de compromis pour faire le bateau France qui commence s\u00e9rieusement \u00e0 tanguer fortement \u00e0 tribord.<\/p>\n\n\n\n<p><strong>Les Insoumis n\u2019y arrivent plus<\/strong><\/p>\n\n\n\n<p>A part vocif\u00e9rer dans l\u2019h\u00e9micycle, ils ne font pas grand chose \u00e0 l\u2019Assembl\u00e9e. Ils pr\u00eachent la bonne parole de leur leader Jean-Luc M\u00e9lenchon. Ils veulent encore la t\u00eate du gouvernement Bayrou car pour lui (M\u00e9lenchon), c\u2019est le grand vainqueur des l\u00e9gislatives 2024 avec son Nouveau Front Populaire qui s\u2019effrite de plus en plus, avec notamment l\u2019\u00e9mancipation des socialistes, leur pr\u00e9f\u00e9rant un nouveau leader Rapha\u00ebl Glucksmann. \u00c9galement \u00e0 plusieurs reprises, des r\u00e8glements de compte se mettent en place entre les d\u00e9put\u00e9(e)s insoumis et le premier ministre. Dernier en date, l\u2019affaire B\u00e9tharram. Une lutte frontale se met en place avec le groupe parlementaire insoumis soutenu par les \u00e9cologistes essayant de d\u00e9troner Fran\u00e7ois Bayrou, de son pied d\u2019estale pour lui ravir l&rsquo;h\u00f4tel Matignon, ou l\u2019ancien socilaiste se verrait bien y loger pour finir ses vieux jours politiques.<\/p>\n\n\n\n<p>La France est tiraill\u00e9e entre deux tendances : la droite r\u00e9actionnaire et une gauche bourgeoise qui se verrait refaire le coup de la Bastille du 14 juillet 1789. En ce moment, Emmanuel Macron n\u2019est plus pr\u00e9sident mais plut\u00f4t un VRP, qui se verrait bien apr\u00e8s son mandat en 2027, prendre la place de Ursula Von Der Leyen. Les Fran\u00e7aises et les Fran\u00e7ais profitent de leurs vacances avant une rentr\u00e9e plus compliqu\u00e9e. Rendez-vous en septembre pour toutes et tous.<\/p>\n<!-- AddThis Advanced Settings generic via filter on the_content --><!-- AddThis Share Buttons generic via filter on the_content -->","protected":false},"excerpt":{"rendered":"<p>Alors que nos ch\u00e8res t\u00eates blondes sont en vacances depuis d\u00e9but juillet, nos d\u00e9put\u00e9(e)s sont encore au travail pour que le budget du gouvernement Bayrou &hellip; <!-- AddThis Advanced Settings generic via filter on wp_trim_excerpt --><!-- AddThis Share Buttons generic via filter on wp_trim_excerpt --><\/p>\n","protected":false},"author":33,"featured_media":36810,"comment_status":"open","ping_status":"open","sticky":true,"template":"","format":"standard","meta":{"_FSMCFIC_featured_image_caption":"Dessin r\u00e9alis\u00e9 par Jean-Claude Lovighi","_FSMCFIC_featured_image_nocaption":"","_FSMCFIC_featured_image_hide":"","footnotes":""},"categories":[1084,8,6],"tags":[11,165],"class_list":["post-36809","post","type-post","status-publish","format-standard","has-post-thumbnail","hentry","category-dessin-de-presse","category-france","category-politique","tag-france-2","tag-politique-2"],"yoast_head":"<!-- This site is optimized with the Yoast SEO plugin v22.8 - https:\/\/yoast.com\/wordpress\/plugins\/seo\/ -->\n<title>Assembl\u00e9e nationale : Bient\u00f4t la quille pour les d\u00e9put\u00e9(e)s - Lyon Bondy Blog<\/title>\n<meta name=\"robots\" content=\"index, follow, max-snippet:-1, max-image-preview:large, max-video-preview:-1\" \/>\n<link rel=\"canonical\" href=\"https:\/\/lyonbondyblog.fr\/LBB\/assemblee-nationale-bientot-la-quille-pour-les-deputees\/\" \/>\n<meta property=\"og:locale\" content=\"fr_FR\" \/>\n<meta property=\"og:type\" content=\"article\" \/>\n<meta property=\"og:title\" content=\"Assembl\u00e9e nationale : Bient\u00f4t la quille pour les d\u00e9put\u00e9(e)s - Lyon Bondy Blog\" \/>\n<meta property=\"og:description\" content=\"Alors que nos ch\u00e8res t\u00eates blondes sont en vacances depuis d\u00e9but juillet, nos d\u00e9put\u00e9(e)s sont encore au travail pour que le budget du gouvernement Bayrou &hellip;\" \/>\n<meta property=\"og:url\" content=\"https:\/\/lyonbondyblog.fr\/LBB\/assemblee-nationale-bientot-la-quille-pour-les-deputees\/\" \/>\n<meta property=\"og:site_name\" content=\"Lyon Bondy Blog\" \/>\n<meta property=\"article:publisher\" content=\"https:\/\/www.facebook.com\/lyonbondyblog\" \/>\n<meta property=\"article:published_time\" content=\"2025-07-18T15:00:10+00:00\" \/>\n<meta property=\"article:modified_time\" content=\"2025-07-18T15:00:40+00:00\" \/>\n<meta property=\"og:image\" content=\"https:\/\/lyonbondyblog.fr\/LBB\/wp-content\/uploads\/2025\/07\/Attestation-stage-1.pdf.jpg\" \/>\n\t<meta property=\"og:image:width\" content=\"480\" \/>\n\t<meta property=\"og:image:height\" content=\"421\" \/>\n\t<meta property=\"og:image:type\" content=\"image\/jpeg\" \/>\n<meta name=\"author\" content=\"Etienne Aazzab\" \/>\n<meta name=\"twitter:card\" content=\"summary_large_image\" \/>\n<meta name=\"twitter:creator\" content=\"@AazzabEtienne\" \/>\n<meta name=\"twitter:site\" content=\"@bondybloglyon\" \/>\n<script type=\"application\/ld+json\" class=\"yoast-schema-graph\">{\"@context\":\"https:\/\/schema.org\",\"@graph\":[{\"@type\":\"Article\",\"@id\":\"https:\/\/lyonbondyblog.fr\/LBB\/assemblee-nationale-bientot-la-quille-pour-les-deputees\/#article\",\"isPartOf\":{\"@id\":\"https:\/\/lyonbondyblog.fr\/LBB\/assemblee-nationale-bientot-la-quille-pour-les-deputees\/\"},\"author\":{\"name\":\"Etienne Aazzab\",\"@id\":\"https:\/\/lyonbondyblog.fr\/LBB\/#\/schema\/person\/5e9904261c1f613c8e6ea22045b1353d\"},\"headline\":\"Assembl\u00e9e nationale : Bient\u00f4t la quille pour les d\u00e9put\u00e9(e)s\",\"datePublished\":\"2025-07-18T15:00:10+00:00\",\"dateModified\":\"2025-07-18T15:00:40+00:00\",\"mainEntityOfPage\":{\"@id\":\"https:\/\/lyonbondyblog.fr\/LBB\/assemblee-nationale-bientot-la-quille-pour-les-deputees\/\"},\"wordCount\":621,\"commentCount\":0,\"publisher\":{\"@id\":\"https:\/\/lyonbondyblog.fr\/LBB\/#organization\"},\"image\":{\"@id\":\"https:\/\/lyonbondyblog.fr\/LBB\/assemblee-nationale-bientot-la-quille-pour-les-deputees\/#primaryimage\"},\"thumbnailUrl\":\"https:\/\/lyonbondyblog.fr\/LBB\/wp-content\/uploads\/2025\/07\/Attestation-stage-1.pdf.jpg\",\"keywords\":[\"france\",\"politique\"],\"articleSection\":[\"Dessin de presse\",\"France\",\"Politique\"],\"inLanguage\":\"fr-FR\",\"potentialAction\":[{\"@type\":\"CommentAction\",\"name\":\"Comment\",\"target\":[\"https:\/\/lyonbondyblog.fr\/LBB\/assemblee-nationale-bientot-la-quille-pour-les-deputees\/#respond\"]}]},{\"@type\":\"WebPage\",\"@id\":\"https:\/\/lyonbondyblog.fr\/LBB\/assemblee-nationale-bientot-la-quille-pour-les-deputees\/\",\"url\":\"https:\/\/lyonbondyblog.fr\/LBB\/assemblee-nationale-bientot-la-quille-pour-les-deputees\/\",\"name\":\"Assembl\u00e9e nationale : Bient\u00f4t la quille pour les d\u00e9put\u00e9(e)s - Lyon Bondy Blog\",\"isPartOf\":{\"@id\":\"https:\/\/lyonbondyblog.fr\/LBB\/#website\"},\"primaryImageOfPage\":{\"@id\":\"https:\/\/lyonbondyblog.fr\/LBB\/assemblee-nationale-bientot-la-quille-pour-les-deputees\/#primaryimage\"},\"image\":{\"@id\":\"https:\/\/lyonbondyblog.fr\/LBB\/assemblee-nationale-bientot-la-quille-pour-les-deputees\/#primaryimage\"},\"thumbnailUrl\":\"https:\/\/lyonbondyblog.fr\/LBB\/wp-content\/uploads\/2025\/07\/Attestation-stage-1.pdf.jpg\",\"datePublished\":\"2025-07-18T15:00:10+00:00\",\"dateModified\":\"2025-07-18T15:00:40+00:00\",\"inLanguage\":\"fr-FR\",\"potentialAction\":[{\"@type\":\"ReadAction\",\"target\":[\"https:\/\/lyonbondyblog.fr\/LBB\/assemblee-nationale-bientot-la-quille-pour-les-deputees\/\"]}]},{\"@type\":\"ImageObject\",\"inLanguage\":\"fr-FR\",\"@id\":\"https:\/\/lyonbondyblog.fr\/LBB\/assemblee-nationale-bientot-la-quille-pour-les-deputees\/#primaryimage\",\"url\":\"https:\/\/lyonbondyblog.fr\/LBB\/wp-content\/uploads\/2025\/07\/Attestation-stage-1.pdf.jpg\",\"contentUrl\":\"https:\/\/lyonbondyblog.fr\/LBB\/wp-content\/uploads\/2025\/07\/Attestation-stage-1.pdf.jpg\",\"width\":480,\"height\":421},{\"@type\":\"WebSite\",\"@id\":\"https:\/\/lyonbondyblog.fr\/LBB\/#website\",\"url\":\"https:\/\/lyonbondyblog.fr\/LBB\/\",\"name\":\"Lyon Bondy Blog\",\"description\":\"\",\"publisher\":{\"@id\":\"https:\/\/lyonbondyblog.fr\/LBB\/#organization\"},\"potentialAction\":[{\"@type\":\"SearchAction\",\"target\":{\"@type\":\"EntryPoint\",\"urlTemplate\":\"https:\/\/lyonbondyblog.fr\/LBB\/?s={search_term_string}\"},\"query-input\":\"required name=search_term_string\"}],\"inLanguage\":\"fr-FR\"},{\"@type\":\"Organization\",\"@id\":\"https:\/\/lyonbondyblog.fr\/LBB\/#organization\",\"name\":\"LYON BONDY BLOG\",\"url\":\"https:\/\/lyonbondyblog.fr\/LBB\/\",\"logo\":{\"@type\":\"ImageObject\",\"inLanguage\":\"fr-FR\",\"@id\":\"https:\/\/lyonbondyblog.fr\/LBB\/#\/schema\/logo\/image\/\",\"url\":\"http:\/\/lyonbondyblog.fr\/LBB\/wp-content\/uploads\/2014\/10\/logo-portable-144.png\",\"contentUrl\":\"http:\/\/lyonbondyblog.fr\/LBB\/wp-content\/uploads\/2014\/10\/logo-portable-144.png\",\"width\":144,\"height\":123,\"caption\":\"LYON BONDY BLOG\"},\"image\":{\"@id\":\"https:\/\/lyonbondyblog.fr\/LBB\/#\/schema\/logo\/image\/\"},\"sameAs\":[\"https:\/\/www.facebook.com\/lyonbondyblog\",\"https:\/\/x.com\/bondybloglyon\"]},{\"@type\":\"Person\",\"@id\":\"https:\/\/lyonbondyblog.fr\/LBB\/#\/schema\/person\/5e9904261c1f613c8e6ea22045b1353d\",\"name\":\"Etienne Aazzab\",\"description\":\"Etienne a contribu\u00e9 depuis 2 ans dans le journal satirique FOUTOU\u2019ART. Il a int\u00e9gr\u00e9 l\u2019\u00e9quipe du \u00ab clic 2014 \u00bb : Collectif local d\u2019informations citoyennes \u00e0 partir de novembre 2013. Il rejoint le Lyon Bondy Blog \u00e0 partir de janvier 2014. Twitter : @AazzabEtienne Ses sujets de pr\u00e9dilection : #Politique #Soci\u00e9t\u00e9 #Sport\",\"sameAs\":[\"https:\/\/x.com\/AazzabEtienne\"],\"url\":\"https:\/\/lyonbondyblog.fr\/LBB\/author\/etienne\/\"}]}<\/script>\n<!-- \/ Yoast SEO plugin. -->","yoast_head_json":{"title":"Assembl\u00e9e nationale : Bient\u00f4t la quille pour les d\u00e9put\u00e9(e)s - Lyon Bondy Blog","robots":{"index":"index","follow":"follow","max-snippet":"max-snippet:-1","max-image-preview":"max-image-preview:large","max-video-preview":"max-video-preview:-1"},"canonical":"https:\/\/lyonbondyblog.fr\/LBB\/assemblee-nationale-bientot-la-quille-pour-les-deputees\/","og_locale":"fr_FR","og_type":"article","og_title":"Assembl\u00e9e nationale : Bient\u00f4t la quille pour les d\u00e9put\u00e9(e)s - Lyon Bondy Blog","og_description":"Alors que nos ch\u00e8res t\u00eates blondes sont en vacances depuis d\u00e9but juillet, nos d\u00e9put\u00e9(e)s sont encore au travail pour que le budget du gouvernement Bayrou &hellip;","og_url":"https:\/\/lyonbondyblog.fr\/LBB\/assemblee-nationale-bientot-la-quille-pour-les-deputees\/","og_site_name":"Lyon Bondy Blog","article_publisher":"https:\/\/www.facebook.com\/lyonbondyblog","article_published_time":"2025-07-18T15:00:10+00:00","article_modified_time":"2025-07-18T15:00:40+00:00","og_image":[{"width":480,"height":421,"url":"https:\/\/lyonbondyblog.fr\/LBB\/wp-content\/uploads\/2025\/07\/Attestation-stage-1.pdf.jpg","type":"image\/jpeg"}],"author":"Etienne Aazzab","twitter_card":"summary_large_image","twitter_creator":"@AazzabEtienne","twitter_site":"@bondybloglyon","schema":{"@context":"https:\/\/schema.org","@graph":[{"@type":"Article","@id":"https:\/\/lyonbondyblog.fr\/LBB\/assemblee-nationale-bientot-la-quille-pour-les-deputees\/#article","isPartOf":{"@id":"https:\/\/lyonbondyblog.fr\/LBB\/assemblee-nationale-bientot-la-quille-pour-les-deputees\/"},"author":{"name":"Etienne Aazzab","@id":"https:\/\/lyonbondyblog.fr\/LBB\/#\/schema\/person\/5e9904261c1f613c8e6ea22045b1353d"},"headline":"Assembl\u00e9e nationale : Bient\u00f4t la quille pour les d\u00e9put\u00e9(e)s","datePublished":"2025-07-18T15:00:10+00:00","dateModified":"2025-07-18T15:00:40+00:00","mainEntityOfPage":{"@id":"https:\/\/lyonbondyblog.fr\/LBB\/assemblee-nationale-bientot-la-quille-pour-les-deputees\/"},"wordCount":621,"commentCount":0,"publisher":{"@id":"https:\/\/lyonbondyblog.fr\/LBB\/#organization"},"image":{"@id":"https:\/\/lyonbondyblog.fr\/LBB\/assemblee-nationale-bientot-la-quille-pour-les-deputees\/#primaryimage"},"thumbnailUrl":"https:\/\/lyonbondyblog.fr\/LBB\/wp-content\/uploads\/2025\/07\/Attestation-stage-1.pdf.jpg","keywords":["france","politique"],"articleSection":["Dessin de presse","France","Politique"],"inLanguage":"fr-FR","potentialAction":[{"@type":"CommentAction","name":"Comment","target":["https:\/\/lyonbondyblog.fr\/LBB\/assemblee-nationale-bientot-la-quille-pour-les-deputees\/#respond"]}]},{"@type":"WebPage","@id":"https:\/\/lyonbondyblog.fr\/LBB\/assemblee-nationale-bientot-la-quille-pour-les-deputees\/","url":"https:\/\/lyonbondyblog.fr\/LBB\/assemblee-nationale-bientot-la-quille-pour-les-deputees\/","name":"Assembl\u00e9e nationale : Bient\u00f4t la quille pour les d\u00e9put\u00e9(e)s - Lyon Bondy Blog","isPartOf":{"@id":"https:\/\/lyonbondyblog.fr\/LBB\/#website"},"primaryImageOfPage":{"@id":"https:\/\/lyonbondyblog.fr\/LBB\/assemblee-nationale-bientot-la-quille-pour-les-deputees\/#primaryimage"},"image":{"@id":"https:\/\/lyonbondyblog.fr\/LBB\/assemblee-nationale-bientot-la-quille-pour-les-deputees\/#primaryimage"},"thumbnailUrl":"https:\/\/lyonbondyblog.fr\/LBB\/wp-content\/uploads\/2025\/07\/Attestation-stage-1.pdf.jpg","datePublished":"2025-07-18T15:00:10+00:00","dateModified":"2025-07-18T15:00:40+00:00","inLanguage":"fr-FR","potentialAction":[{"@type":"ReadAction","target":["https:\/\/lyonbondyblog.fr\/LBB\/assemblee-nationale-bientot-la-quille-pour-les-deputees\/"]}]},{"@type":"ImageObject","inLanguage":"fr-FR","@id":"https:\/\/lyonbondyblog.fr\/LBB\/assemblee-nationale-bientot-la-quille-pour-les-deputees\/#primaryimage","url":"https:\/\/lyonbondyblog.fr\/LBB\/wp-content\/uploads\/2025\/07\/Attestation-stage-1.pdf.jpg","contentUrl":"https:\/\/lyonbondyblog.fr\/LBB\/wp-content\/uploads\/2025\/07\/Attestation-stage-1.pdf.jpg","width":480,"height":421},{"@type":"WebSite","@id":"https:\/\/lyonbondyblog.fr\/LBB\/#website","url":"https:\/\/lyonbondyblog.fr\/LBB\/","name":"Lyon Bondy Blog","description":"","publisher":{"@id":"https:\/\/lyonbondyblog.fr\/LBB\/#organization"},"potentialAction":[{"@type":"SearchAction","target":{"@type":"EntryPoint","urlTemplate":"https:\/\/lyonbondyblog.fr\/LBB\/?s={search_term_string}"},"query-input":"required name=search_term_string"}],"inLanguage":"fr-FR"},{"@type":"Organization","@id":"https:\/\/lyonbondyblog.fr\/LBB\/#organization","name":"LYON BONDY BLOG","url":"https:\/\/lyonbondyblog.fr\/LBB\/","logo":{"@type":"ImageObject","inLanguage":"fr-FR","@id":"https:\/\/lyonbondyblog.fr\/LBB\/#\/schema\/logo\/image\/","url":"http:\/\/lyonbondyblog.fr\/LBB\/wp-content\/uploads\/2014\/10\/logo-portable-144.png","contentUrl":"http:\/\/lyonbondyblog.fr\/LBB\/wp-content\/uploads\/2014\/10\/logo-portable-144.png","width":144,"height":123,"caption":"LYON BONDY BLOG"},"image":{"@id":"https:\/\/lyonbondyblog.fr\/LBB\/#\/schema\/logo\/image\/"},"sameAs":["https:\/\/www.facebook.com\/lyonbondyblog","https:\/\/x.com\/bondybloglyon"]},{"@type":"Person","@id":"https:\/\/lyonbondyblog.fr\/LBB\/#\/schema\/person\/5e9904261c1f613c8e6ea22045b1353d","name":"Etienne Aazzab","description":"Etienne a contribu\u00e9 depuis 2 ans dans le journal satirique FOUTOU\u2019ART. Il a int\u00e9gr\u00e9 l\u2019\u00e9quipe du \u00ab clic 2014 \u00bb : Collectif local d\u2019informations citoyennes \u00e0 partir de novembre 2013. Il rejoint le Lyon Bondy Blog \u00e0 partir de janvier 2014. Twitter : @AazzabEtienne Ses sujets de pr\u00e9dilection : #Politique #Soci\u00e9t\u00e9 #Sport","sameAs":["https:\/\/x.com\/AazzabEtienne"],"url":"https:\/\/lyonbondyblog.fr\/LBB\/author\/etienne\/"}]}},"_links":{"self":[{"href":"https:\/\/lyonbondyblog.fr\/LBB\/wp-json\/wp\/v2\/posts\/36809","targetHints":{"allow":["GET"]}}],"collection":[{"href":"https:\/\/lyonbondyblog.fr\/LBB\/wp-json\/wp\/v2\/posts"}],"about":[{"href":"https:\/\/lyonbondyblog.fr\/LBB\/wp-json\/wp\/v2\/types\/post"}],"author":[{"embeddable":true,"href":"https:\/\/lyonbondyblog.fr\/LBB\/wp-json\/wp\/v2\/users\/33"}],"replies":[{"embeddable":true,"href":"https:\/\/lyonbondyblog.fr\/LBB\/wp-json\/wp\/v2\/comments?post=36809"}],"version-history":[{"count":2,"href":"https:\/\/lyonbondyblog.fr\/LBB\/wp-json\/wp\/v2\/posts\/36809\/revisions"}],"predecessor-version":[{"id":36812,"href":"https:\/\/lyonbondyblog.fr\/LBB\/wp-json\/wp\/v2\/posts\/36809\/revisions\/36812"}],"wp:featuredmedia":[{"embeddable":true,"href":"https:\/\/lyonbondyblog.fr\/LBB\/wp-json\/wp\/v2\/media\/36810"}],"wp:attachment":[{"href":"https:\/\/lyonbondyblog.fr\/LBB\/wp-json\/wp\/v2\/media?parent=36809"}],"wp:term":[{"taxonomy":"category","embeddable":true,"href":"https:\/\/lyonbondyblog.fr\/LBB\/wp-json\/wp\/v2\/categories?post=36809"},{"taxonomy":"post_tag","embeddable":true,"href":"https:\/\/lyonbondyblog.fr\/LBB\/wp-json\/wp\/v2\/tags?post=36809"}],"curies":[{"name":"wp","href":"https:\/\/api.w.org\/{rel}","templated":true}]}}