{"id":36777,"date":"2025-07-11T10:06:00","date_gmt":"2025-07-11T08:06:00","guid":{"rendered":"https:\/\/lyonbondyblog.fr\/LBB\/?p=36777"},"modified":"2025-07-11T17:14:33","modified_gmt":"2025-07-11T15:14:33","slug":"le-festival-escales-senvole-pour-de-belles-destinations","status":"publish","type":"post","link":"https:\/\/lyonbondyblog.fr\/LBB\/le-festival-escales-senvole-pour-de-belles-destinations\/","title":{"rendered":"Le festival escales s\u2019envole pour de belles destinations"},"content":{"rendered":"\n<p><br><strong>Du 12 au 14 juillet 2025, le festival F\u00eates Escales fera de nouveau vibrer le parc Louis-Dupic \u00e0 V\u00e9nissieux.<\/strong><\/p>\n\n\n\n<p><br>Le choix de la programmation du festival de cette ann\u00e9e 2025 prend un bel accent international en allant de la France au Br\u00e9sil, avec des sonorit\u00e9s maghr\u00e9bines avec la venue du groupe Gnawa Diffusion, qui vient en voisin, ambiancer les v\u00e9nissians.<\/p>\n\n\n\n<p><br>La chanteuse br\u00e9silienne artiste Flavia Coelho enflammera \u00e9galement le dance-floor, (lien article woodstower \u00e0 mettre) qui d\u00e9j\u00e0 \u00e9tait venue l\u2019ann\u00e9e derni\u00e8re au festival Woodstower.<\/p>\n\n\n\n<p><br>Pendant trois jours, du 12 au 14 juillet, toutes les g\u00e9n\u00e9rations pourront profiter pleinement du festival avec d\u2019autres activit\u00e9s.<\/p>\n\n\n\n<p><br>Teaser du festival :<a href=\"https:\/\/www.festival-les-escales.com\/\"> i<\/a><a href=\"https:\/\/culture.venissieux.fr\/festival-fetes-escales\/\">ci<\/a><\/p>\n\n\n\n<p><br>Informations pratiques : <\/p>\n\n\n\n<p>Le festival se d\u00e9roule au coeur du parc Louis Dupic, \u00e0 V\u00e9nissieux, derri\u00e8re l\u2019H\u00f4tel de Ville.<br>Samedi 12, dimanche 13 et lundi 14 juillet.<br>Feu d\u2019artifice le dimanche 13 juillet \u00e0 23h00 tir\u00e9s du stade Laurent G\u00e9rin.<\/p>\n\n\n\n<p><br>TRAM T4 \u2013 arr\u00eat Marcel-Hou\u00ebl \u2013 H\u00f4tel de ville<br>\u25cf M\u00e9tro D \u2013 arr\u00eat Gare de V\u00e9nissieux<br>\u25cf BUS C12 \u2013 arr\u00eat Marcel-Hou\u00ebl \/ H\u00f4tel de Ville<br>\u25cf BUS 35 et 39 \u2013 arr\u00eat Croizat-Paul Bert<br>\u25cf BUS 112 et 113 \u2013 arr\u00eat Duclos<br>\u25cf Voiture \u2013 sortie du p\u00e9riph\u00e9rique, suivre V\u00e9nissieux centre<br>\u25cf Parking parc relais TCL \u2013 Gare de V\u00e9nissieux<\/p>\n\n\n\n<p><br>Un festival qui devrait ravir petits et grands. Sur trois jours, V\u00e9nissieux prend un accent international pour trois jours, avec diverses sonorit\u00e9s musicales. Avec sa gratuit\u00e9, le festival propose une programmation plus qu\u2019excellente. <\/p>\n\n\n\n<p>Si vous avez un moment avant, faites un petit tour en famille ou pas, pas de raisons pour le louper.<\/p>\n\n\n\n<p><\/p>\n<!-- AddThis Advanced Settings generic via filter on the_content --><!-- AddThis Share Buttons generic via filter on the_content -->","protected":false},"excerpt":{"rendered":"<p>Du 12 au 14 juillet 2025, le festival F\u00eates Escales fera de nouveau vibrer le parc Louis-Dupic \u00e0 V\u00e9nissieux. Le choix de la programmation du &hellip; <!-- AddThis Advanced Settings generic via filter on wp_trim_excerpt --><!-- AddThis Share Buttons generic via filter on wp_trim_excerpt --><\/p>\n","protected":false},"author":33,"featured_media":36778,"comment_status":"open","ping_status":"open","sticky":false,"template":"","format":"standard","meta":{"_FSMCFIC_featured_image_caption":"","_FSMCFIC_featured_image_nocaption":"","_FSMCFIC_featured_image_hide":"","footnotes":""},"categories":[3792,28432,6974],"tags":[],"class_list":["post-36777","post","type-post","status-publish","format-standard","has-post-thumbnail","hentry","category-festival","category-lyon-handicap","category-venissieux"],"yoast_head":"<!-- This site is optimized with the Yoast SEO plugin v22.8 - https:\/\/yoast.com\/wordpress\/plugins\/seo\/ -->\n<title>Le festival escales s\u2019envole pour de belles destinations - Lyon Bondy Blog<\/title>\n<meta name=\"robots\" content=\"index, follow, max-snippet:-1, max-image-preview:large, max-video-preview:-1\" \/>\n<link rel=\"canonical\" href=\"https:\/\/lyonbondyblog.fr\/LBB\/le-festival-escales-senvole-pour-de-belles-destinations\/\" \/>\n<meta property=\"og:locale\" content=\"fr_FR\" \/>\n<meta property=\"og:type\" content=\"article\" \/>\n<meta property=\"og:title\" content=\"Le festival escales s\u2019envole pour de belles destinations - Lyon Bondy Blog\" \/>\n<meta property=\"og:description\" content=\"Du 12 au 14 juillet 2025, le festival F\u00eates Escales fera de nouveau vibrer le parc Louis-Dupic \u00e0 V\u00e9nissieux. Le choix de la programmation du &hellip;\" \/>\n<meta property=\"og:url\" content=\"https:\/\/lyonbondyblog.fr\/LBB\/le-festival-escales-senvole-pour-de-belles-destinations\/\" \/>\n<meta property=\"og:site_name\" content=\"Lyon Bondy Blog\" \/>\n<meta property=\"article:publisher\" content=\"https:\/\/www.facebook.com\/lyonbondyblog\" \/>\n<meta property=\"article:published_time\" content=\"2025-07-11T08:06:00+00:00\" \/>\n<meta property=\"article:modified_time\" content=\"2025-07-11T15:14:33+00:00\" \/>\n<meta property=\"og:image\" content=\"https:\/\/lyonbondyblog.fr\/LBB\/wp-content\/uploads\/2025\/07\/les-escales.jpg\" \/>\n\t<meta property=\"og:image:width\" content=\"310\" \/>\n\t<meta property=\"og:image:height\" content=\"162\" \/>\n\t<meta property=\"og:image:type\" content=\"image\/jpeg\" \/>\n<meta name=\"author\" content=\"Etienne Aazzab\" \/>\n<meta name=\"twitter:card\" content=\"summary_large_image\" \/>\n<meta name=\"twitter:creator\" content=\"@AazzabEtienne\" \/>\n<meta name=\"twitter:site\" content=\"@bondybloglyon\" \/>\n<script type=\"application\/ld+json\" class=\"yoast-schema-graph\">{\"@context\":\"https:\/\/schema.org\",\"@graph\":[{\"@type\":\"Article\",\"@id\":\"https:\/\/lyonbondyblog.fr\/LBB\/le-festival-escales-senvole-pour-de-belles-destinations\/#article\",\"isPartOf\":{\"@id\":\"https:\/\/lyonbondyblog.fr\/LBB\/le-festival-escales-senvole-pour-de-belles-destinations\/\"},\"author\":{\"name\":\"Etienne Aazzab\",\"@id\":\"https:\/\/lyonbondyblog.fr\/LBB\/#\/schema\/person\/5e9904261c1f613c8e6ea22045b1353d\"},\"headline\":\"Le festival escales s\u2019envole pour de belles destinations\",\"datePublished\":\"2025-07-11T08:06:00+00:00\",\"dateModified\":\"2025-07-11T15:14:33+00:00\",\"mainEntityOfPage\":{\"@id\":\"https:\/\/lyonbondyblog.fr\/LBB\/le-festival-escales-senvole-pour-de-belles-destinations\/\"},\"wordCount\":280,\"commentCount\":0,\"publisher\":{\"@id\":\"https:\/\/lyonbondyblog.fr\/LBB\/#organization\"},\"image\":{\"@id\":\"https:\/\/lyonbondyblog.fr\/LBB\/le-festival-escales-senvole-pour-de-belles-destinations\/#primaryimage\"},\"thumbnailUrl\":\"https:\/\/lyonbondyblog.fr\/LBB\/wp-content\/uploads\/2025\/07\/les-escales.jpg\",\"articleSection\":[\"Festival\",\"Lyon\",\"V\u00e9nissieux\"],\"inLanguage\":\"fr-FR\",\"potentialAction\":[{\"@type\":\"CommentAction\",\"name\":\"Comment\",\"target\":[\"https:\/\/lyonbondyblog.fr\/LBB\/le-festival-escales-senvole-pour-de-belles-destinations\/#respond\"]}]},{\"@type\":\"WebPage\",\"@id\":\"https:\/\/lyonbondyblog.fr\/LBB\/le-festival-escales-senvole-pour-de-belles-destinations\/\",\"url\":\"https:\/\/lyonbondyblog.fr\/LBB\/le-festival-escales-senvole-pour-de-belles-destinations\/\",\"name\":\"Le festival escales s\u2019envole pour de belles destinations - Lyon Bondy Blog\",\"isPartOf\":{\"@id\":\"https:\/\/lyonbondyblog.fr\/LBB\/#website\"},\"primaryImageOfPage\":{\"@id\":\"https:\/\/lyonbondyblog.fr\/LBB\/le-festival-escales-senvole-pour-de-belles-destinations\/#primaryimage\"},\"image\":{\"@id\":\"https:\/\/lyonbondyblog.fr\/LBB\/le-festival-escales-senvole-pour-de-belles-destinations\/#primaryimage\"},\"thumbnailUrl\":\"https:\/\/lyonbondyblog.fr\/LBB\/wp-content\/uploads\/2025\/07\/les-escales.jpg\",\"datePublished\":\"2025-07-11T08:06:00+00:00\",\"dateModified\":\"2025-07-11T15:14:33+00:00\",\"inLanguage\":\"fr-FR\",\"potentialAction\":[{\"@type\":\"ReadAction\",\"target\":[\"https:\/\/lyonbondyblog.fr\/LBB\/le-festival-escales-senvole-pour-de-belles-destinations\/\"]}]},{\"@type\":\"ImageObject\",\"inLanguage\":\"fr-FR\",\"@id\":\"https:\/\/lyonbondyblog.fr\/LBB\/le-festival-escales-senvole-pour-de-belles-destinations\/#primaryimage\",\"url\":\"https:\/\/lyonbondyblog.fr\/LBB\/wp-content\/uploads\/2025\/07\/les-escales.jpg\",\"contentUrl\":\"https:\/\/lyonbondyblog.fr\/LBB\/wp-content\/uploads\/2025\/07\/les-escales.jpg\",\"width\":310,\"height\":162},{\"@type\":\"WebSite\",\"@id\":\"https:\/\/lyonbondyblog.fr\/LBB\/#website\",\"url\":\"https:\/\/lyonbondyblog.fr\/LBB\/\",\"name\":\"Lyon Bondy Blog\",\"description\":\"\",\"publisher\":{\"@id\":\"https:\/\/lyonbondyblog.fr\/LBB\/#organization\"},\"potentialAction\":[{\"@type\":\"SearchAction\",\"target\":{\"@type\":\"EntryPoint\",\"urlTemplate\":\"https:\/\/lyonbondyblog.fr\/LBB\/?s={search_term_string}\"},\"query-input\":\"required name=search_term_string\"}],\"inLanguage\":\"fr-FR\"},{\"@type\":\"Organization\",\"@id\":\"https:\/\/lyonbondyblog.fr\/LBB\/#organization\",\"name\":\"LYON BONDY BLOG\",\"url\":\"https:\/\/lyonbondyblog.fr\/LBB\/\",\"logo\":{\"@type\":\"ImageObject\",\"inLanguage\":\"fr-FR\",\"@id\":\"https:\/\/lyonbondyblog.fr\/LBB\/#\/schema\/logo\/image\/\",\"url\":\"http:\/\/lyonbondyblog.fr\/LBB\/wp-content\/uploads\/2014\/10\/logo-portable-144.png\",\"contentUrl\":\"http:\/\/lyonbondyblog.fr\/LBB\/wp-content\/uploads\/2014\/10\/logo-portable-144.png\",\"width\":144,\"height\":123,\"caption\":\"LYON BONDY BLOG\"},\"image\":{\"@id\":\"https:\/\/lyonbondyblog.fr\/LBB\/#\/schema\/logo\/image\/\"},\"sameAs\":[\"https:\/\/www.facebook.com\/lyonbondyblog\",\"https:\/\/x.com\/bondybloglyon\"]},{\"@type\":\"Person\",\"@id\":\"https:\/\/lyonbondyblog.fr\/LBB\/#\/schema\/person\/5e9904261c1f613c8e6ea22045b1353d\",\"name\":\"Etienne Aazzab\",\"description\":\"Etienne a contribu\u00e9 depuis 2 ans dans le journal satirique FOUTOU\u2019ART. Il a int\u00e9gr\u00e9 l\u2019\u00e9quipe du \u00ab clic 2014 \u00bb : Collectif local d\u2019informations citoyennes \u00e0 partir de novembre 2013. Il rejoint le Lyon Bondy Blog \u00e0 partir de janvier 2014. Twitter : @AazzabEtienne Ses sujets de pr\u00e9dilection : #Politique #Soci\u00e9t\u00e9 #Sport\",\"sameAs\":[\"https:\/\/x.com\/AazzabEtienne\"],\"url\":\"https:\/\/lyonbondyblog.fr\/LBB\/author\/etienne\/\"}]}<\/script>\n<!-- \/ Yoast SEO plugin. -->","yoast_head_json":{"title":"Le festival escales s\u2019envole pour de belles destinations - Lyon Bondy Blog","robots":{"index":"index","follow":"follow","max-snippet":"max-snippet:-1","max-image-preview":"max-image-preview:large","max-video-preview":"max-video-preview:-1"},"canonical":"https:\/\/lyonbondyblog.fr\/LBB\/le-festival-escales-senvole-pour-de-belles-destinations\/","og_locale":"fr_FR","og_type":"article","og_title":"Le festival escales s\u2019envole pour de belles destinations - Lyon Bondy Blog","og_description":"Du 12 au 14 juillet 2025, le festival F\u00eates Escales fera de nouveau vibrer le parc Louis-Dupic \u00e0 V\u00e9nissieux. Le choix de la programmation du &hellip;","og_url":"https:\/\/lyonbondyblog.fr\/LBB\/le-festival-escales-senvole-pour-de-belles-destinations\/","og_site_name":"Lyon Bondy Blog","article_publisher":"https:\/\/www.facebook.com\/lyonbondyblog","article_published_time":"2025-07-11T08:06:00+00:00","article_modified_time":"2025-07-11T15:14:33+00:00","og_image":[{"width":310,"height":162,"url":"https:\/\/lyonbondyblog.fr\/LBB\/wp-content\/uploads\/2025\/07\/les-escales.jpg","type":"image\/jpeg"}],"author":"Etienne Aazzab","twitter_card":"summary_large_image","twitter_creator":"@AazzabEtienne","twitter_site":"@bondybloglyon","schema":{"@context":"https:\/\/schema.org","@graph":[{"@type":"Article","@id":"https:\/\/lyonbondyblog.fr\/LBB\/le-festival-escales-senvole-pour-de-belles-destinations\/#article","isPartOf":{"@id":"https:\/\/lyonbondyblog.fr\/LBB\/le-festival-escales-senvole-pour-de-belles-destinations\/"},"author":{"name":"Etienne Aazzab","@id":"https:\/\/lyonbondyblog.fr\/LBB\/#\/schema\/person\/5e9904261c1f613c8e6ea22045b1353d"},"headline":"Le festival escales s\u2019envole pour de belles destinations","datePublished":"2025-07-11T08:06:00+00:00","dateModified":"2025-07-11T15:14:33+00:00","mainEntityOfPage":{"@id":"https:\/\/lyonbondyblog.fr\/LBB\/le-festival-escales-senvole-pour-de-belles-destinations\/"},"wordCount":280,"commentCount":0,"publisher":{"@id":"https:\/\/lyonbondyblog.fr\/LBB\/#organization"},"image":{"@id":"https:\/\/lyonbondyblog.fr\/LBB\/le-festival-escales-senvole-pour-de-belles-destinations\/#primaryimage"},"thumbnailUrl":"https:\/\/lyonbondyblog.fr\/LBB\/wp-content\/uploads\/2025\/07\/les-escales.jpg","articleSection":["Festival","Lyon","V\u00e9nissieux"],"inLanguage":"fr-FR","potentialAction":[{"@type":"CommentAction","name":"Comment","target":["https:\/\/lyonbondyblog.fr\/LBB\/le-festival-escales-senvole-pour-de-belles-destinations\/#respond"]}]},{"@type":"WebPage","@id":"https:\/\/lyonbondyblog.fr\/LBB\/le-festival-escales-senvole-pour-de-belles-destinations\/","url":"https:\/\/lyonbondyblog.fr\/LBB\/le-festival-escales-senvole-pour-de-belles-destinations\/","name":"Le festival escales s\u2019envole pour de belles destinations - Lyon Bondy Blog","isPartOf":{"@id":"https:\/\/lyonbondyblog.fr\/LBB\/#website"},"primaryImageOfPage":{"@id":"https:\/\/lyonbondyblog.fr\/LBB\/le-festival-escales-senvole-pour-de-belles-destinations\/#primaryimage"},"image":{"@id":"https:\/\/lyonbondyblog.fr\/LBB\/le-festival-escales-senvole-pour-de-belles-destinations\/#primaryimage"},"thumbnailUrl":"https:\/\/lyonbondyblog.fr\/LBB\/wp-content\/uploads\/2025\/07\/les-escales.jpg","datePublished":"2025-07-11T08:06:00+00:00","dateModified":"2025-07-11T15:14:33+00:00","inLanguage":"fr-FR","potentialAction":[{"@type":"ReadAction","target":["https:\/\/lyonbondyblog.fr\/LBB\/le-festival-escales-senvole-pour-de-belles-destinations\/"]}]},{"@type":"ImageObject","inLanguage":"fr-FR","@id":"https:\/\/lyonbondyblog.fr\/LBB\/le-festival-escales-senvole-pour-de-belles-destinations\/#primaryimage","url":"https:\/\/lyonbondyblog.fr\/LBB\/wp-content\/uploads\/2025\/07\/les-escales.jpg","contentUrl":"https:\/\/lyonbondyblog.fr\/LBB\/wp-content\/uploads\/2025\/07\/les-escales.jpg","width":310,"height":162},{"@type":"WebSite","@id":"https:\/\/lyonbondyblog.fr\/LBB\/#website","url":"https:\/\/lyonbondyblog.fr\/LBB\/","name":"Lyon Bondy Blog","description":"","publisher":{"@id":"https:\/\/lyonbondyblog.fr\/LBB\/#organization"},"potentialAction":[{"@type":"SearchAction","target":{"@type":"EntryPoint","urlTemplate":"https:\/\/lyonbondyblog.fr\/LBB\/?s={search_term_string}"},"query-input":"required name=search_term_string"}],"inLanguage":"fr-FR"},{"@type":"Organization","@id":"https:\/\/lyonbondyblog.fr\/LBB\/#organization","name":"LYON BONDY BLOG","url":"https:\/\/lyonbondyblog.fr\/LBB\/","logo":{"@type":"ImageObject","inLanguage":"fr-FR","@id":"https:\/\/lyonbondyblog.fr\/LBB\/#\/schema\/logo\/image\/","url":"http:\/\/lyonbondyblog.fr\/LBB\/wp-content\/uploads\/2014\/10\/logo-portable-144.png","contentUrl":"http:\/\/lyonbondyblog.fr\/LBB\/wp-content\/uploads\/2014\/10\/logo-portable-144.png","width":144,"height":123,"caption":"LYON BONDY BLOG"},"image":{"@id":"https:\/\/lyonbondyblog.fr\/LBB\/#\/schema\/logo\/image\/"},"sameAs":["https:\/\/www.facebook.com\/lyonbondyblog","https:\/\/x.com\/bondybloglyon"]},{"@type":"Person","@id":"https:\/\/lyonbondyblog.fr\/LBB\/#\/schema\/person\/5e9904261c1f613c8e6ea22045b1353d","name":"Etienne Aazzab","description":"Etienne a contribu\u00e9 depuis 2 ans dans le journal satirique FOUTOU\u2019ART. Il a int\u00e9gr\u00e9 l\u2019\u00e9quipe du \u00ab clic 2014 \u00bb : Collectif local d\u2019informations citoyennes \u00e0 partir de novembre 2013. Il rejoint le Lyon Bondy Blog \u00e0 partir de janvier 2014. Twitter : @AazzabEtienne Ses sujets de pr\u00e9dilection : #Politique #Soci\u00e9t\u00e9 #Sport","sameAs":["https:\/\/x.com\/AazzabEtienne"],"url":"https:\/\/lyonbondyblog.fr\/LBB\/author\/etienne\/"}]}},"_links":{"self":[{"href":"https:\/\/lyonbondyblog.fr\/LBB\/wp-json\/wp\/v2\/posts\/36777","targetHints":{"allow":["GET"]}}],"collection":[{"href":"https:\/\/lyonbondyblog.fr\/LBB\/wp-json\/wp\/v2\/posts"}],"about":[{"href":"https:\/\/lyonbondyblog.fr\/LBB\/wp-json\/wp\/v2\/types\/post"}],"author":[{"embeddable":true,"href":"https:\/\/lyonbondyblog.fr\/LBB\/wp-json\/wp\/v2\/users\/33"}],"replies":[{"embeddable":true,"href":"https:\/\/lyonbondyblog.fr\/LBB\/wp-json\/wp\/v2\/comments?post=36777"}],"version-history":[{"count":1,"href":"https:\/\/lyonbondyblog.fr\/LBB\/wp-json\/wp\/v2\/posts\/36777\/revisions"}],"predecessor-version":[{"id":36779,"href":"https:\/\/lyonbondyblog.fr\/LBB\/wp-json\/wp\/v2\/posts\/36777\/revisions\/36779"}],"wp:featuredmedia":[{"embeddable":true,"href":"https:\/\/lyonbondyblog.fr\/LBB\/wp-json\/wp\/v2\/media\/36778"}],"wp:attachment":[{"href":"https:\/\/lyonbondyblog.fr\/LBB\/wp-json\/wp\/v2\/media?parent=36777"}],"wp:term":[{"taxonomy":"category","embeddable":true,"href":"https:\/\/lyonbondyblog.fr\/LBB\/wp-json\/wp\/v2\/categories?post=36777"},{"taxonomy":"post_tag","embeddable":true,"href":"https:\/\/lyonbondyblog.fr\/LBB\/wp-json\/wp\/v2\/tags?post=36777"}],"curies":[{"name":"wp","href":"https:\/\/api.w.org\/{rel}","templated":true}]}}