{"id":36669,"date":"2025-07-23T20:00:21","date_gmt":"2025-07-23T18:00:21","guid":{"rendered":"https:\/\/lyonbondyblog.fr\/LBB\/?p=36669"},"modified":"2025-07-29T16:42:40","modified_gmt":"2025-07-29T14:42:40","slug":"la-seconde-main-un-nouveau-business-a-la-mode","status":"publish","type":"post","link":"https:\/\/lyonbondyblog.fr\/LBB\/la-seconde-main-un-nouveau-business-a-la-mode\/","title":{"rendered":"La seconde main\u00a0: un nouveau business \u00e0 la mode\u00a0"},"content":{"rendered":"\n<p><strong>Face aux d\u00e9sastres \u00e9cologiques et sociaux caus\u00e9s par la fast fashion, le march\u00e9 de la seconde main conna\u00eet un essor fulgurant. Devenue tendance, cette pratique s&rsquo;impose comme une alternative per\u00e7ue comme plus \u00e9thique et responsable. Des milliers de colis de v\u00eatements d\u2019occasion circulent d\u00e9sormais chaque jour \u00e0 travers l\u2019Europe, alimentant une nouvelle \u00e9conomie.&nbsp;<\/strong><\/p>\n\n\n\n<p>Derri\u00e8re cette consommation dite \u00ab engag\u00e9e \u00bb, se cache aussi un business florissant, qui n\u2019\u00e9chappe pas aux logiques de rentabilit\u00e9 et de massification.<\/p>\n\n\n\n<p><strong>Une consommation plus \u00e9thique&nbsp;<\/strong><\/p>\n\n\n\n<p>La seconde main s\u2019inscrit dans un mode de consommation plus \u00e9thique, \u00e9vitant le gaspillage et la pollution engendr\u00e9e lorsqu\u2019on se d\u00e9barrasse de v\u00eatements. Et c\u2019est cet argument qui s\u00e9duit souvent les consommateurs. Il existe beaucoup d\u2019enseignes comme Vinted, Guerrissol, Vestiaire Collective, Leboncoin\u2026 pour consommer sans culpabilit\u00e9. La seconde main rencontre donc de plus en plus de succ\u00e8s, tout d\u2019abord gr\u00e2ce \u00e0 un argument \u00e9conomique qui est par la suite appuy\u00e9 par l\u2019argument \u00e9cologique.&nbsp;<\/p>\n\n\n\n<p><strong>Un faux recyclage&nbsp;?&nbsp;<\/strong><\/p>\n\n\n\n<p>Si la seconde main est souvent pr\u00e9sent\u00e9e comme une solution \u00e9cologique, la r\u00e9alit\u00e9 de son fonctionnement peut \u00eatre bien moins vertueuse. Une grande partie des v\u00eatements collect\u00e9s pour \u00eatre r\u00e9utilis\u00e9s ne trouvent pas preneur sur les march\u00e9s locaux. Ils sont alors massivement export\u00e9s vers des pays du tiers-monde. L\u00e0-bas, ces v\u00eatements sont cens\u00e9s \u00eatre redistribu\u00e9s ou revendus \u00e0 bas prix. Cependant, une proportion importante de ces textiles est en trop mauvais \u00e9tat pour \u00eatre r\u00e9utilis\u00e9e. R\u00e9sultat : ils finissent d\u00e9vers\u00e9s dans des d\u00e9charges sauvages, transformant certaines r\u00e9gions en v\u00e9ritables zones de pollution incontr\u00f4lable.<\/p>\n\n\n\n<p><strong>Un mythe \u00e9cologique et \u00e9thique&nbsp;<\/strong><\/p>\n\n\n\n<p>La seconde main n\u2019\u00e9chappe donc pas aux attributs de la fast fashion due \u00e0 son offre infinie, \u00e0 sa promotion sur les r\u00e9seaux sociaux, \u00e0 ses offres et rabais, aux m\u00e9tiers pr\u00e9caires\u2026 Elle peut donner l\u2019id\u00e9e d\u2019une bonne conscience et d\u2019une surconsommation assum\u00e9e qui n\u2019aurait pas de cons\u00e9quence. Celle-ci serait alors un moyen d\u2019acheter, voir surconsommer, de mani\u00e8re d\u00e9culpabilis\u00e9e. Le probl\u00e8me principal reste la surconsommation \u00e0 laquelle la seconde main est aussi sujette. On assiste aujourd\u2019hui \u00e0 une offre infinie de v\u00eatements de seconde main. Les efforts \u00e9thiques et \u00e9cologiques ne servent \u00e0 rien si la surconsommation persiste \u00e9galement dans ce domaine.&nbsp;<\/p>\n\n\n\n<p><strong>La face sombre de la seconde main&nbsp;<\/strong><\/p>\n\n\n\n<p>La vente de v\u00eatements entrave \u00e0 la collecte de dons. Quand, \u00e0 une certaine \u00e9poque, les anciennes g\u00e9n\u00e9rations donnaient leurs v\u00eatements qu\u2019ils ne mettaient plus, aujourd\u2019hui le premier r\u00e9flexe est celui de la revente. Ce qui entrave aux mod\u00e8les d\u2019\u00e9conomies solidaires comme Emma\u00fcs par exemple.&nbsp;<\/p>\n\n\n\n<p>Le tri des dons de v\u00eatements peut \u00eatre d\u00e9localis\u00e9, donc tri\u00e9 ailleurs qu\u2019en France. Cette forme de d\u00e9localisation a pour but de r\u00e9duire le co\u00fbt de la main d\u2019\u0153uvre. Le mode de tri de la seconde main reprend alors les m\u00eames sch\u00e9mas que la fast fashion. Le cycle de recyclage pour qu\u2019un v\u00eatement soit vendu en seconde main est le suivant&nbsp;: le v\u00eatement est fabriqu\u00e9 une premi\u00e8re fois en Asie et vendu neuf en Europe, le textile d\u00e9mod\u00e9 retourne en Inde (leader mondial du recyclage de v\u00eatements) pour \u00eatre tri\u00e9 et redistribu\u00e9 \u00e0 nouveau en Europe. La seconde main suit alors les traces de la fast fashion, devenant une mode plus qu\u2019une solution aux probl\u00e8mes de la surconsommation, de pollution et de co\u00fbt des v\u00eatements.&nbsp;<\/p>\n\n\n<div class=\"wp-block-image\">\n<figure class=\"aligncenter size-large is-resized\"><img loading=\"lazy\" decoding=\"async\" width=\"1920\" height=\"1426\" src=\"https:\/\/lyonbondyblog.fr\/LBB\/wp-content\/uploads\/2025\/06\/IMG_2155-1920x1426.jpg\" alt=\"\" class=\"wp-image-36677\" style=\"width:766px;height:auto\" srcset=\"https:\/\/lyonbondyblog.fr\/LBB\/wp-content\/uploads\/2025\/06\/IMG_2155-1920x1426.jpg 1920w, https:\/\/lyonbondyblog.fr\/LBB\/wp-content\/uploads\/2025\/06\/IMG_2155-1200x891.jpg 1200w, https:\/\/lyonbondyblog.fr\/LBB\/wp-content\/uploads\/2025\/06\/IMG_2155-768x570.jpg 768w, https:\/\/lyonbondyblog.fr\/LBB\/wp-content\/uploads\/2025\/06\/IMG_2155-1536x1141.jpg 1536w, https:\/\/lyonbondyblog.fr\/LBB\/wp-content\/uploads\/2025\/06\/IMG_2155-2048x1521.jpg 2048w\" sizes=\"auto, (max-width: 1920px) 100vw, 1920px\" \/><figcaption class=\"wp-element-caption\">\u00a9Myriam Mezahem Friperie Troc Nippes<\/figcaption><\/figure><\/div>\n\n\n<p>Nous avons pu aller \u00e0 la rencontre d\u2019Orelia, qui tient la friperie (d\u00e9p\u00f4t-vente) <em>Troc Nippes<\/em>, dans le 3eme arrondissement de Lyon et qui a pu nous parler un peu plus de la probl\u00e9matique au niveau de la seconde main.&nbsp;<\/p>\n\n\n\n<figure class=\"wp-block-audio\"><audio controls src=\"https:\/\/lyonbondyblog.fr\/LBB\/wp-content\/uploads\/2025\/06\/Interview-frip.wav\"><\/audio><\/figure>\n\n\n\n<p>Malgr\u00e9 tout cela, la seconde main reste une bonne alternative \u00e0 la fast fashion lorsqu\u2019elle est consomm\u00e9e de mani\u00e8re mod\u00e9r\u00e9e et r\u00e9fl\u00e9chie. Elle est un moyen d\u2019affirmer son style vestimentaire, avec des pi\u00e8ces (parfois) uniques et de le faire de mani\u00e8re plus consciencieuse.&nbsp;<\/p>\n\n\n\n<p>Article sign\u00e9 <strong>Myriam MEZAHEM <\/strong><\/p>\n<!-- AddThis Advanced Settings generic via filter on the_content --><!-- AddThis Share Buttons generic via filter on the_content -->","protected":false},"excerpt":{"rendered":"<p>Face aux d\u00e9sastres \u00e9cologiques et sociaux caus\u00e9s par la fast fashion, le march\u00e9 de la seconde main conna\u00eet un essor fulgurant. Devenue tendance, cette pratique &hellip; <!-- AddThis Advanced Settings generic via filter on wp_trim_excerpt --><!-- AddThis Share Buttons generic via filter on wp_trim_excerpt --><\/p>\n","protected":false},"author":1,"featured_media":36673,"comment_status":"open","ping_status":"open","sticky":true,"template":"","format":"standard","meta":{"_FSMCFIC_featured_image_caption":"","_FSMCFIC_featured_image_nocaption":"","_FSMCFIC_featured_image_hide":"","footnotes":""},"categories":[6446,26299,4],"tags":[690,10,418,28514],"class_list":["post-36669","post","type-post","status-publish","format-standard","has-post-thumbnail","hentry","category-ecologie","category-interview","category-lyon","tag-ecologie","tag-lyon-2","tag-mode","tag-seconde-main"],"yoast_head":"<!-- This site is optimized with the Yoast SEO plugin v22.8 - https:\/\/yoast.com\/wordpress\/plugins\/seo\/ -->\n<title>La seconde main\u00a0: un nouveau business \u00e0 la mode\u00a0 - Lyon Bondy Blog<\/title>\n<meta name=\"robots\" content=\"index, follow, max-snippet:-1, max-image-preview:large, max-video-preview:-1\" \/>\n<link rel=\"canonical\" href=\"https:\/\/lyonbondyblog.fr\/LBB\/la-seconde-main-un-nouveau-business-a-la-mode\/\" \/>\n<meta property=\"og:locale\" content=\"fr_FR\" \/>\n<meta property=\"og:type\" content=\"article\" \/>\n<meta property=\"og:title\" content=\"La seconde main\u00a0: un nouveau business \u00e0 la mode\u00a0 - Lyon Bondy Blog\" \/>\n<meta property=\"og:description\" content=\"Face aux d\u00e9sastres \u00e9cologiques et sociaux caus\u00e9s par la fast fashion, le march\u00e9 de la seconde main conna\u00eet un essor fulgurant. Devenue tendance, cette pratique &hellip;\" \/>\n<meta property=\"og:url\" content=\"https:\/\/lyonbondyblog.fr\/LBB\/la-seconde-main-un-nouveau-business-a-la-mode\/\" \/>\n<meta property=\"og:site_name\" content=\"Lyon Bondy Blog\" \/>\n<meta property=\"article:publisher\" content=\"https:\/\/www.facebook.com\/lyonbondyblog\" \/>\n<meta property=\"article:author\" content=\"https:\/\/www.facebook.com\/lyonbondyblog\" \/>\n<meta property=\"article:published_time\" content=\"2025-07-23T18:00:21+00:00\" \/>\n<meta property=\"article:modified_time\" content=\"2025-07-29T14:42:40+00:00\" \/>\n<meta property=\"og:image\" content=\"https:\/\/lyonbondyblog.fr\/LBB\/wp-content\/uploads\/2014\/10\/Bandeau-Site-V2-011-2.jpg\" \/>\n\t<meta property=\"og:image:width\" content=\"851\" \/>\n\t<meta property=\"og:image:height\" content=\"200\" \/>\n\t<meta property=\"og:image:type\" content=\"image\/jpeg\" \/>\n<meta name=\"author\" content=\"La r\u00e9daction\" \/>\n<meta name=\"twitter:card\" content=\"summary_large_image\" \/>\n<meta name=\"twitter:creator\" content=\"@BondyBlogLyon\" \/>\n<meta name=\"twitter:site\" content=\"@bondybloglyon\" \/>\n<script type=\"application\/ld+json\" class=\"yoast-schema-graph\">{\"@context\":\"https:\/\/schema.org\",\"@graph\":[{\"@type\":\"Article\",\"@id\":\"https:\/\/lyonbondyblog.fr\/LBB\/la-seconde-main-un-nouveau-business-a-la-mode\/#article\",\"isPartOf\":{\"@id\":\"https:\/\/lyonbondyblog.fr\/LBB\/la-seconde-main-un-nouveau-business-a-la-mode\/\"},\"author\":{\"name\":\"La r\u00e9daction\",\"@id\":\"https:\/\/lyonbondyblog.fr\/LBB\/#\/schema\/person\/e45f8d27baac75072daa0be50c409b25\"},\"headline\":\"La seconde main\u00a0: un nouveau business \u00e0 la mode\u00a0\",\"datePublished\":\"2025-07-23T18:00:21+00:00\",\"dateModified\":\"2025-07-29T14:42:40+00:00\",\"mainEntityOfPage\":{\"@id\":\"https:\/\/lyonbondyblog.fr\/LBB\/la-seconde-main-un-nouveau-business-a-la-mode\/\"},\"wordCount\":734,\"commentCount\":0,\"publisher\":{\"@id\":\"https:\/\/lyonbondyblog.fr\/LBB\/#organization\"},\"image\":{\"@id\":\"https:\/\/lyonbondyblog.fr\/LBB\/la-seconde-main-un-nouveau-business-a-la-mode\/#primaryimage\"},\"thumbnailUrl\":\"https:\/\/lyonbondyblog.fr\/LBB\/wp-content\/uploads\/2025\/06\/IMG_2152-scaled.jpg\",\"keywords\":[\"\u00e9cologie\",\"lyon\",\"mode\",\"Seconde main\"],\"articleSection\":[\"\u00c9cologie\",\"Interview\",\"Lyon\"],\"inLanguage\":\"fr-FR\",\"potentialAction\":[{\"@type\":\"CommentAction\",\"name\":\"Comment\",\"target\":[\"https:\/\/lyonbondyblog.fr\/LBB\/la-seconde-main-un-nouveau-business-a-la-mode\/#respond\"]}]},{\"@type\":\"WebPage\",\"@id\":\"https:\/\/lyonbondyblog.fr\/LBB\/la-seconde-main-un-nouveau-business-a-la-mode\/\",\"url\":\"https:\/\/lyonbondyblog.fr\/LBB\/la-seconde-main-un-nouveau-business-a-la-mode\/\",\"name\":\"La seconde main\u00a0: un nouveau business \u00e0 la mode\u00a0 - Lyon Bondy Blog\",\"isPartOf\":{\"@id\":\"https:\/\/lyonbondyblog.fr\/LBB\/#website\"},\"primaryImageOfPage\":{\"@id\":\"https:\/\/lyonbondyblog.fr\/LBB\/la-seconde-main-un-nouveau-business-a-la-mode\/#primaryimage\"},\"image\":{\"@id\":\"https:\/\/lyonbondyblog.fr\/LBB\/la-seconde-main-un-nouveau-business-a-la-mode\/#primaryimage\"},\"thumbnailUrl\":\"https:\/\/lyonbondyblog.fr\/LBB\/wp-content\/uploads\/2025\/06\/IMG_2152-scaled.jpg\",\"datePublished\":\"2025-07-23T18:00:21+00:00\",\"dateModified\":\"2025-07-29T14:42:40+00:00\",\"inLanguage\":\"fr-FR\",\"potentialAction\":[{\"@type\":\"ReadAction\",\"target\":[\"https:\/\/lyonbondyblog.fr\/LBB\/la-seconde-main-un-nouveau-business-a-la-mode\/\"]}]},{\"@type\":\"ImageObject\",\"inLanguage\":\"fr-FR\",\"@id\":\"https:\/\/lyonbondyblog.fr\/LBB\/la-seconde-main-un-nouveau-business-a-la-mode\/#primaryimage\",\"url\":\"https:\/\/lyonbondyblog.fr\/LBB\/wp-content\/uploads\/2025\/06\/IMG_2152-scaled.jpg\",\"contentUrl\":\"https:\/\/lyonbondyblog.fr\/LBB\/wp-content\/uploads\/2025\/06\/IMG_2152-scaled.jpg\",\"width\":2560,\"height\":1920,\"caption\":\"\u00a9Myriam Mezahem Friperie Troc Nippes, 69003 Lyon\"},{\"@type\":\"WebSite\",\"@id\":\"https:\/\/lyonbondyblog.fr\/LBB\/#website\",\"url\":\"https:\/\/lyonbondyblog.fr\/LBB\/\",\"name\":\"Lyon Bondy Blog\",\"description\":\"\",\"publisher\":{\"@id\":\"https:\/\/lyonbondyblog.fr\/LBB\/#organization\"},\"potentialAction\":[{\"@type\":\"SearchAction\",\"target\":{\"@type\":\"EntryPoint\",\"urlTemplate\":\"https:\/\/lyonbondyblog.fr\/LBB\/?s={search_term_string}\"},\"query-input\":\"required name=search_term_string\"}],\"inLanguage\":\"fr-FR\"},{\"@type\":\"Organization\",\"@id\":\"https:\/\/lyonbondyblog.fr\/LBB\/#organization\",\"name\":\"LYON BONDY BLOG\",\"url\":\"https:\/\/lyonbondyblog.fr\/LBB\/\",\"logo\":{\"@type\":\"ImageObject\",\"inLanguage\":\"fr-FR\",\"@id\":\"https:\/\/lyonbondyblog.fr\/LBB\/#\/schema\/logo\/image\/\",\"url\":\"http:\/\/lyonbondyblog.fr\/LBB\/wp-content\/uploads\/2014\/10\/logo-portable-144.png\",\"contentUrl\":\"http:\/\/lyonbondyblog.fr\/LBB\/wp-content\/uploads\/2014\/10\/logo-portable-144.png\",\"width\":144,\"height\":123,\"caption\":\"LYON BONDY BLOG\"},\"image\":{\"@id\":\"https:\/\/lyonbondyblog.fr\/LBB\/#\/schema\/logo\/image\/\"},\"sameAs\":[\"https:\/\/www.facebook.com\/lyonbondyblog\",\"https:\/\/x.com\/bondybloglyon\"]},{\"@type\":\"Person\",\"@id\":\"https:\/\/lyonbondyblog.fr\/LBB\/#\/schema\/person\/e45f8d27baac75072daa0be50c409b25\",\"name\":\"La r\u00e9daction\",\"description\":\"Cr\u00e9e en 2008, la r\u00e9daction du Lyon Bondy Blog s'applique \u00e0 proposer une information locale diff\u00e9rente et compl\u00e9mentaire des m\u00e9dias traditionnels.\",\"sameAs\":[\"https:\/\/www.facebook.com\/lyonbondyblog\",\"https:\/\/x.com\/BondyBlogLyon\"],\"url\":\"https:\/\/lyonbondyblog.fr\/LBB\/author\/admin\/\"}]}<\/script>\n<!-- \/ Yoast SEO plugin. -->","yoast_head_json":{"title":"La seconde main\u00a0: un nouveau business \u00e0 la mode\u00a0 - Lyon Bondy Blog","robots":{"index":"index","follow":"follow","max-snippet":"max-snippet:-1","max-image-preview":"max-image-preview:large","max-video-preview":"max-video-preview:-1"},"canonical":"https:\/\/lyonbondyblog.fr\/LBB\/la-seconde-main-un-nouveau-business-a-la-mode\/","og_locale":"fr_FR","og_type":"article","og_title":"La seconde main\u00a0: un nouveau business \u00e0 la mode\u00a0 - Lyon Bondy Blog","og_description":"Face aux d\u00e9sastres \u00e9cologiques et sociaux caus\u00e9s par la fast fashion, le march\u00e9 de la seconde main conna\u00eet un essor fulgurant. Devenue tendance, cette pratique &hellip;","og_url":"https:\/\/lyonbondyblog.fr\/LBB\/la-seconde-main-un-nouveau-business-a-la-mode\/","og_site_name":"Lyon Bondy Blog","article_publisher":"https:\/\/www.facebook.com\/lyonbondyblog","article_author":"https:\/\/www.facebook.com\/lyonbondyblog","article_published_time":"2025-07-23T18:00:21+00:00","article_modified_time":"2025-07-29T14:42:40+00:00","og_image":[{"width":851,"height":200,"url":"https:\/\/lyonbondyblog.fr\/LBB\/wp-content\/uploads\/2014\/10\/Bandeau-Site-V2-011-2.jpg","type":"image\/jpeg"}],"author":"La r\u00e9daction","twitter_card":"summary_large_image","twitter_creator":"@BondyBlogLyon","twitter_site":"@bondybloglyon","schema":{"@context":"https:\/\/schema.org","@graph":[{"@type":"Article","@id":"https:\/\/lyonbondyblog.fr\/LBB\/la-seconde-main-un-nouveau-business-a-la-mode\/#article","isPartOf":{"@id":"https:\/\/lyonbondyblog.fr\/LBB\/la-seconde-main-un-nouveau-business-a-la-mode\/"},"author":{"name":"La r\u00e9daction","@id":"https:\/\/lyonbondyblog.fr\/LBB\/#\/schema\/person\/e45f8d27baac75072daa0be50c409b25"},"headline":"La seconde main\u00a0: un nouveau business \u00e0 la mode\u00a0","datePublished":"2025-07-23T18:00:21+00:00","dateModified":"2025-07-29T14:42:40+00:00","mainEntityOfPage":{"@id":"https:\/\/lyonbondyblog.fr\/LBB\/la-seconde-main-un-nouveau-business-a-la-mode\/"},"wordCount":734,"commentCount":0,"publisher":{"@id":"https:\/\/lyonbondyblog.fr\/LBB\/#organization"},"image":{"@id":"https:\/\/lyonbondyblog.fr\/LBB\/la-seconde-main-un-nouveau-business-a-la-mode\/#primaryimage"},"thumbnailUrl":"https:\/\/lyonbondyblog.fr\/LBB\/wp-content\/uploads\/2025\/06\/IMG_2152-scaled.jpg","keywords":["\u00e9cologie","lyon","mode","Seconde main"],"articleSection":["\u00c9cologie","Interview","Lyon"],"inLanguage":"fr-FR","potentialAction":[{"@type":"CommentAction","name":"Comment","target":["https:\/\/lyonbondyblog.fr\/LBB\/la-seconde-main-un-nouveau-business-a-la-mode\/#respond"]}]},{"@type":"WebPage","@id":"https:\/\/lyonbondyblog.fr\/LBB\/la-seconde-main-un-nouveau-business-a-la-mode\/","url":"https:\/\/lyonbondyblog.fr\/LBB\/la-seconde-main-un-nouveau-business-a-la-mode\/","name":"La seconde main\u00a0: un nouveau business \u00e0 la mode\u00a0 - Lyon Bondy Blog","isPartOf":{"@id":"https:\/\/lyonbondyblog.fr\/LBB\/#website"},"primaryImageOfPage":{"@id":"https:\/\/lyonbondyblog.fr\/LBB\/la-seconde-main-un-nouveau-business-a-la-mode\/#primaryimage"},"image":{"@id":"https:\/\/lyonbondyblog.fr\/LBB\/la-seconde-main-un-nouveau-business-a-la-mode\/#primaryimage"},"thumbnailUrl":"https:\/\/lyonbondyblog.fr\/LBB\/wp-content\/uploads\/2025\/06\/IMG_2152-scaled.jpg","datePublished":"2025-07-23T18:00:21+00:00","dateModified":"2025-07-29T14:42:40+00:00","inLanguage":"fr-FR","potentialAction":[{"@type":"ReadAction","target":["https:\/\/lyonbondyblog.fr\/LBB\/la-seconde-main-un-nouveau-business-a-la-mode\/"]}]},{"@type":"ImageObject","inLanguage":"fr-FR","@id":"https:\/\/lyonbondyblog.fr\/LBB\/la-seconde-main-un-nouveau-business-a-la-mode\/#primaryimage","url":"https:\/\/lyonbondyblog.fr\/LBB\/wp-content\/uploads\/2025\/06\/IMG_2152-scaled.jpg","contentUrl":"https:\/\/lyonbondyblog.fr\/LBB\/wp-content\/uploads\/2025\/06\/IMG_2152-scaled.jpg","width":2560,"height":1920,"caption":"\u00a9Myriam Mezahem Friperie Troc Nippes, 69003 Lyon"},{"@type":"WebSite","@id":"https:\/\/lyonbondyblog.fr\/LBB\/#website","url":"https:\/\/lyonbondyblog.fr\/LBB\/","name":"Lyon Bondy Blog","description":"","publisher":{"@id":"https:\/\/lyonbondyblog.fr\/LBB\/#organization"},"potentialAction":[{"@type":"SearchAction","target":{"@type":"EntryPoint","urlTemplate":"https:\/\/lyonbondyblog.fr\/LBB\/?s={search_term_string}"},"query-input":"required name=search_term_string"}],"inLanguage":"fr-FR"},{"@type":"Organization","@id":"https:\/\/lyonbondyblog.fr\/LBB\/#organization","name":"LYON BONDY BLOG","url":"https:\/\/lyonbondyblog.fr\/LBB\/","logo":{"@type":"ImageObject","inLanguage":"fr-FR","@id":"https:\/\/lyonbondyblog.fr\/LBB\/#\/schema\/logo\/image\/","url":"http:\/\/lyonbondyblog.fr\/LBB\/wp-content\/uploads\/2014\/10\/logo-portable-144.png","contentUrl":"http:\/\/lyonbondyblog.fr\/LBB\/wp-content\/uploads\/2014\/10\/logo-portable-144.png","width":144,"height":123,"caption":"LYON BONDY BLOG"},"image":{"@id":"https:\/\/lyonbondyblog.fr\/LBB\/#\/schema\/logo\/image\/"},"sameAs":["https:\/\/www.facebook.com\/lyonbondyblog","https:\/\/x.com\/bondybloglyon"]},{"@type":"Person","@id":"https:\/\/lyonbondyblog.fr\/LBB\/#\/schema\/person\/e45f8d27baac75072daa0be50c409b25","name":"La r\u00e9daction","description":"Cr\u00e9e en 2008, la r\u00e9daction du Lyon Bondy Blog s'applique \u00e0 proposer une information locale diff\u00e9rente et compl\u00e9mentaire des m\u00e9dias traditionnels.","sameAs":["https:\/\/www.facebook.com\/lyonbondyblog","https:\/\/x.com\/BondyBlogLyon"],"url":"https:\/\/lyonbondyblog.fr\/LBB\/author\/admin\/"}]}},"_links":{"self":[{"href":"https:\/\/lyonbondyblog.fr\/LBB\/wp-json\/wp\/v2\/posts\/36669","targetHints":{"allow":["GET"]}}],"collection":[{"href":"https:\/\/lyonbondyblog.fr\/LBB\/wp-json\/wp\/v2\/posts"}],"about":[{"href":"https:\/\/lyonbondyblog.fr\/LBB\/wp-json\/wp\/v2\/types\/post"}],"author":[{"embeddable":true,"href":"https:\/\/lyonbondyblog.fr\/LBB\/wp-json\/wp\/v2\/users\/1"}],"replies":[{"embeddable":true,"href":"https:\/\/lyonbondyblog.fr\/LBB\/wp-json\/wp\/v2\/comments?post=36669"}],"version-history":[{"count":5,"href":"https:\/\/lyonbondyblog.fr\/LBB\/wp-json\/wp\/v2\/posts\/36669\/revisions"}],"predecessor-version":[{"id":36866,"href":"https:\/\/lyonbondyblog.fr\/LBB\/wp-json\/wp\/v2\/posts\/36669\/revisions\/36866"}],"wp:featuredmedia":[{"embeddable":true,"href":"https:\/\/lyonbondyblog.fr\/LBB\/wp-json\/wp\/v2\/media\/36673"}],"wp:attachment":[{"href":"https:\/\/lyonbondyblog.fr\/LBB\/wp-json\/wp\/v2\/media?parent=36669"}],"wp:term":[{"taxonomy":"category","embeddable":true,"href":"https:\/\/lyonbondyblog.fr\/LBB\/wp-json\/wp\/v2\/categories?post=36669"},{"taxonomy":"post_tag","embeddable":true,"href":"https:\/\/lyonbondyblog.fr\/LBB\/wp-json\/wp\/v2\/tags?post=36669"}],"curies":[{"name":"wp","href":"https:\/\/api.w.org\/{rel}","templated":true}]}}