{"id":3666,"date":"2008-06-11T14:43:51","date_gmt":"2008-06-11T12:43:51","guid":{"rendered":"http:\/\/lyonbondyblog.fr\/LBB\/?p=3666"},"modified":"2013-08-06T14:45:12","modified_gmt":"2013-08-06T12:45:12","slug":"lopera-de-lyon-dans-ses-quartiers","status":"publish","type":"post","link":"https:\/\/lyonbondyblog.fr\/LBB\/lopera-de-lyon-dans-ses-quartiers\/","title":{"rendered":"L&rsquo;op\u00e9ra de Lyon dans ses quartiers"},"content":{"rendered":"<p><strong>Le week-end dernier, le projet Kal\u00e9idoscope mettait en texte, en sc\u00e8ne, en d\u00e9cor, et en musique des artistes amateurs dans les quartiers de V\u00e9nissieux et des pentes de la Croix-Rousse. Miriame assist\u00e9 \u00e0 l\u2019un de ces spectacles.<\/strong><\/p>\n<p>Malgr\u00e9 le temps maussade de ce samedi et dimanche derniers, les quartiers de V\u00e9nissieux et des Pentes de la Croix-Rousse \u00e9taient en \u00e9bullition. La manifestation festive de\u00a0<a href=\"http:\/\/www.opera-lyon.com\/Kaleidoscope-Quartiers-en-fete.611.0.html\">Kal\u00e9idoscope<\/a>\u00a0dirig\u00e9 par l&rsquo;Op\u00e9ra de Lyon\u00a0rassemblait les habitants de toutes g\u00e9n\u00e9rations autour de dix sc\u00e8nes r\u00e9parties dans la ville (op\u00e9ra, gospel, hip-hop, chant du monde, etc.), dont le spectacle musicale \u00ab\u00a0la nuit des r\u00eaves\u00a0\u00bb. C\u2019\u00e9tait l\u2019occasion pour moi de retrouver\u00a0<a href=\"http:\/\/20minutes.lyonbondyblog.fr\/news\/une-mere-au-foyer-chante-a-l-opera-de-lyon\">Mme Chouabbia<\/a>\u00a0sur sc\u00e8ne avec le groupe \u00ab\u00a0Les \u00e9toiles du soleil\u00a0\u00bb.<\/p>\n<p>Ces \u00ab\u00a0\u00e9toiles\u00a0\u00bb ne sont pas ces danseuses que l\u2019on trouve habituellement \u00e0 l\u2019op\u00e9ra mais sont des femmes en alphab\u00e9tisation, b\u00e9n\u00e9voles et salari\u00e9es du centre social Eug\u00e9nie Cotton de V\u00e9nissieux. Une mani\u00e8re de se prouver que l\u2019art est \u00e0 la port\u00e9e de toutes et de tous. Cet apr\u00e8s-midi-l\u00e0, la petite place o\u00f9 se trouvait leur sc\u00e8ne \u00e9tait remplie d\u2019une centaine de personnes venues \u00e9couter le concert et les interm\u00e8des entre chaque spectacle. En tout, la troupe s\u2019est produite 4 fois pendant 1h30, devant une assembl\u00e9e familiale o\u00f9 se m\u00ealaient enfants, parents et \u00e9lus de la municipalit\u00e9 de Lyon.<\/p>\n<p>Pour ce qui est de l\u2019ambiance, je vous laisse d\u00e9couvrir les quelques images suivantes dans le diaporama\u00a0:<\/p>\n<p>&nbsp;<\/p>\n<p><i>Le projet Kal\u00e9idoscope est port\u00e9 par le p\u00f4le de d\u00e9veloppement culturel de l\u2019Op\u00e9ra de Lyon, en collaboration avec Pandora et le centre des musiques traditionnelles Rh\u00f4ne-Alpes, et avec le partenariat de la Ville de Lyon, la Ville de V\u00e9nissieux et le Grand-Lyon.<\/i><\/p>\n<p>Pour en savoir\u00a0<a href=\"http:\/\/www.opera-lyon.com\/Kaleidoscope.539.0.html\">plus<\/a><\/p>\n<p><span style=\"text-decoration: underline;\">Par Miriame Chorfa<\/span><\/p>\n<!-- AddThis Advanced Settings generic via filter on the_content --><!-- AddThis Share Buttons generic via filter on the_content -->","protected":false},"excerpt":{"rendered":"<p>Le week-end dernier, le projet Kal\u00e9idoscope mettait en texte, en sc\u00e8ne, en d\u00e9cor, et en musique des artistes amateurs dans les quartiers de V\u00e9nissieux et &hellip; <!-- AddThis Advanced Settings generic via filter on wp_trim_excerpt --><!-- AddThis Share Buttons generic via filter on wp_trim_excerpt --><\/p>\n","protected":false},"author":1,"featured_media":0,"comment_status":"open","ping_status":"open","sticky":false,"template":"","format":"standard","meta":{"_FSMCFIC_featured_image_caption":"","_FSMCFIC_featured_image_nocaption":"","_FSMCFIC_featured_image_hide":"","footnotes":""},"categories":[4],"tags":[],"class_list":["post-3666","post","type-post","status-publish","format-standard","hentry","category-lyon"],"yoast_head":"<!-- This site is optimized with the Yoast SEO plugin v22.8 - https:\/\/yoast.com\/wordpress\/plugins\/seo\/ -->\n<title>L&#039;op\u00e9ra de Lyon dans ses quartiers - Lyon Bondy Blog<\/title>\n<meta name=\"robots\" content=\"index, follow, max-snippet:-1, max-image-preview:large, max-video-preview:-1\" \/>\n<link rel=\"canonical\" href=\"https:\/\/lyonbondyblog.fr\/LBB\/lopera-de-lyon-dans-ses-quartiers\/\" \/>\n<meta property=\"og:locale\" content=\"fr_FR\" \/>\n<meta property=\"og:type\" content=\"article\" \/>\n<meta property=\"og:title\" content=\"L&#039;op\u00e9ra de Lyon dans ses quartiers - Lyon Bondy Blog\" \/>\n<meta property=\"og:description\" content=\"Le week-end dernier, le projet Kal\u00e9idoscope mettait en texte, en sc\u00e8ne, en d\u00e9cor, et en musique des artistes amateurs dans les quartiers de V\u00e9nissieux et &hellip;\" \/>\n<meta property=\"og:url\" content=\"https:\/\/lyonbondyblog.fr\/LBB\/lopera-de-lyon-dans-ses-quartiers\/\" \/>\n<meta property=\"og:site_name\" content=\"Lyon Bondy Blog\" \/>\n<meta property=\"article:publisher\" content=\"https:\/\/www.facebook.com\/lyonbondyblog\" \/>\n<meta property=\"article:author\" content=\"https:\/\/www.facebook.com\/lyonbondyblog\" \/>\n<meta property=\"article:published_time\" content=\"2008-06-11T12:43:51+00:00\" \/>\n<meta property=\"article:modified_time\" content=\"2013-08-06T12:45:12+00:00\" \/>\n<meta property=\"og:image\" content=\"https:\/\/lyonbondyblog.fr\/LBB\/wp-content\/uploads\/2014\/10\/Bandeau-Site-V2-011-2.jpg\" \/>\n\t<meta property=\"og:image:width\" content=\"851\" \/>\n\t<meta property=\"og:image:height\" content=\"200\" \/>\n\t<meta property=\"og:image:type\" content=\"image\/jpeg\" \/>\n<meta name=\"author\" content=\"La r\u00e9daction\" \/>\n<meta name=\"twitter:card\" content=\"summary_large_image\" \/>\n<meta name=\"twitter:creator\" content=\"@BondyBlogLyon\" \/>\n<meta name=\"twitter:site\" content=\"@bondybloglyon\" \/>\n<script type=\"application\/ld+json\" class=\"yoast-schema-graph\">{\"@context\":\"https:\/\/schema.org\",\"@graph\":[{\"@type\":\"Article\",\"@id\":\"https:\/\/lyonbondyblog.fr\/LBB\/lopera-de-lyon-dans-ses-quartiers\/#article\",\"isPartOf\":{\"@id\":\"https:\/\/lyonbondyblog.fr\/LBB\/lopera-de-lyon-dans-ses-quartiers\/\"},\"author\":{\"name\":\"La r\u00e9daction\",\"@id\":\"https:\/\/lyonbondyblog.fr\/LBB\/#\/schema\/person\/e45f8d27baac75072daa0be50c409b25\"},\"headline\":\"L&rsquo;op\u00e9ra de Lyon dans ses quartiers\",\"datePublished\":\"2008-06-11T12:43:51+00:00\",\"dateModified\":\"2013-08-06T12:45:12+00:00\",\"mainEntityOfPage\":{\"@id\":\"https:\/\/lyonbondyblog.fr\/LBB\/lopera-de-lyon-dans-ses-quartiers\/\"},\"wordCount\":328,\"commentCount\":0,\"publisher\":{\"@id\":\"https:\/\/lyonbondyblog.fr\/LBB\/#organization\"},\"articleSection\":[\"Lyon\"],\"inLanguage\":\"fr-FR\",\"potentialAction\":[{\"@type\":\"CommentAction\",\"name\":\"Comment\",\"target\":[\"https:\/\/lyonbondyblog.fr\/LBB\/lopera-de-lyon-dans-ses-quartiers\/#respond\"]}]},{\"@type\":\"WebPage\",\"@id\":\"https:\/\/lyonbondyblog.fr\/LBB\/lopera-de-lyon-dans-ses-quartiers\/\",\"url\":\"https:\/\/lyonbondyblog.fr\/LBB\/lopera-de-lyon-dans-ses-quartiers\/\",\"name\":\"L'op\u00e9ra de Lyon dans ses quartiers - Lyon Bondy Blog\",\"isPartOf\":{\"@id\":\"https:\/\/lyonbondyblog.fr\/LBB\/#website\"},\"datePublished\":\"2008-06-11T12:43:51+00:00\",\"dateModified\":\"2013-08-06T12:45:12+00:00\",\"inLanguage\":\"fr-FR\",\"potentialAction\":[{\"@type\":\"ReadAction\",\"target\":[\"https:\/\/lyonbondyblog.fr\/LBB\/lopera-de-lyon-dans-ses-quartiers\/\"]}]},{\"@type\":\"WebSite\",\"@id\":\"https:\/\/lyonbondyblog.fr\/LBB\/#website\",\"url\":\"https:\/\/lyonbondyblog.fr\/LBB\/\",\"name\":\"Lyon Bondy Blog\",\"description\":\"\",\"publisher\":{\"@id\":\"https:\/\/lyonbondyblog.fr\/LBB\/#organization\"},\"potentialAction\":[{\"@type\":\"SearchAction\",\"target\":{\"@type\":\"EntryPoint\",\"urlTemplate\":\"https:\/\/lyonbondyblog.fr\/LBB\/?s={search_term_string}\"},\"query-input\":\"required name=search_term_string\"}],\"inLanguage\":\"fr-FR\"},{\"@type\":\"Organization\",\"@id\":\"https:\/\/lyonbondyblog.fr\/LBB\/#organization\",\"name\":\"LYON BONDY BLOG\",\"url\":\"https:\/\/lyonbondyblog.fr\/LBB\/\",\"logo\":{\"@type\":\"ImageObject\",\"inLanguage\":\"fr-FR\",\"@id\":\"https:\/\/lyonbondyblog.fr\/LBB\/#\/schema\/logo\/image\/\",\"url\":\"http:\/\/lyonbondyblog.fr\/LBB\/wp-content\/uploads\/2014\/10\/logo-portable-144.png\",\"contentUrl\":\"http:\/\/lyonbondyblog.fr\/LBB\/wp-content\/uploads\/2014\/10\/logo-portable-144.png\",\"width\":144,\"height\":123,\"caption\":\"LYON BONDY BLOG\"},\"image\":{\"@id\":\"https:\/\/lyonbondyblog.fr\/LBB\/#\/schema\/logo\/image\/\"},\"sameAs\":[\"https:\/\/www.facebook.com\/lyonbondyblog\",\"https:\/\/x.com\/bondybloglyon\"]},{\"@type\":\"Person\",\"@id\":\"https:\/\/lyonbondyblog.fr\/LBB\/#\/schema\/person\/e45f8d27baac75072daa0be50c409b25\",\"name\":\"La r\u00e9daction\",\"description\":\"Cr\u00e9e en 2008, la r\u00e9daction du Lyon Bondy Blog s'applique \u00e0 proposer une information locale diff\u00e9rente et compl\u00e9mentaire des m\u00e9dias traditionnels.\",\"sameAs\":[\"https:\/\/www.facebook.com\/lyonbondyblog\",\"https:\/\/x.com\/BondyBlogLyon\"],\"url\":\"https:\/\/lyonbondyblog.fr\/LBB\/author\/admin\/\"}]}<\/script>\n<!-- \/ Yoast SEO plugin. -->","yoast_head_json":{"title":"L'op\u00e9ra de Lyon dans ses quartiers - Lyon Bondy Blog","robots":{"index":"index","follow":"follow","max-snippet":"max-snippet:-1","max-image-preview":"max-image-preview:large","max-video-preview":"max-video-preview:-1"},"canonical":"https:\/\/lyonbondyblog.fr\/LBB\/lopera-de-lyon-dans-ses-quartiers\/","og_locale":"fr_FR","og_type":"article","og_title":"L'op\u00e9ra de Lyon dans ses quartiers - Lyon Bondy Blog","og_description":"Le week-end dernier, le projet Kal\u00e9idoscope mettait en texte, en sc\u00e8ne, en d\u00e9cor, et en musique des artistes amateurs dans les quartiers de V\u00e9nissieux et &hellip;","og_url":"https:\/\/lyonbondyblog.fr\/LBB\/lopera-de-lyon-dans-ses-quartiers\/","og_site_name":"Lyon Bondy Blog","article_publisher":"https:\/\/www.facebook.com\/lyonbondyblog","article_author":"https:\/\/www.facebook.com\/lyonbondyblog","article_published_time":"2008-06-11T12:43:51+00:00","article_modified_time":"2013-08-06T12:45:12+00:00","og_image":[{"width":851,"height":200,"url":"https:\/\/lyonbondyblog.fr\/LBB\/wp-content\/uploads\/2014\/10\/Bandeau-Site-V2-011-2.jpg","type":"image\/jpeg"}],"author":"La r\u00e9daction","twitter_card":"summary_large_image","twitter_creator":"@BondyBlogLyon","twitter_site":"@bondybloglyon","schema":{"@context":"https:\/\/schema.org","@graph":[{"@type":"Article","@id":"https:\/\/lyonbondyblog.fr\/LBB\/lopera-de-lyon-dans-ses-quartiers\/#article","isPartOf":{"@id":"https:\/\/lyonbondyblog.fr\/LBB\/lopera-de-lyon-dans-ses-quartiers\/"},"author":{"name":"La r\u00e9daction","@id":"https:\/\/lyonbondyblog.fr\/LBB\/#\/schema\/person\/e45f8d27baac75072daa0be50c409b25"},"headline":"L&rsquo;op\u00e9ra de Lyon dans ses quartiers","datePublished":"2008-06-11T12:43:51+00:00","dateModified":"2013-08-06T12:45:12+00:00","mainEntityOfPage":{"@id":"https:\/\/lyonbondyblog.fr\/LBB\/lopera-de-lyon-dans-ses-quartiers\/"},"wordCount":328,"commentCount":0,"publisher":{"@id":"https:\/\/lyonbondyblog.fr\/LBB\/#organization"},"articleSection":["Lyon"],"inLanguage":"fr-FR","potentialAction":[{"@type":"CommentAction","name":"Comment","target":["https:\/\/lyonbondyblog.fr\/LBB\/lopera-de-lyon-dans-ses-quartiers\/#respond"]}]},{"@type":"WebPage","@id":"https:\/\/lyonbondyblog.fr\/LBB\/lopera-de-lyon-dans-ses-quartiers\/","url":"https:\/\/lyonbondyblog.fr\/LBB\/lopera-de-lyon-dans-ses-quartiers\/","name":"L'op\u00e9ra de Lyon dans ses quartiers - Lyon Bondy Blog","isPartOf":{"@id":"https:\/\/lyonbondyblog.fr\/LBB\/#website"},"datePublished":"2008-06-11T12:43:51+00:00","dateModified":"2013-08-06T12:45:12+00:00","inLanguage":"fr-FR","potentialAction":[{"@type":"ReadAction","target":["https:\/\/lyonbondyblog.fr\/LBB\/lopera-de-lyon-dans-ses-quartiers\/"]}]},{"@type":"WebSite","@id":"https:\/\/lyonbondyblog.fr\/LBB\/#website","url":"https:\/\/lyonbondyblog.fr\/LBB\/","name":"Lyon Bondy Blog","description":"","publisher":{"@id":"https:\/\/lyonbondyblog.fr\/LBB\/#organization"},"potentialAction":[{"@type":"SearchAction","target":{"@type":"EntryPoint","urlTemplate":"https:\/\/lyonbondyblog.fr\/LBB\/?s={search_term_string}"},"query-input":"required name=search_term_string"}],"inLanguage":"fr-FR"},{"@type":"Organization","@id":"https:\/\/lyonbondyblog.fr\/LBB\/#organization","name":"LYON BONDY BLOG","url":"https:\/\/lyonbondyblog.fr\/LBB\/","logo":{"@type":"ImageObject","inLanguage":"fr-FR","@id":"https:\/\/lyonbondyblog.fr\/LBB\/#\/schema\/logo\/image\/","url":"http:\/\/lyonbondyblog.fr\/LBB\/wp-content\/uploads\/2014\/10\/logo-portable-144.png","contentUrl":"http:\/\/lyonbondyblog.fr\/LBB\/wp-content\/uploads\/2014\/10\/logo-portable-144.png","width":144,"height":123,"caption":"LYON BONDY BLOG"},"image":{"@id":"https:\/\/lyonbondyblog.fr\/LBB\/#\/schema\/logo\/image\/"},"sameAs":["https:\/\/www.facebook.com\/lyonbondyblog","https:\/\/x.com\/bondybloglyon"]},{"@type":"Person","@id":"https:\/\/lyonbondyblog.fr\/LBB\/#\/schema\/person\/e45f8d27baac75072daa0be50c409b25","name":"La r\u00e9daction","description":"Cr\u00e9e en 2008, la r\u00e9daction du Lyon Bondy Blog s'applique \u00e0 proposer une information locale diff\u00e9rente et compl\u00e9mentaire des m\u00e9dias traditionnels.","sameAs":["https:\/\/www.facebook.com\/lyonbondyblog","https:\/\/x.com\/BondyBlogLyon"],"url":"https:\/\/lyonbondyblog.fr\/LBB\/author\/admin\/"}]}},"_links":{"self":[{"href":"https:\/\/lyonbondyblog.fr\/LBB\/wp-json\/wp\/v2\/posts\/3666","targetHints":{"allow":["GET"]}}],"collection":[{"href":"https:\/\/lyonbondyblog.fr\/LBB\/wp-json\/wp\/v2\/posts"}],"about":[{"href":"https:\/\/lyonbondyblog.fr\/LBB\/wp-json\/wp\/v2\/types\/post"}],"author":[{"embeddable":true,"href":"https:\/\/lyonbondyblog.fr\/LBB\/wp-json\/wp\/v2\/users\/1"}],"replies":[{"embeddable":true,"href":"https:\/\/lyonbondyblog.fr\/LBB\/wp-json\/wp\/v2\/comments?post=3666"}],"version-history":[{"count":0,"href":"https:\/\/lyonbondyblog.fr\/LBB\/wp-json\/wp\/v2\/posts\/3666\/revisions"}],"wp:attachment":[{"href":"https:\/\/lyonbondyblog.fr\/LBB\/wp-json\/wp\/v2\/media?parent=3666"}],"wp:term":[{"taxonomy":"category","embeddable":true,"href":"https:\/\/lyonbondyblog.fr\/LBB\/wp-json\/wp\/v2\/categories?post=3666"},{"taxonomy":"post_tag","embeddable":true,"href":"https:\/\/lyonbondyblog.fr\/LBB\/wp-json\/wp\/v2\/tags?post=3666"}],"curies":[{"name":"wp","href":"https:\/\/api.w.org\/{rel}","templated":true}]}}