{"id":3655,"date":"2008-06-25T14:38:54","date_gmt":"2008-06-25T12:38:54","guid":{"rendered":"http:\/\/lyonbondyblog.fr\/LBB\/?p=3655"},"modified":"2013-08-06T14:40:27","modified_gmt":"2013-08-06T12:40:27","slug":"sourd-malentendant-et-directeur-musical","status":"publish","type":"post","link":"https:\/\/lyonbondyblog.fr\/LBB\/sourd-malentendant-et-directeur-musical\/","title":{"rendered":"Sourd-malentendant et directeur musical !"},"content":{"rendered":"<p><strong>Portrait de Johan, sourd-malentendant de naissance qui va progressivement compenser son handicap en s\u2019ext\u00e9riorisant gr\u00e2ce \u00e0 la musique. D\u00e9couvrez son parcours tout en percussions.<\/strong><\/p>\n<div><\/div>\n<div><\/div>\n<p align=\"justify\">En me rendant sur la place des Charpennes vendredi dernier, pour mon rendez-vous avec Johan Lloret, je me demandais comment cet homme sourd-malentendant de naissance avait bien pu faire pour devenir aujourd\u2019hui directeur musical d\u2019un groupe de percussions. Est-ce une mani\u00e8re diff\u00e9rente de ressentir dans son corps ce que l\u2019ou\u00efe ne capte plus\u00a0? Lorsque j\u2019arrive \u00e0 sa rencontre, Johan vient de sortir d\u2019un cours de percu qu\u2019il donne \u00e0 des jeunes\u00a0:\u00a0<i>\u00ab\u00a0Des basses et des aigus, ce qu\u2019un sourd per\u00e7oit le plus facilement.\u00a0\u00bb<\/i>\u00a0Profitant du beau temps \u00e0 la terrasse d\u2019un caf\u00e9, il se met alors \u00e0 me raconter son parcours.<\/p>\n<p align=\"justify\">Le 19 mars 1971, \u00e0 Oullins, Johan na\u00eet pr\u00e9matur\u00e9ment. Son poids exceptionnel de 700 gr sera la cause d\u2019une perte d\u2019audition de 50 %. Inscrit dans des \u00e9coles traditionnelles jusqu\u2019\u00e0 l\u2019\u00e2ge de 15 ans, sa scolarit\u00e9 est difficile et chaotique. Alors pour pallier \u00e0 sa surdit\u00e9, Johan trouve une autre passion\u00a0: il s\u2019exprime \u00e0 travers le dessin en int\u00e9grant l\u2019\u00e9cole \u00c9mile Colh, \u00e0 Lyon, dans le cadre d\u2019une formation professionnelle. Il parviendra au niveau de peintre illustrateur.<\/p>\n<p align=\"justify\">En fin de compte sa surdit\u00e9 n\u2019est pas un handicap r\u00e9dhibitoire. En tant que fils de musicien, il d\u00e9veloppe d\u2019autre sens et s\u2019oriente vers la batterie, la percussion \u2013\u00a0qu\u2019il pratique depuis la petite enfance. S\u2019il conc\u00e8de qu\u2019en g\u00e9n\u00e9ral\u00a0<i>\u00ab\u00a0un malentendant est plut\u00f4t repli\u00e9 sur lui-m\u00eame<\/i>\u00a0\u00bb, il n\u2019en est pas de m\u00eame pour lui\u00a0: d\u00e8s l\u2019\u00e2ge de 16 ans, Johan s\u2019ext\u00e9riorise tout doucement, commence \u00e0 se produire sur sc\u00e8ne. \u00c0 20 ans, on le rep\u00e8re et lui propose d\u2019int\u00e9grer un groupe en tant que batteur. De ces diff\u00e9rentes rencontres et sa curiosit\u00e9 d\u2019\u00e9largir ses connaissances musicales, il trouve la motivation pour travailler plus particuli\u00e8rement les percussions (orientales, africaines, latinos, br\u00e9siliennes).<\/p>\n<p align=\"justify\"><a title=\"Zoom\" href=\"http:\/\/20minutes.lyonbondyblog.fr\/images\/SP_A0132.jpg\"><img loading=\"lazy\" decoding=\"async\" alt=\"\" src=\"http:\/\/20minutes.lyonbondyblog.fr\/images\/SP_A0132_t.jpg\" width=\"193\" height=\"145\" align=\"right\" border=\"0\" \/><\/a>Puis c\u2019est au tour de cet ancien \u00e9l\u00e8ve en \u00e9chec scolaire de devenir professeur\u00a0:\u00a0<i>\u00ab\u00a0La premi\u00e8re fois que j\u2019ai donn\u00e9 mon 1er cours de batterie, il fallait transmettre mon savoir, s\u2019exprimer en public\u2026\u00a0\u00bb<\/i>\u00a0Il pensait alors qu\u2019il ne pouvait pas apporter aux autres. Mais pass\u00e9es les premi\u00e8res angoisses, il r\u00e9ussit \u00e0 surmonter ses difficult\u00e9s en encadrant un groupe en tant que chef d\u2019orchestre. De caract\u00e8re introverti, Johan dit encore aujourd\u2019hui que\u00a0<i>\u00ab\u00a0l\u2019handicap du sourd, c\u2019est le doute, le manque de confiance\u00a0\u00bb\u00a0<\/i>et c\u2019est seulement au moment o\u00f9 il a commenc\u00e9 \u00e0 transmettre, qu\u2019il s\u2019est senti capable d\u2019apprendre aux autres, de s\u2019ext\u00e9rioriser. Il s\u2019aper\u00e7oit alors qu\u2019il existe pour les autres.<\/p>\n<p align=\"justify\">En 1996 et 1998, lors des d\u00e9fil\u00e9s de la Biennale de la danse, on lui confie la responsabilit\u00e9 de former l\u2019\u00e9quipe musicale de percussions du quartier de la Croix-Rousse. En parall\u00e8le, on lui propose d\u2019animer diff\u00e9rentes structures associatives ou des centres sociaux, des espaces jeunes, p\u00e9riscolaires\u2026 En 2002, Johan est engag\u00e9 par la salle des Rancys avant d\u2019\u00eatre engag\u00e9 en 2006 par la Ville de V\u00e9nissieux. On lui propose d\u2019\u00eatre responsable de la direction musicale (compositeur, arrangeur, formateur).<\/p>\n<p align=\"justify\">Mais cette responsabilit\u00e9 ne l\u2019a pas \u00e9cart\u00e9 pour autant de ces jeunes qui, comme lui, contournent leur handicap par une activit\u00e9 artistique. Il continue de donner des cours hebdomadaires \u00e0 des jeunes adolescents non-voyants et handicap\u00e9s au sein de diff\u00e9rentes structures\u00a0: Grapillon \u00e0 St-Foys-les-Lyons et \u00e0 l\u2019\u00c9cole des aveugles de Villeurbanne. Il encadre ces groupes avec l\u2019aide des \u00e9ducateurs sp\u00e9cialis\u00e9s, pour former une<i>batucada<\/i>\u00a0(percussion br\u00e9silienne). Un contact enrichissant qui demande plus de subtilit\u00e9 et de patience.<\/p>\n<p align=\"justify\">Ce sont ce genre d\u2019exp\u00e9riences qui lui ont permis de devenir aujourd\u2019hui directeur musical du groupe de percussions Bandana, tout en continuant son parcours de batteur au c\u00f4t\u00e9 d\u2019autres artistes. Qui aurait pu croire un jour qu\u2019il vivrait maintenant enti\u00e8rement de la musique\u00a0!<\/p>\n<p align=\"justify\"><object width=\"320\" height=\"240\" classid=\"clsid:d27cdb6e-ae6d-11cf-96b8-444553540000\" codebase=\"http:\/\/download.macromedia.com\/pub\/shockwave\/cabs\/flash\/swflash.cab#version=6,0,40,0\"><param name=\"src\" value=\"http:\/\/www.dailymotion.com\/video\/x5t9bx_johan-lloret-2_music?start=1\" \/><embed width=\"320\" height=\"240\" type=\"application\/x-shockwave-flash\" src=\"http:\/\/www.dailymotion.com\/video\/x5t9bx_johan-lloret-2_music?start=1\" \/><\/object><\/p>\n<p align=\"justify\"><span style=\"text-decoration: underline;\">Par Miriame Chorfa<\/span><\/p>\n<p align=\"justify\">Pour retrouver les liens de ces groupes\u00a0:<\/p>\n<p><a href=\"http:\/\/www.batucadabandana.com\/\"><span style=\"text-decoration: underline;\"><span style=\"color: #0000ff;\">www.batucadabandana.com<\/span><\/span><\/a><\/p>\n<p><span style=\"text-decoration: underline;\"><span style=\"color: #0000ff;\"><a href=\"http:\/\/www.grupocamba.com\/\">www.grupocamba.com<\/a><\/span><\/span><\/p>\n<p><span style=\"text-decoration: underline;\">\u00a0<\/span><\/p>\n<!-- AddThis Advanced Settings generic via filter on the_content --><!-- AddThis Share Buttons generic via filter on the_content -->","protected":false},"excerpt":{"rendered":"<p>Portrait de Johan, sourd-malentendant de naissance qui va progressivement compenser son handicap en s\u2019ext\u00e9riorisant gr\u00e2ce \u00e0 la musique. D\u00e9couvrez son parcours tout en percussions. En &hellip; <!-- AddThis Advanced Settings generic via filter on wp_trim_excerpt --><!-- AddThis Share Buttons generic via filter on wp_trim_excerpt --><\/p>\n","protected":false},"author":1,"featured_media":0,"comment_status":"open","ping_status":"open","sticky":false,"template":"","format":"standard","meta":{"_FSMCFIC_featured_image_caption":"","_FSMCFIC_featured_image_nocaption":"","_FSMCFIC_featured_image_hide":"","footnotes":""},"categories":[4],"tags":[],"class_list":["post-3655","post","type-post","status-publish","format-standard","hentry","category-lyon"],"yoast_head":"<!-- This site is optimized with the Yoast SEO plugin v22.8 - https:\/\/yoast.com\/wordpress\/plugins\/seo\/ -->\n<title>Sourd-malentendant et directeur musical ! - Lyon Bondy Blog<\/title>\n<meta name=\"robots\" content=\"index, follow, max-snippet:-1, max-image-preview:large, max-video-preview:-1\" \/>\n<link rel=\"canonical\" href=\"https:\/\/lyonbondyblog.fr\/LBB\/sourd-malentendant-et-directeur-musical\/\" \/>\n<meta property=\"og:locale\" content=\"fr_FR\" \/>\n<meta property=\"og:type\" content=\"article\" \/>\n<meta property=\"og:title\" content=\"Sourd-malentendant et directeur musical ! - Lyon Bondy Blog\" \/>\n<meta property=\"og:description\" content=\"Portrait de Johan, sourd-malentendant de naissance qui va progressivement compenser son handicap en s\u2019ext\u00e9riorisant gr\u00e2ce \u00e0 la musique. D\u00e9couvrez son parcours tout en percussions. En &hellip;\" \/>\n<meta property=\"og:url\" content=\"https:\/\/lyonbondyblog.fr\/LBB\/sourd-malentendant-et-directeur-musical\/\" \/>\n<meta property=\"og:site_name\" content=\"Lyon Bondy Blog\" \/>\n<meta property=\"article:publisher\" content=\"https:\/\/www.facebook.com\/lyonbondyblog\" \/>\n<meta property=\"article:author\" content=\"https:\/\/www.facebook.com\/lyonbondyblog\" \/>\n<meta property=\"article:published_time\" content=\"2008-06-25T12:38:54+00:00\" \/>\n<meta property=\"article:modified_time\" content=\"2013-08-06T12:40:27+00:00\" \/>\n<meta property=\"og:image\" content=\"http:\/\/20minutes.lyonbondyblog.fr\/images\/SP_A0132_t.jpg\" \/>\n<meta name=\"author\" content=\"La r\u00e9daction\" \/>\n<meta name=\"twitter:card\" content=\"summary_large_image\" \/>\n<meta name=\"twitter:creator\" content=\"@BondyBlogLyon\" \/>\n<meta name=\"twitter:site\" content=\"@bondybloglyon\" \/>\n<script type=\"application\/ld+json\" class=\"yoast-schema-graph\">{\"@context\":\"https:\/\/schema.org\",\"@graph\":[{\"@type\":\"Article\",\"@id\":\"https:\/\/lyonbondyblog.fr\/LBB\/sourd-malentendant-et-directeur-musical\/#article\",\"isPartOf\":{\"@id\":\"https:\/\/lyonbondyblog.fr\/LBB\/sourd-malentendant-et-directeur-musical\/\"},\"author\":{\"name\":\"La r\u00e9daction\",\"@id\":\"https:\/\/lyonbondyblog.fr\/LBB\/#\/schema\/person\/e45f8d27baac75072daa0be50c409b25\"},\"headline\":\"Sourd-malentendant et directeur musical !\",\"datePublished\":\"2008-06-25T12:38:54+00:00\",\"dateModified\":\"2013-08-06T12:40:27+00:00\",\"mainEntityOfPage\":{\"@id\":\"https:\/\/lyonbondyblog.fr\/LBB\/sourd-malentendant-et-directeur-musical\/\"},\"wordCount\":711,\"commentCount\":0,\"publisher\":{\"@id\":\"https:\/\/lyonbondyblog.fr\/LBB\/#organization\"},\"image\":{\"@id\":\"https:\/\/lyonbondyblog.fr\/LBB\/sourd-malentendant-et-directeur-musical\/#primaryimage\"},\"thumbnailUrl\":\"http:\/\/20minutes.lyonbondyblog.fr\/images\/SP_A0132_t.jpg\",\"articleSection\":[\"Lyon\"],\"inLanguage\":\"fr-FR\",\"potentialAction\":[{\"@type\":\"CommentAction\",\"name\":\"Comment\",\"target\":[\"https:\/\/lyonbondyblog.fr\/LBB\/sourd-malentendant-et-directeur-musical\/#respond\"]}]},{\"@type\":\"WebPage\",\"@id\":\"https:\/\/lyonbondyblog.fr\/LBB\/sourd-malentendant-et-directeur-musical\/\",\"url\":\"https:\/\/lyonbondyblog.fr\/LBB\/sourd-malentendant-et-directeur-musical\/\",\"name\":\"Sourd-malentendant et directeur musical ! - Lyon Bondy Blog\",\"isPartOf\":{\"@id\":\"https:\/\/lyonbondyblog.fr\/LBB\/#website\"},\"primaryImageOfPage\":{\"@id\":\"https:\/\/lyonbondyblog.fr\/LBB\/sourd-malentendant-et-directeur-musical\/#primaryimage\"},\"image\":{\"@id\":\"https:\/\/lyonbondyblog.fr\/LBB\/sourd-malentendant-et-directeur-musical\/#primaryimage\"},\"thumbnailUrl\":\"http:\/\/20minutes.lyonbondyblog.fr\/images\/SP_A0132_t.jpg\",\"datePublished\":\"2008-06-25T12:38:54+00:00\",\"dateModified\":\"2013-08-06T12:40:27+00:00\",\"inLanguage\":\"fr-FR\",\"potentialAction\":[{\"@type\":\"ReadAction\",\"target\":[\"https:\/\/lyonbondyblog.fr\/LBB\/sourd-malentendant-et-directeur-musical\/\"]}]},{\"@type\":\"ImageObject\",\"inLanguage\":\"fr-FR\",\"@id\":\"https:\/\/lyonbondyblog.fr\/LBB\/sourd-malentendant-et-directeur-musical\/#primaryimage\",\"url\":\"http:\/\/20minutes.lyonbondyblog.fr\/images\/SP_A0132_t.jpg\",\"contentUrl\":\"http:\/\/20minutes.lyonbondyblog.fr\/images\/SP_A0132_t.jpg\"},{\"@type\":\"WebSite\",\"@id\":\"https:\/\/lyonbondyblog.fr\/LBB\/#website\",\"url\":\"https:\/\/lyonbondyblog.fr\/LBB\/\",\"name\":\"Lyon Bondy Blog\",\"description\":\"\",\"publisher\":{\"@id\":\"https:\/\/lyonbondyblog.fr\/LBB\/#organization\"},\"potentialAction\":[{\"@type\":\"SearchAction\",\"target\":{\"@type\":\"EntryPoint\",\"urlTemplate\":\"https:\/\/lyonbondyblog.fr\/LBB\/?s={search_term_string}\"},\"query-input\":\"required name=search_term_string\"}],\"inLanguage\":\"fr-FR\"},{\"@type\":\"Organization\",\"@id\":\"https:\/\/lyonbondyblog.fr\/LBB\/#organization\",\"name\":\"LYON BONDY BLOG\",\"url\":\"https:\/\/lyonbondyblog.fr\/LBB\/\",\"logo\":{\"@type\":\"ImageObject\",\"inLanguage\":\"fr-FR\",\"@id\":\"https:\/\/lyonbondyblog.fr\/LBB\/#\/schema\/logo\/image\/\",\"url\":\"http:\/\/lyonbondyblog.fr\/LBB\/wp-content\/uploads\/2014\/10\/logo-portable-144.png\",\"contentUrl\":\"http:\/\/lyonbondyblog.fr\/LBB\/wp-content\/uploads\/2014\/10\/logo-portable-144.png\",\"width\":144,\"height\":123,\"caption\":\"LYON BONDY BLOG\"},\"image\":{\"@id\":\"https:\/\/lyonbondyblog.fr\/LBB\/#\/schema\/logo\/image\/\"},\"sameAs\":[\"https:\/\/www.facebook.com\/lyonbondyblog\",\"https:\/\/x.com\/bondybloglyon\"]},{\"@type\":\"Person\",\"@id\":\"https:\/\/lyonbondyblog.fr\/LBB\/#\/schema\/person\/e45f8d27baac75072daa0be50c409b25\",\"name\":\"La r\u00e9daction\",\"description\":\"Cr\u00e9e en 2008, la r\u00e9daction du Lyon Bondy Blog s'applique \u00e0 proposer une information locale diff\u00e9rente et compl\u00e9mentaire des m\u00e9dias traditionnels.\",\"sameAs\":[\"https:\/\/www.facebook.com\/lyonbondyblog\",\"https:\/\/x.com\/BondyBlogLyon\"],\"url\":\"https:\/\/lyonbondyblog.fr\/LBB\/author\/admin\/\"}]}<\/script>\n<!-- \/ Yoast SEO plugin. -->","yoast_head_json":{"title":"Sourd-malentendant et directeur musical ! - Lyon Bondy Blog","robots":{"index":"index","follow":"follow","max-snippet":"max-snippet:-1","max-image-preview":"max-image-preview:large","max-video-preview":"max-video-preview:-1"},"canonical":"https:\/\/lyonbondyblog.fr\/LBB\/sourd-malentendant-et-directeur-musical\/","og_locale":"fr_FR","og_type":"article","og_title":"Sourd-malentendant et directeur musical ! - Lyon Bondy Blog","og_description":"Portrait de Johan, sourd-malentendant de naissance qui va progressivement compenser son handicap en s\u2019ext\u00e9riorisant gr\u00e2ce \u00e0 la musique. D\u00e9couvrez son parcours tout en percussions. En &hellip;","og_url":"https:\/\/lyonbondyblog.fr\/LBB\/sourd-malentendant-et-directeur-musical\/","og_site_name":"Lyon Bondy Blog","article_publisher":"https:\/\/www.facebook.com\/lyonbondyblog","article_author":"https:\/\/www.facebook.com\/lyonbondyblog","article_published_time":"2008-06-25T12:38:54+00:00","article_modified_time":"2013-08-06T12:40:27+00:00","og_image":[{"url":"http:\/\/20minutes.lyonbondyblog.fr\/images\/SP_A0132_t.jpg"}],"author":"La r\u00e9daction","twitter_card":"summary_large_image","twitter_creator":"@BondyBlogLyon","twitter_site":"@bondybloglyon","schema":{"@context":"https:\/\/schema.org","@graph":[{"@type":"Article","@id":"https:\/\/lyonbondyblog.fr\/LBB\/sourd-malentendant-et-directeur-musical\/#article","isPartOf":{"@id":"https:\/\/lyonbondyblog.fr\/LBB\/sourd-malentendant-et-directeur-musical\/"},"author":{"name":"La r\u00e9daction","@id":"https:\/\/lyonbondyblog.fr\/LBB\/#\/schema\/person\/e45f8d27baac75072daa0be50c409b25"},"headline":"Sourd-malentendant et directeur musical !","datePublished":"2008-06-25T12:38:54+00:00","dateModified":"2013-08-06T12:40:27+00:00","mainEntityOfPage":{"@id":"https:\/\/lyonbondyblog.fr\/LBB\/sourd-malentendant-et-directeur-musical\/"},"wordCount":711,"commentCount":0,"publisher":{"@id":"https:\/\/lyonbondyblog.fr\/LBB\/#organization"},"image":{"@id":"https:\/\/lyonbondyblog.fr\/LBB\/sourd-malentendant-et-directeur-musical\/#primaryimage"},"thumbnailUrl":"http:\/\/20minutes.lyonbondyblog.fr\/images\/SP_A0132_t.jpg","articleSection":["Lyon"],"inLanguage":"fr-FR","potentialAction":[{"@type":"CommentAction","name":"Comment","target":["https:\/\/lyonbondyblog.fr\/LBB\/sourd-malentendant-et-directeur-musical\/#respond"]}]},{"@type":"WebPage","@id":"https:\/\/lyonbondyblog.fr\/LBB\/sourd-malentendant-et-directeur-musical\/","url":"https:\/\/lyonbondyblog.fr\/LBB\/sourd-malentendant-et-directeur-musical\/","name":"Sourd-malentendant et directeur musical ! - Lyon Bondy Blog","isPartOf":{"@id":"https:\/\/lyonbondyblog.fr\/LBB\/#website"},"primaryImageOfPage":{"@id":"https:\/\/lyonbondyblog.fr\/LBB\/sourd-malentendant-et-directeur-musical\/#primaryimage"},"image":{"@id":"https:\/\/lyonbondyblog.fr\/LBB\/sourd-malentendant-et-directeur-musical\/#primaryimage"},"thumbnailUrl":"http:\/\/20minutes.lyonbondyblog.fr\/images\/SP_A0132_t.jpg","datePublished":"2008-06-25T12:38:54+00:00","dateModified":"2013-08-06T12:40:27+00:00","inLanguage":"fr-FR","potentialAction":[{"@type":"ReadAction","target":["https:\/\/lyonbondyblog.fr\/LBB\/sourd-malentendant-et-directeur-musical\/"]}]},{"@type":"ImageObject","inLanguage":"fr-FR","@id":"https:\/\/lyonbondyblog.fr\/LBB\/sourd-malentendant-et-directeur-musical\/#primaryimage","url":"http:\/\/20minutes.lyonbondyblog.fr\/images\/SP_A0132_t.jpg","contentUrl":"http:\/\/20minutes.lyonbondyblog.fr\/images\/SP_A0132_t.jpg"},{"@type":"WebSite","@id":"https:\/\/lyonbondyblog.fr\/LBB\/#website","url":"https:\/\/lyonbondyblog.fr\/LBB\/","name":"Lyon Bondy Blog","description":"","publisher":{"@id":"https:\/\/lyonbondyblog.fr\/LBB\/#organization"},"potentialAction":[{"@type":"SearchAction","target":{"@type":"EntryPoint","urlTemplate":"https:\/\/lyonbondyblog.fr\/LBB\/?s={search_term_string}"},"query-input":"required name=search_term_string"}],"inLanguage":"fr-FR"},{"@type":"Organization","@id":"https:\/\/lyonbondyblog.fr\/LBB\/#organization","name":"LYON BONDY BLOG","url":"https:\/\/lyonbondyblog.fr\/LBB\/","logo":{"@type":"ImageObject","inLanguage":"fr-FR","@id":"https:\/\/lyonbondyblog.fr\/LBB\/#\/schema\/logo\/image\/","url":"http:\/\/lyonbondyblog.fr\/LBB\/wp-content\/uploads\/2014\/10\/logo-portable-144.png","contentUrl":"http:\/\/lyonbondyblog.fr\/LBB\/wp-content\/uploads\/2014\/10\/logo-portable-144.png","width":144,"height":123,"caption":"LYON BONDY BLOG"},"image":{"@id":"https:\/\/lyonbondyblog.fr\/LBB\/#\/schema\/logo\/image\/"},"sameAs":["https:\/\/www.facebook.com\/lyonbondyblog","https:\/\/x.com\/bondybloglyon"]},{"@type":"Person","@id":"https:\/\/lyonbondyblog.fr\/LBB\/#\/schema\/person\/e45f8d27baac75072daa0be50c409b25","name":"La r\u00e9daction","description":"Cr\u00e9e en 2008, la r\u00e9daction du Lyon Bondy Blog s'applique \u00e0 proposer une information locale diff\u00e9rente et compl\u00e9mentaire des m\u00e9dias traditionnels.","sameAs":["https:\/\/www.facebook.com\/lyonbondyblog","https:\/\/x.com\/BondyBlogLyon"],"url":"https:\/\/lyonbondyblog.fr\/LBB\/author\/admin\/"}]}},"_links":{"self":[{"href":"https:\/\/lyonbondyblog.fr\/LBB\/wp-json\/wp\/v2\/posts\/3655","targetHints":{"allow":["GET"]}}],"collection":[{"href":"https:\/\/lyonbondyblog.fr\/LBB\/wp-json\/wp\/v2\/posts"}],"about":[{"href":"https:\/\/lyonbondyblog.fr\/LBB\/wp-json\/wp\/v2\/types\/post"}],"author":[{"embeddable":true,"href":"https:\/\/lyonbondyblog.fr\/LBB\/wp-json\/wp\/v2\/users\/1"}],"replies":[{"embeddable":true,"href":"https:\/\/lyonbondyblog.fr\/LBB\/wp-json\/wp\/v2\/comments?post=3655"}],"version-history":[{"count":0,"href":"https:\/\/lyonbondyblog.fr\/LBB\/wp-json\/wp\/v2\/posts\/3655\/revisions"}],"wp:attachment":[{"href":"https:\/\/lyonbondyblog.fr\/LBB\/wp-json\/wp\/v2\/media?parent=3655"}],"wp:term":[{"taxonomy":"category","embeddable":true,"href":"https:\/\/lyonbondyblog.fr\/LBB\/wp-json\/wp\/v2\/categories?post=3655"},{"taxonomy":"post_tag","embeddable":true,"href":"https:\/\/lyonbondyblog.fr\/LBB\/wp-json\/wp\/v2\/tags?post=3655"}],"curies":[{"name":"wp","href":"https:\/\/api.w.org\/{rel}","templated":true}]}}