{"id":36537,"date":"2025-06-18T14:55:58","date_gmt":"2025-06-18T12:55:58","guid":{"rendered":"https:\/\/lyonbondyblog.fr\/LBB\/?p=36537"},"modified":"2025-06-18T17:25:10","modified_gmt":"2025-06-18T15:25:10","slug":"politique-beatrice-de-montille-defend-sa-vision-des-transports","status":"publish","type":"post","link":"https:\/\/lyonbondyblog.fr\/LBB\/politique-beatrice-de-montille-defend-sa-vision-des-transports\/","title":{"rendered":"Politique : B\u00e9atrice de Montille d\u00e9fend sa vision des transports"},"content":{"rendered":"\n<p><strong>Ce mardi 17 juin, pr\u00e8s de 200 personnes se sont r\u00e9unies \u00e0 l&rsquo;IN-STED, rue de la Pardieu \u00e0 l&rsquo;invitation du collectif Lyon au C\u0153ur. Depuis septembre 2024, B\u00e9atrice de Montille, \u00e0 travers son association, propose une s\u00e9rie de r\u00e9unions publiques sur diff\u00e9rentes th\u00e9matiques, afin d&rsquo;exposer sa vision de Lyon pour 2026.<\/strong><\/p>\n\n\n<div class=\"wp-block-image\">\n<figure class=\"aligncenter size-large is-resized\"><img loading=\"lazy\" decoding=\"async\" width=\"1600\" height=\"1200\" src=\"https:\/\/lyonbondyblog.fr\/LBB\/wp-content\/uploads\/2025\/06\/bea.jpg\" alt=\"\" class=\"wp-image-36542\" style=\"width:620px;height:auto\" srcset=\"https:\/\/lyonbondyblog.fr\/LBB\/wp-content\/uploads\/2025\/06\/bea.jpg 1600w, https:\/\/lyonbondyblog.fr\/LBB\/wp-content\/uploads\/2025\/06\/bea-1200x900.jpg 1200w, https:\/\/lyonbondyblog.fr\/LBB\/wp-content\/uploads\/2025\/06\/bea-768x576.jpg 768w, https:\/\/lyonbondyblog.fr\/LBB\/wp-content\/uploads\/2025\/06\/bea-1536x1152.jpg 1536w\" sizes=\"auto, (max-width: 1600px) 100vw, 1600px\" \/><figcaption class=\"wp-element-caption\">B\u00e9atrice de Montille \u00a0<strong>\u00a9<\/strong>Luna Letartre Puig<\/figcaption><\/figure><\/div>\n\n\n<p>\u00c0 19h, militants et sympathisants du collectif se retrouvent pour \u00e9couter et d\u00e9battre autour la question des mobilit\u00e9s.<\/p>\n\n\n\n<p>Depuis un mois, les pr\u00e9tendants \u00e0 la mairie de Lyon comme Nathalie Perrin-Gilbert, Jean-Michel Aulas ou encore B\u00e9atrice de Montille, multiplient les prises de parole sur le sujet.<\/p>\n\n\n\n<p>Depuis l&rsquo;arriv\u00e9e des \u00e9cologistes \u00e0 la t\u00eate de la M\u00e9tropole, la question des transports est devenu un sujet de clivage r\u00e9current.<\/p>\n\n\n\n<p>Tandis que la majorit\u00e9 revendique un d\u00e9bat d\u00e9mocratique, l&rsquo;opposition r\u00e9plique r\u00e9guli\u00e8rement que les politiques de mobilit\u00e9 ne laissent pas de r\u00e9elle libert\u00e9 de choix.<\/p>\n\n\n\n<p>Plusieurs intervenants se succ\u00e8dent \u00e0 la tribune, dont l&rsquo;industriel J\u00e9r\u00f4me Mortal, Aur\u00e8le Coulougnon, en charge du projet, et Luc Landrau. Ensemble, ils d\u00e9fendent leur vision : innovation, intermobilit\u00e9, s\u00e9curit\u00e9, lutte contre les incivilit\u00e9s, organisation alv\u00e9olaire des transports, sans oublier un mot d&rsquo;ordre revendiqu\u00e9 : la beaut\u00e9.<\/p>\n\n\n\n<p>Un temps d&rsquo;\u00e9change s&rsquo;ouvre ensite avec le public.<\/p>\n\n\n<div class=\"wp-block-image\">\n<figure class=\"aligncenter size-full is-resized\"><img loading=\"lazy\" decoding=\"async\" width=\"1600\" height=\"1200\" src=\"https:\/\/lyonbondyblog.fr\/LBB\/wp-content\/uploads\/2025\/06\/moment-dechange-.jpg\" alt=\"\" class=\"wp-image-36544\" style=\"width:522px;height:auto\" srcset=\"https:\/\/lyonbondyblog.fr\/LBB\/wp-content\/uploads\/2025\/06\/moment-dechange-.jpg 1600w, https:\/\/lyonbondyblog.fr\/LBB\/wp-content\/uploads\/2025\/06\/moment-dechange--1200x900.jpg 1200w, https:\/\/lyonbondyblog.fr\/LBB\/wp-content\/uploads\/2025\/06\/moment-dechange--768x576.jpg 768w, https:\/\/lyonbondyblog.fr\/LBB\/wp-content\/uploads\/2025\/06\/moment-dechange--1536x1152.jpg 1536w\" sizes=\"auto, (max-width: 1600px) 100vw, 1600px\" \/><figcaption class=\"wp-element-caption\">d\u00e9bat avec le public \u00a0<strong>\u00a9<\/strong>Luna Letartre Puig<\/figcaption><\/figure><\/div>\n\n\n<p>La soir\u00e9e s&rsquo;est termin\u00e9e par un moment d&rsquo;\u00e9change informel autour d&rsquo;un verre.<\/p>\n\n\n\n<p><\/p>\n\n\n\n<p>Sign\u00e9 : Luna Letartre Puig<\/p>\n<!-- AddThis Advanced Settings generic via filter on the_content --><!-- AddThis Share Buttons generic via filter on the_content -->","protected":false},"excerpt":{"rendered":"<p>Ce mardi 17 juin, pr\u00e8s de 200 personnes se sont r\u00e9unies \u00e0 l&rsquo;IN-STED, rue de la Pardieu \u00e0 l&rsquo;invitation du collectif Lyon au C\u0153ur. Depuis &hellip; <!-- AddThis Advanced Settings generic via filter on wp_trim_excerpt --><!-- AddThis Share Buttons generic via filter on wp_trim_excerpt --><\/p>\n","protected":false},"author":1,"featured_media":36547,"comment_status":"open","ping_status":"open","sticky":true,"template":"","format":"standard","meta":{"_FSMCFIC_featured_image_caption":"","_FSMCFIC_featured_image_nocaption":"","_FSMCFIC_featured_image_hide":"","footnotes":""},"categories":[6443,4,22015,28441,11256],"tags":[10,747,1232,22477,262,165,27089],"class_list":["post-36537","post","type-post","status-publish","format-standard","has-post-thumbnail","hentry","category-association","category-lyon","category-metropole","category-municipales-2026","category-transport","tag-lyon-2","tag-mairie","tag-mairie-de-lyon","tag-mobilite","tag-municipales","tag-politique-2","tag-transports"],"yoast_head":"<!-- This site is optimized with the Yoast SEO plugin v22.8 - https:\/\/yoast.com\/wordpress\/plugins\/seo\/ -->\n<title>Politique : B\u00e9atrice de Montille d\u00e9fend sa vision des transports - Lyon Bondy Blog<\/title>\n<meta name=\"robots\" content=\"index, follow, max-snippet:-1, max-image-preview:large, max-video-preview:-1\" \/>\n<link rel=\"canonical\" href=\"https:\/\/lyonbondyblog.fr\/LBB\/politique-beatrice-de-montille-defend-sa-vision-des-transports\/\" \/>\n<meta property=\"og:locale\" content=\"fr_FR\" \/>\n<meta property=\"og:type\" content=\"article\" \/>\n<meta property=\"og:title\" content=\"Politique : B\u00e9atrice de Montille d\u00e9fend sa vision des transports - Lyon Bondy Blog\" \/>\n<meta property=\"og:description\" content=\"Ce mardi 17 juin, pr\u00e8s de 200 personnes se sont r\u00e9unies \u00e0 l&rsquo;IN-STED, rue de la Pardieu \u00e0 l&rsquo;invitation du collectif Lyon au C\u0153ur. Depuis &hellip;\" \/>\n<meta property=\"og:url\" content=\"https:\/\/lyonbondyblog.fr\/LBB\/politique-beatrice-de-montille-defend-sa-vision-des-transports\/\" \/>\n<meta property=\"og:site_name\" content=\"Lyon Bondy Blog\" \/>\n<meta property=\"article:publisher\" content=\"https:\/\/www.facebook.com\/lyonbondyblog\" \/>\n<meta property=\"article:author\" content=\"https:\/\/www.facebook.com\/lyonbondyblog\" \/>\n<meta property=\"article:published_time\" content=\"2025-06-18T12:55:58+00:00\" \/>\n<meta property=\"article:modified_time\" content=\"2025-06-18T15:25:10+00:00\" \/>\n<meta property=\"og:image\" content=\"https:\/\/lyonbondyblog.fr\/LBB\/wp-content\/uploads\/2025\/06\/photo-article--e1750251428701.jpg\" \/>\n\t<meta property=\"og:image:width\" content=\"1200\" \/>\n\t<meta property=\"og:image:height\" content=\"1170\" \/>\n\t<meta property=\"og:image:type\" content=\"image\/jpeg\" \/>\n<meta name=\"author\" content=\"La r\u00e9daction\" \/>\n<meta name=\"twitter:card\" content=\"summary_large_image\" \/>\n<meta name=\"twitter:creator\" content=\"@BondyBlogLyon\" \/>\n<meta name=\"twitter:site\" content=\"@bondybloglyon\" \/>\n<script type=\"application\/ld+json\" class=\"yoast-schema-graph\">{\"@context\":\"https:\/\/schema.org\",\"@graph\":[{\"@type\":\"Article\",\"@id\":\"https:\/\/lyonbondyblog.fr\/LBB\/politique-beatrice-de-montille-defend-sa-vision-des-transports\/#article\",\"isPartOf\":{\"@id\":\"https:\/\/lyonbondyblog.fr\/LBB\/politique-beatrice-de-montille-defend-sa-vision-des-transports\/\"},\"author\":{\"name\":\"La r\u00e9daction\",\"@id\":\"https:\/\/lyonbondyblog.fr\/LBB\/#\/schema\/person\/e45f8d27baac75072daa0be50c409b25\"},\"headline\":\"Politique : B\u00e9atrice de Montille d\u00e9fend sa vision des transports\",\"datePublished\":\"2025-06-18T12:55:58+00:00\",\"dateModified\":\"2025-06-18T15:25:10+00:00\",\"mainEntityOfPage\":{\"@id\":\"https:\/\/lyonbondyblog.fr\/LBB\/politique-beatrice-de-montille-defend-sa-vision-des-transports\/\"},\"wordCount\":259,\"commentCount\":0,\"publisher\":{\"@id\":\"https:\/\/lyonbondyblog.fr\/LBB\/#organization\"},\"image\":{\"@id\":\"https:\/\/lyonbondyblog.fr\/LBB\/politique-beatrice-de-montille-defend-sa-vision-des-transports\/#primaryimage\"},\"thumbnailUrl\":\"https:\/\/lyonbondyblog.fr\/LBB\/wp-content\/uploads\/2025\/06\/photo-article--e1750251428701.jpg\",\"keywords\":[\"lyon\",\"mairie\",\"mairie de Lyon\",\"mobilit\u00e9\",\"municipales\",\"politique\",\"transports\"],\"articleSection\":[\"Association\",\"Lyon\",\"M\u00e9tropole\",\"Municipales 2026\",\"Transport\"],\"inLanguage\":\"fr-FR\",\"potentialAction\":[{\"@type\":\"CommentAction\",\"name\":\"Comment\",\"target\":[\"https:\/\/lyonbondyblog.fr\/LBB\/politique-beatrice-de-montille-defend-sa-vision-des-transports\/#respond\"]}]},{\"@type\":\"WebPage\",\"@id\":\"https:\/\/lyonbondyblog.fr\/LBB\/politique-beatrice-de-montille-defend-sa-vision-des-transports\/\",\"url\":\"https:\/\/lyonbondyblog.fr\/LBB\/politique-beatrice-de-montille-defend-sa-vision-des-transports\/\",\"name\":\"Politique : B\u00e9atrice de Montille d\u00e9fend sa vision des transports - Lyon Bondy Blog\",\"isPartOf\":{\"@id\":\"https:\/\/lyonbondyblog.fr\/LBB\/#website\"},\"primaryImageOfPage\":{\"@id\":\"https:\/\/lyonbondyblog.fr\/LBB\/politique-beatrice-de-montille-defend-sa-vision-des-transports\/#primaryimage\"},\"image\":{\"@id\":\"https:\/\/lyonbondyblog.fr\/LBB\/politique-beatrice-de-montille-defend-sa-vision-des-transports\/#primaryimage\"},\"thumbnailUrl\":\"https:\/\/lyonbondyblog.fr\/LBB\/wp-content\/uploads\/2025\/06\/photo-article--e1750251428701.jpg\",\"datePublished\":\"2025-06-18T12:55:58+00:00\",\"dateModified\":\"2025-06-18T15:25:10+00:00\",\"inLanguage\":\"fr-FR\",\"potentialAction\":[{\"@type\":\"ReadAction\",\"target\":[\"https:\/\/lyonbondyblog.fr\/LBB\/politique-beatrice-de-montille-defend-sa-vision-des-transports\/\"]}]},{\"@type\":\"ImageObject\",\"inLanguage\":\"fr-FR\",\"@id\":\"https:\/\/lyonbondyblog.fr\/LBB\/politique-beatrice-de-montille-defend-sa-vision-des-transports\/#primaryimage\",\"url\":\"https:\/\/lyonbondyblog.fr\/LBB\/wp-content\/uploads\/2025\/06\/photo-article--e1750251428701.jpg\",\"contentUrl\":\"https:\/\/lyonbondyblog.fr\/LBB\/wp-content\/uploads\/2025\/06\/photo-article--e1750251428701.jpg\",\"width\":1200,\"height\":1170},{\"@type\":\"WebSite\",\"@id\":\"https:\/\/lyonbondyblog.fr\/LBB\/#website\",\"url\":\"https:\/\/lyonbondyblog.fr\/LBB\/\",\"name\":\"Lyon Bondy Blog\",\"description\":\"\",\"publisher\":{\"@id\":\"https:\/\/lyonbondyblog.fr\/LBB\/#organization\"},\"potentialAction\":[{\"@type\":\"SearchAction\",\"target\":{\"@type\":\"EntryPoint\",\"urlTemplate\":\"https:\/\/lyonbondyblog.fr\/LBB\/?s={search_term_string}\"},\"query-input\":\"required name=search_term_string\"}],\"inLanguage\":\"fr-FR\"},{\"@type\":\"Organization\",\"@id\":\"https:\/\/lyonbondyblog.fr\/LBB\/#organization\",\"name\":\"LYON BONDY BLOG\",\"url\":\"https:\/\/lyonbondyblog.fr\/LBB\/\",\"logo\":{\"@type\":\"ImageObject\",\"inLanguage\":\"fr-FR\",\"@id\":\"https:\/\/lyonbondyblog.fr\/LBB\/#\/schema\/logo\/image\/\",\"url\":\"http:\/\/lyonbondyblog.fr\/LBB\/wp-content\/uploads\/2014\/10\/logo-portable-144.png\",\"contentUrl\":\"http:\/\/lyonbondyblog.fr\/LBB\/wp-content\/uploads\/2014\/10\/logo-portable-144.png\",\"width\":144,\"height\":123,\"caption\":\"LYON BONDY BLOG\"},\"image\":{\"@id\":\"https:\/\/lyonbondyblog.fr\/LBB\/#\/schema\/logo\/image\/\"},\"sameAs\":[\"https:\/\/www.facebook.com\/lyonbondyblog\",\"https:\/\/x.com\/bondybloglyon\"]},{\"@type\":\"Person\",\"@id\":\"https:\/\/lyonbondyblog.fr\/LBB\/#\/schema\/person\/e45f8d27baac75072daa0be50c409b25\",\"name\":\"La r\u00e9daction\",\"description\":\"Cr\u00e9e en 2008, la r\u00e9daction du Lyon Bondy Blog s'applique \u00e0 proposer une information locale diff\u00e9rente et compl\u00e9mentaire des m\u00e9dias traditionnels.\",\"sameAs\":[\"https:\/\/www.facebook.com\/lyonbondyblog\",\"https:\/\/x.com\/BondyBlogLyon\"],\"url\":\"https:\/\/lyonbondyblog.fr\/LBB\/author\/admin\/\"}]}<\/script>\n<!-- \/ Yoast SEO plugin. -->","yoast_head_json":{"title":"Politique : B\u00e9atrice de Montille d\u00e9fend sa vision des transports - Lyon Bondy Blog","robots":{"index":"index","follow":"follow","max-snippet":"max-snippet:-1","max-image-preview":"max-image-preview:large","max-video-preview":"max-video-preview:-1"},"canonical":"https:\/\/lyonbondyblog.fr\/LBB\/politique-beatrice-de-montille-defend-sa-vision-des-transports\/","og_locale":"fr_FR","og_type":"article","og_title":"Politique : B\u00e9atrice de Montille d\u00e9fend sa vision des transports - Lyon Bondy Blog","og_description":"Ce mardi 17 juin, pr\u00e8s de 200 personnes se sont r\u00e9unies \u00e0 l&rsquo;IN-STED, rue de la Pardieu \u00e0 l&rsquo;invitation du collectif Lyon au C\u0153ur. Depuis &hellip;","og_url":"https:\/\/lyonbondyblog.fr\/LBB\/politique-beatrice-de-montille-defend-sa-vision-des-transports\/","og_site_name":"Lyon Bondy Blog","article_publisher":"https:\/\/www.facebook.com\/lyonbondyblog","article_author":"https:\/\/www.facebook.com\/lyonbondyblog","article_published_time":"2025-06-18T12:55:58+00:00","article_modified_time":"2025-06-18T15:25:10+00:00","og_image":[{"width":1200,"height":1170,"url":"https:\/\/lyonbondyblog.fr\/LBB\/wp-content\/uploads\/2025\/06\/photo-article--e1750251428701.jpg","type":"image\/jpeg"}],"author":"La r\u00e9daction","twitter_card":"summary_large_image","twitter_creator":"@BondyBlogLyon","twitter_site":"@bondybloglyon","schema":{"@context":"https:\/\/schema.org","@graph":[{"@type":"Article","@id":"https:\/\/lyonbondyblog.fr\/LBB\/politique-beatrice-de-montille-defend-sa-vision-des-transports\/#article","isPartOf":{"@id":"https:\/\/lyonbondyblog.fr\/LBB\/politique-beatrice-de-montille-defend-sa-vision-des-transports\/"},"author":{"name":"La r\u00e9daction","@id":"https:\/\/lyonbondyblog.fr\/LBB\/#\/schema\/person\/e45f8d27baac75072daa0be50c409b25"},"headline":"Politique : B\u00e9atrice de Montille d\u00e9fend sa vision des transports","datePublished":"2025-06-18T12:55:58+00:00","dateModified":"2025-06-18T15:25:10+00:00","mainEntityOfPage":{"@id":"https:\/\/lyonbondyblog.fr\/LBB\/politique-beatrice-de-montille-defend-sa-vision-des-transports\/"},"wordCount":259,"commentCount":0,"publisher":{"@id":"https:\/\/lyonbondyblog.fr\/LBB\/#organization"},"image":{"@id":"https:\/\/lyonbondyblog.fr\/LBB\/politique-beatrice-de-montille-defend-sa-vision-des-transports\/#primaryimage"},"thumbnailUrl":"https:\/\/lyonbondyblog.fr\/LBB\/wp-content\/uploads\/2025\/06\/photo-article--e1750251428701.jpg","keywords":["lyon","mairie","mairie de Lyon","mobilit\u00e9","municipales","politique","transports"],"articleSection":["Association","Lyon","M\u00e9tropole","Municipales 2026","Transport"],"inLanguage":"fr-FR","potentialAction":[{"@type":"CommentAction","name":"Comment","target":["https:\/\/lyonbondyblog.fr\/LBB\/politique-beatrice-de-montille-defend-sa-vision-des-transports\/#respond"]}]},{"@type":"WebPage","@id":"https:\/\/lyonbondyblog.fr\/LBB\/politique-beatrice-de-montille-defend-sa-vision-des-transports\/","url":"https:\/\/lyonbondyblog.fr\/LBB\/politique-beatrice-de-montille-defend-sa-vision-des-transports\/","name":"Politique : B\u00e9atrice de Montille d\u00e9fend sa vision des transports - Lyon Bondy Blog","isPartOf":{"@id":"https:\/\/lyonbondyblog.fr\/LBB\/#website"},"primaryImageOfPage":{"@id":"https:\/\/lyonbondyblog.fr\/LBB\/politique-beatrice-de-montille-defend-sa-vision-des-transports\/#primaryimage"},"image":{"@id":"https:\/\/lyonbondyblog.fr\/LBB\/politique-beatrice-de-montille-defend-sa-vision-des-transports\/#primaryimage"},"thumbnailUrl":"https:\/\/lyonbondyblog.fr\/LBB\/wp-content\/uploads\/2025\/06\/photo-article--e1750251428701.jpg","datePublished":"2025-06-18T12:55:58+00:00","dateModified":"2025-06-18T15:25:10+00:00","inLanguage":"fr-FR","potentialAction":[{"@type":"ReadAction","target":["https:\/\/lyonbondyblog.fr\/LBB\/politique-beatrice-de-montille-defend-sa-vision-des-transports\/"]}]},{"@type":"ImageObject","inLanguage":"fr-FR","@id":"https:\/\/lyonbondyblog.fr\/LBB\/politique-beatrice-de-montille-defend-sa-vision-des-transports\/#primaryimage","url":"https:\/\/lyonbondyblog.fr\/LBB\/wp-content\/uploads\/2025\/06\/photo-article--e1750251428701.jpg","contentUrl":"https:\/\/lyonbondyblog.fr\/LBB\/wp-content\/uploads\/2025\/06\/photo-article--e1750251428701.jpg","width":1200,"height":1170},{"@type":"WebSite","@id":"https:\/\/lyonbondyblog.fr\/LBB\/#website","url":"https:\/\/lyonbondyblog.fr\/LBB\/","name":"Lyon Bondy Blog","description":"","publisher":{"@id":"https:\/\/lyonbondyblog.fr\/LBB\/#organization"},"potentialAction":[{"@type":"SearchAction","target":{"@type":"EntryPoint","urlTemplate":"https:\/\/lyonbondyblog.fr\/LBB\/?s={search_term_string}"},"query-input":"required name=search_term_string"}],"inLanguage":"fr-FR"},{"@type":"Organization","@id":"https:\/\/lyonbondyblog.fr\/LBB\/#organization","name":"LYON BONDY BLOG","url":"https:\/\/lyonbondyblog.fr\/LBB\/","logo":{"@type":"ImageObject","inLanguage":"fr-FR","@id":"https:\/\/lyonbondyblog.fr\/LBB\/#\/schema\/logo\/image\/","url":"http:\/\/lyonbondyblog.fr\/LBB\/wp-content\/uploads\/2014\/10\/logo-portable-144.png","contentUrl":"http:\/\/lyonbondyblog.fr\/LBB\/wp-content\/uploads\/2014\/10\/logo-portable-144.png","width":144,"height":123,"caption":"LYON BONDY BLOG"},"image":{"@id":"https:\/\/lyonbondyblog.fr\/LBB\/#\/schema\/logo\/image\/"},"sameAs":["https:\/\/www.facebook.com\/lyonbondyblog","https:\/\/x.com\/bondybloglyon"]},{"@type":"Person","@id":"https:\/\/lyonbondyblog.fr\/LBB\/#\/schema\/person\/e45f8d27baac75072daa0be50c409b25","name":"La r\u00e9daction","description":"Cr\u00e9e en 2008, la r\u00e9daction du Lyon Bondy Blog s'applique \u00e0 proposer une information locale diff\u00e9rente et compl\u00e9mentaire des m\u00e9dias traditionnels.","sameAs":["https:\/\/www.facebook.com\/lyonbondyblog","https:\/\/x.com\/BondyBlogLyon"],"url":"https:\/\/lyonbondyblog.fr\/LBB\/author\/admin\/"}]}},"_links":{"self":[{"href":"https:\/\/lyonbondyblog.fr\/LBB\/wp-json\/wp\/v2\/posts\/36537","targetHints":{"allow":["GET"]}}],"collection":[{"href":"https:\/\/lyonbondyblog.fr\/LBB\/wp-json\/wp\/v2\/posts"}],"about":[{"href":"https:\/\/lyonbondyblog.fr\/LBB\/wp-json\/wp\/v2\/types\/post"}],"author":[{"embeddable":true,"href":"https:\/\/lyonbondyblog.fr\/LBB\/wp-json\/wp\/v2\/users\/1"}],"replies":[{"embeddable":true,"href":"https:\/\/lyonbondyblog.fr\/LBB\/wp-json\/wp\/v2\/comments?post=36537"}],"version-history":[{"count":2,"href":"https:\/\/lyonbondyblog.fr\/LBB\/wp-json\/wp\/v2\/posts\/36537\/revisions"}],"predecessor-version":[{"id":36546,"href":"https:\/\/lyonbondyblog.fr\/LBB\/wp-json\/wp\/v2\/posts\/36537\/revisions\/36546"}],"wp:featuredmedia":[{"embeddable":true,"href":"https:\/\/lyonbondyblog.fr\/LBB\/wp-json\/wp\/v2\/media\/36547"}],"wp:attachment":[{"href":"https:\/\/lyonbondyblog.fr\/LBB\/wp-json\/wp\/v2\/media?parent=36537"}],"wp:term":[{"taxonomy":"category","embeddable":true,"href":"https:\/\/lyonbondyblog.fr\/LBB\/wp-json\/wp\/v2\/categories?post=36537"},{"taxonomy":"post_tag","embeddable":true,"href":"https:\/\/lyonbondyblog.fr\/LBB\/wp-json\/wp\/v2\/tags?post=36537"}],"curies":[{"name":"wp","href":"https:\/\/api.w.org\/{rel}","templated":true}]}}