{"id":36528,"date":"2025-06-18T08:19:29","date_gmt":"2025-06-18T06:19:29","guid":{"rendered":"https:\/\/lyonbondyblog.fr\/LBB\/?p=36528"},"modified":"2025-06-18T08:30:05","modified_gmt":"2025-06-18T06:30:05","slug":"football-le-petit-gone-est-parti-dans-les-cieux","status":"publish","type":"post","link":"https:\/\/lyonbondyblog.fr\/LBB\/football-le-petit-gone-est-parti-dans-les-cieux\/","title":{"rendered":"Football : Le petit g\u00f4ne est parti dans les cieux"},"content":{"rendered":"\n<p><strong>Hier soir, nos confr\u00e8res de l&rsquo;Equipe annoncent la mort de Bernard Lacombe, footballeur et dirigeant embl\u00e9matique du club de l\u2019Olympique Lyonnais.<\/strong><\/p>\n\n\n\n<p>Depuis janvier 2025, Bernard Lacombe est hospitalis\u00e9 car il souffrait de la maladie d\u2019Alzheimer. Il s\u2019est \u00e9teint \u00e0 l&rsquo;\u00e2ge de 72 ans, hier soir dans son lit. Retour sur cette carri\u00e8re r\u00e9ussie en tant que footballeur et dirigeant.<\/p>\n\n\n\n<p>Arriv\u00e9 tr\u00e8s jeune \u00e0 l\u2019Olympique Lyonnais, il va faire vibrer le stade de Gerland gr\u00e2ce \u00e0 son talent. Il joue ses premi\u00e8res ann\u00e9es avec son idole Fleury Di Nallo, qui,&nbsp; \u00e0 l\u2019\u00e9poque, forme avec Serge Chiesa un duo qui fait trembler les d\u00e9fenses adverses. Le petit Bernard de l\u2019\u00e9poque va rester huit ans \u00e0 Lyon et gagne notamment une coupe de France en 1973.&nbsp;<\/p>\n\n\n\n<p>Contraint de partir dans le club vert et ennemi, permettant \u00e0 son club de se sauver et d\u2019avoir des liquidit\u00e9s, le natif de Fontaines sur Sa\u00f4ne,ne va pas se plaire avec la tunique verte. Il y restera une seule saison avant de d\u00e9barquer dans un club bordelais qui \u00e0 l\u2019\u00e9poque tourne \u00e0 plein r\u00e9gime. Il reste huit saisons et allonge ses lignes \u00e0 son palmar\u00e8s avec trois titres de champion de France entre 1984 et 1987. Il joue \u00e9galement \u00e0 trente-huit reprises avec le maillot bleu et fait \u00e9galement parti de l\u2019\u00e9quipe qui remporte le championnat d\u2019Europe en 1984.&nbsp;<\/p>\n\n\n\n<figure class=\"wp-block-image size-full\"><img loading=\"lazy\" decoding=\"async\" width=\"1024\" height=\"1024\" src=\"https:\/\/lyonbondyblog.fr\/LBB\/wp-content\/uploads\/2025\/06\/73FBD035-F4AA-4FF2-959D-C19863B7B753.jpg\" alt=\"\" class=\"wp-image-36530\" srcset=\"https:\/\/lyonbondyblog.fr\/LBB\/wp-content\/uploads\/2025\/06\/73FBD035-F4AA-4FF2-959D-C19863B7B753.jpg 1024w, https:\/\/lyonbondyblog.fr\/LBB\/wp-content\/uploads\/2025\/06\/73FBD035-F4AA-4FF2-959D-C19863B7B753-150x150.jpg 150w, https:\/\/lyonbondyblog.fr\/LBB\/wp-content\/uploads\/2025\/06\/73FBD035-F4AA-4FF2-959D-C19863B7B753-768x768.jpg 768w\" sizes=\"auto, (max-width: 1024px) 100vw, 1024px\" \/><\/figure>\n\n\n\n<p>En 1987, il arr\u00eate sa carri\u00e8re pour venir au chevet de son club de c\u0153ur alors en deuxi\u00e8me division, et devenir un directeur sportif plus que performant. Il sera pendant plus de trente et un an, le conseiller sp\u00e9cial de Jean-Michel Aulas (Pr\u00e9sident de l\u2019OL) , avant de raccrocher avec le foot \u00e0 partir de 2019.<\/p>\n\n\n\n<p>Un homme simple efficace, qui a toujours su, malgr\u00e9 son franc-parler, se retrousser les manches pour que son club, l\u2019Olympique Lyonnais devienne incontournable sur la sc\u00e8ne nationale et internationale. Il a sorti avec ses amis Jos\u00e9 Broissart et Armand Garrido des petites p\u00e9pites du centre de formation, comme un certain Karim Benzema. Son empreinte et son engagement pour le club rhodanien resteront ind\u00e9l\u00e9biles, notamment du c\u00f4t\u00e9 du Groupama Stadium.<\/p>\n<!-- AddThis Advanced Settings generic via filter on the_content --><!-- AddThis Share Buttons generic via filter on the_content -->","protected":false},"excerpt":{"rendered":"<p>Hier soir, nos confr\u00e8res de l&rsquo;Equipe annoncent la mort de Bernard Lacombe, footballeur et dirigeant embl\u00e9matique du club de l\u2019Olympique Lyonnais. Depuis janvier 2025, Bernard &hellip; <!-- AddThis Advanced Settings generic via filter on wp_trim_excerpt --><!-- AddThis Share Buttons generic via filter on wp_trim_excerpt --><\/p>\n","protected":false},"author":1,"featured_media":36529,"comment_status":"open","ping_status":"open","sticky":true,"template":"","format":"standard","meta":{"_FSMCFIC_featured_image_caption":"Bernard Lacombe ","_FSMCFIC_featured_image_nocaption":"","_FSMCFIC_featured_image_hide":"","footnotes":""},"categories":[3888,8,28431,28432,3546,700],"tags":[11,10,29],"class_list":["post-36528","post","type-post","status-publish","format-standard","has-post-thumbnail","hentry","category-football","category-france","category-histoire","category-lyon-handicap","category-ol","category-portraits","tag-france-2","tag-lyon-2","tag-sport"],"yoast_head":"<!-- This site is optimized with the Yoast SEO plugin v22.8 - https:\/\/yoast.com\/wordpress\/plugins\/seo\/ -->\n<title>Football : Le petit g\u00f4ne est parti dans les cieux - Lyon Bondy Blog<\/title>\n<meta name=\"robots\" content=\"index, follow, max-snippet:-1, max-image-preview:large, max-video-preview:-1\" \/>\n<link rel=\"canonical\" href=\"https:\/\/lyonbondyblog.fr\/LBB\/football-le-petit-gone-est-parti-dans-les-cieux\/\" \/>\n<meta property=\"og:locale\" content=\"fr_FR\" \/>\n<meta property=\"og:type\" content=\"article\" \/>\n<meta property=\"og:title\" content=\"Football : Le petit g\u00f4ne est parti dans les cieux - Lyon Bondy Blog\" \/>\n<meta property=\"og:description\" content=\"Hier soir, nos confr\u00e8res de l&rsquo;Equipe annoncent la mort de Bernard Lacombe, footballeur et dirigeant embl\u00e9matique du club de l\u2019Olympique Lyonnais. Depuis janvier 2025, Bernard &hellip;\" \/>\n<meta property=\"og:url\" content=\"https:\/\/lyonbondyblog.fr\/LBB\/football-le-petit-gone-est-parti-dans-les-cieux\/\" \/>\n<meta property=\"og:site_name\" content=\"Lyon Bondy Blog\" \/>\n<meta property=\"article:publisher\" content=\"https:\/\/www.facebook.com\/lyonbondyblog\" \/>\n<meta property=\"article:author\" content=\"https:\/\/www.facebook.com\/lyonbondyblog\" \/>\n<meta property=\"article:published_time\" content=\"2025-06-18T06:19:29+00:00\" \/>\n<meta property=\"article:modified_time\" content=\"2025-06-18T06:30:05+00:00\" \/>\n<meta property=\"og:image\" content=\"https:\/\/lyonbondyblog.fr\/LBB\/wp-content\/uploads\/2025\/06\/8A0DFE08-7D28-488B-B1A3-2861338ECA76.jpg\" \/>\n\t<meta property=\"og:image:width\" content=\"1024\" \/>\n\t<meta property=\"og:image:height\" content=\"1024\" \/>\n\t<meta property=\"og:image:type\" content=\"image\/jpeg\" \/>\n<meta name=\"author\" content=\"La r\u00e9daction\" \/>\n<meta name=\"twitter:card\" content=\"summary_large_image\" \/>\n<meta name=\"twitter:creator\" content=\"@BondyBlogLyon\" \/>\n<meta name=\"twitter:site\" content=\"@bondybloglyon\" \/>\n<script type=\"application\/ld+json\" class=\"yoast-schema-graph\">{\"@context\":\"https:\/\/schema.org\",\"@graph\":[{\"@type\":\"Article\",\"@id\":\"https:\/\/lyonbondyblog.fr\/LBB\/football-le-petit-gone-est-parti-dans-les-cieux\/#article\",\"isPartOf\":{\"@id\":\"https:\/\/lyonbondyblog.fr\/LBB\/football-le-petit-gone-est-parti-dans-les-cieux\/\"},\"author\":{\"name\":\"La r\u00e9daction\",\"@id\":\"https:\/\/lyonbondyblog.fr\/LBB\/#\/schema\/person\/e45f8d27baac75072daa0be50c409b25\"},\"headline\":\"Football : Le petit g\u00f4ne est parti dans les cieux\",\"datePublished\":\"2025-06-18T06:19:29+00:00\",\"dateModified\":\"2025-06-18T06:30:05+00:00\",\"mainEntityOfPage\":{\"@id\":\"https:\/\/lyonbondyblog.fr\/LBB\/football-le-petit-gone-est-parti-dans-les-cieux\/\"},\"wordCount\":379,\"commentCount\":0,\"publisher\":{\"@id\":\"https:\/\/lyonbondyblog.fr\/LBB\/#organization\"},\"image\":{\"@id\":\"https:\/\/lyonbondyblog.fr\/LBB\/football-le-petit-gone-est-parti-dans-les-cieux\/#primaryimage\"},\"thumbnailUrl\":\"https:\/\/lyonbondyblog.fr\/LBB\/wp-content\/uploads\/2025\/06\/8A0DFE08-7D28-488B-B1A3-2861338ECA76.jpg\",\"keywords\":[\"france\",\"lyon\",\"sport\"],\"articleSection\":[\"Football\",\"France\",\"Histoire\",\"Lyon\",\"OL\",\"Portraits\"],\"inLanguage\":\"fr-FR\",\"potentialAction\":[{\"@type\":\"CommentAction\",\"name\":\"Comment\",\"target\":[\"https:\/\/lyonbondyblog.fr\/LBB\/football-le-petit-gone-est-parti-dans-les-cieux\/#respond\"]}]},{\"@type\":\"WebPage\",\"@id\":\"https:\/\/lyonbondyblog.fr\/LBB\/football-le-petit-gone-est-parti-dans-les-cieux\/\",\"url\":\"https:\/\/lyonbondyblog.fr\/LBB\/football-le-petit-gone-est-parti-dans-les-cieux\/\",\"name\":\"Football : Le petit g\u00f4ne est parti dans les cieux - Lyon Bondy Blog\",\"isPartOf\":{\"@id\":\"https:\/\/lyonbondyblog.fr\/LBB\/#website\"},\"primaryImageOfPage\":{\"@id\":\"https:\/\/lyonbondyblog.fr\/LBB\/football-le-petit-gone-est-parti-dans-les-cieux\/#primaryimage\"},\"image\":{\"@id\":\"https:\/\/lyonbondyblog.fr\/LBB\/football-le-petit-gone-est-parti-dans-les-cieux\/#primaryimage\"},\"thumbnailUrl\":\"https:\/\/lyonbondyblog.fr\/LBB\/wp-content\/uploads\/2025\/06\/8A0DFE08-7D28-488B-B1A3-2861338ECA76.jpg\",\"datePublished\":\"2025-06-18T06:19:29+00:00\",\"dateModified\":\"2025-06-18T06:30:05+00:00\",\"inLanguage\":\"fr-FR\",\"potentialAction\":[{\"@type\":\"ReadAction\",\"target\":[\"https:\/\/lyonbondyblog.fr\/LBB\/football-le-petit-gone-est-parti-dans-les-cieux\/\"]}]},{\"@type\":\"ImageObject\",\"inLanguage\":\"fr-FR\",\"@id\":\"https:\/\/lyonbondyblog.fr\/LBB\/football-le-petit-gone-est-parti-dans-les-cieux\/#primaryimage\",\"url\":\"https:\/\/lyonbondyblog.fr\/LBB\/wp-content\/uploads\/2025\/06\/8A0DFE08-7D28-488B-B1A3-2861338ECA76.jpg\",\"contentUrl\":\"https:\/\/lyonbondyblog.fr\/LBB\/wp-content\/uploads\/2025\/06\/8A0DFE08-7D28-488B-B1A3-2861338ECA76.jpg\",\"width\":1024,\"height\":1024},{\"@type\":\"WebSite\",\"@id\":\"https:\/\/lyonbondyblog.fr\/LBB\/#website\",\"url\":\"https:\/\/lyonbondyblog.fr\/LBB\/\",\"name\":\"Lyon Bondy Blog\",\"description\":\"\",\"publisher\":{\"@id\":\"https:\/\/lyonbondyblog.fr\/LBB\/#organization\"},\"potentialAction\":[{\"@type\":\"SearchAction\",\"target\":{\"@type\":\"EntryPoint\",\"urlTemplate\":\"https:\/\/lyonbondyblog.fr\/LBB\/?s={search_term_string}\"},\"query-input\":\"required name=search_term_string\"}],\"inLanguage\":\"fr-FR\"},{\"@type\":\"Organization\",\"@id\":\"https:\/\/lyonbondyblog.fr\/LBB\/#organization\",\"name\":\"LYON BONDY BLOG\",\"url\":\"https:\/\/lyonbondyblog.fr\/LBB\/\",\"logo\":{\"@type\":\"ImageObject\",\"inLanguage\":\"fr-FR\",\"@id\":\"https:\/\/lyonbondyblog.fr\/LBB\/#\/schema\/logo\/image\/\",\"url\":\"http:\/\/lyonbondyblog.fr\/LBB\/wp-content\/uploads\/2014\/10\/logo-portable-144.png\",\"contentUrl\":\"http:\/\/lyonbondyblog.fr\/LBB\/wp-content\/uploads\/2014\/10\/logo-portable-144.png\",\"width\":144,\"height\":123,\"caption\":\"LYON BONDY BLOG\"},\"image\":{\"@id\":\"https:\/\/lyonbondyblog.fr\/LBB\/#\/schema\/logo\/image\/\"},\"sameAs\":[\"https:\/\/www.facebook.com\/lyonbondyblog\",\"https:\/\/x.com\/bondybloglyon\"]},{\"@type\":\"Person\",\"@id\":\"https:\/\/lyonbondyblog.fr\/LBB\/#\/schema\/person\/e45f8d27baac75072daa0be50c409b25\",\"name\":\"La r\u00e9daction\",\"description\":\"Cr\u00e9e en 2008, la r\u00e9daction du Lyon Bondy Blog s'applique \u00e0 proposer une information locale diff\u00e9rente et compl\u00e9mentaire des m\u00e9dias traditionnels.\",\"sameAs\":[\"https:\/\/www.facebook.com\/lyonbondyblog\",\"https:\/\/x.com\/BondyBlogLyon\"],\"url\":\"https:\/\/lyonbondyblog.fr\/LBB\/author\/admin\/\"}]}<\/script>\n<!-- \/ Yoast SEO plugin. -->","yoast_head_json":{"title":"Football : Le petit g\u00f4ne est parti dans les cieux - Lyon Bondy Blog","robots":{"index":"index","follow":"follow","max-snippet":"max-snippet:-1","max-image-preview":"max-image-preview:large","max-video-preview":"max-video-preview:-1"},"canonical":"https:\/\/lyonbondyblog.fr\/LBB\/football-le-petit-gone-est-parti-dans-les-cieux\/","og_locale":"fr_FR","og_type":"article","og_title":"Football : Le petit g\u00f4ne est parti dans les cieux - Lyon Bondy Blog","og_description":"Hier soir, nos confr\u00e8res de l&rsquo;Equipe annoncent la mort de Bernard Lacombe, footballeur et dirigeant embl\u00e9matique du club de l\u2019Olympique Lyonnais. Depuis janvier 2025, Bernard &hellip;","og_url":"https:\/\/lyonbondyblog.fr\/LBB\/football-le-petit-gone-est-parti-dans-les-cieux\/","og_site_name":"Lyon Bondy Blog","article_publisher":"https:\/\/www.facebook.com\/lyonbondyblog","article_author":"https:\/\/www.facebook.com\/lyonbondyblog","article_published_time":"2025-06-18T06:19:29+00:00","article_modified_time":"2025-06-18T06:30:05+00:00","og_image":[{"width":1024,"height":1024,"url":"https:\/\/lyonbondyblog.fr\/LBB\/wp-content\/uploads\/2025\/06\/8A0DFE08-7D28-488B-B1A3-2861338ECA76.jpg","type":"image\/jpeg"}],"author":"La r\u00e9daction","twitter_card":"summary_large_image","twitter_creator":"@BondyBlogLyon","twitter_site":"@bondybloglyon","schema":{"@context":"https:\/\/schema.org","@graph":[{"@type":"Article","@id":"https:\/\/lyonbondyblog.fr\/LBB\/football-le-petit-gone-est-parti-dans-les-cieux\/#article","isPartOf":{"@id":"https:\/\/lyonbondyblog.fr\/LBB\/football-le-petit-gone-est-parti-dans-les-cieux\/"},"author":{"name":"La r\u00e9daction","@id":"https:\/\/lyonbondyblog.fr\/LBB\/#\/schema\/person\/e45f8d27baac75072daa0be50c409b25"},"headline":"Football : Le petit g\u00f4ne est parti dans les cieux","datePublished":"2025-06-18T06:19:29+00:00","dateModified":"2025-06-18T06:30:05+00:00","mainEntityOfPage":{"@id":"https:\/\/lyonbondyblog.fr\/LBB\/football-le-petit-gone-est-parti-dans-les-cieux\/"},"wordCount":379,"commentCount":0,"publisher":{"@id":"https:\/\/lyonbondyblog.fr\/LBB\/#organization"},"image":{"@id":"https:\/\/lyonbondyblog.fr\/LBB\/football-le-petit-gone-est-parti-dans-les-cieux\/#primaryimage"},"thumbnailUrl":"https:\/\/lyonbondyblog.fr\/LBB\/wp-content\/uploads\/2025\/06\/8A0DFE08-7D28-488B-B1A3-2861338ECA76.jpg","keywords":["france","lyon","sport"],"articleSection":["Football","France","Histoire","Lyon","OL","Portraits"],"inLanguage":"fr-FR","potentialAction":[{"@type":"CommentAction","name":"Comment","target":["https:\/\/lyonbondyblog.fr\/LBB\/football-le-petit-gone-est-parti-dans-les-cieux\/#respond"]}]},{"@type":"WebPage","@id":"https:\/\/lyonbondyblog.fr\/LBB\/football-le-petit-gone-est-parti-dans-les-cieux\/","url":"https:\/\/lyonbondyblog.fr\/LBB\/football-le-petit-gone-est-parti-dans-les-cieux\/","name":"Football : Le petit g\u00f4ne est parti dans les cieux - Lyon Bondy Blog","isPartOf":{"@id":"https:\/\/lyonbondyblog.fr\/LBB\/#website"},"primaryImageOfPage":{"@id":"https:\/\/lyonbondyblog.fr\/LBB\/football-le-petit-gone-est-parti-dans-les-cieux\/#primaryimage"},"image":{"@id":"https:\/\/lyonbondyblog.fr\/LBB\/football-le-petit-gone-est-parti-dans-les-cieux\/#primaryimage"},"thumbnailUrl":"https:\/\/lyonbondyblog.fr\/LBB\/wp-content\/uploads\/2025\/06\/8A0DFE08-7D28-488B-B1A3-2861338ECA76.jpg","datePublished":"2025-06-18T06:19:29+00:00","dateModified":"2025-06-18T06:30:05+00:00","inLanguage":"fr-FR","potentialAction":[{"@type":"ReadAction","target":["https:\/\/lyonbondyblog.fr\/LBB\/football-le-petit-gone-est-parti-dans-les-cieux\/"]}]},{"@type":"ImageObject","inLanguage":"fr-FR","@id":"https:\/\/lyonbondyblog.fr\/LBB\/football-le-petit-gone-est-parti-dans-les-cieux\/#primaryimage","url":"https:\/\/lyonbondyblog.fr\/LBB\/wp-content\/uploads\/2025\/06\/8A0DFE08-7D28-488B-B1A3-2861338ECA76.jpg","contentUrl":"https:\/\/lyonbondyblog.fr\/LBB\/wp-content\/uploads\/2025\/06\/8A0DFE08-7D28-488B-B1A3-2861338ECA76.jpg","width":1024,"height":1024},{"@type":"WebSite","@id":"https:\/\/lyonbondyblog.fr\/LBB\/#website","url":"https:\/\/lyonbondyblog.fr\/LBB\/","name":"Lyon Bondy Blog","description":"","publisher":{"@id":"https:\/\/lyonbondyblog.fr\/LBB\/#organization"},"potentialAction":[{"@type":"SearchAction","target":{"@type":"EntryPoint","urlTemplate":"https:\/\/lyonbondyblog.fr\/LBB\/?s={search_term_string}"},"query-input":"required name=search_term_string"}],"inLanguage":"fr-FR"},{"@type":"Organization","@id":"https:\/\/lyonbondyblog.fr\/LBB\/#organization","name":"LYON BONDY BLOG","url":"https:\/\/lyonbondyblog.fr\/LBB\/","logo":{"@type":"ImageObject","inLanguage":"fr-FR","@id":"https:\/\/lyonbondyblog.fr\/LBB\/#\/schema\/logo\/image\/","url":"http:\/\/lyonbondyblog.fr\/LBB\/wp-content\/uploads\/2014\/10\/logo-portable-144.png","contentUrl":"http:\/\/lyonbondyblog.fr\/LBB\/wp-content\/uploads\/2014\/10\/logo-portable-144.png","width":144,"height":123,"caption":"LYON BONDY BLOG"},"image":{"@id":"https:\/\/lyonbondyblog.fr\/LBB\/#\/schema\/logo\/image\/"},"sameAs":["https:\/\/www.facebook.com\/lyonbondyblog","https:\/\/x.com\/bondybloglyon"]},{"@type":"Person","@id":"https:\/\/lyonbondyblog.fr\/LBB\/#\/schema\/person\/e45f8d27baac75072daa0be50c409b25","name":"La r\u00e9daction","description":"Cr\u00e9e en 2008, la r\u00e9daction du Lyon Bondy Blog s'applique \u00e0 proposer une information locale diff\u00e9rente et compl\u00e9mentaire des m\u00e9dias traditionnels.","sameAs":["https:\/\/www.facebook.com\/lyonbondyblog","https:\/\/x.com\/BondyBlogLyon"],"url":"https:\/\/lyonbondyblog.fr\/LBB\/author\/admin\/"}]}},"_links":{"self":[{"href":"https:\/\/lyonbondyblog.fr\/LBB\/wp-json\/wp\/v2\/posts\/36528","targetHints":{"allow":["GET"]}}],"collection":[{"href":"https:\/\/lyonbondyblog.fr\/LBB\/wp-json\/wp\/v2\/posts"}],"about":[{"href":"https:\/\/lyonbondyblog.fr\/LBB\/wp-json\/wp\/v2\/types\/post"}],"author":[{"embeddable":true,"href":"https:\/\/lyonbondyblog.fr\/LBB\/wp-json\/wp\/v2\/users\/1"}],"replies":[{"embeddable":true,"href":"https:\/\/lyonbondyblog.fr\/LBB\/wp-json\/wp\/v2\/comments?post=36528"}],"version-history":[{"count":2,"href":"https:\/\/lyonbondyblog.fr\/LBB\/wp-json\/wp\/v2\/posts\/36528\/revisions"}],"predecessor-version":[{"id":36532,"href":"https:\/\/lyonbondyblog.fr\/LBB\/wp-json\/wp\/v2\/posts\/36528\/revisions\/36532"}],"wp:featuredmedia":[{"embeddable":true,"href":"https:\/\/lyonbondyblog.fr\/LBB\/wp-json\/wp\/v2\/media\/36529"}],"wp:attachment":[{"href":"https:\/\/lyonbondyblog.fr\/LBB\/wp-json\/wp\/v2\/media?parent=36528"}],"wp:term":[{"taxonomy":"category","embeddable":true,"href":"https:\/\/lyonbondyblog.fr\/LBB\/wp-json\/wp\/v2\/categories?post=36528"},{"taxonomy":"post_tag","embeddable":true,"href":"https:\/\/lyonbondyblog.fr\/LBB\/wp-json\/wp\/v2\/tags?post=36528"}],"curies":[{"name":"wp","href":"https:\/\/api.w.org\/{rel}","templated":true}]}}