{"id":36512,"date":"2025-06-17T17:00:00","date_gmt":"2025-06-17T15:00:00","guid":{"rendered":"https:\/\/lyonbondyblog.fr\/LBB\/?p=36512"},"modified":"2025-06-22T18:55:59","modified_gmt":"2025-06-22T16:55:59","slug":"lyon-la-duchere-restructurer-pour-mieux-transmettre","status":"publish","type":"post","link":"https:\/\/lyonbondyblog.fr\/LBB\/lyon-la-duchere-restructurer-pour-mieux-transmettre\/","title":{"rendered":"Lyon-La Duch\u00e8re : \u00ab Restructurer pour mieux transmettre\u00a0\u00bb"},"content":{"rendered":"\n<p><strong>\u00c0 la t\u00eate du club de football <a href=\"https:\/\/www.lyonladuchere.fr\">Lyon-La Duchere <\/a>depuis 2021, <a href=\"https:\/\/lyonbondyblog.fr\/LBB\/jean-christophe-vincent-nouveau-president-de-lyon-la-duchere-je-me-suis-toujours-interesse-a-laspect-social-du-club\/\">Jean-Christophe Vincent <\/a>revient sur une saison 2024-2025 contrast\u00e9e, entre r\u00e9sultats prometteurs chez les jeunes et frustrations chez les seniors. Alors que son mandat touche \u00e0 sa fin, le pr\u00e9sident du club dresse pour le Lyon Bondy Blog un bilan lucide, m\u00ealant ambitions sportives, projet social et contraintes \u00e9conomiques.&nbsp;<\/strong><br><\/p>\n\n\n\n<p>C\u2019est au d\u00e9but des ann\u00e9es 1960, dans un contexte de profondes <a href=\"https:\/\/www.lyonladuchere.fr\/le-club\/origine-et-ambition\/\">mutations urbaines et sociales au lendemain de la guerre d\u2019Alg\u00e9rie<\/a>, que naissent conjointement le quartier de la Duch\u00e8re et son club de football. Alors que de grandes barres d\u2019immeubles sortent de terre, le ballon rond s\u2019impose rapidement comme un levier de lien social, d\u2019\u00e9mancipation et d\u2019\u00e9ducation pour la jeunesse duch\u00e9roise. 61 ans ont pass\u00e9 depuis la cr\u00e9ation du club rouge et jaune le 14 mai 1964, mais son fil conducteur reste intact : au del\u00e0 du jeu, agir pour un impact social positif. H\u00e9ritier de cette tradition, Jean-Christophe Vincent en reprend les r\u00eanes en mai 2021, succ\u00e9dant \u00e0 Mohammed Tria, pr\u00e9sident de ces treize derni\u00e8res ann\u00e9es. Depuis le d\u00e9but de son mandat, le Directeur adjoint de <a href=\"https:\/\/www.6emesensimmobilier.com\">6\u00e8me Sens Immobilier <\/a>entend renforcer l\u2019ancrage territorial du club, notamment \u00e0 travers un projet associatif structur\u00e9 autour de plus de <a href=\"https:\/\/www.lyonladuchere.fr\/projets\/\">80 actions sociales men\u00e9es chaque ann\u00e9e<\/a>. C\u2019est au <a href=\"https:\/\/www.lyon.fr\/lieu\/stade\/stade-de-la-duchere-balmont\">stade de Balmont<\/a>, perch\u00e9 au sommet de la colline embl\u00e9matique du 9e arrondissement de Lyon, que Jean-Christophe Vincent nous a re\u00e7us. Sur le site historique du fort de la Duch\u00e8re, dont le club int\u00e8gre certains vestiges, le pr\u00e9sident de Lyon-La Duch\u00e8re revient avec nous sur l\u2019identit\u00e9, les ambitions et les d\u00e9fis actuels du club.<\/p>\n\n\n\n<h2 class=\"wp-block-heading\">Retranscription de l&rsquo;interview<\/h2>\n\n\n\n<p><strong><em>LBB : Bonjour Jean-Christophe Vincent, merci de nous recevoir ici, au stade de Balmont. Vous \u00eates \u00e0 la t\u00eate du club depuis maintenant quatre ans. Si vous deviez dresser un premier bilan global \u2013&nbsp; que ce soit sur le plan sportif, financier, ou humain \u2013 comment \u00e9valueriez-vous cette p\u00e9riode ?&nbsp;<\/em><\/strong><\/p>\n\n\n\n<p><strong><em>J.C.V :<\/em><\/strong> Sur le volet social, l&rsquo;\u00e9quipe directionnelle a r\u00e9ussi son pari. Nous avons multipli\u00e9 les projets \u00e0 destination des jeunes les plus vuln\u00e9rables. Il faut rappeler que<a href=\"https:\/\/sig.ville.gouv.fr\/territoire\/QN06934M?utm_source=chatgpt.com\"> <\/a><a href=\"https:\/\/sig.ville.gouv.fr\/territoire\/QN06934M\">la Duch\u00e8re reste l\u2019un des quartiers les plus pauvres de Lyon.<\/a> Sur le plan sportif, la saison des jeunes est une vraie r\u00e9ussite, puisqu\u2019on est un lieu de formation exigeant. Nos \u00e9quipes progressent, \u00e0 l\u2019image des<a href=\"https:\/\/www.lyonladuchere.fr\/une-2%E1%B5%89-place-nationale-portee-par-lacademie\/\"> U17 nationaux qui ont termin\u00e9 deuxi\u00e8mes au niveau national,&nbsp;derri\u00e8re Saint-Etienne, mais devant des clubs professionnels comme l\u2019OM<\/a>. En revanche, je suis plus critique sur le football semi-professionnel. Le manque de redistribution financi\u00e8re de la part du football professionnel limite notre d\u00e9veloppement. Les petits clubs de notre taille sont condamn\u00e9s \u00e0 faire des allers-retours dans les niveaux nationaux sans avoir de perspective r\u00e9elle.<\/p>\n\n\n\n<p><strong><em>LBB : Cette saison 2024-2025 s\u2019est termin\u00e9e r\u00e9cemment, avec une<a href=\"https:\/\/www.lequipe.fr\/Football\/national-3-groupe-i\/page-classement-equipes\/general?utm\"> 2e place en National 3<\/a>. Les objectifs d\u00e9finis en d\u00e9but de saison ont-ils \u00e9t\u00e9 atteints, ou il y a-t-il un go\u00fbt d\u2019inachev\u00e9 ?\u00a0<\/em><\/strong><br><br><strong><em>J.C.V :<\/em><\/strong>\u00a0 Sportivement, c\u2019est extr\u00eamement d\u00e9cevant. Comme l\u2019an dernier, nous terminons deuxi\u00e8me alors que notre objectif \u00e9tait clair : la mont\u00e9e. Pour moi, le deuxi\u00e8me, c\u2019est le premier des perdants. Mais d\u2019un point de vue \u00e9conomique et \u00e9tant donn\u00e9 la difficult\u00e9 \u00e0 trouver des partenaires, c\u2019est beaucoup plus raisonnable. Aller en National 2 aurait exig\u00e9 des ressources financi\u00e8res que nous n\u2019avons pas aujourd\u2019hui.\u00a0<br><br><strong><em>LBB : Quels ont \u00e9t\u00e9, selon vous, les moments forts de cette saison ?<\/em><\/strong><br><br><strong><em>J.C.V :<\/em><\/strong> La performance des U17 nationaux est exceptionnelle : terminer derri\u00e8re Saint-\u00c9tienne et devant l\u2019OM, c\u2019est un exploit pour un club de notre taille. L\u2019\u00e9quipe f\u00e9minine continue \u00e9galement de progresser. Le niveau de l\u2019\u00e9quipe fanion augmente, et nous attendons les r\u00e9sultats des derniers matchs pour \u00e9valuer son \u00e9volution.<\/p>\n\n\n\n<figure class=\"wp-block-image size-large\"><img loading=\"lazy\" decoding=\"async\" width=\"1920\" height=\"1372\" src=\"https:\/\/lyonbondyblog.fr\/LBB\/wp-content\/uploads\/2025\/06\/7A1BA0AA-8E62-4005-A2EE-EBE03597518A-1920x1372.jpg\" alt=\"\" class=\"wp-image-36513\" srcset=\"https:\/\/lyonbondyblog.fr\/LBB\/wp-content\/uploads\/2025\/06\/7A1BA0AA-8E62-4005-A2EE-EBE03597518A-1920x1372.jpg 1920w, https:\/\/lyonbondyblog.fr\/LBB\/wp-content\/uploads\/2025\/06\/7A1BA0AA-8E62-4005-A2EE-EBE03597518A-1200x857.jpg 1200w, https:\/\/lyonbondyblog.fr\/LBB\/wp-content\/uploads\/2025\/06\/7A1BA0AA-8E62-4005-A2EE-EBE03597518A-768x549.jpg 768w, https:\/\/lyonbondyblog.fr\/LBB\/wp-content\/uploads\/2025\/06\/7A1BA0AA-8E62-4005-A2EE-EBE03597518A-1536x1097.jpg 1536w, https:\/\/lyonbondyblog.fr\/LBB\/wp-content\/uploads\/2025\/06\/7A1BA0AA-8E62-4005-A2EE-EBE03597518A-2048x1463.jpg 2048w, https:\/\/lyonbondyblog.fr\/LBB\/wp-content\/uploads\/2025\/06\/7A1BA0AA-8E62-4005-A2EE-EBE03597518A-120x85.jpg 120w\" sizes=\"auto, (max-width: 1920px) 100vw, 1920px\" \/><figcaption class=\"wp-element-caption\">\u00c0 l\u2019entr\u00e9e du stade de Balmont, des panneaux mettent \u00e0 l\u2019honneur des joueuses du club,  \u00a9Alice Morin\n<\/figcaption><\/figure>\n\n\n\n<p><strong><em>LBB : Justement, au niveau de l&rsquo;\u00e9quipe f\u00e9minine, o\u00f9 en est-elle comparativement \u00e0 l\u2019\u00e9quipe masculine ? Joue-t-elle ici aussi, au stade de Balmont ?&nbsp;<\/em><\/strong><br><br><strong><em>J.C.V : <\/em><\/strong>Aujourd\u2019hui,<a href=\"https:\/\/www.ccomptes.fr\/sites\/default\/files\/2023-10\/ARA202312.pdf?utm\"> les filles repr\u00e9sentent environ 20 % de nos licenci\u00e9s<\/a>, ce qui est bien au-dessus de la <a href=\"https:\/\/www.fff.fr\/article\/14277-les-faits-et-chiffres-du-football-feminin.html#:~:text=Aujourd'hui%2C%20d%C3%A9j%C3%A0%2C%20les,pratiquer%20le%20football%20en%20France.%20%C2%BB&amp;text=Avec%20251%20369%20licences%20f%C3%A9minines,football%20f%C3%A9minin%20dans%20notre%20pays.\">moyenne nationale<\/a>. Et avec la <a href=\"https:\/\/www.lyon.fr\/actualite\/sport\/equipements-sportifs-des-chantiers-pour-lavenir\">transformation prochaine du terrain en pelouse synth\u00e9tique<\/a>, nous pourrons accueillir davantage de licenci\u00e9es. Jusqu\u2019\u00e0 pr\u00e9sent, seul le groupe professionnel jouait au stade de Balmont pour ses matchs, en raison de la limite d\u2019utilisation de 80 heures par an impos\u00e9e par le gazon naturel. La mairie de Lyon a accept\u00e9 notre demande de passage au synth\u00e9tique, ce qui permettra un usage quotidien, bien plus adapt\u00e9 pour un \u00e9quipement public.<\/p>\n\n\n\n<figure class=\"wp-block-image size-large\"><img loading=\"lazy\" decoding=\"async\" width=\"1920\" height=\"1372\" src=\"https:\/\/lyonbondyblog.fr\/LBB\/wp-content\/uploads\/2025\/06\/540D2C40-5D74-4388-AB4A-3AF45F8929DD-1920x1372.jpg\" alt=\"\" class=\"wp-image-36515\" srcset=\"https:\/\/lyonbondyblog.fr\/LBB\/wp-content\/uploads\/2025\/06\/540D2C40-5D74-4388-AB4A-3AF45F8929DD-1920x1372.jpg 1920w, https:\/\/lyonbondyblog.fr\/LBB\/wp-content\/uploads\/2025\/06\/540D2C40-5D74-4388-AB4A-3AF45F8929DD-1200x857.jpg 1200w, https:\/\/lyonbondyblog.fr\/LBB\/wp-content\/uploads\/2025\/06\/540D2C40-5D74-4388-AB4A-3AF45F8929DD-768x549.jpg 768w, https:\/\/lyonbondyblog.fr\/LBB\/wp-content\/uploads\/2025\/06\/540D2C40-5D74-4388-AB4A-3AF45F8929DD-1536x1097.jpg 1536w, https:\/\/lyonbondyblog.fr\/LBB\/wp-content\/uploads\/2025\/06\/540D2C40-5D74-4388-AB4A-3AF45F8929DD-2048x1463.jpg 2048w, https:\/\/lyonbondyblog.fr\/LBB\/wp-content\/uploads\/2025\/06\/540D2C40-5D74-4388-AB4A-3AF45F8929DD-120x85.jpg 120w\" sizes=\"auto, (max-width: 1920px) 100vw, 1920px\" \/><figcaption class=\"wp-element-caption\">Le stade de Balmont en chantier : la pelouse sera bient\u00f4t remplac\u00e9e par un terrain synth\u00e9tique pour augmenter sa capacit\u00e9 d\u2019accueil et d\u2019usage. \u00a9Alice Morin<br><\/figcaption><\/figure>\n\n\n\n<p><strong><strong><em>LBB : Le projet d\u2019accueillir l\u2019OL f\u00e9minin au stade de Balmont est-il toujours d\u2019actualit\u00e9 ?<\/em><\/strong><br><br><em>J.C.V : <\/em><\/strong>Oui, ce n&rsquo;est pas du tout abandonn\u00e9. Cela reste un sc\u00e9nario possible pour l&rsquo;OL. <a href=\"https:\/\/www.ol.fr\/fr\/actualites\/l-olympique-lyonnais-promeut-vincent-ponsot-au-poste-de-ceo-de-l-ol-feminin-1\">Vincent Ponsot <\/a>m\u2019a r\u00e9cemment confirm\u00e9 que cela restait une hypoth\u00e8se. Ce sera, je pense, un sujet de campagne \u00e9lectorale. Nous avons con\u00e7u et propos\u00e9 \u00e0 l&rsquo;OL un projet de stade qui respecte l\u2019architecture et l\u2019histoire du site, tout en int\u00e9grant les \u00e9quipements publics alentours. Il pourrait accueillir 25 000 personnes, voire 35 000 \u00e0 terme.<br><br><strong><em>LBB : Lyon-La Duch\u00e8re se d\u00e9finit comme un club \u00e0 impact social. Comment cela se traduit-il concr\u00e8tement ?<\/em><\/strong><\/p>\n\n\n\n<p><strong><em>J.C.V : <\/em><\/strong>Chaque ann\u00e9e, nous menons 80 projets r\u00e9partis en huit th\u00e9matiques. En juin, par exemple, nous avons organis\u00e9 une journ\u00e9e autour de la transition \u00e9cologique place Gis\u00e8le Halimi, avec la participation de nombreuses associations. Nous portons aussi un forum pour l\u2019emploi, \u00ab Ton m\u00e9tier c&rsquo;est ton but \u00bb, qui existe depuis douze ans et a permis la cr\u00e9ation de plusieurs centaines d\u2019emplois, en collaboration avec France Travail, la Maison M\u00e9tropolitaine de l&rsquo;Insertion et de l\u2019Emploi, et la Caisse d&rsquo;\u00c9pargne. Le 25 juin prochain, nous organisons la Journ\u00e9e de la citoyennet\u00e9 avec les forces de police, les pompiers et l\u2019arm\u00e9e. Le m\u00eame jour, il y aura \u00e9galement l\u2019Universit\u00e9 ouverte de la Duch\u00e8re, o\u00f9 la journaliste Maria Malagardis pr\u00e9sentera son reportage sur le g\u00e9nocide au Rwanda. Et pendant les vacances, nos stages allient sport, inclusion et \u00e9ducation : s\u00e9ances avec des jeunes autistes, ateliers sur la nutrition, stages d\u2019\u00e9mancipation pour les jeunes filles, ou encore formations sur la protection de l\u2019enfance.<\/p>\n\n\n\n<p><strong><em>LBB : Un<a href=\"https:\/\/www.sofoot.com\/breves\/rayan-djahl-de-la-duch-a-la-juve\"> jeune attaquant form\u00e9 ici a sign\u00e9 \u00e0 la Juventus en juillet 2024<\/a>. Cela a-t-il g\u00e9n\u00e9r\u00e9 des retomb\u00e9es pour le club ?<\/em><\/strong> <strong><em>D\u2019autres d\u00e9parts vers des clubs pros sont-ils pr\u00e9vus ?<\/em><\/strong><br><br><strong><em>J.C.V : <\/em><\/strong>Nous \u00e9tions cens\u00e9s toucher une somme importante li\u00e9e \u00e0 sa formation, mais n\u2019ayant pas pu lui proposer de contrat de travail, nous n\u2019avons rien per\u00e7u. Nous avons m\u00eame d\u00fb payer pr\u00e8s de 30 000 euros au Tribunal arbitral du sport pour nous d\u00e9fendre. Quel petit club peut proposer un contrat \u00e0 un mineur qui va signer \u00e0 la Juventus ? C&rsquo;est un non-sens. En dehors de cela, comme chaque saison, d&rsquo;autres jeunes rejoignent des centres professionnels gr\u00e2ce \u00e0 leurs performances.&nbsp;<\/p>\n\n\n\n<p><strong><em>LBB : C\u00f4t\u00e9 recrutement, vous misez donc avant tout sur la formation interne ?<\/em><\/strong><br><br><strong><em>J.C.V : <\/em><\/strong>Absolument. Dans notre \u00e9quipe U17 cette saison, 90 % des joueurs \u00e9taient issus de notre propre formation. C\u2019\u00e9tait loin d\u2019\u00eatre le cas il y a quatre ans, il n&rsquo;y avait personne du coin. L\u2019id\u00e9e est de privil\u00e9gier les talents \u00e9mergents du quartier, ou des alentours, plut\u00f4t que de recruter \u00e0 tout va comme le font d\u2019autres clubs. C\u2019est un choix de coh\u00e9rence territoriale, fid\u00e8le \u00e0 l\u2019histoire du club.<br><br><strong><em>LBB : En dehors du terrain, le club a-t-il \u00e9volu\u00e9 en interne cette ann\u00e9e ?<\/em><\/strong><br><br><strong><em>J.C.V : <\/em><\/strong>Nous avons engag\u00e9 une importante restructuration. Le club avait \u00e9t\u00e9 pens\u00e9 pour \u00e9voluer en National voire en Ligue 2. Or, ce ne sera pas le cas dans les ann\u00e9es \u00e0 venir. L\u00e0, on revient en arri\u00e8re avec un certain nombre de d\u00e9parts de l&rsquo;\u00e9quipe administrative.<br><br><strong><em>LBB :&nbsp; Le club de Lyon-La Duch\u00e8re a connu d\u2019importantes difficult\u00e9s financi\u00e8res r\u00e9cemment. Comment avez-vous r\u00e9ussi \u00e0 maintenir une dynamique positive ?&nbsp;<\/em><\/strong><br><br><strong><em>J.C.V : <\/em><\/strong>Cela tient en grande partie \u00e0 l\u2019engagement de m\u00e9c\u00e8nes priv\u00e9s. En particulier <a href=\"https:\/\/www.6emesensimmobilier.com\/actions-engagees\/lyon-la-duchere\/\">6e Sens Immobilier <\/a>et son dirigeant Nicolas Gagneux, qui a accept\u00e9 de payer pour les erreurs du pass\u00e9 dont il n&rsquo;\u00e9tait pas responsable. On a eu cette chance d&rsquo;avoir un g\u00e9n\u00e9reux m\u00e9c\u00e8ne. Cette ann\u00e9e, notre budget reposait \u00e0 80% sur du financement priv\u00e9. Parmi les partenaires publics, le plus important est la ville de Nantes, qui nous soutient fortement, de mani\u00e8re presque in\u00e9dite.<br><br><strong><em>LBB : Quels seront vos objectifs pour le club en 2025-2026 ?<\/em><\/strong><br><br><strong><em>J.C.V : <\/em><\/strong>L\u2019objectif est de le restructurer pour pouvoir le transmettre. J\u2019arrive \u00e0 ma cinqui\u00e8me ann\u00e9e \u00e0 la pr\u00e9sidence, et j&rsquo;avais annonc\u00e9 que je resterai 5 ans. Nous devons continuer d\u2019assainir les finances, en particulier apr\u00e8s des difficult\u00e9s comme celles avec l\u2019Urssaf. Au niveau sportif, l\u2019enjeu reste la formation : continuer d\u2019\u00eatre un club tremplin pour les jeunes du territoire. Concernant l\u2019\u00e9quipe fanion, il n&rsquo;y aura pas de projet particulier cette ann\u00e9e. On est m\u00eame partis pour avoir un budget minimaliste sur l&rsquo;\u00e9quipe premi\u00e8re.&nbsp;<\/p>\n\n\n\n<figure class=\"wp-block-image size-large\"><img loading=\"lazy\" decoding=\"async\" width=\"1920\" height=\"1536\" src=\"https:\/\/lyonbondyblog.fr\/LBB\/wp-content\/uploads\/2025\/06\/F9022FCF-9A89-4C98-8939-43D9DBE655BA-1920x1536.jpg\" alt=\"\" class=\"wp-image-36514\" srcset=\"https:\/\/lyonbondyblog.fr\/LBB\/wp-content\/uploads\/2025\/06\/F9022FCF-9A89-4C98-8939-43D9DBE655BA-1920x1536.jpg 1920w, https:\/\/lyonbondyblog.fr\/LBB\/wp-content\/uploads\/2025\/06\/F9022FCF-9A89-4C98-8939-43D9DBE655BA-1200x960.jpg 1200w, https:\/\/lyonbondyblog.fr\/LBB\/wp-content\/uploads\/2025\/06\/F9022FCF-9A89-4C98-8939-43D9DBE655BA-768x614.jpg 768w, https:\/\/lyonbondyblog.fr\/LBB\/wp-content\/uploads\/2025\/06\/F9022FCF-9A89-4C98-8939-43D9DBE655BA-1536x1229.jpg 1536w, https:\/\/lyonbondyblog.fr\/LBB\/wp-content\/uploads\/2025\/06\/F9022FCF-9A89-4C98-8939-43D9DBE655BA-2048x1638.jpg 2048w\" sizes=\"auto, (max-width: 1920px) 100vw, 1920px\" \/><figcaption class=\"wp-element-caption\">\u00a9Alice Morin<\/figcaption><\/figure>\n\n\n\n<p><br>Interview sign\u00e9e <strong>Alice MORIN.<\/strong> <\/p>\n<!-- AddThis Advanced Settings generic via filter on the_content --><!-- AddThis Share Buttons generic via filter on the_content -->","protected":false},"excerpt":{"rendered":"<p>\u00c0 la t\u00eate du club de football Lyon-La Duchere depuis 2021, Jean-Christophe Vincent revient sur une saison 2024-2025 contrast\u00e9e, entre r\u00e9sultats prometteurs chez les jeunes &hellip; <!-- AddThis Advanced Settings generic via filter on wp_trim_excerpt --><!-- AddThis Share Buttons generic via filter on wp_trim_excerpt --><\/p>\n","protected":false},"author":1,"featured_media":36516,"comment_status":"open","ping_status":"open","sticky":true,"template":"","format":"standard","meta":{"_FSMCFIC_featured_image_caption":"","_FSMCFIC_featured_image_nocaption":"","_FSMCFIC_featured_image_hide":"","footnotes":""},"categories":[22233,3888,4],"tags":[665,1130,624,10,1081,29],"class_list":["post-36512","post","type-post","status-publish","format-standard","has-post-thumbnail","hentry","category-duchere","category-football","category-lyon","tag-duchere","tag-education","tag-football","tag-lyon-2","tag-social","tag-sport"],"yoast_head":"<!-- This site is optimized with the Yoast SEO plugin v22.8 - https:\/\/yoast.com\/wordpress\/plugins\/seo\/ -->\n<title>Lyon-La Duch\u00e8re : \u00ab Restructurer pour mieux transmettre\u00a0\u00bb - Lyon Bondy Blog<\/title>\n<meta name=\"robots\" content=\"index, follow, max-snippet:-1, max-image-preview:large, max-video-preview:-1\" \/>\n<link rel=\"canonical\" href=\"https:\/\/lyonbondyblog.fr\/LBB\/lyon-la-duchere-restructurer-pour-mieux-transmettre\/\" \/>\n<meta property=\"og:locale\" content=\"fr_FR\" \/>\n<meta property=\"og:type\" content=\"article\" \/>\n<meta property=\"og:title\" content=\"Lyon-La Duch\u00e8re : \u00ab Restructurer pour mieux transmettre\u00a0\u00bb - Lyon Bondy Blog\" \/>\n<meta property=\"og:description\" content=\"\u00c0 la t\u00eate du club de football Lyon-La Duchere depuis 2021, Jean-Christophe Vincent revient sur une saison 2024-2025 contrast\u00e9e, entre r\u00e9sultats prometteurs chez les jeunes &hellip;\" \/>\n<meta property=\"og:url\" content=\"https:\/\/lyonbondyblog.fr\/LBB\/lyon-la-duchere-restructurer-pour-mieux-transmettre\/\" \/>\n<meta property=\"og:site_name\" content=\"Lyon Bondy Blog\" \/>\n<meta property=\"article:publisher\" content=\"https:\/\/www.facebook.com\/lyonbondyblog\" \/>\n<meta property=\"article:author\" content=\"https:\/\/www.facebook.com\/lyonbondyblog\" \/>\n<meta property=\"article:published_time\" content=\"2025-06-17T15:00:00+00:00\" \/>\n<meta property=\"article:modified_time\" content=\"2025-06-22T16:55:59+00:00\" \/>\n<meta property=\"og:image\" content=\"https:\/\/lyonbondyblog.fr\/LBB\/wp-content\/uploads\/2014\/10\/Bandeau-Site-V2-011-2.jpg\" \/>\n\t<meta property=\"og:image:width\" content=\"851\" \/>\n\t<meta property=\"og:image:height\" content=\"200\" \/>\n\t<meta property=\"og:image:type\" content=\"image\/jpeg\" \/>\n<meta name=\"author\" content=\"La r\u00e9daction\" \/>\n<meta name=\"twitter:card\" content=\"summary_large_image\" \/>\n<meta name=\"twitter:creator\" content=\"@BondyBlogLyon\" \/>\n<meta name=\"twitter:site\" content=\"@bondybloglyon\" \/>\n<script type=\"application\/ld+json\" class=\"yoast-schema-graph\">{\"@context\":\"https:\/\/schema.org\",\"@graph\":[{\"@type\":\"Article\",\"@id\":\"https:\/\/lyonbondyblog.fr\/LBB\/lyon-la-duchere-restructurer-pour-mieux-transmettre\/#article\",\"isPartOf\":{\"@id\":\"https:\/\/lyonbondyblog.fr\/LBB\/lyon-la-duchere-restructurer-pour-mieux-transmettre\/\"},\"author\":{\"name\":\"La r\u00e9daction\",\"@id\":\"https:\/\/lyonbondyblog.fr\/LBB\/#\/schema\/person\/e45f8d27baac75072daa0be50c409b25\"},\"headline\":\"Lyon-La Duch\u00e8re : \u00ab Restructurer pour mieux transmettre\u00a0\u00bb\",\"datePublished\":\"2025-06-17T15:00:00+00:00\",\"dateModified\":\"2025-06-22T16:55:59+00:00\",\"mainEntityOfPage\":{\"@id\":\"https:\/\/lyonbondyblog.fr\/LBB\/lyon-la-duchere-restructurer-pour-mieux-transmettre\/\"},\"wordCount\":1635,\"commentCount\":0,\"publisher\":{\"@id\":\"https:\/\/lyonbondyblog.fr\/LBB\/#organization\"},\"image\":{\"@id\":\"https:\/\/lyonbondyblog.fr\/LBB\/lyon-la-duchere-restructurer-pour-mieux-transmettre\/#primaryimage\"},\"thumbnailUrl\":\"https:\/\/lyonbondyblog.fr\/LBB\/wp-content\/uploads\/2025\/06\/52F88ED1-E1F7-42C5-9E47-05FDE74E1A6D-e1750172502835.jpg\",\"keywords\":[\"Duch\u00e8re\",\"Education\",\"Football\",\"lyon\",\"social\",\"sport\"],\"articleSection\":[\"Duch\u00e8re\",\"Football\",\"Lyon\"],\"inLanguage\":\"fr-FR\",\"potentialAction\":[{\"@type\":\"CommentAction\",\"name\":\"Comment\",\"target\":[\"https:\/\/lyonbondyblog.fr\/LBB\/lyon-la-duchere-restructurer-pour-mieux-transmettre\/#respond\"]}]},{\"@type\":\"WebPage\",\"@id\":\"https:\/\/lyonbondyblog.fr\/LBB\/lyon-la-duchere-restructurer-pour-mieux-transmettre\/\",\"url\":\"https:\/\/lyonbondyblog.fr\/LBB\/lyon-la-duchere-restructurer-pour-mieux-transmettre\/\",\"name\":\"Lyon-La Duch\u00e8re : \u00ab Restructurer pour mieux transmettre\u00a0\u00bb - Lyon Bondy Blog\",\"isPartOf\":{\"@id\":\"https:\/\/lyonbondyblog.fr\/LBB\/#website\"},\"primaryImageOfPage\":{\"@id\":\"https:\/\/lyonbondyblog.fr\/LBB\/lyon-la-duchere-restructurer-pour-mieux-transmettre\/#primaryimage\"},\"image\":{\"@id\":\"https:\/\/lyonbondyblog.fr\/LBB\/lyon-la-duchere-restructurer-pour-mieux-transmettre\/#primaryimage\"},\"thumbnailUrl\":\"https:\/\/lyonbondyblog.fr\/LBB\/wp-content\/uploads\/2025\/06\/52F88ED1-E1F7-42C5-9E47-05FDE74E1A6D-e1750172502835.jpg\",\"datePublished\":\"2025-06-17T15:00:00+00:00\",\"dateModified\":\"2025-06-22T16:55:59+00:00\",\"inLanguage\":\"fr-FR\",\"potentialAction\":[{\"@type\":\"ReadAction\",\"target\":[\"https:\/\/lyonbondyblog.fr\/LBB\/lyon-la-duchere-restructurer-pour-mieux-transmettre\/\"]}]},{\"@type\":\"ImageObject\",\"inLanguage\":\"fr-FR\",\"@id\":\"https:\/\/lyonbondyblog.fr\/LBB\/lyon-la-duchere-restructurer-pour-mieux-transmettre\/#primaryimage\",\"url\":\"https:\/\/lyonbondyblog.fr\/LBB\/wp-content\/uploads\/2025\/06\/52F88ED1-E1F7-42C5-9E47-05FDE74E1A6D-e1750172502835.jpg\",\"contentUrl\":\"https:\/\/lyonbondyblog.fr\/LBB\/wp-content\/uploads\/2025\/06\/52F88ED1-E1F7-42C5-9E47-05FDE74E1A6D-e1750172502835.jpg\",\"width\":2536,\"height\":1530,\"caption\":\"Jean-Christophe Vincent, Pr\u00e9sident du club Lyon-La Duch\u00e8re depuis mai 2021, \u00a9Alice Morin\"},{\"@type\":\"WebSite\",\"@id\":\"https:\/\/lyonbondyblog.fr\/LBB\/#website\",\"url\":\"https:\/\/lyonbondyblog.fr\/LBB\/\",\"name\":\"Lyon Bondy Blog\",\"description\":\"\",\"publisher\":{\"@id\":\"https:\/\/lyonbondyblog.fr\/LBB\/#organization\"},\"potentialAction\":[{\"@type\":\"SearchAction\",\"target\":{\"@type\":\"EntryPoint\",\"urlTemplate\":\"https:\/\/lyonbondyblog.fr\/LBB\/?s={search_term_string}\"},\"query-input\":\"required name=search_term_string\"}],\"inLanguage\":\"fr-FR\"},{\"@type\":\"Organization\",\"@id\":\"https:\/\/lyonbondyblog.fr\/LBB\/#organization\",\"name\":\"LYON BONDY BLOG\",\"url\":\"https:\/\/lyonbondyblog.fr\/LBB\/\",\"logo\":{\"@type\":\"ImageObject\",\"inLanguage\":\"fr-FR\",\"@id\":\"https:\/\/lyonbondyblog.fr\/LBB\/#\/schema\/logo\/image\/\",\"url\":\"http:\/\/lyonbondyblog.fr\/LBB\/wp-content\/uploads\/2014\/10\/logo-portable-144.png\",\"contentUrl\":\"http:\/\/lyonbondyblog.fr\/LBB\/wp-content\/uploads\/2014\/10\/logo-portable-144.png\",\"width\":144,\"height\":123,\"caption\":\"LYON BONDY BLOG\"},\"image\":{\"@id\":\"https:\/\/lyonbondyblog.fr\/LBB\/#\/schema\/logo\/image\/\"},\"sameAs\":[\"https:\/\/www.facebook.com\/lyonbondyblog\",\"https:\/\/x.com\/bondybloglyon\"]},{\"@type\":\"Person\",\"@id\":\"https:\/\/lyonbondyblog.fr\/LBB\/#\/schema\/person\/e45f8d27baac75072daa0be50c409b25\",\"name\":\"La r\u00e9daction\",\"description\":\"Cr\u00e9e en 2008, la r\u00e9daction du Lyon Bondy Blog s'applique \u00e0 proposer une information locale diff\u00e9rente et compl\u00e9mentaire des m\u00e9dias traditionnels.\",\"sameAs\":[\"https:\/\/www.facebook.com\/lyonbondyblog\",\"https:\/\/x.com\/BondyBlogLyon\"],\"url\":\"https:\/\/lyonbondyblog.fr\/LBB\/author\/admin\/\"}]}<\/script>\n<!-- \/ Yoast SEO plugin. -->","yoast_head_json":{"title":"Lyon-La Duch\u00e8re : \u00ab Restructurer pour mieux transmettre\u00a0\u00bb - Lyon Bondy Blog","robots":{"index":"index","follow":"follow","max-snippet":"max-snippet:-1","max-image-preview":"max-image-preview:large","max-video-preview":"max-video-preview:-1"},"canonical":"https:\/\/lyonbondyblog.fr\/LBB\/lyon-la-duchere-restructurer-pour-mieux-transmettre\/","og_locale":"fr_FR","og_type":"article","og_title":"Lyon-La Duch\u00e8re : \u00ab Restructurer pour mieux transmettre\u00a0\u00bb - Lyon Bondy Blog","og_description":"\u00c0 la t\u00eate du club de football Lyon-La Duchere depuis 2021, Jean-Christophe Vincent revient sur une saison 2024-2025 contrast\u00e9e, entre r\u00e9sultats prometteurs chez les jeunes &hellip;","og_url":"https:\/\/lyonbondyblog.fr\/LBB\/lyon-la-duchere-restructurer-pour-mieux-transmettre\/","og_site_name":"Lyon Bondy Blog","article_publisher":"https:\/\/www.facebook.com\/lyonbondyblog","article_author":"https:\/\/www.facebook.com\/lyonbondyblog","article_published_time":"2025-06-17T15:00:00+00:00","article_modified_time":"2025-06-22T16:55:59+00:00","og_image":[{"width":851,"height":200,"url":"https:\/\/lyonbondyblog.fr\/LBB\/wp-content\/uploads\/2014\/10\/Bandeau-Site-V2-011-2.jpg","type":"image\/jpeg"}],"author":"La r\u00e9daction","twitter_card":"summary_large_image","twitter_creator":"@BondyBlogLyon","twitter_site":"@bondybloglyon","schema":{"@context":"https:\/\/schema.org","@graph":[{"@type":"Article","@id":"https:\/\/lyonbondyblog.fr\/LBB\/lyon-la-duchere-restructurer-pour-mieux-transmettre\/#article","isPartOf":{"@id":"https:\/\/lyonbondyblog.fr\/LBB\/lyon-la-duchere-restructurer-pour-mieux-transmettre\/"},"author":{"name":"La r\u00e9daction","@id":"https:\/\/lyonbondyblog.fr\/LBB\/#\/schema\/person\/e45f8d27baac75072daa0be50c409b25"},"headline":"Lyon-La Duch\u00e8re : \u00ab Restructurer pour mieux transmettre\u00a0\u00bb","datePublished":"2025-06-17T15:00:00+00:00","dateModified":"2025-06-22T16:55:59+00:00","mainEntityOfPage":{"@id":"https:\/\/lyonbondyblog.fr\/LBB\/lyon-la-duchere-restructurer-pour-mieux-transmettre\/"},"wordCount":1635,"commentCount":0,"publisher":{"@id":"https:\/\/lyonbondyblog.fr\/LBB\/#organization"},"image":{"@id":"https:\/\/lyonbondyblog.fr\/LBB\/lyon-la-duchere-restructurer-pour-mieux-transmettre\/#primaryimage"},"thumbnailUrl":"https:\/\/lyonbondyblog.fr\/LBB\/wp-content\/uploads\/2025\/06\/52F88ED1-E1F7-42C5-9E47-05FDE74E1A6D-e1750172502835.jpg","keywords":["Duch\u00e8re","Education","Football","lyon","social","sport"],"articleSection":["Duch\u00e8re","Football","Lyon"],"inLanguage":"fr-FR","potentialAction":[{"@type":"CommentAction","name":"Comment","target":["https:\/\/lyonbondyblog.fr\/LBB\/lyon-la-duchere-restructurer-pour-mieux-transmettre\/#respond"]}]},{"@type":"WebPage","@id":"https:\/\/lyonbondyblog.fr\/LBB\/lyon-la-duchere-restructurer-pour-mieux-transmettre\/","url":"https:\/\/lyonbondyblog.fr\/LBB\/lyon-la-duchere-restructurer-pour-mieux-transmettre\/","name":"Lyon-La Duch\u00e8re : \u00ab Restructurer pour mieux transmettre\u00a0\u00bb - Lyon Bondy Blog","isPartOf":{"@id":"https:\/\/lyonbondyblog.fr\/LBB\/#website"},"primaryImageOfPage":{"@id":"https:\/\/lyonbondyblog.fr\/LBB\/lyon-la-duchere-restructurer-pour-mieux-transmettre\/#primaryimage"},"image":{"@id":"https:\/\/lyonbondyblog.fr\/LBB\/lyon-la-duchere-restructurer-pour-mieux-transmettre\/#primaryimage"},"thumbnailUrl":"https:\/\/lyonbondyblog.fr\/LBB\/wp-content\/uploads\/2025\/06\/52F88ED1-E1F7-42C5-9E47-05FDE74E1A6D-e1750172502835.jpg","datePublished":"2025-06-17T15:00:00+00:00","dateModified":"2025-06-22T16:55:59+00:00","inLanguage":"fr-FR","potentialAction":[{"@type":"ReadAction","target":["https:\/\/lyonbondyblog.fr\/LBB\/lyon-la-duchere-restructurer-pour-mieux-transmettre\/"]}]},{"@type":"ImageObject","inLanguage":"fr-FR","@id":"https:\/\/lyonbondyblog.fr\/LBB\/lyon-la-duchere-restructurer-pour-mieux-transmettre\/#primaryimage","url":"https:\/\/lyonbondyblog.fr\/LBB\/wp-content\/uploads\/2025\/06\/52F88ED1-E1F7-42C5-9E47-05FDE74E1A6D-e1750172502835.jpg","contentUrl":"https:\/\/lyonbondyblog.fr\/LBB\/wp-content\/uploads\/2025\/06\/52F88ED1-E1F7-42C5-9E47-05FDE74E1A6D-e1750172502835.jpg","width":2536,"height":1530,"caption":"Jean-Christophe Vincent, Pr\u00e9sident du club Lyon-La Duch\u00e8re depuis mai 2021, \u00a9Alice Morin"},{"@type":"WebSite","@id":"https:\/\/lyonbondyblog.fr\/LBB\/#website","url":"https:\/\/lyonbondyblog.fr\/LBB\/","name":"Lyon Bondy Blog","description":"","publisher":{"@id":"https:\/\/lyonbondyblog.fr\/LBB\/#organization"},"potentialAction":[{"@type":"SearchAction","target":{"@type":"EntryPoint","urlTemplate":"https:\/\/lyonbondyblog.fr\/LBB\/?s={search_term_string}"},"query-input":"required name=search_term_string"}],"inLanguage":"fr-FR"},{"@type":"Organization","@id":"https:\/\/lyonbondyblog.fr\/LBB\/#organization","name":"LYON BONDY BLOG","url":"https:\/\/lyonbondyblog.fr\/LBB\/","logo":{"@type":"ImageObject","inLanguage":"fr-FR","@id":"https:\/\/lyonbondyblog.fr\/LBB\/#\/schema\/logo\/image\/","url":"http:\/\/lyonbondyblog.fr\/LBB\/wp-content\/uploads\/2014\/10\/logo-portable-144.png","contentUrl":"http:\/\/lyonbondyblog.fr\/LBB\/wp-content\/uploads\/2014\/10\/logo-portable-144.png","width":144,"height":123,"caption":"LYON BONDY BLOG"},"image":{"@id":"https:\/\/lyonbondyblog.fr\/LBB\/#\/schema\/logo\/image\/"},"sameAs":["https:\/\/www.facebook.com\/lyonbondyblog","https:\/\/x.com\/bondybloglyon"]},{"@type":"Person","@id":"https:\/\/lyonbondyblog.fr\/LBB\/#\/schema\/person\/e45f8d27baac75072daa0be50c409b25","name":"La r\u00e9daction","description":"Cr\u00e9e en 2008, la r\u00e9daction du Lyon Bondy Blog s'applique \u00e0 proposer une information locale diff\u00e9rente et compl\u00e9mentaire des m\u00e9dias traditionnels.","sameAs":["https:\/\/www.facebook.com\/lyonbondyblog","https:\/\/x.com\/BondyBlogLyon"],"url":"https:\/\/lyonbondyblog.fr\/LBB\/author\/admin\/"}]}},"_links":{"self":[{"href":"https:\/\/lyonbondyblog.fr\/LBB\/wp-json\/wp\/v2\/posts\/36512","targetHints":{"allow":["GET"]}}],"collection":[{"href":"https:\/\/lyonbondyblog.fr\/LBB\/wp-json\/wp\/v2\/posts"}],"about":[{"href":"https:\/\/lyonbondyblog.fr\/LBB\/wp-json\/wp\/v2\/types\/post"}],"author":[{"embeddable":true,"href":"https:\/\/lyonbondyblog.fr\/LBB\/wp-json\/wp\/v2\/users\/1"}],"replies":[{"embeddable":true,"href":"https:\/\/lyonbondyblog.fr\/LBB\/wp-json\/wp\/v2\/comments?post=36512"}],"version-history":[{"count":4,"href":"https:\/\/lyonbondyblog.fr\/LBB\/wp-json\/wp\/v2\/posts\/36512\/revisions"}],"predecessor-version":[{"id":36604,"href":"https:\/\/lyonbondyblog.fr\/LBB\/wp-json\/wp\/v2\/posts\/36512\/revisions\/36604"}],"wp:featuredmedia":[{"embeddable":true,"href":"https:\/\/lyonbondyblog.fr\/LBB\/wp-json\/wp\/v2\/media\/36516"}],"wp:attachment":[{"href":"https:\/\/lyonbondyblog.fr\/LBB\/wp-json\/wp\/v2\/media?parent=36512"}],"wp:term":[{"taxonomy":"category","embeddable":true,"href":"https:\/\/lyonbondyblog.fr\/LBB\/wp-json\/wp\/v2\/categories?post=36512"},{"taxonomy":"post_tag","embeddable":true,"href":"https:\/\/lyonbondyblog.fr\/LBB\/wp-json\/wp\/v2\/tags?post=36512"}],"curies":[{"name":"wp","href":"https:\/\/api.w.org\/{rel}","templated":true}]}}