{"id":36494,"date":"2025-06-16T11:27:35","date_gmt":"2025-06-16T09:27:35","guid":{"rendered":"https:\/\/lyonbondyblog.fr\/LBB\/?p=36494"},"modified":"2025-06-18T10:35:42","modified_gmt":"2025-06-18T08:35:42","slug":"convoi-humanitaire-une-lueur-despoir-pour-gaza","status":"publish","type":"post","link":"https:\/\/lyonbondyblog.fr\/LBB\/convoi-humanitaire-une-lueur-despoir-pour-gaza\/","title":{"rendered":"Convoi humanitaire : une lueur d\u2019espoir pour Gaza\u00a0"},"content":{"rendered":"\n<p><strong>Une caravane en provenance de Tunis et en direction de Rafah (territoire palestinien) est en chemin avec un millier de volontaires. Leur objectif est de faire pression et de briser le blocus isra\u00e9lien. Le but de ce convoi est d\u2019apporter leur soutien aux Palestiniens. Plusieurs autocars sont en route, cela apr\u00e8s le d\u00e9part (le dimanche 1<sup>er<\/sup>&nbsp;juin) de la \u00ab Madleen \u00bb ou \u00ab flottille de la Libert\u00e9 \u00bb et son arrestation ill\u00e9gale le 09 juin dernier.&nbsp;<\/strong><\/p>\n\n\n\n<p>Cette caravane baptis\u00e9e \u00ab Soumoud \u00bb ( \u00ab R\u00e9sistance \u00bb ) est partie de Tunisie le lundi 09 juin et doit passer par la Libye et l\u2019\u00c9gypte avant d\u2019atteindre Gaza.&nbsp;<\/p>\n\n\n\n<p><strong>Un convoi de grande ampleur pour la Bande de Gaza&nbsp;<\/strong><\/p>\n\n\n\n<p>Lundi 9 juin, un convoi humanitaire d\u2019une ampleur exceptionnelle a pris la route, direction Gaza, un lien concret de la solidarit\u00e9 populaire maghr\u00e9bine envers le peuple palestinien. Le convoi humanitaire compos\u00e9 d\u2019environ 300 v\u00e9hicules&nbsp;(des autocars et des camions) charg\u00e9s de vivres, de m\u00e9dicaments et de mat\u00e9riel m\u00e9dical. Ils transportent \u00e0 son bord un millier de b\u00e9n\u00e9voles et militants. La mobilisation est particuli\u00e8rement marquante par son caract\u00e8re transnational et populaire : la majorit\u00e9 des participants viennent de Tunisie (1200 personnes). Le convoi rassemble aussi des d\u00e9l\u00e9gations d\u2019Alg\u00e9rie, de Mauritanie et du Maroc.<\/p>\n\n\n\n<p>Cette initiative, port\u00e9e par des associations civiles et des collectifs de soutien \u00e0 la cause palestinienne, se distingue par son organisation en dehors des canaux gouvernementaux. Et t\u00e9moigne d\u2019une volont\u00e9 citoyenne forte de s\u2019impliquer face \u00e0 la crise humanitaire persistante dans la bande de Gaza.&nbsp;<\/p>\n\n\n\n<p><strong>Volont\u00e9 de briser l\u2019indiff\u00e9rence&nbsp;<\/strong><\/p>\n\n\n\n<p>La caravane \u00ab Soumoud \u00bb en direction de Gaza a pour objectif d\u2019apporter son soutien. Depuis deux ans le peuple palestinien vit sous les humeurs de Netanyahou qui veut en finir avec la cause palestienne. L\u2019action de ces militants en direction de Rafah est surtout symbolique. Le but \u00e9tant de pointer du doigt&nbsp;la famine et les crimes de masses que subissent les Palestiniens ainsi que&nbsp;l\u2019occupation ill\u00e9gale d\u2019Isra\u00ebl en Palestine. C\u2019est \u00e9galement un moyen de d\u00e9noncer l\u2019inaction et l\u2019indiff\u00e9rence des gouvernements face \u00e0 cette situation d\u2019extr\u00eame urgence.&nbsp;<\/p>\n\n\n\n<p><strong>D\u00e9fier le blocus isra\u00e9lien&nbsp;<\/strong><\/p>\n\n\n\n<p>Ce convoi humanitaire est \u00e9galement une r\u00e9ponse directe au&nbsp;<a href=\"https:\/\/www.humanite.fr\/monde\/aide-humanitaire\/blocus-israelien-de-laide-humanitaire-gaza-est-un-champ-de-mort-et-les-civils-sont-pieges-denonce-le-secretaire-general-de-lonu\">blocus<\/a>&nbsp;impos\u00e9 par les autorit\u00e9s isra\u00e9liennes sur l\u2019aide destin\u00e9e \u00e0 Gaza. Depuis le 1er mars 2025, cela fait maintenant plus de trois mois que toute forme d\u2019assistance humanitaire \u2013 qu\u2019il s\u2019agisse de nourriture, de m\u00e9dicaments, de carburant ou de mat\u00e9riel de premiers secours \u2013 est syst\u00e9matiquement bloqu\u00e9e \u00e0 l\u2019entr\u00e9e du territoire. Sous la tutelle du Premier ministre Benyamin Netanyahou, cela a des cons\u00e9quences dramatiques sur une population d\u00e9j\u00e0 profond\u00e9ment \u00e9prouv\u00e9e par des mois, voire des ann\u00e9es de p\u00e9nuries chroniques.<\/p>\n\n\n\n<p>Le blocus ne fait qu\u2019aggraver une situation humanitaire jug\u00e9e catastrophique par de nombreuses organisations internationales. Les centres hospitaliers ne fonctionnent plus face \u00e0 l\u2019urgence ; l\u2019acc\u00e8s \u00e0 l\u2019eau potable est limit\u00e9, et les denr\u00e9es alimentaires de base sont rares et inaccessibles. En r\u00e9ponse \u00e0 cette urgence, ce convoi symbolise non seulement un acte de solidarit\u00e9, mais aussi un geste politique fort pour d\u00e9noncer l\u2019asphyxie humanitaire en cours et rappeler les obligations du droit international humanitaire.<\/p>\n\n\n\n<p><strong>Une lueur d\u2019espoir d\u00e9rob\u00e9e&nbsp;<\/strong><\/p>\n\n\n\n<p>Cependant, selon <a href=\"https:\/\/fr.euronews.com\/2025\/06\/13\/legypte-freine-la-marche-pour-gaza-et-expulse-des-dizaines-de-militants-internationaux\">les derni\u00e8res&nbsp;informations disponibles<\/a>, les autorit\u00e9s \u00e9gyptiennes auraient d\u00e9cid\u00e9 d\u2019interdire au convoi humanitaire l\u2019acc\u00e8s \u00e0 leur territoire, rendant de facto impossible son acheminement vers la bande de Gaza. Cette d\u00e9cision, lourde de cons\u00e9quences, a \u00e9t\u00e9 confirm\u00e9e par le pr\u00e9sident Abdel Fattah al-Sissi, qui semble ainsi fermer la porte \u00e0 toute tentative de solidarit\u00e9 internationale via le sol \u00e9gyptien. Ce refus repr\u00e9sente non seulement un coup dur pour les militants engag\u00e9s dans cette mission humanitaire, mais il r\u00e9sonne aussi comme un signal profond\u00e9ment d\u00e9courageant pour le peuple palestinien. Celui-ci voit une fois de plus se refermer un espoir dans ce contexte d\u00e9j\u00e0 marqu\u00e9 par l\u2019enclavement, la souffrance et&nbsp;l\u2019urgence humanitaire. La&nbsp;position du Caire, motiv\u00e9e par des consid\u00e9rations de s\u00e9curit\u00e9 et d\u2019\u00e9quilibres diplomatiques r\u00e9gionaux, suscite l\u2019indignation d\u2019une grande partie de la soci\u00e9t\u00e9 civile internationale, qui d\u00e9nonce un verrouillage de l\u2019acc\u00e8s humanitaire contraire aux principes du droit international.<\/p>\n\n\n\n<p>Mais la lutte pour le peuple palestinien ne s\u2019arr\u00eate pas l\u00e0. En effet, une \u00ab marche mondiale vers Gaza \u00bb est organis\u00e9e. On compte 6 000 personnes qui sont arriv\u00e9es jeudi 12 juin au Caire et dont le but est de rejoindre \u00e0 pied le poste-fronti\u00e8re de Rafah le 15 juin pour, une fois encore, alerter sur la situation humanitaire. Face \u00e0 l\u2019injustice, les peuples du monde entier se l\u00e8vent, d\u00e9termin\u00e9s \u00e0 faire entendre la d\u00e9tresse du peuple palestinien et \u00e0 exiger que l\u2019humanit\u00e9 pr\u00e9vale.<\/p>\n\n\n\n<p>\u00a0Article sign\u00e9\u00a0<strong>Myriam MEZAHEM<\/strong><\/p>\n<!-- AddThis Advanced Settings generic via filter on the_content --><!-- AddThis Share Buttons generic via filter on the_content -->","protected":false},"excerpt":{"rendered":"<p>Une caravane en provenance de Tunis et en direction de Rafah (territoire palestinien) est en chemin avec un millier de volontaires. Leur objectif est de &hellip; <!-- AddThis Advanced Settings generic via filter on wp_trim_excerpt --><!-- AddThis Share Buttons generic via filter on wp_trim_excerpt --><\/p>\n","protected":false},"author":1,"featured_media":36495,"comment_status":"open","ping_status":"open","sticky":true,"template":"","format":"standard","meta":{"_FSMCFIC_featured_image_caption":"","_FSMCFIC_featured_image_nocaption":"","_FSMCFIC_featured_image_hide":"","footnotes":""},"categories":[1084,4],"tags":[28606,28605,6481,41,683],"class_list":["post-36494","post","type-post","status-publish","format-standard","has-post-thumbnail","hentry","category-dessin-de-presse","category-lyon","tag-convoi","tag-famine","tag-blocus","tag-humanitaire","tag-palestine"],"yoast_head":"<!-- This site is optimized with the Yoast SEO plugin v22.8 - https:\/\/yoast.com\/wordpress\/plugins\/seo\/ -->\n<title>Convoi humanitaire : une lueur d\u2019espoir pour Gaza\u00a0 - Lyon Bondy Blog<\/title>\n<meta name=\"robots\" content=\"index, follow, max-snippet:-1, max-image-preview:large, max-video-preview:-1\" \/>\n<link rel=\"canonical\" href=\"https:\/\/lyonbondyblog.fr\/LBB\/convoi-humanitaire-une-lueur-despoir-pour-gaza\/\" \/>\n<meta property=\"og:locale\" content=\"fr_FR\" \/>\n<meta property=\"og:type\" content=\"article\" \/>\n<meta property=\"og:title\" content=\"Convoi humanitaire : une lueur d\u2019espoir pour Gaza\u00a0 - Lyon Bondy Blog\" \/>\n<meta property=\"og:description\" content=\"Une caravane en provenance de Tunis et en direction de Rafah (territoire palestinien) est en chemin avec un millier de volontaires. Leur objectif est de &hellip;\" \/>\n<meta property=\"og:url\" content=\"https:\/\/lyonbondyblog.fr\/LBB\/convoi-humanitaire-une-lueur-despoir-pour-gaza\/\" \/>\n<meta property=\"og:site_name\" content=\"Lyon Bondy Blog\" \/>\n<meta property=\"article:publisher\" content=\"https:\/\/www.facebook.com\/lyonbondyblog\" \/>\n<meta property=\"article:author\" content=\"https:\/\/www.facebook.com\/lyonbondyblog\" \/>\n<meta property=\"article:published_time\" content=\"2025-06-16T09:27:35+00:00\" \/>\n<meta property=\"article:modified_time\" content=\"2025-06-18T08:35:42+00:00\" \/>\n<meta property=\"og:image\" content=\"https:\/\/lyonbondyblog.fr\/LBB\/wp-content\/uploads\/2025\/06\/C02C64E5-C5A8-475B-8C4C-1D119C3A5A04.jpg\" \/>\n\t<meta property=\"og:image:width\" content=\"919\" \/>\n\t<meta property=\"og:image:height\" content=\"989\" \/>\n\t<meta property=\"og:image:type\" content=\"image\/jpeg\" \/>\n<meta name=\"author\" content=\"La r\u00e9daction\" \/>\n<meta name=\"twitter:card\" content=\"summary_large_image\" \/>\n<meta name=\"twitter:creator\" content=\"@BondyBlogLyon\" \/>\n<meta name=\"twitter:site\" content=\"@bondybloglyon\" \/>\n<script type=\"application\/ld+json\" class=\"yoast-schema-graph\">{\"@context\":\"https:\/\/schema.org\",\"@graph\":[{\"@type\":\"Article\",\"@id\":\"https:\/\/lyonbondyblog.fr\/LBB\/convoi-humanitaire-une-lueur-despoir-pour-gaza\/#article\",\"isPartOf\":{\"@id\":\"https:\/\/lyonbondyblog.fr\/LBB\/convoi-humanitaire-une-lueur-despoir-pour-gaza\/\"},\"author\":{\"name\":\"La r\u00e9daction\",\"@id\":\"https:\/\/lyonbondyblog.fr\/LBB\/#\/schema\/person\/e45f8d27baac75072daa0be50c409b25\"},\"headline\":\"Convoi humanitaire : une lueur d\u2019espoir pour Gaza\u00a0\",\"datePublished\":\"2025-06-16T09:27:35+00:00\",\"dateModified\":\"2025-06-18T08:35:42+00:00\",\"mainEntityOfPage\":{\"@id\":\"https:\/\/lyonbondyblog.fr\/LBB\/convoi-humanitaire-une-lueur-despoir-pour-gaza\/\"},\"wordCount\":856,\"commentCount\":0,\"publisher\":{\"@id\":\"https:\/\/lyonbondyblog.fr\/LBB\/#organization\"},\"image\":{\"@id\":\"https:\/\/lyonbondyblog.fr\/LBB\/convoi-humanitaire-une-lueur-despoir-pour-gaza\/#primaryimage\"},\"thumbnailUrl\":\"https:\/\/lyonbondyblog.fr\/LBB\/wp-content\/uploads\/2025\/06\/C02C64E5-C5A8-475B-8C4C-1D119C3A5A04.jpg\",\"keywords\":[\"#convoi\",\"#famine\",\"Blocus\",\"humanitaire\",\"Palestine\"],\"articleSection\":[\"Dessin de presse\",\"Lyon\"],\"inLanguage\":\"fr-FR\",\"potentialAction\":[{\"@type\":\"CommentAction\",\"name\":\"Comment\",\"target\":[\"https:\/\/lyonbondyblog.fr\/LBB\/convoi-humanitaire-une-lueur-despoir-pour-gaza\/#respond\"]}]},{\"@type\":\"WebPage\",\"@id\":\"https:\/\/lyonbondyblog.fr\/LBB\/convoi-humanitaire-une-lueur-despoir-pour-gaza\/\",\"url\":\"https:\/\/lyonbondyblog.fr\/LBB\/convoi-humanitaire-une-lueur-despoir-pour-gaza\/\",\"name\":\"Convoi humanitaire : une lueur d\u2019espoir pour Gaza\u00a0 - Lyon Bondy Blog\",\"isPartOf\":{\"@id\":\"https:\/\/lyonbondyblog.fr\/LBB\/#website\"},\"primaryImageOfPage\":{\"@id\":\"https:\/\/lyonbondyblog.fr\/LBB\/convoi-humanitaire-une-lueur-despoir-pour-gaza\/#primaryimage\"},\"image\":{\"@id\":\"https:\/\/lyonbondyblog.fr\/LBB\/convoi-humanitaire-une-lueur-despoir-pour-gaza\/#primaryimage\"},\"thumbnailUrl\":\"https:\/\/lyonbondyblog.fr\/LBB\/wp-content\/uploads\/2025\/06\/C02C64E5-C5A8-475B-8C4C-1D119C3A5A04.jpg\",\"datePublished\":\"2025-06-16T09:27:35+00:00\",\"dateModified\":\"2025-06-18T08:35:42+00:00\",\"inLanguage\":\"fr-FR\",\"potentialAction\":[{\"@type\":\"ReadAction\",\"target\":[\"https:\/\/lyonbondyblog.fr\/LBB\/convoi-humanitaire-une-lueur-despoir-pour-gaza\/\"]}]},{\"@type\":\"ImageObject\",\"inLanguage\":\"fr-FR\",\"@id\":\"https:\/\/lyonbondyblog.fr\/LBB\/convoi-humanitaire-une-lueur-despoir-pour-gaza\/#primaryimage\",\"url\":\"https:\/\/lyonbondyblog.fr\/LBB\/wp-content\/uploads\/2025\/06\/C02C64E5-C5A8-475B-8C4C-1D119C3A5A04.jpg\",\"contentUrl\":\"https:\/\/lyonbondyblog.fr\/LBB\/wp-content\/uploads\/2025\/06\/C02C64E5-C5A8-475B-8C4C-1D119C3A5A04.jpg\",\"width\":919,\"height\":989},{\"@type\":\"WebSite\",\"@id\":\"https:\/\/lyonbondyblog.fr\/LBB\/#website\",\"url\":\"https:\/\/lyonbondyblog.fr\/LBB\/\",\"name\":\"Lyon Bondy Blog\",\"description\":\"\",\"publisher\":{\"@id\":\"https:\/\/lyonbondyblog.fr\/LBB\/#organization\"},\"potentialAction\":[{\"@type\":\"SearchAction\",\"target\":{\"@type\":\"EntryPoint\",\"urlTemplate\":\"https:\/\/lyonbondyblog.fr\/LBB\/?s={search_term_string}\"},\"query-input\":\"required name=search_term_string\"}],\"inLanguage\":\"fr-FR\"},{\"@type\":\"Organization\",\"@id\":\"https:\/\/lyonbondyblog.fr\/LBB\/#organization\",\"name\":\"LYON BONDY BLOG\",\"url\":\"https:\/\/lyonbondyblog.fr\/LBB\/\",\"logo\":{\"@type\":\"ImageObject\",\"inLanguage\":\"fr-FR\",\"@id\":\"https:\/\/lyonbondyblog.fr\/LBB\/#\/schema\/logo\/image\/\",\"url\":\"http:\/\/lyonbondyblog.fr\/LBB\/wp-content\/uploads\/2014\/10\/logo-portable-144.png\",\"contentUrl\":\"http:\/\/lyonbondyblog.fr\/LBB\/wp-content\/uploads\/2014\/10\/logo-portable-144.png\",\"width\":144,\"height\":123,\"caption\":\"LYON BONDY BLOG\"},\"image\":{\"@id\":\"https:\/\/lyonbondyblog.fr\/LBB\/#\/schema\/logo\/image\/\"},\"sameAs\":[\"https:\/\/www.facebook.com\/lyonbondyblog\",\"https:\/\/x.com\/bondybloglyon\"]},{\"@type\":\"Person\",\"@id\":\"https:\/\/lyonbondyblog.fr\/LBB\/#\/schema\/person\/e45f8d27baac75072daa0be50c409b25\",\"name\":\"La r\u00e9daction\",\"description\":\"Cr\u00e9e en 2008, la r\u00e9daction du Lyon Bondy Blog s'applique \u00e0 proposer une information locale diff\u00e9rente et compl\u00e9mentaire des m\u00e9dias traditionnels.\",\"sameAs\":[\"https:\/\/www.facebook.com\/lyonbondyblog\",\"https:\/\/x.com\/BondyBlogLyon\"],\"url\":\"https:\/\/lyonbondyblog.fr\/LBB\/author\/admin\/\"}]}<\/script>\n<!-- \/ Yoast SEO plugin. -->","yoast_head_json":{"title":"Convoi humanitaire : une lueur d\u2019espoir pour Gaza\u00a0 - Lyon Bondy Blog","robots":{"index":"index","follow":"follow","max-snippet":"max-snippet:-1","max-image-preview":"max-image-preview:large","max-video-preview":"max-video-preview:-1"},"canonical":"https:\/\/lyonbondyblog.fr\/LBB\/convoi-humanitaire-une-lueur-despoir-pour-gaza\/","og_locale":"fr_FR","og_type":"article","og_title":"Convoi humanitaire : une lueur d\u2019espoir pour Gaza\u00a0 - Lyon Bondy Blog","og_description":"Une caravane en provenance de Tunis et en direction de Rafah (territoire palestinien) est en chemin avec un millier de volontaires. Leur objectif est de &hellip;","og_url":"https:\/\/lyonbondyblog.fr\/LBB\/convoi-humanitaire-une-lueur-despoir-pour-gaza\/","og_site_name":"Lyon Bondy Blog","article_publisher":"https:\/\/www.facebook.com\/lyonbondyblog","article_author":"https:\/\/www.facebook.com\/lyonbondyblog","article_published_time":"2025-06-16T09:27:35+00:00","article_modified_time":"2025-06-18T08:35:42+00:00","og_image":[{"width":919,"height":989,"url":"https:\/\/lyonbondyblog.fr\/LBB\/wp-content\/uploads\/2025\/06\/C02C64E5-C5A8-475B-8C4C-1D119C3A5A04.jpg","type":"image\/jpeg"}],"author":"La r\u00e9daction","twitter_card":"summary_large_image","twitter_creator":"@BondyBlogLyon","twitter_site":"@bondybloglyon","schema":{"@context":"https:\/\/schema.org","@graph":[{"@type":"Article","@id":"https:\/\/lyonbondyblog.fr\/LBB\/convoi-humanitaire-une-lueur-despoir-pour-gaza\/#article","isPartOf":{"@id":"https:\/\/lyonbondyblog.fr\/LBB\/convoi-humanitaire-une-lueur-despoir-pour-gaza\/"},"author":{"name":"La r\u00e9daction","@id":"https:\/\/lyonbondyblog.fr\/LBB\/#\/schema\/person\/e45f8d27baac75072daa0be50c409b25"},"headline":"Convoi humanitaire : une lueur d\u2019espoir pour Gaza\u00a0","datePublished":"2025-06-16T09:27:35+00:00","dateModified":"2025-06-18T08:35:42+00:00","mainEntityOfPage":{"@id":"https:\/\/lyonbondyblog.fr\/LBB\/convoi-humanitaire-une-lueur-despoir-pour-gaza\/"},"wordCount":856,"commentCount":0,"publisher":{"@id":"https:\/\/lyonbondyblog.fr\/LBB\/#organization"},"image":{"@id":"https:\/\/lyonbondyblog.fr\/LBB\/convoi-humanitaire-une-lueur-despoir-pour-gaza\/#primaryimage"},"thumbnailUrl":"https:\/\/lyonbondyblog.fr\/LBB\/wp-content\/uploads\/2025\/06\/C02C64E5-C5A8-475B-8C4C-1D119C3A5A04.jpg","keywords":["#convoi","#famine","Blocus","humanitaire","Palestine"],"articleSection":["Dessin de presse","Lyon"],"inLanguage":"fr-FR","potentialAction":[{"@type":"CommentAction","name":"Comment","target":["https:\/\/lyonbondyblog.fr\/LBB\/convoi-humanitaire-une-lueur-despoir-pour-gaza\/#respond"]}]},{"@type":"WebPage","@id":"https:\/\/lyonbondyblog.fr\/LBB\/convoi-humanitaire-une-lueur-despoir-pour-gaza\/","url":"https:\/\/lyonbondyblog.fr\/LBB\/convoi-humanitaire-une-lueur-despoir-pour-gaza\/","name":"Convoi humanitaire : une lueur d\u2019espoir pour Gaza\u00a0 - Lyon Bondy Blog","isPartOf":{"@id":"https:\/\/lyonbondyblog.fr\/LBB\/#website"},"primaryImageOfPage":{"@id":"https:\/\/lyonbondyblog.fr\/LBB\/convoi-humanitaire-une-lueur-despoir-pour-gaza\/#primaryimage"},"image":{"@id":"https:\/\/lyonbondyblog.fr\/LBB\/convoi-humanitaire-une-lueur-despoir-pour-gaza\/#primaryimage"},"thumbnailUrl":"https:\/\/lyonbondyblog.fr\/LBB\/wp-content\/uploads\/2025\/06\/C02C64E5-C5A8-475B-8C4C-1D119C3A5A04.jpg","datePublished":"2025-06-16T09:27:35+00:00","dateModified":"2025-06-18T08:35:42+00:00","inLanguage":"fr-FR","potentialAction":[{"@type":"ReadAction","target":["https:\/\/lyonbondyblog.fr\/LBB\/convoi-humanitaire-une-lueur-despoir-pour-gaza\/"]}]},{"@type":"ImageObject","inLanguage":"fr-FR","@id":"https:\/\/lyonbondyblog.fr\/LBB\/convoi-humanitaire-une-lueur-despoir-pour-gaza\/#primaryimage","url":"https:\/\/lyonbondyblog.fr\/LBB\/wp-content\/uploads\/2025\/06\/C02C64E5-C5A8-475B-8C4C-1D119C3A5A04.jpg","contentUrl":"https:\/\/lyonbondyblog.fr\/LBB\/wp-content\/uploads\/2025\/06\/C02C64E5-C5A8-475B-8C4C-1D119C3A5A04.jpg","width":919,"height":989},{"@type":"WebSite","@id":"https:\/\/lyonbondyblog.fr\/LBB\/#website","url":"https:\/\/lyonbondyblog.fr\/LBB\/","name":"Lyon Bondy Blog","description":"","publisher":{"@id":"https:\/\/lyonbondyblog.fr\/LBB\/#organization"},"potentialAction":[{"@type":"SearchAction","target":{"@type":"EntryPoint","urlTemplate":"https:\/\/lyonbondyblog.fr\/LBB\/?s={search_term_string}"},"query-input":"required name=search_term_string"}],"inLanguage":"fr-FR"},{"@type":"Organization","@id":"https:\/\/lyonbondyblog.fr\/LBB\/#organization","name":"LYON BONDY BLOG","url":"https:\/\/lyonbondyblog.fr\/LBB\/","logo":{"@type":"ImageObject","inLanguage":"fr-FR","@id":"https:\/\/lyonbondyblog.fr\/LBB\/#\/schema\/logo\/image\/","url":"http:\/\/lyonbondyblog.fr\/LBB\/wp-content\/uploads\/2014\/10\/logo-portable-144.png","contentUrl":"http:\/\/lyonbondyblog.fr\/LBB\/wp-content\/uploads\/2014\/10\/logo-portable-144.png","width":144,"height":123,"caption":"LYON BONDY BLOG"},"image":{"@id":"https:\/\/lyonbondyblog.fr\/LBB\/#\/schema\/logo\/image\/"},"sameAs":["https:\/\/www.facebook.com\/lyonbondyblog","https:\/\/x.com\/bondybloglyon"]},{"@type":"Person","@id":"https:\/\/lyonbondyblog.fr\/LBB\/#\/schema\/person\/e45f8d27baac75072daa0be50c409b25","name":"La r\u00e9daction","description":"Cr\u00e9e en 2008, la r\u00e9daction du Lyon Bondy Blog s'applique \u00e0 proposer une information locale diff\u00e9rente et compl\u00e9mentaire des m\u00e9dias traditionnels.","sameAs":["https:\/\/www.facebook.com\/lyonbondyblog","https:\/\/x.com\/BondyBlogLyon"],"url":"https:\/\/lyonbondyblog.fr\/LBB\/author\/admin\/"}]}},"_links":{"self":[{"href":"https:\/\/lyonbondyblog.fr\/LBB\/wp-json\/wp\/v2\/posts\/36494","targetHints":{"allow":["GET"]}}],"collection":[{"href":"https:\/\/lyonbondyblog.fr\/LBB\/wp-json\/wp\/v2\/posts"}],"about":[{"href":"https:\/\/lyonbondyblog.fr\/LBB\/wp-json\/wp\/v2\/types\/post"}],"author":[{"embeddable":true,"href":"https:\/\/lyonbondyblog.fr\/LBB\/wp-json\/wp\/v2\/users\/1"}],"replies":[{"embeddable":true,"href":"https:\/\/lyonbondyblog.fr\/LBB\/wp-json\/wp\/v2\/comments?post=36494"}],"version-history":[{"count":6,"href":"https:\/\/lyonbondyblog.fr\/LBB\/wp-json\/wp\/v2\/posts\/36494\/revisions"}],"predecessor-version":[{"id":36535,"href":"https:\/\/lyonbondyblog.fr\/LBB\/wp-json\/wp\/v2\/posts\/36494\/revisions\/36535"}],"wp:featuredmedia":[{"embeddable":true,"href":"https:\/\/lyonbondyblog.fr\/LBB\/wp-json\/wp\/v2\/media\/36495"}],"wp:attachment":[{"href":"https:\/\/lyonbondyblog.fr\/LBB\/wp-json\/wp\/v2\/media?parent=36494"}],"wp:term":[{"taxonomy":"category","embeddable":true,"href":"https:\/\/lyonbondyblog.fr\/LBB\/wp-json\/wp\/v2\/categories?post=36494"},{"taxonomy":"post_tag","embeddable":true,"href":"https:\/\/lyonbondyblog.fr\/LBB\/wp-json\/wp\/v2\/tags?post=36494"}],"curies":[{"name":"wp","href":"https:\/\/api.w.org\/{rel}","templated":true}]}}