{"id":36484,"date":"2025-06-15T09:25:11","date_gmt":"2025-06-15T07:25:11","guid":{"rendered":"https:\/\/lyonbondyblog.fr\/LBB\/?p=36484"},"modified":"2025-06-16T10:11:24","modified_gmt":"2025-06-16T08:11:24","slug":"conference-a-lifcm-mohed-altrad-entre-foi-liberte-et-reussite","status":"publish","type":"post","link":"https:\/\/lyonbondyblog.fr\/LBB\/conference-a-lifcm-mohed-altrad-entre-foi-liberte-et-reussite\/","title":{"rendered":"Conf\u00e9rence \u00e0 l&rsquo;IFCM : Mohed Altrad, entre foi, libert\u00e9 et r\u00e9ussite"},"content":{"rendered":"\n<p><strong>Ce jeudi 12 juin \u00e0 18h, l&rsquo;Institut Fran\u00e7ais de Civilisation Musulmane (IFCM) a accueilli une conf\u00e9rence <strong>exceptionnelle<\/strong> intitul\u00e9e \u00ab Entre foi et libert\u00e9\u00a0\u00bb : spiritualit\u00e9 et \u00e9mancipation dans le parcours de Mohed Altrad \u00bb. Une centaine de personnes \u00e9taient pr\u00e9sentes pour entendre le t\u00e9moignage d&rsquo;un homme au destin hors du commun.<\/strong><\/p>\n\n\n\n<p>Invit\u00e9 d&rsquo;honneur, Mohed Altrad, entrepreneur \u00e0 la t\u00eate d&rsquo;un groupe industriel international pesant plus de 6 milliards d&rsquo;euros de chiffre d&rsquo;affaires, a partag\u00e9 avec le public son parcours impressionnant : une enfance b\u00e9douine en Syrie, sans confort mat\u00e9riel, suivie d&rsquo;une ascension fulgurante jusqu&rsquo;\u00e0 devenir un acteur majeur de l&rsquo;\u00e9conomie fran\u00e7aise. Il est aujourd&rsquo;hui \u00e9galement reconnu pour ses engagements humanistes et ses romans.<\/p>\n\n\n\n<p>Avec humilit\u00e9, il se d\u00e9crit comme \u00ab b\u00e9douin, arabe, musulman, mais tr\u00e8s fier d&rsquo;\u00eatre fran\u00e7ais \u00bb, soulignant l&rsquo;importance de l&rsquo;\u00e9ducation, de la volont\u00e9, des valeurs humanistes et des rencontres qui ont jalonn\u00e9 son chemin.<\/p>\n\n\n\n<figure class=\"wp-block-image size-large\"><img loading=\"lazy\" decoding=\"async\" width=\"1080\" height=\"1920\" src=\"https:\/\/lyonbondyblog.fr\/LBB\/wp-content\/uploads\/2025\/06\/IMG_7821-1080x1920.jpg\" alt=\"\" class=\"wp-image-36486\" srcset=\"https:\/\/lyonbondyblog.fr\/LBB\/wp-content\/uploads\/2025\/06\/IMG_7821-1080x1920.jpg 1080w, https:\/\/lyonbondyblog.fr\/LBB\/wp-content\/uploads\/2025\/06\/IMG_7821-675x1200.jpg 675w, https:\/\/lyonbondyblog.fr\/LBB\/wp-content\/uploads\/2025\/06\/IMG_7821-768x1365.jpg 768w, https:\/\/lyonbondyblog.fr\/LBB\/wp-content\/uploads\/2025\/06\/IMG_7821-864x1536.jpg 864w, https:\/\/lyonbondyblog.fr\/LBB\/wp-content\/uploads\/2025\/06\/IMG_7821-1152x2048.jpg 1152w, https:\/\/lyonbondyblog.fr\/LBB\/wp-content\/uploads\/2025\/06\/IMG_7821-scaled.jpg 1440w\" sizes=\"auto, (max-width: 1080px) 100vw, 1080px\" \/><\/figure>\n\n\n\n<p>Mais au-del\u00e0 de son parcours entrepreneurial, c&rsquo;est une autre facette de lui que l&rsquo;invit\u00e9 est venu partager : sa passion pour l&rsquo;\u00e9criture. Mohed Altrad a d\u00e9j\u00e0 publi\u00e9 quatre romans, et c&rsquo;est autour de l&rsquo;un d&rsquo;eux, \u00ab le d\u00e9sert en partage \u00bb aux \u00e9ditions ACTE SUD, qu&rsquo;il a centr\u00e9 son intervention du soir. \u00c0 travers l&rsquo;\u00e9criture, il explore les th\u00e8mes de l&rsquo;identit\u00e9, de la libert\u00e9, de la foi, et de la qu\u00eate de sens \u2013 des r\u00e9flexions intimement li\u00e9es \u00e0 son v\u00e9cu.<\/p>\n\n\n\n<p>Une rencontre riche en \u00e9motions et en r\u00e9flexions, anim\u00e9e par Monsieur Abd\u00e9nour Ainseba, chef d&rsquo;entreprise, qui a su orienter les \u00e9changes avec pertinence et humanit\u00e9 et faire dialoguer parcours personnel, engagement professionnel et questionnement identitaire.<\/p>\n\n\n\n<p><strong>Pr\u00e9sent dans la salle, le maire de Grenoble, \u00c9ric Piolle, a salu\u00e9 l&rsquo;initiative en ces mots :<\/strong><\/p>\n\n\n\n<p>\u00ab J&rsquo;ai beaucoup appr\u00e9ci\u00e9 l&rsquo;invitation de Kamel Kabtane, qui m&rsquo;a permis d&rsquo;entendre le parcours de Monsieur Altrad. \u00bb<\/p>\n\n\n\n<p>Si la grande majorit\u00e9 du public s&rsquo;est dite enthousiasm\u00e9e par la qualit\u00e9 de l&rsquo;intervention, quelques voix ont exprim\u00e9 un l\u00e9ger regret. Deux participantes \u00e0 la soir\u00e9e,ont \u00e9galement d\u00e9clar\u00e9 :<\/p>\n\n\n\n<p>\u00ab Nous trouvons le parcours professionnel de Monsieur Altrad int\u00e9ressant, mais sommes d\u00e9\u00e7ues de ne pas avoir entendu parler plus de spiritualit\u00e9 dans ses propositions, comme pr\u00e9cis\u00e9es dans l&rsquo;intitul\u00e9 du titre. \u00bb<\/p>\n\n\n\n<p>Elles ont n\u00e9anmoins reconnu le haut niveau intellectuel et spirituel, des conf\u00e9rences r\u00e9centes \u00e0 l&rsquo;IFCM, \u00e9voquant notamment celle consacr\u00e9e \u00e0 l&rsquo;\u00c9mir Abdelkader.<\/p>\n\n\n\n<p>En somme, une soir\u00e9e riche en enseignements et en \u00e9motions, dans un lieu qui continue de faire dialoguer les cultures, les parcours et les id\u00e9es.<\/p>\n\n\n\n<p>L&rsquo;IFCM poursuit sa programmation culturelle du mois de juin, avec une conf\u00e9rence majeure notamment sur les enjeux contemporains de la gouvernance de l&rsquo;islam en France avec Franck Fregosi, avec \u00e9galement un voyage dans l&rsquo;histoire de Hasna Elbacharia dans le cadre de la f\u00eate de la Musique en pr\u00e9sence de la r\u00e9alisatrice Sara Nasser. Pour finir, un concert exceptionnel de musique Amazigh port\u00e9 par le trio Fazaz, oud, percussions et chants cl\u00f4turont la programmation de l&rsquo;institut pour ce mois .<\/p>\n\n\n\n<figure class=\"wp-block-image size-large\"><img loading=\"lazy\" decoding=\"async\" width=\"1080\" height=\"1920\" src=\"https:\/\/lyonbondyblog.fr\/LBB\/wp-content\/uploads\/2025\/06\/IMG_7842-1080x1920.jpg\" alt=\"\" class=\"wp-image-36487\" srcset=\"https:\/\/lyonbondyblog.fr\/LBB\/wp-content\/uploads\/2025\/06\/IMG_7842-1080x1920.jpg 1080w, https:\/\/lyonbondyblog.fr\/LBB\/wp-content\/uploads\/2025\/06\/IMG_7842-675x1200.jpg 675w, https:\/\/lyonbondyblog.fr\/LBB\/wp-content\/uploads\/2025\/06\/IMG_7842-768x1365.jpg 768w, https:\/\/lyonbondyblog.fr\/LBB\/wp-content\/uploads\/2025\/06\/IMG_7842-864x1536.jpg 864w, https:\/\/lyonbondyblog.fr\/LBB\/wp-content\/uploads\/2025\/06\/IMG_7842-1152x2048.jpg 1152w, https:\/\/lyonbondyblog.fr\/LBB\/wp-content\/uploads\/2025\/06\/IMG_7842-scaled.jpg 1440w\" sizes=\"auto, (max-width: 1080px) 100vw, 1080px\" \/><\/figure>\n<!-- AddThis Advanced Settings generic via filter on the_content --><!-- AddThis Share Buttons generic via filter on the_content -->","protected":false},"excerpt":{"rendered":"<p>Ce jeudi 12 juin \u00e0 18h, l&rsquo;Institut Fran\u00e7ais de Civilisation Musulmane (IFCM) a accueilli une conf\u00e9rence exceptionnelle intitul\u00e9e \u00ab Entre foi et libert\u00e9\u00a0\u00bb : spiritualit\u00e9 &hellip; <!-- AddThis Advanced Settings generic via filter on wp_trim_excerpt --><!-- AddThis Share Buttons generic via filter on wp_trim_excerpt --><\/p>\n","protected":false},"author":36,"featured_media":36485,"comment_status":"open","ping_status":"open","sticky":true,"template":"","format":"standard","meta":{"_FSMCFIC_featured_image_caption":"Eric Piolle \u00e0 gauche, Mohed Altrad au centre et Kamel Kabtane \u00e0 droite","_FSMCFIC_featured_image_nocaption":"","_FSMCFIC_featured_image_hide":"","footnotes":""},"categories":[5,18131,9,4,28432,4097],"tags":[10],"class_list":["post-36484","post","type-post","status-publish","format-standard","has-post-thumbnail","hentry","category-ambiance","category-evenement","category-international","category-lyon","category-lyon-handicap","category-rencontre","tag-lyon-2"],"yoast_head":"<!-- This site is optimized with the Yoast SEO plugin v22.8 - https:\/\/yoast.com\/wordpress\/plugins\/seo\/ -->\n<title>Conf\u00e9rence \u00e0 l&#039;IFCM : Mohed Altrad, entre foi, libert\u00e9 et r\u00e9ussite - Lyon Bondy Blog<\/title>\n<meta name=\"robots\" content=\"index, follow, max-snippet:-1, max-image-preview:large, max-video-preview:-1\" \/>\n<link rel=\"canonical\" href=\"https:\/\/lyonbondyblog.fr\/LBB\/conference-a-lifcm-mohed-altrad-entre-foi-liberte-et-reussite\/\" \/>\n<meta property=\"og:locale\" content=\"fr_FR\" \/>\n<meta property=\"og:type\" content=\"article\" \/>\n<meta property=\"og:title\" content=\"Conf\u00e9rence \u00e0 l&#039;IFCM : Mohed Altrad, entre foi, libert\u00e9 et r\u00e9ussite - Lyon Bondy Blog\" \/>\n<meta property=\"og:description\" content=\"Ce jeudi 12 juin \u00e0 18h, l&rsquo;Institut Fran\u00e7ais de Civilisation Musulmane (IFCM) a accueilli une conf\u00e9rence exceptionnelle intitul\u00e9e \u00ab Entre foi et libert\u00e9\u00a0\u00bb : spiritualit\u00e9 &hellip;\" \/>\n<meta property=\"og:url\" content=\"https:\/\/lyonbondyblog.fr\/LBB\/conference-a-lifcm-mohed-altrad-entre-foi-liberte-et-reussite\/\" \/>\n<meta property=\"og:site_name\" content=\"Lyon Bondy Blog\" \/>\n<meta property=\"article:publisher\" content=\"https:\/\/www.facebook.com\/lyonbondyblog\" \/>\n<meta property=\"article:published_time\" content=\"2025-06-15T07:25:11+00:00\" \/>\n<meta property=\"article:modified_time\" content=\"2025-06-16T08:11:24+00:00\" \/>\n<meta property=\"og:image\" content=\"https:\/\/lyonbondyblog.fr\/LBB\/wp-content\/uploads\/2025\/06\/IMG_7843.jpg\" \/>\n\t<meta property=\"og:image:width\" content=\"1536\" \/>\n\t<meta property=\"og:image:height\" content=\"2048\" \/>\n\t<meta property=\"og:image:type\" content=\"image\/jpeg\" \/>\n<meta name=\"author\" content=\"Azzedine Banelkadi\" \/>\n<meta name=\"twitter:card\" content=\"summary_large_image\" \/>\n<meta name=\"twitter:creator\" content=\"@bondybloglyon\" \/>\n<meta name=\"twitter:site\" content=\"@bondybloglyon\" \/>\n<script type=\"application\/ld+json\" class=\"yoast-schema-graph\">{\"@context\":\"https:\/\/schema.org\",\"@graph\":[{\"@type\":\"Article\",\"@id\":\"https:\/\/lyonbondyblog.fr\/LBB\/conference-a-lifcm-mohed-altrad-entre-foi-liberte-et-reussite\/#article\",\"isPartOf\":{\"@id\":\"https:\/\/lyonbondyblog.fr\/LBB\/conference-a-lifcm-mohed-altrad-entre-foi-liberte-et-reussite\/\"},\"author\":{\"name\":\"Azzedine Banelkadi\",\"@id\":\"https:\/\/lyonbondyblog.fr\/LBB\/#\/schema\/person\/bdf1a500140be62973ac129f606f44a0\"},\"headline\":\"Conf\u00e9rence \u00e0 l&rsquo;IFCM : Mohed Altrad, entre foi, libert\u00e9 et r\u00e9ussite\",\"datePublished\":\"2025-06-15T07:25:11+00:00\",\"dateModified\":\"2025-06-16T08:11:24+00:00\",\"mainEntityOfPage\":{\"@id\":\"https:\/\/lyonbondyblog.fr\/LBB\/conference-a-lifcm-mohed-altrad-entre-foi-liberte-et-reussite\/\"},\"wordCount\":521,\"commentCount\":0,\"publisher\":{\"@id\":\"https:\/\/lyonbondyblog.fr\/LBB\/#organization\"},\"image\":{\"@id\":\"https:\/\/lyonbondyblog.fr\/LBB\/conference-a-lifcm-mohed-altrad-entre-foi-liberte-et-reussite\/#primaryimage\"},\"thumbnailUrl\":\"https:\/\/lyonbondyblog.fr\/LBB\/wp-content\/uploads\/2025\/06\/IMG_7843.jpg\",\"keywords\":[\"lyon\"],\"articleSection\":[\"Ambiance\",\"Ev\u00e9nement\",\"International\",\"Lyon\",\"Lyon\",\"Rencontre\"],\"inLanguage\":\"fr-FR\",\"potentialAction\":[{\"@type\":\"CommentAction\",\"name\":\"Comment\",\"target\":[\"https:\/\/lyonbondyblog.fr\/LBB\/conference-a-lifcm-mohed-altrad-entre-foi-liberte-et-reussite\/#respond\"]}]},{\"@type\":\"WebPage\",\"@id\":\"https:\/\/lyonbondyblog.fr\/LBB\/conference-a-lifcm-mohed-altrad-entre-foi-liberte-et-reussite\/\",\"url\":\"https:\/\/lyonbondyblog.fr\/LBB\/conference-a-lifcm-mohed-altrad-entre-foi-liberte-et-reussite\/\",\"name\":\"Conf\u00e9rence \u00e0 l'IFCM : Mohed Altrad, entre foi, libert\u00e9 et r\u00e9ussite - Lyon Bondy Blog\",\"isPartOf\":{\"@id\":\"https:\/\/lyonbondyblog.fr\/LBB\/#website\"},\"primaryImageOfPage\":{\"@id\":\"https:\/\/lyonbondyblog.fr\/LBB\/conference-a-lifcm-mohed-altrad-entre-foi-liberte-et-reussite\/#primaryimage\"},\"image\":{\"@id\":\"https:\/\/lyonbondyblog.fr\/LBB\/conference-a-lifcm-mohed-altrad-entre-foi-liberte-et-reussite\/#primaryimage\"},\"thumbnailUrl\":\"https:\/\/lyonbondyblog.fr\/LBB\/wp-content\/uploads\/2025\/06\/IMG_7843.jpg\",\"datePublished\":\"2025-06-15T07:25:11+00:00\",\"dateModified\":\"2025-06-16T08:11:24+00:00\",\"inLanguage\":\"fr-FR\",\"potentialAction\":[{\"@type\":\"ReadAction\",\"target\":[\"https:\/\/lyonbondyblog.fr\/LBB\/conference-a-lifcm-mohed-altrad-entre-foi-liberte-et-reussite\/\"]}]},{\"@type\":\"ImageObject\",\"inLanguage\":\"fr-FR\",\"@id\":\"https:\/\/lyonbondyblog.fr\/LBB\/conference-a-lifcm-mohed-altrad-entre-foi-liberte-et-reussite\/#primaryimage\",\"url\":\"https:\/\/lyonbondyblog.fr\/LBB\/wp-content\/uploads\/2025\/06\/IMG_7843.jpg\",\"contentUrl\":\"https:\/\/lyonbondyblog.fr\/LBB\/wp-content\/uploads\/2025\/06\/IMG_7843.jpg\",\"width\":1536,\"height\":2048},{\"@type\":\"WebSite\",\"@id\":\"https:\/\/lyonbondyblog.fr\/LBB\/#website\",\"url\":\"https:\/\/lyonbondyblog.fr\/LBB\/\",\"name\":\"Lyon Bondy Blog\",\"description\":\"\",\"publisher\":{\"@id\":\"https:\/\/lyonbondyblog.fr\/LBB\/#organization\"},\"potentialAction\":[{\"@type\":\"SearchAction\",\"target\":{\"@type\":\"EntryPoint\",\"urlTemplate\":\"https:\/\/lyonbondyblog.fr\/LBB\/?s={search_term_string}\"},\"query-input\":\"required name=search_term_string\"}],\"inLanguage\":\"fr-FR\"},{\"@type\":\"Organization\",\"@id\":\"https:\/\/lyonbondyblog.fr\/LBB\/#organization\",\"name\":\"LYON BONDY BLOG\",\"url\":\"https:\/\/lyonbondyblog.fr\/LBB\/\",\"logo\":{\"@type\":\"ImageObject\",\"inLanguage\":\"fr-FR\",\"@id\":\"https:\/\/lyonbondyblog.fr\/LBB\/#\/schema\/logo\/image\/\",\"url\":\"http:\/\/lyonbondyblog.fr\/LBB\/wp-content\/uploads\/2014\/10\/logo-portable-144.png\",\"contentUrl\":\"http:\/\/lyonbondyblog.fr\/LBB\/wp-content\/uploads\/2014\/10\/logo-portable-144.png\",\"width\":144,\"height\":123,\"caption\":\"LYON BONDY BLOG\"},\"image\":{\"@id\":\"https:\/\/lyonbondyblog.fr\/LBB\/#\/schema\/logo\/image\/\"},\"sameAs\":[\"https:\/\/www.facebook.com\/lyonbondyblog\",\"https:\/\/x.com\/bondybloglyon\"]},{\"@type\":\"Person\",\"@id\":\"https:\/\/lyonbondyblog.fr\/LBB\/#\/schema\/person\/bdf1a500140be62973ac129f606f44a0\",\"name\":\"Azzedine Banelkadi\",\"url\":\"https:\/\/lyonbondyblog.fr\/LBB\/author\/azzedine-benelkadi\/\"}]}<\/script>\n<!-- \/ Yoast SEO plugin. -->","yoast_head_json":{"title":"Conf\u00e9rence \u00e0 l'IFCM : Mohed Altrad, entre foi, libert\u00e9 et r\u00e9ussite - Lyon Bondy Blog","robots":{"index":"index","follow":"follow","max-snippet":"max-snippet:-1","max-image-preview":"max-image-preview:large","max-video-preview":"max-video-preview:-1"},"canonical":"https:\/\/lyonbondyblog.fr\/LBB\/conference-a-lifcm-mohed-altrad-entre-foi-liberte-et-reussite\/","og_locale":"fr_FR","og_type":"article","og_title":"Conf\u00e9rence \u00e0 l'IFCM : Mohed Altrad, entre foi, libert\u00e9 et r\u00e9ussite - Lyon Bondy Blog","og_description":"Ce jeudi 12 juin \u00e0 18h, l&rsquo;Institut Fran\u00e7ais de Civilisation Musulmane (IFCM) a accueilli une conf\u00e9rence exceptionnelle intitul\u00e9e \u00ab Entre foi et libert\u00e9\u00a0\u00bb : spiritualit\u00e9 &hellip;","og_url":"https:\/\/lyonbondyblog.fr\/LBB\/conference-a-lifcm-mohed-altrad-entre-foi-liberte-et-reussite\/","og_site_name":"Lyon Bondy Blog","article_publisher":"https:\/\/www.facebook.com\/lyonbondyblog","article_published_time":"2025-06-15T07:25:11+00:00","article_modified_time":"2025-06-16T08:11:24+00:00","og_image":[{"width":1536,"height":2048,"url":"https:\/\/lyonbondyblog.fr\/LBB\/wp-content\/uploads\/2025\/06\/IMG_7843.jpg","type":"image\/jpeg"}],"author":"Azzedine Banelkadi","twitter_card":"summary_large_image","twitter_creator":"@bondybloglyon","twitter_site":"@bondybloglyon","schema":{"@context":"https:\/\/schema.org","@graph":[{"@type":"Article","@id":"https:\/\/lyonbondyblog.fr\/LBB\/conference-a-lifcm-mohed-altrad-entre-foi-liberte-et-reussite\/#article","isPartOf":{"@id":"https:\/\/lyonbondyblog.fr\/LBB\/conference-a-lifcm-mohed-altrad-entre-foi-liberte-et-reussite\/"},"author":{"name":"Azzedine Banelkadi","@id":"https:\/\/lyonbondyblog.fr\/LBB\/#\/schema\/person\/bdf1a500140be62973ac129f606f44a0"},"headline":"Conf\u00e9rence \u00e0 l&rsquo;IFCM : Mohed Altrad, entre foi, libert\u00e9 et r\u00e9ussite","datePublished":"2025-06-15T07:25:11+00:00","dateModified":"2025-06-16T08:11:24+00:00","mainEntityOfPage":{"@id":"https:\/\/lyonbondyblog.fr\/LBB\/conference-a-lifcm-mohed-altrad-entre-foi-liberte-et-reussite\/"},"wordCount":521,"commentCount":0,"publisher":{"@id":"https:\/\/lyonbondyblog.fr\/LBB\/#organization"},"image":{"@id":"https:\/\/lyonbondyblog.fr\/LBB\/conference-a-lifcm-mohed-altrad-entre-foi-liberte-et-reussite\/#primaryimage"},"thumbnailUrl":"https:\/\/lyonbondyblog.fr\/LBB\/wp-content\/uploads\/2025\/06\/IMG_7843.jpg","keywords":["lyon"],"articleSection":["Ambiance","Ev\u00e9nement","International","Lyon","Lyon","Rencontre"],"inLanguage":"fr-FR","potentialAction":[{"@type":"CommentAction","name":"Comment","target":["https:\/\/lyonbondyblog.fr\/LBB\/conference-a-lifcm-mohed-altrad-entre-foi-liberte-et-reussite\/#respond"]}]},{"@type":"WebPage","@id":"https:\/\/lyonbondyblog.fr\/LBB\/conference-a-lifcm-mohed-altrad-entre-foi-liberte-et-reussite\/","url":"https:\/\/lyonbondyblog.fr\/LBB\/conference-a-lifcm-mohed-altrad-entre-foi-liberte-et-reussite\/","name":"Conf\u00e9rence \u00e0 l'IFCM : Mohed Altrad, entre foi, libert\u00e9 et r\u00e9ussite - Lyon Bondy Blog","isPartOf":{"@id":"https:\/\/lyonbondyblog.fr\/LBB\/#website"},"primaryImageOfPage":{"@id":"https:\/\/lyonbondyblog.fr\/LBB\/conference-a-lifcm-mohed-altrad-entre-foi-liberte-et-reussite\/#primaryimage"},"image":{"@id":"https:\/\/lyonbondyblog.fr\/LBB\/conference-a-lifcm-mohed-altrad-entre-foi-liberte-et-reussite\/#primaryimage"},"thumbnailUrl":"https:\/\/lyonbondyblog.fr\/LBB\/wp-content\/uploads\/2025\/06\/IMG_7843.jpg","datePublished":"2025-06-15T07:25:11+00:00","dateModified":"2025-06-16T08:11:24+00:00","inLanguage":"fr-FR","potentialAction":[{"@type":"ReadAction","target":["https:\/\/lyonbondyblog.fr\/LBB\/conference-a-lifcm-mohed-altrad-entre-foi-liberte-et-reussite\/"]}]},{"@type":"ImageObject","inLanguage":"fr-FR","@id":"https:\/\/lyonbondyblog.fr\/LBB\/conference-a-lifcm-mohed-altrad-entre-foi-liberte-et-reussite\/#primaryimage","url":"https:\/\/lyonbondyblog.fr\/LBB\/wp-content\/uploads\/2025\/06\/IMG_7843.jpg","contentUrl":"https:\/\/lyonbondyblog.fr\/LBB\/wp-content\/uploads\/2025\/06\/IMG_7843.jpg","width":1536,"height":2048},{"@type":"WebSite","@id":"https:\/\/lyonbondyblog.fr\/LBB\/#website","url":"https:\/\/lyonbondyblog.fr\/LBB\/","name":"Lyon Bondy Blog","description":"","publisher":{"@id":"https:\/\/lyonbondyblog.fr\/LBB\/#organization"},"potentialAction":[{"@type":"SearchAction","target":{"@type":"EntryPoint","urlTemplate":"https:\/\/lyonbondyblog.fr\/LBB\/?s={search_term_string}"},"query-input":"required name=search_term_string"}],"inLanguage":"fr-FR"},{"@type":"Organization","@id":"https:\/\/lyonbondyblog.fr\/LBB\/#organization","name":"LYON BONDY BLOG","url":"https:\/\/lyonbondyblog.fr\/LBB\/","logo":{"@type":"ImageObject","inLanguage":"fr-FR","@id":"https:\/\/lyonbondyblog.fr\/LBB\/#\/schema\/logo\/image\/","url":"http:\/\/lyonbondyblog.fr\/LBB\/wp-content\/uploads\/2014\/10\/logo-portable-144.png","contentUrl":"http:\/\/lyonbondyblog.fr\/LBB\/wp-content\/uploads\/2014\/10\/logo-portable-144.png","width":144,"height":123,"caption":"LYON BONDY BLOG"},"image":{"@id":"https:\/\/lyonbondyblog.fr\/LBB\/#\/schema\/logo\/image\/"},"sameAs":["https:\/\/www.facebook.com\/lyonbondyblog","https:\/\/x.com\/bondybloglyon"]},{"@type":"Person","@id":"https:\/\/lyonbondyblog.fr\/LBB\/#\/schema\/person\/bdf1a500140be62973ac129f606f44a0","name":"Azzedine Banelkadi","url":"https:\/\/lyonbondyblog.fr\/LBB\/author\/azzedine-benelkadi\/"}]}},"_links":{"self":[{"href":"https:\/\/lyonbondyblog.fr\/LBB\/wp-json\/wp\/v2\/posts\/36484","targetHints":{"allow":["GET"]}}],"collection":[{"href":"https:\/\/lyonbondyblog.fr\/LBB\/wp-json\/wp\/v2\/posts"}],"about":[{"href":"https:\/\/lyonbondyblog.fr\/LBB\/wp-json\/wp\/v2\/types\/post"}],"author":[{"embeddable":true,"href":"https:\/\/lyonbondyblog.fr\/LBB\/wp-json\/wp\/v2\/users\/36"}],"replies":[{"embeddable":true,"href":"https:\/\/lyonbondyblog.fr\/LBB\/wp-json\/wp\/v2\/comments?post=36484"}],"version-history":[{"count":4,"href":"https:\/\/lyonbondyblog.fr\/LBB\/wp-json\/wp\/v2\/posts\/36484\/revisions"}],"predecessor-version":[{"id":36493,"href":"https:\/\/lyonbondyblog.fr\/LBB\/wp-json\/wp\/v2\/posts\/36484\/revisions\/36493"}],"wp:featuredmedia":[{"embeddable":true,"href":"https:\/\/lyonbondyblog.fr\/LBB\/wp-json\/wp\/v2\/media\/36485"}],"wp:attachment":[{"href":"https:\/\/lyonbondyblog.fr\/LBB\/wp-json\/wp\/v2\/media?parent=36484"}],"wp:term":[{"taxonomy":"category","embeddable":true,"href":"https:\/\/lyonbondyblog.fr\/LBB\/wp-json\/wp\/v2\/categories?post=36484"},{"taxonomy":"post_tag","embeddable":true,"href":"https:\/\/lyonbondyblog.fr\/LBB\/wp-json\/wp\/v2\/tags?post=36484"}],"curies":[{"name":"wp","href":"https:\/\/api.w.org\/{rel}","templated":true}]}}