{"id":36473,"date":"2025-06-13T13:20:18","date_gmt":"2025-06-13T11:20:18","guid":{"rendered":"https:\/\/lyonbondyblog.fr\/LBB\/?p=36473"},"modified":"2025-06-16T10:11:45","modified_gmt":"2025-06-16T08:11:45","slug":"assia-djebar-un-nouveau-campus-pour-les-jeunes-un-projet-pour-lavenir-de-vaulx-en-velin","status":"publish","type":"post","link":"https:\/\/lyonbondyblog.fr\/LBB\/assia-djebar-un-nouveau-campus-pour-les-jeunes-un-projet-pour-lavenir-de-vaulx-en-velin\/","title":{"rendered":"Assia Djebar\u00a0: Un nouveau campus pour les jeunes, un projet pour l\u2019avenir de Vaulx-en-Velin."},"content":{"rendered":"\n<p><strong>La premi\u00e8re poutre du campus Assia Djebar a \u00e9t\u00e9 pos\u00e9e hier \u00e0 Vaulx-en-Velin. Ce futur lieu d\u2019apprentissage et d\u2019\u00e9mancipation ouvrira ses portes en 2027 pour favoriser l\u2019acc\u00e8s aux \u00e9tudes sup\u00e9rieures et r\u00e9pondre aux besoins du territoire, dans une ville o\u00f9 pr\u00e8s de <a href=\"https:\/\/vaulx-en-velin.net\/grandir\/jeunesse\/\">40 % de la population a moins de 25 ans.<\/a><\/strong><\/p>\n\n\n\n<p> Pens\u00e9 comme un espace d\u2019\u00e9mancipation, d\u2019orientation et de r\u00e9ussite, ce futur campus universitaire r\u00e9pond \u00e0 un enjeu de fond. Le d\u00e9crochage et les difficult\u00e9s d\u2019orientation rencontr\u00e9es par de nombreux jeunes vaudais ne rel\u00e8vent pas d\u2019un manque d\u2019ambition individuelle, mais sont les cons\u00e9quences d\u2019un environnement social qui les marginalise, les invisibilise et limite leurs perspectives. Alors que les parcours vers le sup\u00e9rieur restent sem\u00e9s d\u2019obstacles impos\u00e9s par des in\u00e9galit\u00e9s structurelles, ce nouvel \u00e9quipement vise \u00e0 lever ces freins en s\u2019appuyant sur les atouts du territoire et en rendant physiquement possible une vraie mixit\u00e9 des jeunesses locales. En effet, une structure d\u2019information pour la jeunesse et la vie \u00e9tudiante s\u2019installera au sein de cette nouvelle architecture et accompagnera le parcours des jeunes de 11 \u00e0 25 ans.<\/p>\n\n\n<div class=\"wp-block-image\">\n<figure class=\"aligncenter size-full is-resized\"><img loading=\"lazy\" decoding=\"async\" width=\"1581\" height=\"1342\" src=\"https:\/\/lyonbondyblog.fr\/LBB\/wp-content\/uploads\/2025\/06\/IMG_0270.jpg\" alt=\"\" class=\"wp-image-36482\" style=\"width:396px;height:auto\" srcset=\"https:\/\/lyonbondyblog.fr\/LBB\/wp-content\/uploads\/2025\/06\/IMG_0270.jpg 1581w, https:\/\/lyonbondyblog.fr\/LBB\/wp-content\/uploads\/2025\/06\/IMG_0270-1200x1019.jpg 1200w, https:\/\/lyonbondyblog.fr\/LBB\/wp-content\/uploads\/2025\/06\/IMG_0270-768x652.jpg 768w, https:\/\/lyonbondyblog.fr\/LBB\/wp-content\/uploads\/2025\/06\/IMG_0270-1536x1304.jpg 1536w\" sizes=\"auto, (max-width: 1581px) 100vw, 1581px\" \/><figcaption class=\"wp-element-caption\">plan du Campus Assia Djebar. <\/figcaption><\/figure><\/div>\n\n\n<p><strong>Un triptyque au c\u0153ur du projet : habitants, jeunesse, savoir<\/strong><\/p>\n\n\n\n<p>Plus qu\u2019un simple b\u00e2timent, la Cit\u00e9 Assia Djebar est con\u00e7ue comme un carrefour entre les habitants, les acteurs de l\u2019\u00e9ducation et les jeunes<\/p>\n\n\n\n<p>Elle accueillera non seulement des formations de <a href=\"https:\/\/www.lyon.archi.fr\/\">l\u2019ENSAL (\u00c9cole nationale sup\u00e9rieure d\u2019architecture de Lyon)<\/a> \u00a0qui a besoin d\u2019agrandir ses locaux d\u00e9j\u00e0 pr\u00e9sents dans la ville, mais aussi des projets port\u00e9s par <a href=\"https:\/\/www.entpe.fr\/\">l\u2019ENTPE<\/a>, l<a href=\"https:\/\/www.ac-lyon.fr\/les-campus-des-metiers-et-des-qualifications-121609\">e Campus des M\u00e9tiers et des Qualifications<\/a>, et la Direction Jeunesse et Vie \u00c9tudiante de la Ville. L\u2019objectif est clair : faire coexister sous un m\u00eame toit enseignement sup\u00e9rieur, initiatives citoyennes, culturelles et collaboratives, et ainsi permettre \u00e0 chacun d\u2019imaginer et construire son avenir.\u00a0<\/p>\n\n\n\n<p>Christophe Boyadjian, professeur \u00e0 l\u2019ENSAL et pr\u00e9sident de son conseil d\u2019administration, insiste sur l\u2019importance d\u2019ouvrir les universit\u00e9s.<\/p>\n\n\n\n<figure class=\"wp-block-audio\"><audio controls src=\"https:\/\/lyonbondyblog.fr\/LBB\/wp-content\/uploads\/2025\/06\/interview-Christophe-Boyadjian-1-1.mp3\"><\/audio><\/figure>\n\n\n\n<p>Ce projet est port\u00e9 avec conviction par la maire de Vaulx-en-Velin, H\u00e9l\u00e8ne Geoffroy, qui en a fait l\u2019un des piliers de sa politique \u00e9ducative et urbaine.<\/p>\n\n\n\n<figure class=\"wp-block-audio\"><audio controls src=\"https:\/\/lyonbondyblog.fr\/LBB\/wp-content\/uploads\/2025\/06\/interview-Helene-Geoffroy-1.mp3\"><\/audio><\/figure>\n\n\n\n<p><\/p>\n\n\n\n<p>Avec un budget total de 13 millions d\u2019euros TTC, financ\u00e9 par des fonds municipaux, l\u2019ANRU, le minist\u00e8re de la Culture et la M\u00e9tropole, le chantier a d\u00e9marr\u00e9 d\u00e9but 2025. L\u2019inauguration est pr\u00e9vue courant 2027. Ce projet s\u2019inscrit pleinement dans les objectifs du <a href=\"https:\/\/www.gpvvaulxenvelin.org\/cadre-de-vie-et-renouvellement-urbain\/le-renouvellement-urbain-de-la-grande-ile\/\">Nouveau Programme National de Renouvellement Urbain,<\/a> visant \u00e0 r\u00e9duire les in\u00e9galit\u00e9s territoriales par le biais de l\u2019habitat et des \u00e9quipements publics.<\/p>\n\n\n\n<p><strong>Assia Djebar : une figure inspirante pour nommer ce lieu d\u2019apprentissage<\/strong>.<\/p>\n\n\n\n<p>Donner \u00e0 ce campus le nom d\u2019Assia Djebar, premi\u00e8re femme musulmane alg\u00e9rienne admise \u00e0 l\u2019\u00c9cole normale sup\u00e9rieure de S\u00e8vres, n\u2019est pas anodin. \u00c9crivaine, intellectuelle, cin\u00e9aste et militante, elle incarne le combat pour l\u2019acc\u00e8s au savoir et \u00e0 l\u2019\u00e9mancipation des femmes et des peuples opprim\u00e9s. En rendant hommage \u00e0 cette figure majeure, le projet affirme son ambition de porter les voix des invisibilis\u00e9s, de faire de l\u2019\u00e9cole un levier de transformation sociale.<\/p>\n\n\n\n<p>Pour les jeunes vaudais et vaudaises, pouvoir \u00e9tudier \u00e0 Vaulx, sans devoir quitter Vaulx, est une avanc\u00e9e concr\u00e8te. Cela signifie ne plus avoir \u00e0 franchir des barri\u00e8res g\u00e9ographiques, sociales ou culturelles pour obtenir un dipl\u00f4me. Cela signifie aussi voir son quartier devenir un lieu de savoir, de rencontres et de possibilit\u00e9s tout en contribuant au rayonnement et \u00e0 l\u2019attractivit\u00e9 de la ville.<\/p>\n\n\n\n<p>Article sign\u00e9 Jade DUPOND. <\/p>\n\n\n\n<p><\/p>\n<!-- AddThis Advanced Settings generic via filter on the_content --><!-- AddThis Share Buttons generic via filter on the_content -->","protected":false},"excerpt":{"rendered":"<p>La premi\u00e8re poutre du campus Assia Djebar a \u00e9t\u00e9 pos\u00e9e hier \u00e0 Vaulx-en-Velin. Ce futur lieu d\u2019apprentissage et d\u2019\u00e9mancipation ouvrira ses portes en 2027 pour &hellip; <!-- AddThis Advanced Settings generic via filter on wp_trim_excerpt --><!-- AddThis Share Buttons generic via filter on wp_trim_excerpt --><\/p>\n","protected":false},"author":1,"featured_media":36480,"comment_status":"open","ping_status":"open","sticky":true,"template":"","format":"standard","meta":{"_FSMCFIC_featured_image_caption":"","_FSMCFIC_featured_image_nocaption":"","_FSMCFIC_featured_image_hide":"","footnotes":""},"categories":[3517,5324,4,18153,6190,3891],"tags":[],"class_list":["post-36473","post","type-post","status-publish","format-standard","has-post-thumbnail","hentry","category-education","category-jeunesse","category-lyon","category-social","category-travail","category-vaulx-en-velin"],"yoast_head":"<!-- This site is optimized with the Yoast SEO plugin v22.8 - https:\/\/yoast.com\/wordpress\/plugins\/seo\/ -->\n<title>Assia Djebar\u00a0: Un nouveau campus pour les jeunes, un projet pour l\u2019avenir de Vaulx-en-Velin. - Lyon Bondy Blog<\/title>\n<meta name=\"robots\" content=\"index, follow, max-snippet:-1, max-image-preview:large, max-video-preview:-1\" \/>\n<link rel=\"canonical\" href=\"https:\/\/lyonbondyblog.fr\/LBB\/assia-djebar-un-nouveau-campus-pour-les-jeunes-un-projet-pour-lavenir-de-vaulx-en-velin\/\" \/>\n<meta property=\"og:locale\" content=\"fr_FR\" \/>\n<meta property=\"og:type\" content=\"article\" \/>\n<meta property=\"og:title\" content=\"Assia Djebar\u00a0: Un nouveau campus pour les jeunes, un projet pour l\u2019avenir de Vaulx-en-Velin. - Lyon Bondy Blog\" \/>\n<meta property=\"og:description\" content=\"La premi\u00e8re poutre du campus Assia Djebar a \u00e9t\u00e9 pos\u00e9e hier \u00e0 Vaulx-en-Velin. Ce futur lieu d\u2019apprentissage et d\u2019\u00e9mancipation ouvrira ses portes en 2027 pour &hellip;\" \/>\n<meta property=\"og:url\" content=\"https:\/\/lyonbondyblog.fr\/LBB\/assia-djebar-un-nouveau-campus-pour-les-jeunes-un-projet-pour-lavenir-de-vaulx-en-velin\/\" \/>\n<meta property=\"og:site_name\" content=\"Lyon Bondy Blog\" \/>\n<meta property=\"article:publisher\" content=\"https:\/\/www.facebook.com\/lyonbondyblog\" \/>\n<meta property=\"article:author\" content=\"https:\/\/www.facebook.com\/lyonbondyblog\" \/>\n<meta property=\"article:published_time\" content=\"2025-06-13T11:20:18+00:00\" \/>\n<meta property=\"article:modified_time\" content=\"2025-06-16T08:11:45+00:00\" \/>\n<meta property=\"og:image\" content=\"https:\/\/lyonbondyblog.fr\/LBB\/wp-content\/uploads\/2025\/06\/IMG_0240.jpg\" \/>\n\t<meta property=\"og:image:width\" content=\"2016\" \/>\n\t<meta property=\"og:image:height\" content=\"1512\" \/>\n\t<meta property=\"og:image:type\" content=\"image\/jpeg\" \/>\n<meta name=\"author\" content=\"La r\u00e9daction\" \/>\n<meta name=\"twitter:card\" content=\"summary_large_image\" \/>\n<meta name=\"twitter:creator\" content=\"@BondyBlogLyon\" \/>\n<meta name=\"twitter:site\" content=\"@bondybloglyon\" \/>\n<script type=\"application\/ld+json\" class=\"yoast-schema-graph\">{\"@context\":\"https:\/\/schema.org\",\"@graph\":[{\"@type\":\"Article\",\"@id\":\"https:\/\/lyonbondyblog.fr\/LBB\/assia-djebar-un-nouveau-campus-pour-les-jeunes-un-projet-pour-lavenir-de-vaulx-en-velin\/#article\",\"isPartOf\":{\"@id\":\"https:\/\/lyonbondyblog.fr\/LBB\/assia-djebar-un-nouveau-campus-pour-les-jeunes-un-projet-pour-lavenir-de-vaulx-en-velin\/\"},\"author\":{\"name\":\"La r\u00e9daction\",\"@id\":\"https:\/\/lyonbondyblog.fr\/LBB\/#\/schema\/person\/e45f8d27baac75072daa0be50c409b25\"},\"headline\":\"Assia Djebar\u00a0: Un nouveau campus pour les jeunes, un projet pour l\u2019avenir de Vaulx-en-Velin.\",\"datePublished\":\"2025-06-13T11:20:18+00:00\",\"dateModified\":\"2025-06-16T08:11:45+00:00\",\"mainEntityOfPage\":{\"@id\":\"https:\/\/lyonbondyblog.fr\/LBB\/assia-djebar-un-nouveau-campus-pour-les-jeunes-un-projet-pour-lavenir-de-vaulx-en-velin\/\"},\"wordCount\":627,\"commentCount\":0,\"publisher\":{\"@id\":\"https:\/\/lyonbondyblog.fr\/LBB\/#organization\"},\"image\":{\"@id\":\"https:\/\/lyonbondyblog.fr\/LBB\/assia-djebar-un-nouveau-campus-pour-les-jeunes-un-projet-pour-lavenir-de-vaulx-en-velin\/#primaryimage\"},\"thumbnailUrl\":\"https:\/\/lyonbondyblog.fr\/LBB\/wp-content\/uploads\/2025\/06\/IMG_0240.jpg\",\"articleSection\":[\"Education\",\"Jeunesse\",\"Lyon\",\"Social\",\"Travail\",\"Vaulx-en-Velin\"],\"inLanguage\":\"fr-FR\",\"potentialAction\":[{\"@type\":\"CommentAction\",\"name\":\"Comment\",\"target\":[\"https:\/\/lyonbondyblog.fr\/LBB\/assia-djebar-un-nouveau-campus-pour-les-jeunes-un-projet-pour-lavenir-de-vaulx-en-velin\/#respond\"]}]},{\"@type\":\"WebPage\",\"@id\":\"https:\/\/lyonbondyblog.fr\/LBB\/assia-djebar-un-nouveau-campus-pour-les-jeunes-un-projet-pour-lavenir-de-vaulx-en-velin\/\",\"url\":\"https:\/\/lyonbondyblog.fr\/LBB\/assia-djebar-un-nouveau-campus-pour-les-jeunes-un-projet-pour-lavenir-de-vaulx-en-velin\/\",\"name\":\"Assia Djebar\u00a0: Un nouveau campus pour les jeunes, un projet pour l\u2019avenir de Vaulx-en-Velin. - Lyon Bondy Blog\",\"isPartOf\":{\"@id\":\"https:\/\/lyonbondyblog.fr\/LBB\/#website\"},\"primaryImageOfPage\":{\"@id\":\"https:\/\/lyonbondyblog.fr\/LBB\/assia-djebar-un-nouveau-campus-pour-les-jeunes-un-projet-pour-lavenir-de-vaulx-en-velin\/#primaryimage\"},\"image\":{\"@id\":\"https:\/\/lyonbondyblog.fr\/LBB\/assia-djebar-un-nouveau-campus-pour-les-jeunes-un-projet-pour-lavenir-de-vaulx-en-velin\/#primaryimage\"},\"thumbnailUrl\":\"https:\/\/lyonbondyblog.fr\/LBB\/wp-content\/uploads\/2025\/06\/IMG_0240.jpg\",\"datePublished\":\"2025-06-13T11:20:18+00:00\",\"dateModified\":\"2025-06-16T08:11:45+00:00\",\"inLanguage\":\"fr-FR\",\"potentialAction\":[{\"@type\":\"ReadAction\",\"target\":[\"https:\/\/lyonbondyblog.fr\/LBB\/assia-djebar-un-nouveau-campus-pour-les-jeunes-un-projet-pour-lavenir-de-vaulx-en-velin\/\"]}]},{\"@type\":\"ImageObject\",\"inLanguage\":\"fr-FR\",\"@id\":\"https:\/\/lyonbondyblog.fr\/LBB\/assia-djebar-un-nouveau-campus-pour-les-jeunes-un-projet-pour-lavenir-de-vaulx-en-velin\/#primaryimage\",\"url\":\"https:\/\/lyonbondyblog.fr\/LBB\/wp-content\/uploads\/2025\/06\/IMG_0240.jpg\",\"contentUrl\":\"https:\/\/lyonbondyblog.fr\/LBB\/wp-content\/uploads\/2025\/06\/IMG_0240.jpg\",\"width\":2016,\"height\":1512,\"caption\":\"H\u00e9l\u00e8ne Geoffroy \u00e0 l'inauguration de la premi\u00e8re poutre du campus Assia Djebar.\"},{\"@type\":\"WebSite\",\"@id\":\"https:\/\/lyonbondyblog.fr\/LBB\/#website\",\"url\":\"https:\/\/lyonbondyblog.fr\/LBB\/\",\"name\":\"Lyon Bondy Blog\",\"description\":\"\",\"publisher\":{\"@id\":\"https:\/\/lyonbondyblog.fr\/LBB\/#organization\"},\"potentialAction\":[{\"@type\":\"SearchAction\",\"target\":{\"@type\":\"EntryPoint\",\"urlTemplate\":\"https:\/\/lyonbondyblog.fr\/LBB\/?s={search_term_string}\"},\"query-input\":\"required name=search_term_string\"}],\"inLanguage\":\"fr-FR\"},{\"@type\":\"Organization\",\"@id\":\"https:\/\/lyonbondyblog.fr\/LBB\/#organization\",\"name\":\"LYON BONDY BLOG\",\"url\":\"https:\/\/lyonbondyblog.fr\/LBB\/\",\"logo\":{\"@type\":\"ImageObject\",\"inLanguage\":\"fr-FR\",\"@id\":\"https:\/\/lyonbondyblog.fr\/LBB\/#\/schema\/logo\/image\/\",\"url\":\"http:\/\/lyonbondyblog.fr\/LBB\/wp-content\/uploads\/2014\/10\/logo-portable-144.png\",\"contentUrl\":\"http:\/\/lyonbondyblog.fr\/LBB\/wp-content\/uploads\/2014\/10\/logo-portable-144.png\",\"width\":144,\"height\":123,\"caption\":\"LYON BONDY BLOG\"},\"image\":{\"@id\":\"https:\/\/lyonbondyblog.fr\/LBB\/#\/schema\/logo\/image\/\"},\"sameAs\":[\"https:\/\/www.facebook.com\/lyonbondyblog\",\"https:\/\/x.com\/bondybloglyon\"]},{\"@type\":\"Person\",\"@id\":\"https:\/\/lyonbondyblog.fr\/LBB\/#\/schema\/person\/e45f8d27baac75072daa0be50c409b25\",\"name\":\"La r\u00e9daction\",\"description\":\"Cr\u00e9e en 2008, la r\u00e9daction du Lyon Bondy Blog s'applique \u00e0 proposer une information locale diff\u00e9rente et compl\u00e9mentaire des m\u00e9dias traditionnels.\",\"sameAs\":[\"https:\/\/www.facebook.com\/lyonbondyblog\",\"https:\/\/x.com\/BondyBlogLyon\"],\"url\":\"https:\/\/lyonbondyblog.fr\/LBB\/author\/admin\/\"}]}<\/script>\n<!-- \/ Yoast SEO plugin. -->","yoast_head_json":{"title":"Assia Djebar\u00a0: Un nouveau campus pour les jeunes, un projet pour l\u2019avenir de Vaulx-en-Velin. - Lyon Bondy Blog","robots":{"index":"index","follow":"follow","max-snippet":"max-snippet:-1","max-image-preview":"max-image-preview:large","max-video-preview":"max-video-preview:-1"},"canonical":"https:\/\/lyonbondyblog.fr\/LBB\/assia-djebar-un-nouveau-campus-pour-les-jeunes-un-projet-pour-lavenir-de-vaulx-en-velin\/","og_locale":"fr_FR","og_type":"article","og_title":"Assia Djebar\u00a0: Un nouveau campus pour les jeunes, un projet pour l\u2019avenir de Vaulx-en-Velin. - Lyon Bondy Blog","og_description":"La premi\u00e8re poutre du campus Assia Djebar a \u00e9t\u00e9 pos\u00e9e hier \u00e0 Vaulx-en-Velin. Ce futur lieu d\u2019apprentissage et d\u2019\u00e9mancipation ouvrira ses portes en 2027 pour &hellip;","og_url":"https:\/\/lyonbondyblog.fr\/LBB\/assia-djebar-un-nouveau-campus-pour-les-jeunes-un-projet-pour-lavenir-de-vaulx-en-velin\/","og_site_name":"Lyon Bondy Blog","article_publisher":"https:\/\/www.facebook.com\/lyonbondyblog","article_author":"https:\/\/www.facebook.com\/lyonbondyblog","article_published_time":"2025-06-13T11:20:18+00:00","article_modified_time":"2025-06-16T08:11:45+00:00","og_image":[{"width":2016,"height":1512,"url":"https:\/\/lyonbondyblog.fr\/LBB\/wp-content\/uploads\/2025\/06\/IMG_0240.jpg","type":"image\/jpeg"}],"author":"La r\u00e9daction","twitter_card":"summary_large_image","twitter_creator":"@BondyBlogLyon","twitter_site":"@bondybloglyon","schema":{"@context":"https:\/\/schema.org","@graph":[{"@type":"Article","@id":"https:\/\/lyonbondyblog.fr\/LBB\/assia-djebar-un-nouveau-campus-pour-les-jeunes-un-projet-pour-lavenir-de-vaulx-en-velin\/#article","isPartOf":{"@id":"https:\/\/lyonbondyblog.fr\/LBB\/assia-djebar-un-nouveau-campus-pour-les-jeunes-un-projet-pour-lavenir-de-vaulx-en-velin\/"},"author":{"name":"La r\u00e9daction","@id":"https:\/\/lyonbondyblog.fr\/LBB\/#\/schema\/person\/e45f8d27baac75072daa0be50c409b25"},"headline":"Assia Djebar\u00a0: Un nouveau campus pour les jeunes, un projet pour l\u2019avenir de Vaulx-en-Velin.","datePublished":"2025-06-13T11:20:18+00:00","dateModified":"2025-06-16T08:11:45+00:00","mainEntityOfPage":{"@id":"https:\/\/lyonbondyblog.fr\/LBB\/assia-djebar-un-nouveau-campus-pour-les-jeunes-un-projet-pour-lavenir-de-vaulx-en-velin\/"},"wordCount":627,"commentCount":0,"publisher":{"@id":"https:\/\/lyonbondyblog.fr\/LBB\/#organization"},"image":{"@id":"https:\/\/lyonbondyblog.fr\/LBB\/assia-djebar-un-nouveau-campus-pour-les-jeunes-un-projet-pour-lavenir-de-vaulx-en-velin\/#primaryimage"},"thumbnailUrl":"https:\/\/lyonbondyblog.fr\/LBB\/wp-content\/uploads\/2025\/06\/IMG_0240.jpg","articleSection":["Education","Jeunesse","Lyon","Social","Travail","Vaulx-en-Velin"],"inLanguage":"fr-FR","potentialAction":[{"@type":"CommentAction","name":"Comment","target":["https:\/\/lyonbondyblog.fr\/LBB\/assia-djebar-un-nouveau-campus-pour-les-jeunes-un-projet-pour-lavenir-de-vaulx-en-velin\/#respond"]}]},{"@type":"WebPage","@id":"https:\/\/lyonbondyblog.fr\/LBB\/assia-djebar-un-nouveau-campus-pour-les-jeunes-un-projet-pour-lavenir-de-vaulx-en-velin\/","url":"https:\/\/lyonbondyblog.fr\/LBB\/assia-djebar-un-nouveau-campus-pour-les-jeunes-un-projet-pour-lavenir-de-vaulx-en-velin\/","name":"Assia Djebar\u00a0: Un nouveau campus pour les jeunes, un projet pour l\u2019avenir de Vaulx-en-Velin. - Lyon Bondy Blog","isPartOf":{"@id":"https:\/\/lyonbondyblog.fr\/LBB\/#website"},"primaryImageOfPage":{"@id":"https:\/\/lyonbondyblog.fr\/LBB\/assia-djebar-un-nouveau-campus-pour-les-jeunes-un-projet-pour-lavenir-de-vaulx-en-velin\/#primaryimage"},"image":{"@id":"https:\/\/lyonbondyblog.fr\/LBB\/assia-djebar-un-nouveau-campus-pour-les-jeunes-un-projet-pour-lavenir-de-vaulx-en-velin\/#primaryimage"},"thumbnailUrl":"https:\/\/lyonbondyblog.fr\/LBB\/wp-content\/uploads\/2025\/06\/IMG_0240.jpg","datePublished":"2025-06-13T11:20:18+00:00","dateModified":"2025-06-16T08:11:45+00:00","inLanguage":"fr-FR","potentialAction":[{"@type":"ReadAction","target":["https:\/\/lyonbondyblog.fr\/LBB\/assia-djebar-un-nouveau-campus-pour-les-jeunes-un-projet-pour-lavenir-de-vaulx-en-velin\/"]}]},{"@type":"ImageObject","inLanguage":"fr-FR","@id":"https:\/\/lyonbondyblog.fr\/LBB\/assia-djebar-un-nouveau-campus-pour-les-jeunes-un-projet-pour-lavenir-de-vaulx-en-velin\/#primaryimage","url":"https:\/\/lyonbondyblog.fr\/LBB\/wp-content\/uploads\/2025\/06\/IMG_0240.jpg","contentUrl":"https:\/\/lyonbondyblog.fr\/LBB\/wp-content\/uploads\/2025\/06\/IMG_0240.jpg","width":2016,"height":1512,"caption":"H\u00e9l\u00e8ne Geoffroy \u00e0 l'inauguration de la premi\u00e8re poutre du campus Assia Djebar."},{"@type":"WebSite","@id":"https:\/\/lyonbondyblog.fr\/LBB\/#website","url":"https:\/\/lyonbondyblog.fr\/LBB\/","name":"Lyon Bondy Blog","description":"","publisher":{"@id":"https:\/\/lyonbondyblog.fr\/LBB\/#organization"},"potentialAction":[{"@type":"SearchAction","target":{"@type":"EntryPoint","urlTemplate":"https:\/\/lyonbondyblog.fr\/LBB\/?s={search_term_string}"},"query-input":"required name=search_term_string"}],"inLanguage":"fr-FR"},{"@type":"Organization","@id":"https:\/\/lyonbondyblog.fr\/LBB\/#organization","name":"LYON BONDY BLOG","url":"https:\/\/lyonbondyblog.fr\/LBB\/","logo":{"@type":"ImageObject","inLanguage":"fr-FR","@id":"https:\/\/lyonbondyblog.fr\/LBB\/#\/schema\/logo\/image\/","url":"http:\/\/lyonbondyblog.fr\/LBB\/wp-content\/uploads\/2014\/10\/logo-portable-144.png","contentUrl":"http:\/\/lyonbondyblog.fr\/LBB\/wp-content\/uploads\/2014\/10\/logo-portable-144.png","width":144,"height":123,"caption":"LYON BONDY BLOG"},"image":{"@id":"https:\/\/lyonbondyblog.fr\/LBB\/#\/schema\/logo\/image\/"},"sameAs":["https:\/\/www.facebook.com\/lyonbondyblog","https:\/\/x.com\/bondybloglyon"]},{"@type":"Person","@id":"https:\/\/lyonbondyblog.fr\/LBB\/#\/schema\/person\/e45f8d27baac75072daa0be50c409b25","name":"La r\u00e9daction","description":"Cr\u00e9e en 2008, la r\u00e9daction du Lyon Bondy Blog s'applique \u00e0 proposer une information locale diff\u00e9rente et compl\u00e9mentaire des m\u00e9dias traditionnels.","sameAs":["https:\/\/www.facebook.com\/lyonbondyblog","https:\/\/x.com\/BondyBlogLyon"],"url":"https:\/\/lyonbondyblog.fr\/LBB\/author\/admin\/"}]}},"_links":{"self":[{"href":"https:\/\/lyonbondyblog.fr\/LBB\/wp-json\/wp\/v2\/posts\/36473","targetHints":{"allow":["GET"]}}],"collection":[{"href":"https:\/\/lyonbondyblog.fr\/LBB\/wp-json\/wp\/v2\/posts"}],"about":[{"href":"https:\/\/lyonbondyblog.fr\/LBB\/wp-json\/wp\/v2\/types\/post"}],"author":[{"embeddable":true,"href":"https:\/\/lyonbondyblog.fr\/LBB\/wp-json\/wp\/v2\/users\/1"}],"replies":[{"embeddable":true,"href":"https:\/\/lyonbondyblog.fr\/LBB\/wp-json\/wp\/v2\/comments?post=36473"}],"version-history":[{"count":1,"href":"https:\/\/lyonbondyblog.fr\/LBB\/wp-json\/wp\/v2\/posts\/36473\/revisions"}],"predecessor-version":[{"id":36483,"href":"https:\/\/lyonbondyblog.fr\/LBB\/wp-json\/wp\/v2\/posts\/36473\/revisions\/36483"}],"wp:featuredmedia":[{"embeddable":true,"href":"https:\/\/lyonbondyblog.fr\/LBB\/wp-json\/wp\/v2\/media\/36480"}],"wp:attachment":[{"href":"https:\/\/lyonbondyblog.fr\/LBB\/wp-json\/wp\/v2\/media?parent=36473"}],"wp:term":[{"taxonomy":"category","embeddable":true,"href":"https:\/\/lyonbondyblog.fr\/LBB\/wp-json\/wp\/v2\/categories?post=36473"},{"taxonomy":"post_tag","embeddable":true,"href":"https:\/\/lyonbondyblog.fr\/LBB\/wp-json\/wp\/v2\/tags?post=36473"}],"curies":[{"name":"wp","href":"https:\/\/api.w.org\/{rel}","templated":true}]}}