{"id":36455,"date":"2025-09-05T16:04:00","date_gmt":"2025-09-05T14:04:00","guid":{"rendered":"https:\/\/lyonbondyblog.fr\/LBB\/?p=36455"},"modified":"2025-09-05T16:03:38","modified_gmt":"2025-09-05T14:03:38","slug":"festival-if-revient-en-2025avec-plus-de-couleurs","status":"publish","type":"post","link":"https:\/\/lyonbondyblog.fr\/LBB\/festival-if-revient-en-2025avec-plus-de-couleurs\/","title":{"rendered":"Festival IF revient en 2025,avec plus de couleurs"},"content":{"rendered":"<div class=\"wp-block-image\">\n<figure class=\"aligncenter size-full is-resized\"><img loading=\"lazy\" decoding=\"async\" width=\"830\" height=\"544\" src=\"https:\/\/lyonbondyblog.fr\/LBB\/wp-content\/uploads\/2025\/06\/image-4.png\" alt=\"\" class=\"wp-image-36460\" style=\"width:238px;height:auto\" srcset=\"https:\/\/lyonbondyblog.fr\/LBB\/wp-content\/uploads\/2025\/06\/image-4.png 830w, https:\/\/lyonbondyblog.fr\/LBB\/wp-content\/uploads\/2025\/06\/image-4-768x503.png 768w\" sizes=\"auto, (max-width: 830px) 100vw, 830px\" \/><\/figure><\/div>\n\n\n<p class=\"has-text-align-center\">\u00a9<em>Annu Kilpel\u00e4inen<\/em><\/p>\n\n\n\n<p><strong>Du dessin sur toutes les faces, de la verri\u00e8re \u00e0 la baston dessin\u00e9e. Illustration Festival, revient pour une troisi\u00e8me \u00e9dition toujours plus vivante, plus ouverte, et surtout, plus illustr\u00e9e. Apr\u00e8s deux premi\u00e8res \u00e9ditions marqu\u00e9es par un succ\u00e8s croissant, passant de 9 000 \u00e0 13 300 spectateurs, le festival IF, con\u00e7u et imagin\u00e9 par le studio Kiblind, esp\u00e8re franchir la barre des 15 000 visiteurs en 2025. Toujours en acc\u00e8s gratuit, le festival a \u00e9t\u00e9 pens\u00e9 comme un terrain d\u2019expression libre pour les artistes comme pour le public. Deux jours de festivit\u00e9s \u00e0 partir de cinq euros, 80 illustrateurs fran\u00e7ais et internationaux, des expositions au c\u0153ur\u00a0<a href=\"https:\/\/lyonbondyblog.fr\/LBB\/ca-monte-crescendo-aux-subsistances\/\">des Subsistances<\/a>\u00a0et de l\u2019ENSBA Lyon.<\/strong><\/p>\n\n\n\n<p>\u00ab Ce qu\u2019on aime, c\u2019est proposer des choses \u00bb, affirme Jean Tourette, co-fondateur de Kiblind. Une phrase simple qui r\u00e9sume bien l\u2019esprit du festival.<\/p>\n\n\n\n<p><strong>Une identit\u00e9 visuelle forte, mais effac\u00e9e<\/strong><\/p>\n\n\n\n<p>L&rsquo;identit\u00e9 du festival, port\u00e9e par une typographie originale sign\u00e9e Kiblind, joue la carte d\u2019une esth\u00e9tique r\u00e9tro assum\u00e9e. Son r\u00f4le reste modeste : il s&rsquo;agit de marquer l\u2019espace urbain tout en laissant la lumi\u00e8re aux \u0153uvres des artistes invit\u00e9s. Cette ann\u00e9e encore, cinq illustrateurs notamment Annu Kipelainen, proposeront des cr\u00e9ations originales pens\u00e9es sp\u00e9cialement pour le festival..<\/p>\n\n\n\n<p>Pour donner un angle d&rsquo;accroche, les artistes sont libres de cr\u00e9er \u00e0 partir du mot &lsquo;If&rsquo;, comme s&rsquo;est inspir\u00e9 Simon Roussin, figure locale et lyonnaise de l&rsquo;illustration avec la phrase : \u00ab\u00a0If I pass this way again\u00a0\u00bb. <\/p>\n\n\n<div class=\"wp-block-image\">\n<figure class=\"aligncenter size-full\"><img loading=\"lazy\" decoding=\"async\" width=\"421\" height=\"633\" src=\"https:\/\/lyonbondyblog.fr\/LBB\/wp-content\/uploads\/2025\/06\/image-2.png\" alt=\"\" class=\"wp-image-36457\"\/><\/figure><\/div>\n\n\n<p class=\"has-text-align-center\"><em>\u00a9Affiche IF3_Simon Roussin_If I pass this way againjpg<\/em><\/p>\n\n\n\n<p><strong>Trois temps de cr\u00e9ation, mille formes d\u2019expression<\/strong><\/p>\n\n\n\n<p>La programmation d\u2019IF 3 s\u2019articule autour de trois temps de cr\u00e9ation :<\/p>\n\n\n\n<p><strong>1. Expo Live \u2014 La sc\u00e8ne de la Verri\u00e8re<\/strong><\/p>\n\n\n\n<p>Les artistes s\u2019expriment en direct sur un cube. Une mani\u00e8re in\u00e9dite de voir l\u2019illustration autrement, \u00e0 travers des techniques aussi vari\u00e9es que la peinture ou le feutre.<\/p>\n\n\n<div class=\"wp-block-image\">\n<figure class=\"aligncenter size-full\"><img loading=\"lazy\" decoding=\"async\" width=\"390\" height=\"547\" src=\"https:\/\/lyonbondyblog.fr\/LBB\/wp-content\/uploads\/2025\/06\/image-3.png\" alt=\"\" class=\"wp-image-36459\"\/><\/figure><\/div>\n\n\n<p class=\"has-text-align-center\"><em>\u00a9Cube Dominic Kesterton_ IF2<\/em><\/p>\n\n\n\n<p><strong>2. Ateliers participatifs<\/strong><\/p>\n\n\n\n<p>Le public pourra mettre la main \u00e0 la p\u00e2te gr\u00e2ce \u00e0 des ateliers ouverts \u00e0 tous, dans le nouvel espace de la Verri\u00e8re, pour s\u2019essayer \u00e0 l\u2019illustration sur diff\u00e9rents supports. Une fa\u00e7on directe d\u2019explorer les gestes des artistes.<\/p>\n\n\n\n<p><strong>3. March\u00e9 et projections<\/strong><\/p>\n\n\n\n<p>Le hangar des SUBS accueille un march\u00e9 d\u2019objets illustr\u00e9s, tandis que la boulangerie se transforme en salle de projection pour des courts-m\u00e9trages anim\u00e9s. Carte blanche \u00e0 Ta\u00efwan avec une s\u00e9rie de films d\u2019animation, Festival Toile de M\u00f4me pour les enfants, avec des projections le matin et bien plus encore ! <\/p>\n\n\n\n<figure class=\"wp-block-gallery has-nested-images columns-default is-cropped wp-block-gallery-1 is-layout-flex wp-block-gallery-is-layout-flex\">\n<figure class=\"wp-block-image size-large\"><img loading=\"lazy\" decoding=\"async\" width=\"1049\" height=\"551\" data-id=\"36458\" src=\"https:\/\/lyonbondyblog.fr\/LBB\/wp-content\/uploads\/2025\/06\/Capture-decran-2025-06-11-153653.png\" alt=\"\" class=\"wp-image-36458\" srcset=\"https:\/\/lyonbondyblog.fr\/LBB\/wp-content\/uploads\/2025\/06\/Capture-decran-2025-06-11-153653.png 1049w, https:\/\/lyonbondyblog.fr\/LBB\/wp-content\/uploads\/2025\/06\/Capture-decran-2025-06-11-153653-768x403.png 768w\" sizes=\"auto, (max-width: 1049px) 100vw, 1049px\" \/><\/figure>\n<\/figure>\n\n\n\n<p class=\"has-text-align-center\"><em>\u00a9Night Bus_Joe Hsieh<\/em><\/p>\n\n\n\n<p><strong>Teaser du festival :<\/strong>  https:\/\/www.instagram.com\/reel\/DKy59hRMZd8\/<\/p>\n\n\n\n<p><strong>Une sc\u00e8ne pour tous les talents<\/strong><\/p>\n\n\n\n<p>Le samedi soir, place \u00e0 l\u2019une des exp\u00e9riences les plus attendues : la Baston dessin\u00e9e.<br>Deux \u00e9quipes d\u2019artistes s\u2019affrontent autour de th\u00e8mes comme la musique ou le cin\u00e9ma, dans une ambiance de ring graphique : tablettes, \u00e9crans g\u00e9ants, temps limit\u00e9, et vote du public \u00e0 la fin de chaque manche.<\/p>\n\n\n\n<p>Et pour prolonger la f\u00eate : DJ Sets illustr\u00e9s pour faire danser les formes et les couleurs jusqu\u2019au bout de la nuit.<\/p>\n\n\n\n<p><strong>Une port\u00e9e internationale, inclusive et engag\u00e9e<\/strong><\/p>\n\n\n\n<p>Soutenu par de nombreux partenaires \u2013 du Qu\u00e9bec, de Ta\u00efwan, du Danemark, de Finlande, mais aussi par les ambassades, fondations, et le m\u00e9c\u00e9nat priv\u00e9 \u2013 le festival se veut un lieu de rencontres artistiques et diplomatiques.<\/p>\n\n\n\n<p>Il accueille aussi des talks de 45 minutes sur les deux grandes th\u00e9matiques de l\u2019ann\u00e9e : cin\u00e9ma et mascottes.<br>Enfin, dans une d\u00e9marche d\u2019inclusion, Art Explora d\u00e9place une partie de la programmation dans des Ehpad et centres sp\u00e9cialis\u00e9s, ce qu&rsquo;affirme avec force Jean Tourette : <em><strong>\u00ab L\u2019illustration s\u2019adresse \u00e0 tout le monde\u00a0\u00bb.<\/strong><\/em><\/p>\n\n\n\n<p><strong>Playground, peaux \u00e0 dessiner et samedi tr\u00e8s tatou\u00e9<\/strong><\/p>\n\n\n\n<p>Parmi les nouveaut\u00e9s, la journ\u00e9e Playground explore les marges du dessin :<\/p>\n\n\n\n<ul class=\"wp-block-list\">\n<li>Tata Tatoo et Pimp My Body : l\u2019illustration devient tatouage \u00e9ph\u00e9m\u00e8re ou permanent, et la peau une surface artistique \u00e0 part enti\u00e8re.<\/li>\n\n\n\n<li>Ateliers ouverts, explorations, rencontres&#8230; et surprises.<\/li>\n<\/ul>\n\n\n\n<p>Infos pratiques : <\/p>\n\n\n\n<p>Les SUBS &amp; ENSBA, Lyon<br>Samedi 27 septembre et dimanche 28 septembre de 10h \u00e0 18h<br>Entr\u00e9e libre \u00e0 partir de 5 euros<\/p>\n\n\n\n<p><br><\/p>\n<!-- AddThis Advanced Settings generic via filter on the_content --><!-- AddThis Share Buttons generic via filter on the_content -->","protected":false},"excerpt":{"rendered":"<p>\u00a9Annu Kilpel\u00e4inen Du dessin sur toutes les faces, de la verri\u00e8re \u00e0 la baston dessin\u00e9e. Illustration Festival, revient pour une troisi\u00e8me \u00e9dition toujours plus vivante, &hellip; <!-- AddThis Advanced Settings generic via filter on wp_trim_excerpt --><!-- AddThis Share Buttons generic via filter on wp_trim_excerpt --><\/p>\n","protected":false},"author":1,"featured_media":36918,"comment_status":"closed","ping_status":"open","sticky":true,"template":"","format":"standard","meta":{"_FSMCFIC_featured_image_caption":"","_FSMCFIC_featured_image_nocaption":"","_FSMCFIC_featured_image_hide":"","footnotes":""},"categories":[11249,3,4,28432],"tags":[],"class_list":["post-36455","post","type-post","status-publish","format-standard","has-post-thumbnail","hentry","category-art","category-culture","category-lyon","category-lyon-handicap"],"yoast_head":"<!-- This site is optimized with the Yoast SEO plugin v22.8 - https:\/\/yoast.com\/wordpress\/plugins\/seo\/ -->\n<title>Festival IF revient en 2025,avec plus de couleurs - Lyon Bondy Blog<\/title>\n<meta name=\"robots\" content=\"index, follow, max-snippet:-1, max-image-preview:large, max-video-preview:-1\" \/>\n<link rel=\"canonical\" href=\"https:\/\/lyonbondyblog.fr\/LBB\/festival-if-revient-en-2025avec-plus-de-couleurs\/\" \/>\n<meta property=\"og:locale\" content=\"fr_FR\" \/>\n<meta property=\"og:type\" content=\"article\" \/>\n<meta property=\"og:title\" content=\"Festival IF revient en 2025,avec plus de couleurs - Lyon Bondy Blog\" \/>\n<meta property=\"og:description\" content=\"\u00a9Annu Kilpel\u00e4inen Du dessin sur toutes les faces, de la verri\u00e8re \u00e0 la baston dessin\u00e9e. Illustration Festival, revient pour une troisi\u00e8me \u00e9dition toujours plus vivante, &hellip;\" \/>\n<meta property=\"og:url\" content=\"https:\/\/lyonbondyblog.fr\/LBB\/festival-if-revient-en-2025avec-plus-de-couleurs\/\" \/>\n<meta property=\"og:site_name\" content=\"Lyon Bondy Blog\" \/>\n<meta property=\"article:publisher\" content=\"https:\/\/www.facebook.com\/lyonbondyblog\" \/>\n<meta property=\"article:author\" content=\"https:\/\/www.facebook.com\/lyonbondyblog\" \/>\n<meta property=\"article:published_time\" content=\"2025-09-05T14:04:00+00:00\" \/>\n<meta property=\"article:modified_time\" content=\"2025-09-05T14:03:38+00:00\" \/>\n<meta property=\"og:image\" content=\"https:\/\/lyonbondyblog.fr\/LBB\/wp-content\/uploads\/2025\/06\/IF3_Affiche_A3_WEB3.png\" \/>\n\t<meta property=\"og:image:width\" content=\"1754\" \/>\n\t<meta property=\"og:image:height\" content=\"2480\" \/>\n\t<meta property=\"og:image:type\" content=\"image\/png\" \/>\n<meta name=\"author\" content=\"La r\u00e9daction\" \/>\n<meta name=\"twitter:card\" content=\"summary_large_image\" \/>\n<meta name=\"twitter:creator\" content=\"@BondyBlogLyon\" \/>\n<meta name=\"twitter:site\" content=\"@bondybloglyon\" \/>\n<script type=\"application\/ld+json\" class=\"yoast-schema-graph\">{\"@context\":\"https:\/\/schema.org\",\"@graph\":[{\"@type\":\"Article\",\"@id\":\"https:\/\/lyonbondyblog.fr\/LBB\/festival-if-revient-en-2025avec-plus-de-couleurs\/#article\",\"isPartOf\":{\"@id\":\"https:\/\/lyonbondyblog.fr\/LBB\/festival-if-revient-en-2025avec-plus-de-couleurs\/\"},\"author\":{\"name\":\"La r\u00e9daction\",\"@id\":\"https:\/\/lyonbondyblog.fr\/LBB\/#\/schema\/person\/e45f8d27baac75072daa0be50c409b25\"},\"headline\":\"Festival IF revient en 2025,avec plus de couleurs\",\"datePublished\":\"2025-09-05T14:04:00+00:00\",\"dateModified\":\"2025-09-05T14:03:38+00:00\",\"mainEntityOfPage\":{\"@id\":\"https:\/\/lyonbondyblog.fr\/LBB\/festival-if-revient-en-2025avec-plus-de-couleurs\/\"},\"wordCount\":716,\"publisher\":{\"@id\":\"https:\/\/lyonbondyblog.fr\/LBB\/#organization\"},\"image\":{\"@id\":\"https:\/\/lyonbondyblog.fr\/LBB\/festival-if-revient-en-2025avec-plus-de-couleurs\/#primaryimage\"},\"thumbnailUrl\":\"https:\/\/lyonbondyblog.fr\/LBB\/wp-content\/uploads\/2025\/06\/IF3_Affiche_A3_WEB3.png\",\"articleSection\":[\"Art\",\"Culture\",\"Lyon\",\"Lyon\"],\"inLanguage\":\"fr-FR\"},{\"@type\":\"WebPage\",\"@id\":\"https:\/\/lyonbondyblog.fr\/LBB\/festival-if-revient-en-2025avec-plus-de-couleurs\/\",\"url\":\"https:\/\/lyonbondyblog.fr\/LBB\/festival-if-revient-en-2025avec-plus-de-couleurs\/\",\"name\":\"Festival IF revient en 2025,avec plus de couleurs - Lyon Bondy Blog\",\"isPartOf\":{\"@id\":\"https:\/\/lyonbondyblog.fr\/LBB\/#website\"},\"primaryImageOfPage\":{\"@id\":\"https:\/\/lyonbondyblog.fr\/LBB\/festival-if-revient-en-2025avec-plus-de-couleurs\/#primaryimage\"},\"image\":{\"@id\":\"https:\/\/lyonbondyblog.fr\/LBB\/festival-if-revient-en-2025avec-plus-de-couleurs\/#primaryimage\"},\"thumbnailUrl\":\"https:\/\/lyonbondyblog.fr\/LBB\/wp-content\/uploads\/2025\/06\/IF3_Affiche_A3_WEB3.png\",\"datePublished\":\"2025-09-05T14:04:00+00:00\",\"dateModified\":\"2025-09-05T14:03:38+00:00\",\"inLanguage\":\"fr-FR\",\"potentialAction\":[{\"@type\":\"ReadAction\",\"target\":[\"https:\/\/lyonbondyblog.fr\/LBB\/festival-if-revient-en-2025avec-plus-de-couleurs\/\"]}]},{\"@type\":\"ImageObject\",\"inLanguage\":\"fr-FR\",\"@id\":\"https:\/\/lyonbondyblog.fr\/LBB\/festival-if-revient-en-2025avec-plus-de-couleurs\/#primaryimage\",\"url\":\"https:\/\/lyonbondyblog.fr\/LBB\/wp-content\/uploads\/2025\/06\/IF3_Affiche_A3_WEB3.png\",\"contentUrl\":\"https:\/\/lyonbondyblog.fr\/LBB\/wp-content\/uploads\/2025\/06\/IF3_Affiche_A3_WEB3.png\",\"width\":1754,\"height\":2480},{\"@type\":\"WebSite\",\"@id\":\"https:\/\/lyonbondyblog.fr\/LBB\/#website\",\"url\":\"https:\/\/lyonbondyblog.fr\/LBB\/\",\"name\":\"Lyon Bondy Blog\",\"description\":\"\",\"publisher\":{\"@id\":\"https:\/\/lyonbondyblog.fr\/LBB\/#organization\"},\"potentialAction\":[{\"@type\":\"SearchAction\",\"target\":{\"@type\":\"EntryPoint\",\"urlTemplate\":\"https:\/\/lyonbondyblog.fr\/LBB\/?s={search_term_string}\"},\"query-input\":\"required name=search_term_string\"}],\"inLanguage\":\"fr-FR\"},{\"@type\":\"Organization\",\"@id\":\"https:\/\/lyonbondyblog.fr\/LBB\/#organization\",\"name\":\"LYON BONDY BLOG\",\"url\":\"https:\/\/lyonbondyblog.fr\/LBB\/\",\"logo\":{\"@type\":\"ImageObject\",\"inLanguage\":\"fr-FR\",\"@id\":\"https:\/\/lyonbondyblog.fr\/LBB\/#\/schema\/logo\/image\/\",\"url\":\"http:\/\/lyonbondyblog.fr\/LBB\/wp-content\/uploads\/2014\/10\/logo-portable-144.png\",\"contentUrl\":\"http:\/\/lyonbondyblog.fr\/LBB\/wp-content\/uploads\/2014\/10\/logo-portable-144.png\",\"width\":144,\"height\":123,\"caption\":\"LYON BONDY BLOG\"},\"image\":{\"@id\":\"https:\/\/lyonbondyblog.fr\/LBB\/#\/schema\/logo\/image\/\"},\"sameAs\":[\"https:\/\/www.facebook.com\/lyonbondyblog\",\"https:\/\/x.com\/bondybloglyon\"]},{\"@type\":\"Person\",\"@id\":\"https:\/\/lyonbondyblog.fr\/LBB\/#\/schema\/person\/e45f8d27baac75072daa0be50c409b25\",\"name\":\"La r\u00e9daction\",\"description\":\"Cr\u00e9e en 2008, la r\u00e9daction du Lyon Bondy Blog s'applique \u00e0 proposer une information locale diff\u00e9rente et compl\u00e9mentaire des m\u00e9dias traditionnels.\",\"sameAs\":[\"https:\/\/www.facebook.com\/lyonbondyblog\",\"https:\/\/x.com\/BondyBlogLyon\"],\"url\":\"https:\/\/lyonbondyblog.fr\/LBB\/author\/admin\/\"}]}<\/script>\n<!-- \/ Yoast SEO plugin. -->","yoast_head_json":{"title":"Festival IF revient en 2025,avec plus de couleurs - Lyon Bondy Blog","robots":{"index":"index","follow":"follow","max-snippet":"max-snippet:-1","max-image-preview":"max-image-preview:large","max-video-preview":"max-video-preview:-1"},"canonical":"https:\/\/lyonbondyblog.fr\/LBB\/festival-if-revient-en-2025avec-plus-de-couleurs\/","og_locale":"fr_FR","og_type":"article","og_title":"Festival IF revient en 2025,avec plus de couleurs - Lyon Bondy Blog","og_description":"\u00a9Annu Kilpel\u00e4inen Du dessin sur toutes les faces, de la verri\u00e8re \u00e0 la baston dessin\u00e9e. Illustration Festival, revient pour une troisi\u00e8me \u00e9dition toujours plus vivante, &hellip;","og_url":"https:\/\/lyonbondyblog.fr\/LBB\/festival-if-revient-en-2025avec-plus-de-couleurs\/","og_site_name":"Lyon Bondy Blog","article_publisher":"https:\/\/www.facebook.com\/lyonbondyblog","article_author":"https:\/\/www.facebook.com\/lyonbondyblog","article_published_time":"2025-09-05T14:04:00+00:00","article_modified_time":"2025-09-05T14:03:38+00:00","og_image":[{"width":1754,"height":2480,"url":"https:\/\/lyonbondyblog.fr\/LBB\/wp-content\/uploads\/2025\/06\/IF3_Affiche_A3_WEB3.png","type":"image\/png"}],"author":"La r\u00e9daction","twitter_card":"summary_large_image","twitter_creator":"@BondyBlogLyon","twitter_site":"@bondybloglyon","schema":{"@context":"https:\/\/schema.org","@graph":[{"@type":"Article","@id":"https:\/\/lyonbondyblog.fr\/LBB\/festival-if-revient-en-2025avec-plus-de-couleurs\/#article","isPartOf":{"@id":"https:\/\/lyonbondyblog.fr\/LBB\/festival-if-revient-en-2025avec-plus-de-couleurs\/"},"author":{"name":"La r\u00e9daction","@id":"https:\/\/lyonbondyblog.fr\/LBB\/#\/schema\/person\/e45f8d27baac75072daa0be50c409b25"},"headline":"Festival IF revient en 2025,avec plus de couleurs","datePublished":"2025-09-05T14:04:00+00:00","dateModified":"2025-09-05T14:03:38+00:00","mainEntityOfPage":{"@id":"https:\/\/lyonbondyblog.fr\/LBB\/festival-if-revient-en-2025avec-plus-de-couleurs\/"},"wordCount":716,"publisher":{"@id":"https:\/\/lyonbondyblog.fr\/LBB\/#organization"},"image":{"@id":"https:\/\/lyonbondyblog.fr\/LBB\/festival-if-revient-en-2025avec-plus-de-couleurs\/#primaryimage"},"thumbnailUrl":"https:\/\/lyonbondyblog.fr\/LBB\/wp-content\/uploads\/2025\/06\/IF3_Affiche_A3_WEB3.png","articleSection":["Art","Culture","Lyon","Lyon"],"inLanguage":"fr-FR"},{"@type":"WebPage","@id":"https:\/\/lyonbondyblog.fr\/LBB\/festival-if-revient-en-2025avec-plus-de-couleurs\/","url":"https:\/\/lyonbondyblog.fr\/LBB\/festival-if-revient-en-2025avec-plus-de-couleurs\/","name":"Festival IF revient en 2025,avec plus de couleurs - Lyon Bondy Blog","isPartOf":{"@id":"https:\/\/lyonbondyblog.fr\/LBB\/#website"},"primaryImageOfPage":{"@id":"https:\/\/lyonbondyblog.fr\/LBB\/festival-if-revient-en-2025avec-plus-de-couleurs\/#primaryimage"},"image":{"@id":"https:\/\/lyonbondyblog.fr\/LBB\/festival-if-revient-en-2025avec-plus-de-couleurs\/#primaryimage"},"thumbnailUrl":"https:\/\/lyonbondyblog.fr\/LBB\/wp-content\/uploads\/2025\/06\/IF3_Affiche_A3_WEB3.png","datePublished":"2025-09-05T14:04:00+00:00","dateModified":"2025-09-05T14:03:38+00:00","inLanguage":"fr-FR","potentialAction":[{"@type":"ReadAction","target":["https:\/\/lyonbondyblog.fr\/LBB\/festival-if-revient-en-2025avec-plus-de-couleurs\/"]}]},{"@type":"ImageObject","inLanguage":"fr-FR","@id":"https:\/\/lyonbondyblog.fr\/LBB\/festival-if-revient-en-2025avec-plus-de-couleurs\/#primaryimage","url":"https:\/\/lyonbondyblog.fr\/LBB\/wp-content\/uploads\/2025\/06\/IF3_Affiche_A3_WEB3.png","contentUrl":"https:\/\/lyonbondyblog.fr\/LBB\/wp-content\/uploads\/2025\/06\/IF3_Affiche_A3_WEB3.png","width":1754,"height":2480},{"@type":"WebSite","@id":"https:\/\/lyonbondyblog.fr\/LBB\/#website","url":"https:\/\/lyonbondyblog.fr\/LBB\/","name":"Lyon Bondy Blog","description":"","publisher":{"@id":"https:\/\/lyonbondyblog.fr\/LBB\/#organization"},"potentialAction":[{"@type":"SearchAction","target":{"@type":"EntryPoint","urlTemplate":"https:\/\/lyonbondyblog.fr\/LBB\/?s={search_term_string}"},"query-input":"required name=search_term_string"}],"inLanguage":"fr-FR"},{"@type":"Organization","@id":"https:\/\/lyonbondyblog.fr\/LBB\/#organization","name":"LYON BONDY BLOG","url":"https:\/\/lyonbondyblog.fr\/LBB\/","logo":{"@type":"ImageObject","inLanguage":"fr-FR","@id":"https:\/\/lyonbondyblog.fr\/LBB\/#\/schema\/logo\/image\/","url":"http:\/\/lyonbondyblog.fr\/LBB\/wp-content\/uploads\/2014\/10\/logo-portable-144.png","contentUrl":"http:\/\/lyonbondyblog.fr\/LBB\/wp-content\/uploads\/2014\/10\/logo-portable-144.png","width":144,"height":123,"caption":"LYON BONDY BLOG"},"image":{"@id":"https:\/\/lyonbondyblog.fr\/LBB\/#\/schema\/logo\/image\/"},"sameAs":["https:\/\/www.facebook.com\/lyonbondyblog","https:\/\/x.com\/bondybloglyon"]},{"@type":"Person","@id":"https:\/\/lyonbondyblog.fr\/LBB\/#\/schema\/person\/e45f8d27baac75072daa0be50c409b25","name":"La r\u00e9daction","description":"Cr\u00e9e en 2008, la r\u00e9daction du Lyon Bondy Blog s'applique \u00e0 proposer une information locale diff\u00e9rente et compl\u00e9mentaire des m\u00e9dias traditionnels.","sameAs":["https:\/\/www.facebook.com\/lyonbondyblog","https:\/\/x.com\/BondyBlogLyon"],"url":"https:\/\/lyonbondyblog.fr\/LBB\/author\/admin\/"}]}},"_links":{"self":[{"href":"https:\/\/lyonbondyblog.fr\/LBB\/wp-json\/wp\/v2\/posts\/36455","targetHints":{"allow":["GET"]}}],"collection":[{"href":"https:\/\/lyonbondyblog.fr\/LBB\/wp-json\/wp\/v2\/posts"}],"about":[{"href":"https:\/\/lyonbondyblog.fr\/LBB\/wp-json\/wp\/v2\/types\/post"}],"author":[{"embeddable":true,"href":"https:\/\/lyonbondyblog.fr\/LBB\/wp-json\/wp\/v2\/users\/1"}],"replies":[{"embeddable":true,"href":"https:\/\/lyonbondyblog.fr\/LBB\/wp-json\/wp\/v2\/comments?post=36455"}],"version-history":[{"count":4,"href":"https:\/\/lyonbondyblog.fr\/LBB\/wp-json\/wp\/v2\/posts\/36455\/revisions"}],"predecessor-version":[{"id":36920,"href":"https:\/\/lyonbondyblog.fr\/LBB\/wp-json\/wp\/v2\/posts\/36455\/revisions\/36920"}],"wp:featuredmedia":[{"embeddable":true,"href":"https:\/\/lyonbondyblog.fr\/LBB\/wp-json\/wp\/v2\/media\/36918"}],"wp:attachment":[{"href":"https:\/\/lyonbondyblog.fr\/LBB\/wp-json\/wp\/v2\/media?parent=36455"}],"wp:term":[{"taxonomy":"category","embeddable":true,"href":"https:\/\/lyonbondyblog.fr\/LBB\/wp-json\/wp\/v2\/categories?post=36455"},{"taxonomy":"post_tag","embeddable":true,"href":"https:\/\/lyonbondyblog.fr\/LBB\/wp-json\/wp\/v2\/tags?post=36455"}],"curies":[{"name":"wp","href":"https:\/\/api.w.org\/{rel}","templated":true}]}}