{"id":36421,"date":"2025-06-10T21:28:40","date_gmt":"2025-06-10T19:28:40","guid":{"rendered":"https:\/\/lyonbondyblog.fr\/LBB\/?p=36421"},"modified":"2025-06-16T10:13:25","modified_gmt":"2025-06-16T08:13:25","slug":"vaulx-en-velin-des-elus-de-la-metropole-debattent-sur-la-gratuite-des-tcl","status":"publish","type":"post","link":"https:\/\/lyonbondyblog.fr\/LBB\/vaulx-en-velin-des-elus-de-la-metropole-debattent-sur-la-gratuite-des-tcl\/","title":{"rendered":"Vaulx-en-Velin : des \u00e9lus de la M\u00e9tropole d\u00e9battent sur la gratuit\u00e9 des TCL"},"content":{"rendered":"\n<p>Ce 3 juin, plus de quarante personnes ont assist\u00e9 au d\u00e9bat sur la gratuit\u00e9 des TCL organis\u00e9 par l\u2019association Le Printemps Vaudais \u00e0 la Brasserie de l\u2019H\u00f4tel de Ville de Vaulx-en-Velin. Deux conseillers de la M\u00e9tropole de Lyon, le communiste Rapha\u00ebl Deb\u00fb et l\u2019\u00e9cologiste Matthieu Vieira, ont confront\u00e9 leurs points de vue lors d\u2019un \u00e9change anim\u00e9 par Alice Morin et Cecilia Adri\u00e1n Tonetti, journalistes au Lyon Bondy Blog.<\/p>\n\n\n\n<figure class=\"wp-block-embed is-type-video is-provider-youtube wp-block-embed-youtube wp-embed-aspect-16-9 wp-has-aspect-ratio\"><div class=\"wp-block-embed__wrapper\">\n<iframe loading=\"lazy\" title=\"Rapha\u00ebl Deb\u00fb et Matthieu Vieira d\u00e9battent sur la gratuit\u00e9 des transports en commun lyonnais\" width=\"1200\" height=\"675\" src=\"https:\/\/www.youtube.com\/embed\/f5qZizZHJ9U?feature=oembed\" frameborder=\"0\" allow=\"accelerometer; autoplay; clipboard-write; encrypted-media; gyroscope; picture-in-picture; web-share\" referrerpolicy=\"strict-origin-when-cross-origin\" allowfullscreen><\/iframe>\n<\/div><\/figure>\n<!-- AddThis Advanced Settings generic via filter on the_content --><!-- AddThis Share Buttons generic via filter on the_content -->","protected":false},"excerpt":{"rendered":"<p>Ce 3 juin, plus de quarante personnes ont assist\u00e9 au d\u00e9bat sur la gratuit\u00e9 des TCL organis\u00e9 par l\u2019association Le Printemps Vaudais \u00e0 la Brasserie &hellip; <!-- AddThis Advanced Settings generic via filter on wp_trim_excerpt --><!-- AddThis Share Buttons generic via filter on wp_trim_excerpt --><\/p>\n","protected":false},"author":1,"featured_media":36446,"comment_status":"open","ping_status":"open","sticky":true,"template":"","format":"standard","meta":{"_FSMCFIC_featured_image_caption":"","_FSMCFIC_featured_image_nocaption":"","_FSMCFIC_featured_image_hide":"","footnotes":""},"categories":[4,6,11256],"tags":[865,435,28603,22311,603,22389,28600,28575,28601,14,28576,10,2568,2939,165,28584,337,28574,28573,28602,635],"class_list":["post-36421","post","type-post","status-publish","format-standard","has-post-thumbnail","hentry","category-lyon","category-politique","category-transport","tag-animation","tag-association","tag-communistes","tag-conseil-metropolitain","tag-debat","tag-ecologistes","tag-elus","tag-gratuite","tag-gratuite-des-transports","tag-journalistes","tag-les-ecologistes","tag-lyon-2","tag-metropole-de-lyon","tag-pcf","tag-politique-2","tag-sytral-mobilites","tag-tcl","tag-transports-collectifs","tag-transports-en-commun","tag-transports-publics","tag-vaulx-en-velin"],"yoast_head":"<!-- This site is optimized with the Yoast SEO plugin v22.8 - https:\/\/yoast.com\/wordpress\/plugins\/seo\/ -->\n<title>Vaulx-en-Velin : des \u00e9lus de la M\u00e9tropole d\u00e9battent sur la gratuit\u00e9 des TCL - Lyon Bondy Blog<\/title>\n<meta name=\"robots\" content=\"index, follow, max-snippet:-1, max-image-preview:large, max-video-preview:-1\" \/>\n<link rel=\"canonical\" href=\"https:\/\/lyonbondyblog.fr\/LBB\/vaulx-en-velin-des-elus-de-la-metropole-debattent-sur-la-gratuite-des-tcl\/\" \/>\n<meta property=\"og:locale\" content=\"fr_FR\" \/>\n<meta property=\"og:type\" content=\"article\" \/>\n<meta property=\"og:title\" content=\"Vaulx-en-Velin : des \u00e9lus de la M\u00e9tropole d\u00e9battent sur la gratuit\u00e9 des TCL - Lyon Bondy Blog\" \/>\n<meta property=\"og:description\" content=\"Ce 3 juin, plus de quarante personnes ont assist\u00e9 au d\u00e9bat sur la gratuit\u00e9 des TCL organis\u00e9 par l\u2019association Le Printemps Vaudais \u00e0 la Brasserie &hellip;\" \/>\n<meta property=\"og:url\" content=\"https:\/\/lyonbondyblog.fr\/LBB\/vaulx-en-velin-des-elus-de-la-metropole-debattent-sur-la-gratuite-des-tcl\/\" \/>\n<meta property=\"og:site_name\" content=\"Lyon Bondy Blog\" \/>\n<meta property=\"article:publisher\" content=\"https:\/\/www.facebook.com\/lyonbondyblog\" \/>\n<meta property=\"article:author\" content=\"https:\/\/www.facebook.com\/lyonbondyblog\" \/>\n<meta property=\"article:published_time\" content=\"2025-06-10T19:28:40+00:00\" \/>\n<meta property=\"article:modified_time\" content=\"2025-06-16T08:13:25+00:00\" \/>\n<meta property=\"og:image\" content=\"https:\/\/lyonbondyblog.fr\/LBB\/wp-content\/uploads\/2025\/06\/Design-sans-titre-9.png\" \/>\n\t<meta property=\"og:image:width\" content=\"1920\" \/>\n\t<meta property=\"og:image:height\" content=\"865\" \/>\n\t<meta property=\"og:image:type\" content=\"image\/png\" \/>\n<meta name=\"author\" content=\"La r\u00e9daction\" \/>\n<meta name=\"twitter:card\" content=\"summary_large_image\" \/>\n<meta name=\"twitter:creator\" content=\"@BondyBlogLyon\" \/>\n<meta name=\"twitter:site\" content=\"@bondybloglyon\" \/>\n<script type=\"application\/ld+json\" class=\"yoast-schema-graph\">{\"@context\":\"https:\/\/schema.org\",\"@graph\":[{\"@type\":\"Article\",\"@id\":\"https:\/\/lyonbondyblog.fr\/LBB\/vaulx-en-velin-des-elus-de-la-metropole-debattent-sur-la-gratuite-des-tcl\/#article\",\"isPartOf\":{\"@id\":\"https:\/\/lyonbondyblog.fr\/LBB\/vaulx-en-velin-des-elus-de-la-metropole-debattent-sur-la-gratuite-des-tcl\/\"},\"author\":{\"name\":\"La r\u00e9daction\",\"@id\":\"https:\/\/lyonbondyblog.fr\/LBB\/#\/schema\/person\/e45f8d27baac75072daa0be50c409b25\"},\"headline\":\"Vaulx-en-Velin : des \u00e9lus de la M\u00e9tropole d\u00e9battent sur la gratuit\u00e9 des TCL\",\"datePublished\":\"2025-06-10T19:28:40+00:00\",\"dateModified\":\"2025-06-16T08:13:25+00:00\",\"mainEntityOfPage\":{\"@id\":\"https:\/\/lyonbondyblog.fr\/LBB\/vaulx-en-velin-des-elus-de-la-metropole-debattent-sur-la-gratuite-des-tcl\/\"},\"wordCount\":98,\"commentCount\":0,\"publisher\":{\"@id\":\"https:\/\/lyonbondyblog.fr\/LBB\/#organization\"},\"image\":{\"@id\":\"https:\/\/lyonbondyblog.fr\/LBB\/vaulx-en-velin-des-elus-de-la-metropole-debattent-sur-la-gratuite-des-tcl\/#primaryimage\"},\"thumbnailUrl\":\"https:\/\/lyonbondyblog.fr\/LBB\/wp-content\/uploads\/2025\/06\/Design-sans-titre-9.png\",\"keywords\":[\"animation\",\"association\",\"communistes\",\"Conseil m\u00e9tropolitain\",\"d\u00e9bat\",\"\u00e9cologistes\",\"\u00e9lus\",\"Gratuit\u00e9\",\"gratuit\u00e9 des transports\",\"journalistes\",\"Les Ecologistes\",\"lyon\",\"M\u00e9tropole de Lyon\",\"PCF\",\"politique\",\"SYTRAL Mobilit\u00e9s\",\"TCL\",\"transports collectifs\",\"transports en commun\",\"transports publics\",\"Vaulx-en-Velin\"],\"articleSection\":[\"Lyon\",\"Politique\",\"Transport\"],\"inLanguage\":\"fr-FR\",\"potentialAction\":[{\"@type\":\"CommentAction\",\"name\":\"Comment\",\"target\":[\"https:\/\/lyonbondyblog.fr\/LBB\/vaulx-en-velin-des-elus-de-la-metropole-debattent-sur-la-gratuite-des-tcl\/#respond\"]}]},{\"@type\":\"WebPage\",\"@id\":\"https:\/\/lyonbondyblog.fr\/LBB\/vaulx-en-velin-des-elus-de-la-metropole-debattent-sur-la-gratuite-des-tcl\/\",\"url\":\"https:\/\/lyonbondyblog.fr\/LBB\/vaulx-en-velin-des-elus-de-la-metropole-debattent-sur-la-gratuite-des-tcl\/\",\"name\":\"Vaulx-en-Velin : des \u00e9lus de la M\u00e9tropole d\u00e9battent sur la gratuit\u00e9 des TCL - Lyon Bondy Blog\",\"isPartOf\":{\"@id\":\"https:\/\/lyonbondyblog.fr\/LBB\/#website\"},\"primaryImageOfPage\":{\"@id\":\"https:\/\/lyonbondyblog.fr\/LBB\/vaulx-en-velin-des-elus-de-la-metropole-debattent-sur-la-gratuite-des-tcl\/#primaryimage\"},\"image\":{\"@id\":\"https:\/\/lyonbondyblog.fr\/LBB\/vaulx-en-velin-des-elus-de-la-metropole-debattent-sur-la-gratuite-des-tcl\/#primaryimage\"},\"thumbnailUrl\":\"https:\/\/lyonbondyblog.fr\/LBB\/wp-content\/uploads\/2025\/06\/Design-sans-titre-9.png\",\"datePublished\":\"2025-06-10T19:28:40+00:00\",\"dateModified\":\"2025-06-16T08:13:25+00:00\",\"inLanguage\":\"fr-FR\",\"potentialAction\":[{\"@type\":\"ReadAction\",\"target\":[\"https:\/\/lyonbondyblog.fr\/LBB\/vaulx-en-velin-des-elus-de-la-metropole-debattent-sur-la-gratuite-des-tcl\/\"]}]},{\"@type\":\"ImageObject\",\"inLanguage\":\"fr-FR\",\"@id\":\"https:\/\/lyonbondyblog.fr\/LBB\/vaulx-en-velin-des-elus-de-la-metropole-debattent-sur-la-gratuite-des-tcl\/#primaryimage\",\"url\":\"https:\/\/lyonbondyblog.fr\/LBB\/wp-content\/uploads\/2025\/06\/Design-sans-titre-9.png\",\"contentUrl\":\"https:\/\/lyonbondyblog.fr\/LBB\/wp-content\/uploads\/2025\/06\/Design-sans-titre-9.png\",\"width\":1920,\"height\":865},{\"@type\":\"WebSite\",\"@id\":\"https:\/\/lyonbondyblog.fr\/LBB\/#website\",\"url\":\"https:\/\/lyonbondyblog.fr\/LBB\/\",\"name\":\"Lyon Bondy Blog\",\"description\":\"\",\"publisher\":{\"@id\":\"https:\/\/lyonbondyblog.fr\/LBB\/#organization\"},\"potentialAction\":[{\"@type\":\"SearchAction\",\"target\":{\"@type\":\"EntryPoint\",\"urlTemplate\":\"https:\/\/lyonbondyblog.fr\/LBB\/?s={search_term_string}\"},\"query-input\":\"required name=search_term_string\"}],\"inLanguage\":\"fr-FR\"},{\"@type\":\"Organization\",\"@id\":\"https:\/\/lyonbondyblog.fr\/LBB\/#organization\",\"name\":\"LYON BONDY BLOG\",\"url\":\"https:\/\/lyonbondyblog.fr\/LBB\/\",\"logo\":{\"@type\":\"ImageObject\",\"inLanguage\":\"fr-FR\",\"@id\":\"https:\/\/lyonbondyblog.fr\/LBB\/#\/schema\/logo\/image\/\",\"url\":\"http:\/\/lyonbondyblog.fr\/LBB\/wp-content\/uploads\/2014\/10\/logo-portable-144.png\",\"contentUrl\":\"http:\/\/lyonbondyblog.fr\/LBB\/wp-content\/uploads\/2014\/10\/logo-portable-144.png\",\"width\":144,\"height\":123,\"caption\":\"LYON BONDY BLOG\"},\"image\":{\"@id\":\"https:\/\/lyonbondyblog.fr\/LBB\/#\/schema\/logo\/image\/\"},\"sameAs\":[\"https:\/\/www.facebook.com\/lyonbondyblog\",\"https:\/\/x.com\/bondybloglyon\"]},{\"@type\":\"Person\",\"@id\":\"https:\/\/lyonbondyblog.fr\/LBB\/#\/schema\/person\/e45f8d27baac75072daa0be50c409b25\",\"name\":\"La r\u00e9daction\",\"description\":\"Cr\u00e9e en 2008, la r\u00e9daction du Lyon Bondy Blog s'applique \u00e0 proposer une information locale diff\u00e9rente et compl\u00e9mentaire des m\u00e9dias traditionnels.\",\"sameAs\":[\"https:\/\/www.facebook.com\/lyonbondyblog\",\"https:\/\/x.com\/BondyBlogLyon\"],\"url\":\"https:\/\/lyonbondyblog.fr\/LBB\/author\/admin\/\"}]}<\/script>\n<!-- \/ Yoast SEO plugin. -->","yoast_head_json":{"title":"Vaulx-en-Velin : des \u00e9lus de la M\u00e9tropole d\u00e9battent sur la gratuit\u00e9 des TCL - Lyon Bondy Blog","robots":{"index":"index","follow":"follow","max-snippet":"max-snippet:-1","max-image-preview":"max-image-preview:large","max-video-preview":"max-video-preview:-1"},"canonical":"https:\/\/lyonbondyblog.fr\/LBB\/vaulx-en-velin-des-elus-de-la-metropole-debattent-sur-la-gratuite-des-tcl\/","og_locale":"fr_FR","og_type":"article","og_title":"Vaulx-en-Velin : des \u00e9lus de la M\u00e9tropole d\u00e9battent sur la gratuit\u00e9 des TCL - Lyon Bondy Blog","og_description":"Ce 3 juin, plus de quarante personnes ont assist\u00e9 au d\u00e9bat sur la gratuit\u00e9 des TCL organis\u00e9 par l\u2019association Le Printemps Vaudais \u00e0 la Brasserie &hellip;","og_url":"https:\/\/lyonbondyblog.fr\/LBB\/vaulx-en-velin-des-elus-de-la-metropole-debattent-sur-la-gratuite-des-tcl\/","og_site_name":"Lyon Bondy Blog","article_publisher":"https:\/\/www.facebook.com\/lyonbondyblog","article_author":"https:\/\/www.facebook.com\/lyonbondyblog","article_published_time":"2025-06-10T19:28:40+00:00","article_modified_time":"2025-06-16T08:13:25+00:00","og_image":[{"width":1920,"height":865,"url":"https:\/\/lyonbondyblog.fr\/LBB\/wp-content\/uploads\/2025\/06\/Design-sans-titre-9.png","type":"image\/png"}],"author":"La r\u00e9daction","twitter_card":"summary_large_image","twitter_creator":"@BondyBlogLyon","twitter_site":"@bondybloglyon","schema":{"@context":"https:\/\/schema.org","@graph":[{"@type":"Article","@id":"https:\/\/lyonbondyblog.fr\/LBB\/vaulx-en-velin-des-elus-de-la-metropole-debattent-sur-la-gratuite-des-tcl\/#article","isPartOf":{"@id":"https:\/\/lyonbondyblog.fr\/LBB\/vaulx-en-velin-des-elus-de-la-metropole-debattent-sur-la-gratuite-des-tcl\/"},"author":{"name":"La r\u00e9daction","@id":"https:\/\/lyonbondyblog.fr\/LBB\/#\/schema\/person\/e45f8d27baac75072daa0be50c409b25"},"headline":"Vaulx-en-Velin : des \u00e9lus de la M\u00e9tropole d\u00e9battent sur la gratuit\u00e9 des TCL","datePublished":"2025-06-10T19:28:40+00:00","dateModified":"2025-06-16T08:13:25+00:00","mainEntityOfPage":{"@id":"https:\/\/lyonbondyblog.fr\/LBB\/vaulx-en-velin-des-elus-de-la-metropole-debattent-sur-la-gratuite-des-tcl\/"},"wordCount":98,"commentCount":0,"publisher":{"@id":"https:\/\/lyonbondyblog.fr\/LBB\/#organization"},"image":{"@id":"https:\/\/lyonbondyblog.fr\/LBB\/vaulx-en-velin-des-elus-de-la-metropole-debattent-sur-la-gratuite-des-tcl\/#primaryimage"},"thumbnailUrl":"https:\/\/lyonbondyblog.fr\/LBB\/wp-content\/uploads\/2025\/06\/Design-sans-titre-9.png","keywords":["animation","association","communistes","Conseil m\u00e9tropolitain","d\u00e9bat","\u00e9cologistes","\u00e9lus","Gratuit\u00e9","gratuit\u00e9 des transports","journalistes","Les Ecologistes","lyon","M\u00e9tropole de Lyon","PCF","politique","SYTRAL Mobilit\u00e9s","TCL","transports collectifs","transports en commun","transports publics","Vaulx-en-Velin"],"articleSection":["Lyon","Politique","Transport"],"inLanguage":"fr-FR","potentialAction":[{"@type":"CommentAction","name":"Comment","target":["https:\/\/lyonbondyblog.fr\/LBB\/vaulx-en-velin-des-elus-de-la-metropole-debattent-sur-la-gratuite-des-tcl\/#respond"]}]},{"@type":"WebPage","@id":"https:\/\/lyonbondyblog.fr\/LBB\/vaulx-en-velin-des-elus-de-la-metropole-debattent-sur-la-gratuite-des-tcl\/","url":"https:\/\/lyonbondyblog.fr\/LBB\/vaulx-en-velin-des-elus-de-la-metropole-debattent-sur-la-gratuite-des-tcl\/","name":"Vaulx-en-Velin : des \u00e9lus de la M\u00e9tropole d\u00e9battent sur la gratuit\u00e9 des TCL - Lyon Bondy Blog","isPartOf":{"@id":"https:\/\/lyonbondyblog.fr\/LBB\/#website"},"primaryImageOfPage":{"@id":"https:\/\/lyonbondyblog.fr\/LBB\/vaulx-en-velin-des-elus-de-la-metropole-debattent-sur-la-gratuite-des-tcl\/#primaryimage"},"image":{"@id":"https:\/\/lyonbondyblog.fr\/LBB\/vaulx-en-velin-des-elus-de-la-metropole-debattent-sur-la-gratuite-des-tcl\/#primaryimage"},"thumbnailUrl":"https:\/\/lyonbondyblog.fr\/LBB\/wp-content\/uploads\/2025\/06\/Design-sans-titre-9.png","datePublished":"2025-06-10T19:28:40+00:00","dateModified":"2025-06-16T08:13:25+00:00","inLanguage":"fr-FR","potentialAction":[{"@type":"ReadAction","target":["https:\/\/lyonbondyblog.fr\/LBB\/vaulx-en-velin-des-elus-de-la-metropole-debattent-sur-la-gratuite-des-tcl\/"]}]},{"@type":"ImageObject","inLanguage":"fr-FR","@id":"https:\/\/lyonbondyblog.fr\/LBB\/vaulx-en-velin-des-elus-de-la-metropole-debattent-sur-la-gratuite-des-tcl\/#primaryimage","url":"https:\/\/lyonbondyblog.fr\/LBB\/wp-content\/uploads\/2025\/06\/Design-sans-titre-9.png","contentUrl":"https:\/\/lyonbondyblog.fr\/LBB\/wp-content\/uploads\/2025\/06\/Design-sans-titre-9.png","width":1920,"height":865},{"@type":"WebSite","@id":"https:\/\/lyonbondyblog.fr\/LBB\/#website","url":"https:\/\/lyonbondyblog.fr\/LBB\/","name":"Lyon Bondy Blog","description":"","publisher":{"@id":"https:\/\/lyonbondyblog.fr\/LBB\/#organization"},"potentialAction":[{"@type":"SearchAction","target":{"@type":"EntryPoint","urlTemplate":"https:\/\/lyonbondyblog.fr\/LBB\/?s={search_term_string}"},"query-input":"required name=search_term_string"}],"inLanguage":"fr-FR"},{"@type":"Organization","@id":"https:\/\/lyonbondyblog.fr\/LBB\/#organization","name":"LYON BONDY BLOG","url":"https:\/\/lyonbondyblog.fr\/LBB\/","logo":{"@type":"ImageObject","inLanguage":"fr-FR","@id":"https:\/\/lyonbondyblog.fr\/LBB\/#\/schema\/logo\/image\/","url":"http:\/\/lyonbondyblog.fr\/LBB\/wp-content\/uploads\/2014\/10\/logo-portable-144.png","contentUrl":"http:\/\/lyonbondyblog.fr\/LBB\/wp-content\/uploads\/2014\/10\/logo-portable-144.png","width":144,"height":123,"caption":"LYON BONDY BLOG"},"image":{"@id":"https:\/\/lyonbondyblog.fr\/LBB\/#\/schema\/logo\/image\/"},"sameAs":["https:\/\/www.facebook.com\/lyonbondyblog","https:\/\/x.com\/bondybloglyon"]},{"@type":"Person","@id":"https:\/\/lyonbondyblog.fr\/LBB\/#\/schema\/person\/e45f8d27baac75072daa0be50c409b25","name":"La r\u00e9daction","description":"Cr\u00e9e en 2008, la r\u00e9daction du Lyon Bondy Blog s'applique \u00e0 proposer une information locale diff\u00e9rente et compl\u00e9mentaire des m\u00e9dias traditionnels.","sameAs":["https:\/\/www.facebook.com\/lyonbondyblog","https:\/\/x.com\/BondyBlogLyon"],"url":"https:\/\/lyonbondyblog.fr\/LBB\/author\/admin\/"}]}},"_links":{"self":[{"href":"https:\/\/lyonbondyblog.fr\/LBB\/wp-json\/wp\/v2\/posts\/36421","targetHints":{"allow":["GET"]}}],"collection":[{"href":"https:\/\/lyonbondyblog.fr\/LBB\/wp-json\/wp\/v2\/posts"}],"about":[{"href":"https:\/\/lyonbondyblog.fr\/LBB\/wp-json\/wp\/v2\/types\/post"}],"author":[{"embeddable":true,"href":"https:\/\/lyonbondyblog.fr\/LBB\/wp-json\/wp\/v2\/users\/1"}],"replies":[{"embeddable":true,"href":"https:\/\/lyonbondyblog.fr\/LBB\/wp-json\/wp\/v2\/comments?post=36421"}],"version-history":[{"count":3,"href":"https:\/\/lyonbondyblog.fr\/LBB\/wp-json\/wp\/v2\/posts\/36421\/revisions"}],"predecessor-version":[{"id":36449,"href":"https:\/\/lyonbondyblog.fr\/LBB\/wp-json\/wp\/v2\/posts\/36421\/revisions\/36449"}],"wp:featuredmedia":[{"embeddable":true,"href":"https:\/\/lyonbondyblog.fr\/LBB\/wp-json\/wp\/v2\/media\/36446"}],"wp:attachment":[{"href":"https:\/\/lyonbondyblog.fr\/LBB\/wp-json\/wp\/v2\/media?parent=36421"}],"wp:term":[{"taxonomy":"category","embeddable":true,"href":"https:\/\/lyonbondyblog.fr\/LBB\/wp-json\/wp\/v2\/categories?post=36421"},{"taxonomy":"post_tag","embeddable":true,"href":"https:\/\/lyonbondyblog.fr\/LBB\/wp-json\/wp\/v2\/tags?post=36421"}],"curies":[{"name":"wp","href":"https:\/\/api.w.org\/{rel}","templated":true}]}}